{"id":108087,"date":"2025-01-03T15:21:36","date_gmt":"2025-01-03T14:21:36","guid":{"rendered":"https:\/\/motorpor.pt\/peugeot-a-marca-lider-em-2024\/"},"modified":"2025-01-03T16:18:01","modified_gmt":"2025-01-03T15:18:01","slug":"peugeot-a-marca-lider-em-2024","status":"publish","type":"post","link":"https:\/\/motorpor.pt\/en\/peugeot-a-marca-lider-em-2024\/","title":{"rendered":"Peugeot: A Marca L\u00edder em 2024"},"content":{"rendered":"<div class=\"flex-shrink-0 flex flex-col relative items-end\">\n<div>\n<div class=\"pt-0\">\n<div class=\"gizmo-bot-avatar flex h-8 w-8 items-center justify-center overflow-hidden rounded-full\">\n<div class=\"relative p-1 rounded-sm flex items-center justify-center bg-token-main-surface-primary text-token-text-primary h-8 w-8\"><\/div>\n<\/div>\n<\/div>\n<\/div>\n<\/div>\n<div class=\"group\/conversation-turn relative flex w-full min-w-0 flex-col agent-turn\">\n<div class=\"flex-col gap-1 md:gap-3\">\n<div class=\"flex max-w-full flex-col flex-grow\">\n<div class=\"min-h-8 text-message flex w-full flex-col items-end gap-2 whitespace-normal break-words text-start [.text-message+&amp;]:mt-5\" dir=\"auto\" data-message-author-role=\"assistant\" data-message-id=\"73681218-4fae-40a9-b905-59ea03b27f0d\" data-message-model-slug=\"gpt-4o\">\n<div class=\"flex w-full flex-col gap-1 empty:hidden first:pt-[3px]\">\n<div class=\"markdown prose w-full break-words dark:prose-invert light\">\n<h2>O que define um verdadeiro l\u00edder? Ser pioneiro no caminho da inova\u00e7\u00e3o? Transformar o futuro com tecnologia de ponta? Ou, talvez, conquistar a confian\u00e7a dos consumidores todos os dias?<\/h2>\n<p>\u00a0<\/p>\n<p>\u00a0<\/p>\n<h3>Em <strong>2024<\/strong>, a Peugeot reafirmou a sua posi\u00e7\u00e3o de destaque ao tornar-se a<strong> marca autom\u00f3vel mais vendida em Portugal<\/strong>. Al\u00e9m disso, pelo 12.\u00ba ano consecutivo, recebeu o prestigiado t\u00edtulo de <strong>Melhor Marca Autom\u00f3vel pela Escolha do Consumidor<\/strong>, um reconhecimento que reflete a prefer\u00eancia e satisfa\u00e7\u00e3o dos clientes.<\/h3>\n<p>\u00a0<\/p>\n<h3><strong>Inova\u00e7\u00e3o e Sustentabilidade<\/strong><\/h3>\n<p>\u00a0<\/p>\n<p>A lideran\u00e7a da Peugeot n\u00e3o se resume apenas a n\u00fameros. A marca tem apostado fortemente na eletrifica\u00e7\u00e3o, oferecendo uma<strong> gama 100% el\u00e9trica<\/strong> que combina desempenho, design sofisticado e tecnologia de \u00faltima gera\u00e7\u00e3o.<\/p>\n<p>\u00a0<\/p>\n<h3><strong>Descubra a Nova Gera\u00e7\u00e3o Peugeot<\/strong><\/h3>\n<p>\u00a0<\/p>\n<p>Venha experimentar o que faz da Peugeot uma refer\u00eancia no setor autom\u00f3vel. Agende j\u00e1 o seu <strong>test drive<\/strong>!<\/p>\n<\/div>\n<\/div>\n<\/div>\n<\/div>\n<\/div>\n<\/div>\n","protected":false},"excerpt":{"rendered":"<p>O que define um verdadeiro l\u00edder? Ser pioneiro no caminho da inova\u00e7\u00e3o? Transformar o futuro com tecnologia de ponta? Ou, talvez, conquistar a confian\u00e7a dos consumidores todos os dias? \u00a0 \u00a0 Em 2024, a Peugeot reafirmou a sua posi\u00e7\u00e3o de destaque ao tornar-se a marca autom\u00f3vel mais vendida em Portugal. Al\u00e9m disso, pelo 12.\u00ba ano [&hellip;]<\/p>\n","protected":false},"author":85,"featured_media":108091,"comment_status":"closed","ping_status":"open","sticky":false,"template":"","format":"standard","meta":{"_acf_changed":false,"footnotes":""},"categories":[2495,2584,2560],"tags":[],"class_list":["post-108087","post","type-post","status-publish","format-standard","has-post-thumbnail","hentry","category-campanhas","category-novos","category-peugeot"],"acf":[],"yoast_head":"<!-- This site is optimized with the Yoast SEO plugin v27.5 - https:\/\/yoast.com\/product\/yoast-seo-wordpress\/ -->\n<title>Peugeot: A Marca L\u00edder em 2024 - Motorpor<\/title>\n<meta name=\"robots\" content=\"index, follow, max-snippet:-1, max-image-preview:large, max-video-preview:-1\" \/>\n<link rel=\"canonical\" href=\"https:\/\/motorpor.pt\/en\/peugeot-a-marca-lider-em-2024\/\" \/>\n<meta property=\"og:locale\" content=\"en_US\" \/>\n<meta property=\"og:type\" content=\"article\" \/>\n<meta property=\"og:title\" content=\"Peugeot: A Marca L\u00edder em 2024 - Motorpor\" \/>\n<meta property=\"og:description\" content=\"O que define um verdadeiro l\u00edder? Ser pioneiro no caminho da inova\u00e7\u00e3o? Transformar o futuro com tecnologia de ponta? Ou, talvez, conquistar a confian\u00e7a dos consumidores todos os dias? \u00a0 \u00a0 Em 2024, a Peugeot reafirmou a sua posi\u00e7\u00e3o de destaque ao tornar-se a marca autom\u00f3vel mais vendida em Portugal. Al\u00e9m disso, pelo 12.\u00ba ano [&hellip;]\" \/>\n<meta property=\"og:url\" content=\"https:\/\/motorpor.pt\/en\/peugeot-a-marca-lider-em-2024\/\" \/>\n<meta property=\"og:site_name\" content=\"Motorpor\" \/>\n<meta property=\"article:published_time\" content=\"2025-01-03T14:21:36+00:00\" \/>\n<meta property=\"article:modified_time\" content=\"2025-01-03T15:18:01+00:00\" \/>\n<meta property=\"og:image\" content=\"https:\/\/motorpor.pt\/wp-content\/uploads\/2025\/01\/banners_site_redes_1920x864_1-1.png\" \/>\n\t<meta property=\"og:image:width\" content=\"1697\" \/>\n\t<meta property=\"og:image:height\" content=\"864\" \/>\n\t<meta property=\"og:image:type\" content=\"image\/png\" \/>\n<meta name=\"author\" content=\"mktmotorpor\" \/>\n<meta name=\"twitter:card\" content=\"summary_large_image\" \/>\n<meta name=\"twitter:label1\" content=\"Written by\" \/>\n\t<meta name=\"twitter:data1\" content=\"mktmotorpor\" \/>\n\t<meta name=\"twitter:label2\" content=\"Est. reading time\" \/>\n\t<meta name=\"twitter:data2\" content=\"1 minute\" \/>\n<script type=\"application\/ld+json\" class=\"yoast-schema-graph\">{\"@context\":\"https:\\\/\\\/schema.org\",\"@graph\":[{\"@type\":\"Article\",\"@id\":\"https:\\\/\\\/motorpor.pt\\\/peugeot-a-marca-lider-em-2024\\\/#article\",\"isPartOf\":{\"@id\":\"https:\\\/\\\/motorpor.pt\\\/peugeot-a-marca-lider-em-2024\\\/\"},\"author\":{\"name\":\"mktmotorpor\",\"@id\":\"https:\\\/\\\/motorpor.pt\\\/#\\\/schema\\\/person\\\/b4bf07144e88efed7388a5af30522db7\"},\"headline\":\"Peugeot: A Marca L\u00edder em 2024\",\"datePublished\":\"2025-01-03T14:21:36+00:00\",\"dateModified\":\"2025-01-03T15:18:01+00:00\",\"mainEntityOfPage\":{\"@id\":\"https:\\\/\\\/motorpor.pt\\\/peugeot-a-marca-lider-em-2024\\\/\"},\"wordCount\":157,\"publisher\":{\"@id\":\"https:\\\/\\\/motorpor.pt\\\/#organization\"},\"image\":{\"@id\":\"https:\\\/\\\/motorpor.pt\\\/peugeot-a-marca-lider-em-2024\\\/#primaryimage\"},\"thumbnailUrl\":\"https:\\\/\\\/motorpor.pt\\\/wp-content\\\/uploads\\\/2025\\\/01\\\/banners_site_redes_1920x864_1-1-2.png\",\"articleSection\":[\"Campanhas\",\"Novos\",\"Peugeot\"],\"inLanguage\":\"en-US\"},{\"@type\":\"WebPage\",\"@id\":\"https:\\\/\\\/motorpor.pt\\\/peugeot-a-marca-lider-em-2024\\\/\",\"url\":\"https:\\\/\\\/motorpor.pt\\\/peugeot-a-marca-lider-em-2024\\\/\",\"name\":\"Peugeot: A Marca L\u00edder em 2024 - Motorpor\",\"isPartOf\":{\"@id\":\"https:\\\/\\\/motorpor.pt\\\/#website\"},\"primaryImageOfPage\":{\"@id\":\"https:\\\/\\\/motorpor.pt\\\/peugeot-a-marca-lider-em-2024\\\/#primaryimage\"},\"image\":{\"@id\":\"https:\\\/\\\/motorpor.pt\\\/peugeot-a-marca-lider-em-2024\\\/#primaryimage\"},\"thumbnailUrl\":\"https:\\\/\\\/motorpor.pt\\\/wp-content\\\/uploads\\\/2025\\\/01\\\/banners_site_redes_1920x864_1-1-2.png\",\"datePublished\":\"2025-01-03T14:21:36+00:00\",\"dateModified\":\"2025-01-03T15:18:01+00:00\",\"breadcrumb\":{\"@id\":\"https:\\\/\\\/motorpor.pt\\\/peugeot-a-marca-lider-em-2024\\\/#breadcrumb\"},\"inLanguage\":\"en-US\",\"potentialAction\":[{\"@type\":\"ReadAction\",\"target\":[\"https:\\\/\\\/motorpor.pt\\\/peugeot-a-marca-lider-em-2024\\\/\"]}]},{\"@type\":\"ImageObject\",\"inLanguage\":\"en-US\",\"@id\":\"https:\\\/\\\/motorpor.pt\\\/peugeot-a-marca-lider-em-2024\\\/#primaryimage\",\"url\":\"https:\\\/\\\/motorpor.pt\\\/wp-content\\\/uploads\\\/2025\\\/01\\\/banners_site_redes_1920x864_1-1-2.png\",\"contentUrl\":\"https:\\\/\\\/motorpor.pt\\\/wp-content\\\/uploads\\\/2025\\\/01\\\/banners_site_redes_1920x864_1-1-2.png\",\"width\":1568,\"height\":864},{\"@type\":\"BreadcrumbList\",\"@id\":\"https:\\\/\\\/motorpor.pt\\\/peugeot-a-marca-lider-em-2024\\\/#breadcrumb\",\"itemListElement\":[{\"@type\":\"ListItem\",\"position\":1,\"name\":\"In\u00edcio\",\"item\":\"https:\\\/\\\/motorpor.pt\\\/\"},{\"@type\":\"ListItem\",\"position\":2,\"name\":\"Peugeot: A Marca L\u00edder em 2024\"}]},{\"@type\":\"WebSite\",\"@id\":\"https:\\\/\\\/motorpor.pt\\\/#website\",\"url\":\"https:\\\/\\\/motorpor.pt\\\/\",\"name\":\"Motorpor\",\"description\":\"Comercio de Autom\u00f3veis Multimarcas\",\"publisher\":{\"@id\":\"https:\\\/\\\/motorpor.pt\\\/#organization\"},\"potentialAction\":[{\"@type\":\"SearchAction\",\"target\":{\"@type\":\"EntryPoint\",\"urlTemplate\":\"https:\\\/\\\/motorpor.pt\\\/?s={search_term_string}\"},\"query-input\":{\"@type\":\"PropertyValueSpecification\",\"valueRequired\":true,\"valueName\":\"search_term_string\"}}],\"inLanguage\":\"en-US\"},{\"@type\":\"Organization\",\"@id\":\"https:\\\/\\\/motorpor.pt\\\/#organization\",\"name\":\"Motorpor\",\"alternateName\":\"Motorpor\",\"url\":\"https:\\\/\\\/motorpor.pt\\\/\",\"logo\":{\"@type\":\"ImageObject\",\"inLanguage\":\"en-US\",\"@id\":\"https:\\\/\\\/motorpor.pt\\\/#\\\/schema\\\/logo\\\/image\\\/\",\"url\":\"https:\\\/\\\/motorpor.pt\\\/wp-content\\\/uploads\\\/2024\\\/07\\\/Logo-Motorpor-Preto.svg\",\"contentUrl\":\"https:\\\/\\\/motorpor.pt\\\/wp-content\\\/uploads\\\/2024\\\/07\\\/Logo-Motorpor-Preto.svg\",\"width\":493,\"height\":93,\"caption\":\"Motorpor\"},\"image\":{\"@id\":\"https:\\\/\\\/motorpor.pt\\\/#\\\/schema\\\/logo\\\/image\\\/\"},\"sameAs\":[\"https:\\\/\\\/www.linkedin.com\\\/company\\\/grupo-motorpor\"]},{\"@type\":\"Person\",\"@id\":\"https:\\\/\\\/motorpor.pt\\\/#\\\/schema\\\/person\\\/b4bf07144e88efed7388a5af30522db7\",\"name\":\"mktmotorpor\",\"image\":{\"@type\":\"ImageObject\",\"inLanguage\":\"en-US\",\"@id\":\"https:\\\/\\\/secure.gravatar.com\\\/avatar\\\/8418b61b3175dbba0a8744cf0ee6bb5c7a9f6c67f1dbc4f41a62d7b9738259a2?s=96&d=mm&r=g\",\"url\":\"https:\\\/\\\/secure.gravatar.com\\\/avatar\\\/8418b61b3175dbba0a8744cf0ee6bb5c7a9f6c67f1dbc4f41a62d7b9738259a2?s=96&d=mm&r=g\",\"contentUrl\":\"https:\\\/\\\/secure.gravatar.com\\\/avatar\\\/8418b61b3175dbba0a8744cf0ee6bb5c7a9f6c67f1dbc4f41a62d7b9738259a2?s=96&d=mm&r=g\",\"caption\":\"mktmotorpor\"},\"url\":\"https:\\\/\\\/motorpor.pt\\\/en\\\/user\\\/mktmotorpor\\\/\"}]}<\/script>\n<!-- \/ Yoast SEO plugin. -->","yoast_head_json":{"title":"Peugeot: A Marca L\u00edder em 2024 - Motorpor","robots":{"index":"index","follow":"follow","max-snippet":"max-snippet:-1","max-image-preview":"max-image-preview:large","max-video-preview":"max-video-preview:-1"},"canonical":"https:\/\/motorpor.pt\/en\/peugeot-a-marca-lider-em-2024\/","og_locale":"en_US","og_type":"article","og_title":"Peugeot: A Marca L\u00edder em 2024 - Motorpor","og_description":"O que define um verdadeiro l\u00edder? Ser pioneiro no caminho da inova\u00e7\u00e3o? Transformar o futuro com tecnologia de ponta? Ou, talvez, conquistar a confian\u00e7a dos consumidores todos os dias? \u00a0 \u00a0 Em 2024, a Peugeot reafirmou a sua posi\u00e7\u00e3o de destaque ao tornar-se a marca autom\u00f3vel mais vendida em Portugal. Al\u00e9m disso, pelo 12.\u00ba ano [&hellip;]","og_url":"https:\/\/motorpor.pt\/en\/peugeot-a-marca-lider-em-2024\/","og_site_name":"Motorpor","article_published_time":"2025-01-03T14:21:36+00:00","article_modified_time":"2025-01-03T15:18:01+00:00","og_image":[{"width":1697,"height":864,"url":"https:\/\/motorpor.pt\/wp-content\/uploads\/2025\/01\/banners_site_redes_1920x864_1-1.png","type":"image\/png"}],"author":"mktmotorpor","twitter_card":"summary_large_image","twitter_misc":{"Written by":"mktmotorpor","Est. reading time":"1 minute"},"schema":{"@context":"https:\/\/schema.org","@graph":[{"@type":"Article","@id":"https:\/\/motorpor.pt\/peugeot-a-marca-lider-em-2024\/#article","isPartOf":{"@id":"https:\/\/motorpor.pt\/peugeot-a-marca-lider-em-2024\/"},"author":{"name":"mktmotorpor","@id":"https:\/\/motorpor.pt\/#\/schema\/person\/b4bf07144e88efed7388a5af30522db7"},"headline":"Peugeot: A Marca L\u00edder em 2024","datePublished":"2025-01-03T14:21:36+00:00","dateModified":"2025-01-03T15:18:01+00:00","mainEntityOfPage":{"@id":"https:\/\/motorpor.pt\/peugeot-a-marca-lider-em-2024\/"},"wordCount":157,"publisher":{"@id":"https:\/\/motorpor.pt\/#organization"},"image":{"@id":"https:\/\/motorpor.pt\/peugeot-a-marca-lider-em-2024\/#primaryimage"},"thumbnailUrl":"https:\/\/motorpor.pt\/wp-content\/uploads\/2025\/01\/banners_site_redes_1920x864_1-1-2.png","articleSection":["Campanhas","Novos","Peugeot"],"inLanguage":"en-US"},{"@type":"WebPage","@id":"https:\/\/motorpor.pt\/peugeot-a-marca-lider-em-2024\/","url":"https:\/\/motorpor.pt\/peugeot-a-marca-lider-em-2024\/","name":"Peugeot: A Marca L\u00edder em 2024 - Motorpor","isPartOf":{"@id":"https:\/\/motorpor.pt\/#website"},"primaryImageOfPage":{"@id":"https:\/\/motorpor.pt\/peugeot-a-marca-lider-em-2024\/#primaryimage"},"image":{"@id":"https:\/\/motorpor.pt\/peugeot-a-marca-lider-em-2024\/#primaryimage"},"thumbnailUrl":"https:\/\/motorpor.pt\/wp-content\/uploads\/2025\/01\/banners_site_redes_1920x864_1-1-2.png","datePublished":"2025-01-03T14:21:36+00:00","dateModified":"2025-01-03T15:18:01+00:00","breadcrumb":{"@id":"https:\/\/motorpor.pt\/peugeot-a-marca-lider-em-2024\/#breadcrumb"},"inLanguage":"en-US","potentialAction":[{"@type":"ReadAction","target":["https:\/\/motorpor.pt\/peugeot-a-marca-lider-em-2024\/"]}]},{"@type":"ImageObject","inLanguage":"en-US","@id":"https:\/\/motorpor.pt\/peugeot-a-marca-lider-em-2024\/#primaryimage","url":"https:\/\/motorpor.pt\/wp-content\/uploads\/2025\/01\/banners_site_redes_1920x864_1-1-2.png","contentUrl":"https:\/\/motorpor.pt\/wp-content\/uploads\/2025\/01\/banners_site_redes_1920x864_1-1-2.png","width":1568,"height":864},{"@type":"BreadcrumbList","@id":"https:\/\/motorpor.pt\/peugeot-a-marca-lider-em-2024\/#breadcrumb","itemListElement":[{"@type":"ListItem","position":1,"name":"In\u00edcio","item":"https:\/\/motorpor.pt\/"},{"@type":"ListItem","position":2,"name":"Peugeot: A Marca L\u00edder em 2024"}]},{"@type":"WebSite","@id":"https:\/\/motorpor.pt\/#website","url":"https:\/\/motorpor.pt\/","name":"motorpor","description":"Comercio de Autom\u00f3veis Multimarcas","publisher":{"@id":"https:\/\/motorpor.pt\/#organization"},"potentialAction":[{"@type":"SearchAction","target":{"@type":"EntryPoint","urlTemplate":"https:\/\/motorpor.pt\/?s={search_term_string}"},"query-input":{"@type":"PropertyValueSpecification","valueRequired":true,"valueName":"search_term_string"}}],"inLanguage":"en-US"},{"@type":"Organization","@id":"https:\/\/motorpor.pt\/#organization","name":"motorpor","alternateName":"Motorpor","url":"https:\/\/motorpor.pt\/","logo":{"@type":"ImageObject","inLanguage":"en-US","@id":"https:\/\/motorpor.pt\/#\/schema\/logo\/image\/","url":"https:\/\/motorpor.pt\/wp-content\/uploads\/2024\/07\/Logo-Motorpor-Preto.svg","contentUrl":"https:\/\/motorpor.pt\/wp-content\/uploads\/2024\/07\/Logo-Motorpor-Preto.svg","width":493,"height":93,"caption":"Motorpor"},"image":{"@id":"https:\/\/motorpor.pt\/#\/schema\/logo\/image\/"},"sameAs":["https:\/\/www.linkedin.com\/company\/grupo-motorpor"]},{"@type":"Person","@id":"https:\/\/motorpor.pt\/#\/schema\/person\/b4bf07144e88efed7388a5af30522db7","name":"mktmotorpor","image":{"@type":"ImageObject","inLanguage":"en-US","@id":"https:\/\/secure.gravatar.com\/avatar\/8418b61b3175dbba0a8744cf0ee6bb5c7a9f6c67f1dbc4f41a62d7b9738259a2?s=96&d=mm&r=g","url":"https:\/\/secure.gravatar.com\/avatar\/8418b61b3175dbba0a8744cf0ee6bb5c7a9f6c67f1dbc4f41a62d7b9738259a2?s=96&d=mm&r=g","contentUrl":"https:\/\/secure.gravatar.com\/avatar\/8418b61b3175dbba0a8744cf0ee6bb5c7a9f6c67f1dbc4f41a62d7b9738259a2?s=96&d=mm&r=g","caption":"mktmotorpor"},"url":"https:\/\/motorpor.pt\/en\/user\/mktmotorpor\/"}]}},"_links":{"self":[{"href":"https:\/\/motorpor.pt\/en\/wp-json\/wp\/v2\/posts\/108087","targetHints":{"allow":["GET"]}}],"collection":[{"href":"https:\/\/motorpor.pt\/en\/wp-json\/wp\/v2\/posts"}],"about":[{"href":"https:\/\/motorpor.pt\/en\/wp-json\/wp\/v2\/types\/post"}],"author":[{"embeddable":true,"href":"https:\/\/motorpor.pt\/en\/wp-json\/wp\/v2\/users\/85"}],"replies":[{"embeddable":true,"href":"https:\/\/motorpor.pt\/en\/wp-json\/wp\/v2\/comments?post=108087"}],"version-history":[{"count":3,"href":"https:\/\/motorpor.pt\/en\/wp-json\/wp\/v2\/posts\/108087\/revisions"}],"predecessor-version":[{"id":108092,"href":"https:\/\/motorpor.pt\/en\/wp-json\/wp\/v2\/posts\/108087\/revisions\/108092"}],"wp:featuredmedia":[{"embeddable":true,"href":"https:\/\/motorpor.pt\/en\/wp-json\/wp\/v2\/media\/108091"}],"wp:attachment":[{"href":"https:\/\/motorpor.pt\/en\/wp-json\/wp\/v2\/media?parent=108087"}],"wp:term":[{"taxonomy":"category","embeddable":true,"href":"https:\/\/motorpor.pt\/en\/wp-json\/wp\/v2\/categories?post=108087"},{"taxonomy":"post_tag","embeddable":true,"href":"https:\/\/motorpor.pt\/en\/wp-json\/wp\/v2\/tags?post=108087"}],"curies":[{"name":"wp","href":"https:\/\/api.w.org\/{rel}","templated":true}]}}