{"id":108691,"date":"2025-01-07T13:02:11","date_gmt":"2025-01-07T12:02:11","guid":{"rendered":"https:\/\/motorpor.pt\/10-e-11-janeiro-descubra-o-novo-renault-5-e-tech-eletrico\/"},"modified":"2025-01-07T13:27:08","modified_gmt":"2025-01-07T12:27:08","slug":"10-e-11-janeiro-descubra-o-novo-renault-5-e-tech-eletrico","status":"publish","type":"post","link":"https:\/\/motorpor.pt\/en\/10-e-11-janeiro-descubra-o-novo-renault-5-e-tech-eletrico\/","title":{"rendered":"10 e 11 JANEIRO | DESCUBRA O NOVO RENAULT 5 E-TECH EL\u00c9TRICO"},"content":{"rendered":"<p>O carro mais esperado do ano j\u00e1 chegou!<\/p>\n<p>Nos dias 10 e 11 de janeiro, a MOTORPOR est\u00e1 de portas abertas para que possa conhecer o novo Renault 5 E-Tech el\u00e9trico. Surpreenda-se com a combina\u00e7\u00e3o perfeita de design inovador, tecnologia de ponta e desempenho ecol\u00f3gico.<\/p>\n<p>Agende j\u00e1 o seu Test Drive aqui &#8211; <a href=\"https:\/\/bit.ly\/40cL1qO\">https:\/\/bit.ly\/40cL1qO<\/a> e sinta-o em primeira m\u00e3o com ofertas especiais e exclusivas MOTORPOR.<\/p>\n<ul>\n<li>Cart\u00e3o de carregamento no valor de 500\u20ac**<\/li>\n<li>Brinde Especial na realiza\u00e7\u00e3o de Test-Drive*<\/li>\n<\/ul>\n<p>O verdadeiro \u00edcone est\u00e1 de regresso e pronto para transformar a sua experi\u00eancia ao volante, com uma condu\u00e7\u00e3o suave e sustent\u00e1vel, ideal para a cidade e muito mais.<\/p>\n<ul>\n<li>At\u00e9 410 km de autonomia (de acordo com o padr\u00e3o WLTP);<\/li>\n<li>Companheiro de estrada visual: \u201cHey, Reno\u201d. O avatar Reno fala consigo sobre o seu Renault 5 e muitas outras coisas;<\/li>\n<li>OpenR link com Google integrado: mais de 50 aplica\u00e7\u00f5es incorporadas (navega\u00e7\u00e3o, m\u00fasica e podcasts, entretenimento e not\u00edcias).<\/li>\n<\/ul>\n<p>Visite-nos na MOTORPOR em Set\u00fabal, \u00c9vora, Beja e Sines. e viva a experi\u00eancia do futuro agora!<\/p>\n<h6>* Oferta v\u00e1lida para clientes que realizam test-drive ao novo Renault 5 nos dias 10 e 11 de Janeiro de 2025. **\u00a0 Oferta v\u00e1lida para neg\u00f3cios fechados e sinalizados at\u00e9 dia 15 de janeiro de 2025. Campanha exclusiva MOTORPOR n\u00e3o acumulada com outras em vigor.<\/h6>","protected":false},"excerpt":{"rendered":"<p>O carro mais esperado do ano j\u00e1 chegou! Nos dias 10 e 11 de janeiro, a MOTORPOR est\u00e1 de portas abertas para que possa conhecer o novo Renault 5 E-Tech el\u00e9trico. Surpreenda-se com a combina\u00e7\u00e3o perfeita de design inovador, tecnologia de ponta e desempenho ecol\u00f3gico. Agende j\u00e1 o seu Test Drive aqui &#8211; https:\/\/bit.ly\/40cL1qO e [&hellip;]<\/p>\n","protected":false},"author":85,"featured_media":108694,"comment_status":"closed","ping_status":"open","sticky":false,"template":"","format":"standard","meta":{"_acf_changed":false,"footnotes":""},"categories":[2592,3095],"tags":[],"class_list":["post-108691","post","type-post","status-publish","format-standard","has-post-thumbnail","hentry","category-noticias","category-noticias-renault"],"acf":[],"yoast_head":"<!-- This site is optimized with the Yoast SEO plugin v27.4 - https:\/\/yoast.com\/product\/yoast-seo-wordpress\/ -->\n<title>10 e 11 JANEIRO | DESCUBRA O NOVO RENAULT 5 E-TECH EL\u00c9TRICO - Motorpor<\/title>\n<meta name=\"robots\" content=\"index, follow, max-snippet:-1, max-image-preview:large, max-video-preview:-1\" \/>\n<link rel=\"canonical\" href=\"https:\/\/motorpor.pt\/en\/10-e-11-janeiro-descubra-o-novo-renault-5-e-tech-eletrico\/\" \/>\n<meta property=\"og:locale\" content=\"en_US\" \/>\n<meta property=\"og:type\" content=\"article\" \/>\n<meta property=\"og:title\" content=\"10 e 11 JANEIRO | DESCUBRA O NOVO RENAULT 5 E-TECH EL\u00c9TRICO - Motorpor\" \/>\n<meta property=\"og:description\" content=\"O carro mais esperado do ano j\u00e1 chegou! Nos dias 10 e 11 de janeiro, a MOTORPOR est\u00e1 de portas abertas para que possa conhecer o novo Renault 5 E-Tech el\u00e9trico. Surpreenda-se com a combina\u00e7\u00e3o perfeita de design inovador, tecnologia de ponta e desempenho ecol\u00f3gico. Agende j\u00e1 o seu Test Drive aqui &#8211; https:\/\/bit.ly\/40cL1qO e [&hellip;]\" \/>\n<meta property=\"og:url\" content=\"https:\/\/motorpor.pt\/en\/10-e-11-janeiro-descubra-o-novo-renault-5-e-tech-eletrico\/\" \/>\n<meta property=\"og:site_name\" content=\"Motorpor\" \/>\n<meta property=\"article:published_time\" content=\"2025-01-07T12:02:11+00:00\" \/>\n<meta property=\"article:modified_time\" content=\"2025-01-07T12:27:08+00:00\" \/>\n<meta property=\"og:image\" content=\"https:\/\/motorpor.pt\/wp-content\/uploads\/2025\/01\/Banner_1024x566_R5-1024x672-1.png\" \/>\n\t<meta property=\"og:image:width\" content=\"1024\" \/>\n\t<meta property=\"og:image:height\" content=\"672\" \/>\n\t<meta property=\"og:image:type\" content=\"image\/png\" \/>\n<meta name=\"author\" content=\"mktmotorpor\" \/>\n<meta name=\"twitter:card\" content=\"summary_large_image\" \/>\n<meta name=\"twitter:label1\" content=\"Written by\" \/>\n\t<meta name=\"twitter:data1\" content=\"mktmotorpor\" \/>\n\t<meta name=\"twitter:label2\" content=\"Est. reading time\" \/>\n\t<meta name=\"twitter:data2\" content=\"1 minute\" \/>\n<script type=\"application\/ld+json\" class=\"yoast-schema-graph\">{\"@context\":\"https:\\\/\\\/schema.org\",\"@graph\":[{\"@type\":\"Article\",\"@id\":\"https:\\\/\\\/motorpor.pt\\\/10-e-11-janeiro-descubra-o-novo-renault-5-e-tech-eletrico\\\/#article\",\"isPartOf\":{\"@id\":\"https:\\\/\\\/motorpor.pt\\\/10-e-11-janeiro-descubra-o-novo-renault-5-e-tech-eletrico\\\/\"},\"author\":{\"name\":\"mktmotorpor\",\"@id\":\"https:\\\/\\\/motorpor.pt\\\/#\\\/schema\\\/person\\\/b4bf07144e88efed7388a5af30522db7\"},\"headline\":\"10 e 11 JANEIRO | DESCUBRA O NOVO RENAULT 5 E-TECH EL\u00c9TRICO\",\"datePublished\":\"2025-01-07T12:02:11+00:00\",\"dateModified\":\"2025-01-07T12:27:08+00:00\",\"mainEntityOfPage\":{\"@id\":\"https:\\\/\\\/motorpor.pt\\\/10-e-11-janeiro-descubra-o-novo-renault-5-e-tech-eletrico\\\/\"},\"wordCount\":233,\"publisher\":{\"@id\":\"https:\\\/\\\/motorpor.pt\\\/#organization\"},\"image\":{\"@id\":\"https:\\\/\\\/motorpor.pt\\\/10-e-11-janeiro-descubra-o-novo-renault-5-e-tech-eletrico\\\/#primaryimage\"},\"thumbnailUrl\":\"https:\\\/\\\/motorpor.pt\\\/wp-content\\\/uploads\\\/2025\\\/01\\\/Banner_1024x566_R5-1-2-3.png\",\"articleSection\":[\"Not\u00edcias\",\"Not\u00edcias Renault\"],\"inLanguage\":\"en-US\"},{\"@type\":\"WebPage\",\"@id\":\"https:\\\/\\\/motorpor.pt\\\/10-e-11-janeiro-descubra-o-novo-renault-5-e-tech-eletrico\\\/\",\"url\":\"https:\\\/\\\/motorpor.pt\\\/10-e-11-janeiro-descubra-o-novo-renault-5-e-tech-eletrico\\\/\",\"name\":\"10 e 11 JANEIRO | DESCUBRA O NOVO RENAULT 5 E-TECH EL\u00c9TRICO - Motorpor\",\"isPartOf\":{\"@id\":\"https:\\\/\\\/motorpor.pt\\\/#website\"},\"primaryImageOfPage\":{\"@id\":\"https:\\\/\\\/motorpor.pt\\\/10-e-11-janeiro-descubra-o-novo-renault-5-e-tech-eletrico\\\/#primaryimage\"},\"image\":{\"@id\":\"https:\\\/\\\/motorpor.pt\\\/10-e-11-janeiro-descubra-o-novo-renault-5-e-tech-eletrico\\\/#primaryimage\"},\"thumbnailUrl\":\"https:\\\/\\\/motorpor.pt\\\/wp-content\\\/uploads\\\/2025\\\/01\\\/Banner_1024x566_R5-1-2-3.png\",\"datePublished\":\"2025-01-07T12:02:11+00:00\",\"dateModified\":\"2025-01-07T12:27:08+00:00\",\"breadcrumb\":{\"@id\":\"https:\\\/\\\/motorpor.pt\\\/10-e-11-janeiro-descubra-o-novo-renault-5-e-tech-eletrico\\\/#breadcrumb\"},\"inLanguage\":\"en-US\",\"potentialAction\":[{\"@type\":\"ReadAction\",\"target\":[\"https:\\\/\\\/motorpor.pt\\\/10-e-11-janeiro-descubra-o-novo-renault-5-e-tech-eletrico\\\/\"]}]},{\"@type\":\"ImageObject\",\"inLanguage\":\"en-US\",\"@id\":\"https:\\\/\\\/motorpor.pt\\\/10-e-11-janeiro-descubra-o-novo-renault-5-e-tech-eletrico\\\/#primaryimage\",\"url\":\"https:\\\/\\\/motorpor.pt\\\/wp-content\\\/uploads\\\/2025\\\/01\\\/Banner_1024x566_R5-1-2-3.png\",\"contentUrl\":\"https:\\\/\\\/motorpor.pt\\\/wp-content\\\/uploads\\\/2025\\\/01\\\/Banner_1024x566_R5-1-2-3.png\",\"width\":4267,\"height\":2280},{\"@type\":\"BreadcrumbList\",\"@id\":\"https:\\\/\\\/motorpor.pt\\\/10-e-11-janeiro-descubra-o-novo-renault-5-e-tech-eletrico\\\/#breadcrumb\",\"itemListElement\":[{\"@type\":\"ListItem\",\"position\":1,\"name\":\"In\u00edcio\",\"item\":\"https:\\\/\\\/motorpor.pt\\\/\"},{\"@type\":\"ListItem\",\"position\":2,\"name\":\"10 e 11 JANEIRO | DESCUBRA O NOVO RENAULT 5 E-TECH EL\u00c9TRICO\"}]},{\"@type\":\"WebSite\",\"@id\":\"https:\\\/\\\/motorpor.pt\\\/#website\",\"url\":\"https:\\\/\\\/motorpor.pt\\\/\",\"name\":\"Motorpor\",\"description\":\"Comercio de Autom\u00f3veis Multimarcas\",\"publisher\":{\"@id\":\"https:\\\/\\\/motorpor.pt\\\/#organization\"},\"potentialAction\":[{\"@type\":\"SearchAction\",\"target\":{\"@type\":\"EntryPoint\",\"urlTemplate\":\"https:\\\/\\\/motorpor.pt\\\/?s={search_term_string}\"},\"query-input\":{\"@type\":\"PropertyValueSpecification\",\"valueRequired\":true,\"valueName\":\"search_term_string\"}}],\"inLanguage\":\"en-US\"},{\"@type\":\"Organization\",\"@id\":\"https:\\\/\\\/motorpor.pt\\\/#organization\",\"name\":\"Motorpor\",\"alternateName\":\"Motorpor\",\"url\":\"https:\\\/\\\/motorpor.pt\\\/\",\"logo\":{\"@type\":\"ImageObject\",\"inLanguage\":\"en-US\",\"@id\":\"https:\\\/\\\/motorpor.pt\\\/#\\\/schema\\\/logo\\\/image\\\/\",\"url\":\"https:\\\/\\\/motorpor.pt\\\/wp-content\\\/uploads\\\/2024\\\/07\\\/Logo-Motorpor-Preto.svg\",\"contentUrl\":\"https:\\\/\\\/motorpor.pt\\\/wp-content\\\/uploads\\\/2024\\\/07\\\/Logo-Motorpor-Preto.svg\",\"width\":493,\"height\":93,\"caption\":\"Motorpor\"},\"image\":{\"@id\":\"https:\\\/\\\/motorpor.pt\\\/#\\\/schema\\\/logo\\\/image\\\/\"},\"sameAs\":[\"https:\\\/\\\/www.linkedin.com\\\/company\\\/grupo-motorpor\"]},{\"@type\":\"Person\",\"@id\":\"https:\\\/\\\/motorpor.pt\\\/#\\\/schema\\\/person\\\/b4bf07144e88efed7388a5af30522db7\",\"name\":\"mktmotorpor\",\"image\":{\"@type\":\"ImageObject\",\"inLanguage\":\"en-US\",\"@id\":\"https:\\\/\\\/secure.gravatar.com\\\/avatar\\\/8418b61b3175dbba0a8744cf0ee6bb5c7a9f6c67f1dbc4f41a62d7b9738259a2?s=96&d=mm&r=g\",\"url\":\"https:\\\/\\\/secure.gravatar.com\\\/avatar\\\/8418b61b3175dbba0a8744cf0ee6bb5c7a9f6c67f1dbc4f41a62d7b9738259a2?s=96&d=mm&r=g\",\"contentUrl\":\"https:\\\/\\\/secure.gravatar.com\\\/avatar\\\/8418b61b3175dbba0a8744cf0ee6bb5c7a9f6c67f1dbc4f41a62d7b9738259a2?s=96&d=mm&r=g\",\"caption\":\"mktmotorpor\"},\"url\":\"https:\\\/\\\/motorpor.pt\\\/en\\\/user\\\/mktmotorpor\\\/\"}]}<\/script>\n<!-- \/ Yoast SEO plugin. -->","yoast_head_json":{"title":"10 e 11 JANEIRO | DESCUBRA O NOVO RENAULT 5 E-TECH EL\u00c9TRICO - Motorpor","robots":{"index":"index","follow":"follow","max-snippet":"max-snippet:-1","max-image-preview":"max-image-preview:large","max-video-preview":"max-video-preview:-1"},"canonical":"https:\/\/motorpor.pt\/en\/10-e-11-janeiro-descubra-o-novo-renault-5-e-tech-eletrico\/","og_locale":"en_US","og_type":"article","og_title":"10 e 11 JANEIRO | DESCUBRA O NOVO RENAULT 5 E-TECH EL\u00c9TRICO - Motorpor","og_description":"O carro mais esperado do ano j\u00e1 chegou! Nos dias 10 e 11 de janeiro, a MOTORPOR est\u00e1 de portas abertas para que possa conhecer o novo Renault 5 E-Tech el\u00e9trico. Surpreenda-se com a combina\u00e7\u00e3o perfeita de design inovador, tecnologia de ponta e desempenho ecol\u00f3gico. Agende j\u00e1 o seu Test Drive aqui &#8211; https:\/\/bit.ly\/40cL1qO e [&hellip;]","og_url":"https:\/\/motorpor.pt\/en\/10-e-11-janeiro-descubra-o-novo-renault-5-e-tech-eletrico\/","og_site_name":"Motorpor","article_published_time":"2025-01-07T12:02:11+00:00","article_modified_time":"2025-01-07T12:27:08+00:00","og_image":[{"width":1024,"height":672,"url":"https:\/\/motorpor.pt\/wp-content\/uploads\/2025\/01\/Banner_1024x566_R5-1024x672-1.png","type":"image\/png"}],"author":"mktmotorpor","twitter_card":"summary_large_image","twitter_misc":{"Written by":"mktmotorpor","Est. reading time":"1 minute"},"schema":{"@context":"https:\/\/schema.org","@graph":[{"@type":"Article","@id":"https:\/\/motorpor.pt\/10-e-11-janeiro-descubra-o-novo-renault-5-e-tech-eletrico\/#article","isPartOf":{"@id":"https:\/\/motorpor.pt\/10-e-11-janeiro-descubra-o-novo-renault-5-e-tech-eletrico\/"},"author":{"name":"mktmotorpor","@id":"https:\/\/motorpor.pt\/#\/schema\/person\/b4bf07144e88efed7388a5af30522db7"},"headline":"10 e 11 JANEIRO | DESCUBRA O NOVO RENAULT 5 E-TECH EL\u00c9TRICO","datePublished":"2025-01-07T12:02:11+00:00","dateModified":"2025-01-07T12:27:08+00:00","mainEntityOfPage":{"@id":"https:\/\/motorpor.pt\/10-e-11-janeiro-descubra-o-novo-renault-5-e-tech-eletrico\/"},"wordCount":233,"publisher":{"@id":"https:\/\/motorpor.pt\/#organization"},"image":{"@id":"https:\/\/motorpor.pt\/10-e-11-janeiro-descubra-o-novo-renault-5-e-tech-eletrico\/#primaryimage"},"thumbnailUrl":"https:\/\/motorpor.pt\/wp-content\/uploads\/2025\/01\/Banner_1024x566_R5-1-2-3.png","articleSection":["Not\u00edcias","Not\u00edcias Renault"],"inLanguage":"en-US"},{"@type":"WebPage","@id":"https:\/\/motorpor.pt\/10-e-11-janeiro-descubra-o-novo-renault-5-e-tech-eletrico\/","url":"https:\/\/motorpor.pt\/10-e-11-janeiro-descubra-o-novo-renault-5-e-tech-eletrico\/","name":"10 e 11 JANEIRO | DESCUBRA O NOVO RENAULT 5 E-TECH EL\u00c9TRICO - Motorpor","isPartOf":{"@id":"https:\/\/motorpor.pt\/#website"},"primaryImageOfPage":{"@id":"https:\/\/motorpor.pt\/10-e-11-janeiro-descubra-o-novo-renault-5-e-tech-eletrico\/#primaryimage"},"image":{"@id":"https:\/\/motorpor.pt\/10-e-11-janeiro-descubra-o-novo-renault-5-e-tech-eletrico\/#primaryimage"},"thumbnailUrl":"https:\/\/motorpor.pt\/wp-content\/uploads\/2025\/01\/Banner_1024x566_R5-1-2-3.png","datePublished":"2025-01-07T12:02:11+00:00","dateModified":"2025-01-07T12:27:08+00:00","breadcrumb":{"@id":"https:\/\/motorpor.pt\/10-e-11-janeiro-descubra-o-novo-renault-5-e-tech-eletrico\/#breadcrumb"},"inLanguage":"en-US","potentialAction":[{"@type":"ReadAction","target":["https:\/\/motorpor.pt\/10-e-11-janeiro-descubra-o-novo-renault-5-e-tech-eletrico\/"]}]},{"@type":"ImageObject","inLanguage":"en-US","@id":"https:\/\/motorpor.pt\/10-e-11-janeiro-descubra-o-novo-renault-5-e-tech-eletrico\/#primaryimage","url":"https:\/\/motorpor.pt\/wp-content\/uploads\/2025\/01\/Banner_1024x566_R5-1-2-3.png","contentUrl":"https:\/\/motorpor.pt\/wp-content\/uploads\/2025\/01\/Banner_1024x566_R5-1-2-3.png","width":4267,"height":2280},{"@type":"BreadcrumbList","@id":"https:\/\/motorpor.pt\/10-e-11-janeiro-descubra-o-novo-renault-5-e-tech-eletrico\/#breadcrumb","itemListElement":[{"@type":"ListItem","position":1,"name":"In\u00edcio","item":"https:\/\/motorpor.pt\/"},{"@type":"ListItem","position":2,"name":"10 e 11 JANEIRO | DESCUBRA O NOVO RENAULT 5 E-TECH EL\u00c9TRICO"}]},{"@type":"WebSite","@id":"https:\/\/motorpor.pt\/#website","url":"https:\/\/motorpor.pt\/","name":"motorpor","description":"Comercio de Autom\u00f3veis Multimarcas","publisher":{"@id":"https:\/\/motorpor.pt\/#organization"},"potentialAction":[{"@type":"SearchAction","target":{"@type":"EntryPoint","urlTemplate":"https:\/\/motorpor.pt\/?s={search_term_string}"},"query-input":{"@type":"PropertyValueSpecification","valueRequired":true,"valueName":"search_term_string"}}],"inLanguage":"en-US"},{"@type":"Organization","@id":"https:\/\/motorpor.pt\/#organization","name":"motorpor","alternateName":"Motorpor","url":"https:\/\/motorpor.pt\/","logo":{"@type":"ImageObject","inLanguage":"en-US","@id":"https:\/\/motorpor.pt\/#\/schema\/logo\/image\/","url":"https:\/\/motorpor.pt\/wp-content\/uploads\/2024\/07\/Logo-Motorpor-Preto.svg","contentUrl":"https:\/\/motorpor.pt\/wp-content\/uploads\/2024\/07\/Logo-Motorpor-Preto.svg","width":493,"height":93,"caption":"Motorpor"},"image":{"@id":"https:\/\/motorpor.pt\/#\/schema\/logo\/image\/"},"sameAs":["https:\/\/www.linkedin.com\/company\/grupo-motorpor"]},{"@type":"Person","@id":"https:\/\/motorpor.pt\/#\/schema\/person\/b4bf07144e88efed7388a5af30522db7","name":"mktmotorpor","image":{"@type":"ImageObject","inLanguage":"en-US","@id":"https:\/\/secure.gravatar.com\/avatar\/8418b61b3175dbba0a8744cf0ee6bb5c7a9f6c67f1dbc4f41a62d7b9738259a2?s=96&d=mm&r=g","url":"https:\/\/secure.gravatar.com\/avatar\/8418b61b3175dbba0a8744cf0ee6bb5c7a9f6c67f1dbc4f41a62d7b9738259a2?s=96&d=mm&r=g","contentUrl":"https:\/\/secure.gravatar.com\/avatar\/8418b61b3175dbba0a8744cf0ee6bb5c7a9f6c67f1dbc4f41a62d7b9738259a2?s=96&d=mm&r=g","caption":"mktmotorpor"},"url":"https:\/\/motorpor.pt\/en\/user\/mktmotorpor\/"}]}},"_links":{"self":[{"href":"https:\/\/motorpor.pt\/en\/wp-json\/wp\/v2\/posts\/108691","targetHints":{"allow":["GET"]}}],"collection":[{"href":"https:\/\/motorpor.pt\/en\/wp-json\/wp\/v2\/posts"}],"about":[{"href":"https:\/\/motorpor.pt\/en\/wp-json\/wp\/v2\/types\/post"}],"author":[{"embeddable":true,"href":"https:\/\/motorpor.pt\/en\/wp-json\/wp\/v2\/users\/85"}],"replies":[{"embeddable":true,"href":"https:\/\/motorpor.pt\/en\/wp-json\/wp\/v2\/comments?post=108691"}],"version-history":[{"count":2,"href":"https:\/\/motorpor.pt\/en\/wp-json\/wp\/v2\/posts\/108691\/revisions"}],"predecessor-version":[{"id":108695,"href":"https:\/\/motorpor.pt\/en\/wp-json\/wp\/v2\/posts\/108691\/revisions\/108695"}],"wp:featuredmedia":[{"embeddable":true,"href":"https:\/\/motorpor.pt\/en\/wp-json\/wp\/v2\/media\/108694"}],"wp:attachment":[{"href":"https:\/\/motorpor.pt\/en\/wp-json\/wp\/v2\/media?parent=108691"}],"wp:term":[{"taxonomy":"category","embeddable":true,"href":"https:\/\/motorpor.pt\/en\/wp-json\/wp\/v2\/categories?post=108691"},{"taxonomy":"post_tag","embeddable":true,"href":"https:\/\/motorpor.pt\/en\/wp-json\/wp\/v2\/tags?post=108691"}],"curies":[{"name":"wp","href":"https:\/\/api.w.org\/{rel}","templated":true}]}}