{"id":120389,"date":"2025-03-11T17:17:07","date_gmt":"2025-03-11T16:17:07","guid":{"rendered":"https:\/\/motorpor.pt\/jeep-electric-freedom-days-ofertas-especiais-em-toda-a-gama\/"},"modified":"2025-03-11T17:17:07","modified_gmt":"2025-03-11T16:17:07","slug":"jeep-electric-freedom-days-ofertas-especiais-em-toda-a-gama","status":"publish","type":"post","link":"https:\/\/motorpor.pt\/en\/jeep-electric-freedom-days-ofertas-especiais-em-toda-a-gama\/","title":{"rendered":"JEEP ELECTRIC FREEDOM DAYS: Ofertas Especiais em toda a gama"},"content":{"rendered":"<p><strong>OFERTAS ESPECIAIS EM TODA A GAMA JEEP 100% EL\u00c9TRICA, H\u00cdBRIDA E PLUG-IN<\/strong><\/p>\n<p>\u00a0<\/p>\n<ul>\n<li>4.000 \u20ac OFERTA DE EQUIPAMENTO*<\/li>\n<li>4 ANOS DE GARANTIA*<\/li>\n<li>4 ANOS DE MANUTEN\u00c7\u00c3O*<\/li>\n<\/ul>\n<p>\u00a0<\/p>\n<h5>*Oferta v\u00e1lida at\u00e9 04\/04\/2025 para particulares, ENI e empresas. Imagem indicativa. El\u00e9trico &#8211; Consumo el\u00e9trico: 16 &#8211; 15,4 kWh\/100km; Emiss\u00e3o de CO2: 0 g\/km. Autonomia: 400 &#8211; 385 km. e-Hybrid &#8211; Consumo de combust\u00edvel: 4,9 &#8211; 6,1 l\/100km; Emiss\u00e3o de CO2: 111 &#8211; 129 g\/km. Plug In Hybrid 4xe &#8211; Consumo de combust\u00edvel: 2,1 &#8211; 4,3 l\/100km; Emiss\u00e3o de CO2: 48 &#8211; 96 g\/km. Gasolina &#8211; Consumo de combust\u00edvel: 5,7 &#8211; 5,9 l\/100km; Emiss\u00e3o de CO2:131 &#8211; 133 g\/km. Valores de homologa\u00e7\u00e3o determinados com base no ciclo combinado WLTP. Os valores indicados s\u00e3o para efeitos comparativos. Os valores reais de CO2, consumo e autonomia dependem de muitos fatores associados, como, a t\u00edtulo exemplificativo, mas n\u00e3o limitativo, o estilo de condu\u00e7\u00e3o, o percurso, o tempo e as condi\u00e7\u00f5es da estrada, para al\u00e9m das condi\u00e7\u00f5es, do tipo de utiliza\u00e7\u00e3o e do equipamento do ve\u00edculo.<\/h5>","protected":false},"excerpt":{"rendered":"<p>OFERTAS ESPECIAIS EM TODA A GAMA JEEP 100% EL\u00c9TRICA, H\u00cdBRIDA E PLUG-IN \u00a0 4.000 \u20ac OFERTA DE EQUIPAMENTO* 4 ANOS DE GARANTIA* 4 ANOS DE MANUTEN\u00c7\u00c3O* \u00a0 *Oferta v\u00e1lida at\u00e9 04\/04\/2025 para particulares, ENI e empresas. Imagem indicativa. El\u00e9trico &#8211; Consumo el\u00e9trico: 16 &#8211; 15,4 kWh\/100km; Emiss\u00e3o de CO2: 0 g\/km. Autonomia: 400 &#8211; 385 [&hellip;]<\/p>\n","protected":false},"author":85,"featured_media":120388,"comment_status":"","ping_status":"open","sticky":false,"template":"","format":"standard","meta":{"_acf_changed":false,"footnotes":""},"categories":[2495,2997,2584],"tags":[],"class_list":["post-120389","post","type-post","status-publish","format-standard","has-post-thumbnail","hentry","category-campanhas","category-jeep","category-novos"],"acf":[],"yoast_head":"<!-- This site is optimized with the Yoast SEO plugin v27.5 - https:\/\/yoast.com\/product\/yoast-seo-wordpress\/ -->\n<title>JEEP ELECTRIC FREEDOM DAYS: Ofertas Especiais em toda a gama - Motorpor<\/title>\n<meta name=\"robots\" content=\"index, follow, max-snippet:-1, max-image-preview:large, max-video-preview:-1\" \/>\n<link rel=\"canonical\" href=\"https:\/\/motorpor.pt\/en\/jeep-electric-freedom-days-ofertas-especiais-em-toda-a-gama\/\" \/>\n<meta property=\"og:locale\" content=\"en_US\" \/>\n<meta property=\"og:type\" content=\"article\" \/>\n<meta property=\"og:title\" content=\"JEEP ELECTRIC FREEDOM DAYS: Ofertas Especiais em toda a gama - Motorpor\" \/>\n<meta property=\"og:description\" content=\"OFERTAS ESPECIAIS EM TODA A GAMA JEEP 100% EL\u00c9TRICA, H\u00cdBRIDA E PLUG-IN \u00a0 4.000 \u20ac OFERTA DE EQUIPAMENTO* 4 ANOS DE GARANTIA* 4 ANOS DE MANUTEN\u00c7\u00c3O* \u00a0 *Oferta v\u00e1lida at\u00e9 04\/04\/2025 para particulares, ENI e empresas. Imagem indicativa. El\u00e9trico &#8211; Consumo el\u00e9trico: 16 &#8211; 15,4 kWh\/100km; Emiss\u00e3o de CO2: 0 g\/km. Autonomia: 400 &#8211; 385 [&hellip;]\" \/>\n<meta property=\"og:url\" content=\"https:\/\/motorpor.pt\/en\/jeep-electric-freedom-days-ofertas-especiais-em-toda-a-gama\/\" \/>\n<meta property=\"og:site_name\" content=\"Motorpor\" \/>\n<meta property=\"article:published_time\" content=\"2025-03-11T16:17:07+00:00\" \/>\n<meta name=\"author\" content=\"mktmotorpor\" \/>\n<meta name=\"twitter:card\" content=\"summary_large_image\" \/>\n<meta name=\"twitter:label1\" content=\"Written by\" \/>\n\t<meta name=\"twitter:data1\" content=\"mktmotorpor\" \/>\n\t<meta name=\"twitter:label2\" content=\"Est. reading time\" \/>\n\t<meta name=\"twitter:data2\" content=\"1 minute\" \/>\n<script type=\"application\/ld+json\" class=\"yoast-schema-graph\">{\"@context\":\"https:\\\/\\\/schema.org\",\"@graph\":[{\"@type\":\"Article\",\"@id\":\"https:\\\/\\\/motorpor.pt\\\/jeep-electric-freedom-days-ofertas-especiais-em-toda-a-gama\\\/#article\",\"isPartOf\":{\"@id\":\"https:\\\/\\\/motorpor.pt\\\/jeep-electric-freedom-days-ofertas-especiais-em-toda-a-gama\\\/\"},\"author\":{\"name\":\"mktmotorpor\",\"@id\":\"https:\\\/\\\/motorpor.pt\\\/#\\\/schema\\\/person\\\/b4bf07144e88efed7388a5af30522db7\"},\"headline\":\"JEEP ELECTRIC FREEDOM DAYS: Ofertas Especiais em toda a gama\",\"datePublished\":\"2025-03-11T16:17:07+00:00\",\"mainEntityOfPage\":{\"@id\":\"https:\\\/\\\/motorpor.pt\\\/jeep-electric-freedom-days-ofertas-especiais-em-toda-a-gama\\\/\"},\"wordCount\":186,\"publisher\":{\"@id\":\"https:\\\/\\\/motorpor.pt\\\/#organization\"},\"image\":{\"@id\":\"https:\\\/\\\/motorpor.pt\\\/jeep-electric-freedom-days-ofertas-especiais-em-toda-a-gama\\\/#primaryimage\"},\"thumbnailUrl\":\"https:\\\/\\\/motorpor.pt\\\/wp-content\\\/uploads\\\/2025\\\/03\\\/1600x505_Avenger_Stone-1.png\",\"articleSection\":[\"Campanhas\",\"Jeep\",\"Novos\"],\"inLanguage\":\"en-US\"},{\"@type\":\"WebPage\",\"@id\":\"https:\\\/\\\/motorpor.pt\\\/jeep-electric-freedom-days-ofertas-especiais-em-toda-a-gama\\\/\",\"url\":\"https:\\\/\\\/motorpor.pt\\\/jeep-electric-freedom-days-ofertas-especiais-em-toda-a-gama\\\/\",\"name\":\"JEEP ELECTRIC FREEDOM DAYS: Ofertas Especiais em toda a gama - Motorpor\",\"isPartOf\":{\"@id\":\"https:\\\/\\\/motorpor.pt\\\/#website\"},\"primaryImageOfPage\":{\"@id\":\"https:\\\/\\\/motorpor.pt\\\/jeep-electric-freedom-days-ofertas-especiais-em-toda-a-gama\\\/#primaryimage\"},\"image\":{\"@id\":\"https:\\\/\\\/motorpor.pt\\\/jeep-electric-freedom-days-ofertas-especiais-em-toda-a-gama\\\/#primaryimage\"},\"thumbnailUrl\":\"https:\\\/\\\/motorpor.pt\\\/wp-content\\\/uploads\\\/2025\\\/03\\\/1600x505_Avenger_Stone-1.png\",\"datePublished\":\"2025-03-11T16:17:07+00:00\",\"breadcrumb\":{\"@id\":\"https:\\\/\\\/motorpor.pt\\\/jeep-electric-freedom-days-ofertas-especiais-em-toda-a-gama\\\/#breadcrumb\"},\"inLanguage\":\"en-US\",\"potentialAction\":[{\"@type\":\"ReadAction\",\"target\":[\"https:\\\/\\\/motorpor.pt\\\/jeep-electric-freedom-days-ofertas-especiais-em-toda-a-gama\\\/\"]}]},{\"@type\":\"ImageObject\",\"inLanguage\":\"en-US\",\"@id\":\"https:\\\/\\\/motorpor.pt\\\/jeep-electric-freedom-days-ofertas-especiais-em-toda-a-gama\\\/#primaryimage\",\"url\":\"https:\\\/\\\/motorpor.pt\\\/wp-content\\\/uploads\\\/2025\\\/03\\\/1600x505_Avenger_Stone-1.png\",\"contentUrl\":\"https:\\\/\\\/motorpor.pt\\\/wp-content\\\/uploads\\\/2025\\\/03\\\/1600x505_Avenger_Stone-1.png\",\"width\":1069,\"height\":505},{\"@type\":\"BreadcrumbList\",\"@id\":\"https:\\\/\\\/motorpor.pt\\\/jeep-electric-freedom-days-ofertas-especiais-em-toda-a-gama\\\/#breadcrumb\",\"itemListElement\":[{\"@type\":\"ListItem\",\"position\":1,\"name\":\"In\u00edcio\",\"item\":\"https:\\\/\\\/motorpor.pt\\\/\"},{\"@type\":\"ListItem\",\"position\":2,\"name\":\"JEEP ELECTRIC FREEDOM DAYS: Ofertas Especiais em toda a gama\"}]},{\"@type\":\"WebSite\",\"@id\":\"https:\\\/\\\/motorpor.pt\\\/#website\",\"url\":\"https:\\\/\\\/motorpor.pt\\\/\",\"name\":\"Motorpor\",\"description\":\"Comercio de Autom\u00f3veis Multimarcas\",\"publisher\":{\"@id\":\"https:\\\/\\\/motorpor.pt\\\/#organization\"},\"potentialAction\":[{\"@type\":\"SearchAction\",\"target\":{\"@type\":\"EntryPoint\",\"urlTemplate\":\"https:\\\/\\\/motorpor.pt\\\/?s={search_term_string}\"},\"query-input\":{\"@type\":\"PropertyValueSpecification\",\"valueRequired\":true,\"valueName\":\"search_term_string\"}}],\"inLanguage\":\"en-US\"},{\"@type\":\"Organization\",\"@id\":\"https:\\\/\\\/motorpor.pt\\\/#organization\",\"name\":\"Motorpor\",\"alternateName\":\"Motorpor\",\"url\":\"https:\\\/\\\/motorpor.pt\\\/\",\"logo\":{\"@type\":\"ImageObject\",\"inLanguage\":\"en-US\",\"@id\":\"https:\\\/\\\/motorpor.pt\\\/#\\\/schema\\\/logo\\\/image\\\/\",\"url\":\"https:\\\/\\\/motorpor.pt\\\/wp-content\\\/uploads\\\/2024\\\/07\\\/Logo-Motorpor-Preto.svg\",\"contentUrl\":\"https:\\\/\\\/motorpor.pt\\\/wp-content\\\/uploads\\\/2024\\\/07\\\/Logo-Motorpor-Preto.svg\",\"width\":493,\"height\":93,\"caption\":\"Motorpor\"},\"image\":{\"@id\":\"https:\\\/\\\/motorpor.pt\\\/#\\\/schema\\\/logo\\\/image\\\/\"},\"sameAs\":[\"https:\\\/\\\/www.linkedin.com\\\/company\\\/grupo-motorpor\"]},{\"@type\":\"Person\",\"@id\":\"https:\\\/\\\/motorpor.pt\\\/#\\\/schema\\\/person\\\/b4bf07144e88efed7388a5af30522db7\",\"name\":\"mktmotorpor\",\"image\":{\"@type\":\"ImageObject\",\"inLanguage\":\"en-US\",\"@id\":\"https:\\\/\\\/secure.gravatar.com\\\/avatar\\\/8418b61b3175dbba0a8744cf0ee6bb5c7a9f6c67f1dbc4f41a62d7b9738259a2?s=96&d=mm&r=g\",\"url\":\"https:\\\/\\\/secure.gravatar.com\\\/avatar\\\/8418b61b3175dbba0a8744cf0ee6bb5c7a9f6c67f1dbc4f41a62d7b9738259a2?s=96&d=mm&r=g\",\"contentUrl\":\"https:\\\/\\\/secure.gravatar.com\\\/avatar\\\/8418b61b3175dbba0a8744cf0ee6bb5c7a9f6c67f1dbc4f41a62d7b9738259a2?s=96&d=mm&r=g\",\"caption\":\"mktmotorpor\"},\"url\":\"https:\\\/\\\/motorpor.pt\\\/en\\\/user\\\/mktmotorpor\\\/\"}]}<\/script>\n<!-- \/ Yoast SEO plugin. -->","yoast_head_json":{"title":"JEEP ELECTRIC FREEDOM DAYS: Ofertas Especiais em toda a gama - Motorpor","robots":{"index":"index","follow":"follow","max-snippet":"max-snippet:-1","max-image-preview":"max-image-preview:large","max-video-preview":"max-video-preview:-1"},"canonical":"https:\/\/motorpor.pt\/en\/jeep-electric-freedom-days-ofertas-especiais-em-toda-a-gama\/","og_locale":"en_US","og_type":"article","og_title":"JEEP ELECTRIC FREEDOM DAYS: Ofertas Especiais em toda a gama - Motorpor","og_description":"OFERTAS ESPECIAIS EM TODA A GAMA JEEP 100% EL\u00c9TRICA, H\u00cdBRIDA E PLUG-IN \u00a0 4.000 \u20ac OFERTA DE EQUIPAMENTO* 4 ANOS DE GARANTIA* 4 ANOS DE MANUTEN\u00c7\u00c3O* \u00a0 *Oferta v\u00e1lida at\u00e9 04\/04\/2025 para particulares, ENI e empresas. Imagem indicativa. El\u00e9trico &#8211; Consumo el\u00e9trico: 16 &#8211; 15,4 kWh\/100km; Emiss\u00e3o de CO2: 0 g\/km. Autonomia: 400 &#8211; 385 [&hellip;]","og_url":"https:\/\/motorpor.pt\/en\/jeep-electric-freedom-days-ofertas-especiais-em-toda-a-gama\/","og_site_name":"Motorpor","article_published_time":"2025-03-11T16:17:07+00:00","author":"mktmotorpor","twitter_card":"summary_large_image","twitter_misc":{"Written by":"mktmotorpor","Est. reading time":"1 minute"},"schema":{"@context":"https:\/\/schema.org","@graph":[{"@type":"Article","@id":"https:\/\/motorpor.pt\/jeep-electric-freedom-days-ofertas-especiais-em-toda-a-gama\/#article","isPartOf":{"@id":"https:\/\/motorpor.pt\/jeep-electric-freedom-days-ofertas-especiais-em-toda-a-gama\/"},"author":{"name":"mktmotorpor","@id":"https:\/\/motorpor.pt\/#\/schema\/person\/b4bf07144e88efed7388a5af30522db7"},"headline":"JEEP ELECTRIC FREEDOM DAYS: Ofertas Especiais em toda a gama","datePublished":"2025-03-11T16:17:07+00:00","mainEntityOfPage":{"@id":"https:\/\/motorpor.pt\/jeep-electric-freedom-days-ofertas-especiais-em-toda-a-gama\/"},"wordCount":186,"publisher":{"@id":"https:\/\/motorpor.pt\/#organization"},"image":{"@id":"https:\/\/motorpor.pt\/jeep-electric-freedom-days-ofertas-especiais-em-toda-a-gama\/#primaryimage"},"thumbnailUrl":"https:\/\/motorpor.pt\/wp-content\/uploads\/2025\/03\/1600x505_Avenger_Stone-1.png","articleSection":["Campanhas","Jeep","Novos"],"inLanguage":"en-US"},{"@type":"WebPage","@id":"https:\/\/motorpor.pt\/jeep-electric-freedom-days-ofertas-especiais-em-toda-a-gama\/","url":"https:\/\/motorpor.pt\/jeep-electric-freedom-days-ofertas-especiais-em-toda-a-gama\/","name":"JEEP ELECTRIC FREEDOM DAYS: Ofertas Especiais em toda a gama - Motorpor","isPartOf":{"@id":"https:\/\/motorpor.pt\/#website"},"primaryImageOfPage":{"@id":"https:\/\/motorpor.pt\/jeep-electric-freedom-days-ofertas-especiais-em-toda-a-gama\/#primaryimage"},"image":{"@id":"https:\/\/motorpor.pt\/jeep-electric-freedom-days-ofertas-especiais-em-toda-a-gama\/#primaryimage"},"thumbnailUrl":"https:\/\/motorpor.pt\/wp-content\/uploads\/2025\/03\/1600x505_Avenger_Stone-1.png","datePublished":"2025-03-11T16:17:07+00:00","breadcrumb":{"@id":"https:\/\/motorpor.pt\/jeep-electric-freedom-days-ofertas-especiais-em-toda-a-gama\/#breadcrumb"},"inLanguage":"en-US","potentialAction":[{"@type":"ReadAction","target":["https:\/\/motorpor.pt\/jeep-electric-freedom-days-ofertas-especiais-em-toda-a-gama\/"]}]},{"@type":"ImageObject","inLanguage":"en-US","@id":"https:\/\/motorpor.pt\/jeep-electric-freedom-days-ofertas-especiais-em-toda-a-gama\/#primaryimage","url":"https:\/\/motorpor.pt\/wp-content\/uploads\/2025\/03\/1600x505_Avenger_Stone-1.png","contentUrl":"https:\/\/motorpor.pt\/wp-content\/uploads\/2025\/03\/1600x505_Avenger_Stone-1.png","width":1069,"height":505},{"@type":"BreadcrumbList","@id":"https:\/\/motorpor.pt\/jeep-electric-freedom-days-ofertas-especiais-em-toda-a-gama\/#breadcrumb","itemListElement":[{"@type":"ListItem","position":1,"name":"In\u00edcio","item":"https:\/\/motorpor.pt\/"},{"@type":"ListItem","position":2,"name":"JEEP ELECTRIC FREEDOM DAYS: Ofertas Especiais em toda a gama"}]},{"@type":"WebSite","@id":"https:\/\/motorpor.pt\/#website","url":"https:\/\/motorpor.pt\/","name":"motorpor","description":"Comercio de Autom\u00f3veis Multimarcas","publisher":{"@id":"https:\/\/motorpor.pt\/#organization"},"potentialAction":[{"@type":"SearchAction","target":{"@type":"EntryPoint","urlTemplate":"https:\/\/motorpor.pt\/?s={search_term_string}"},"query-input":{"@type":"PropertyValueSpecification","valueRequired":true,"valueName":"search_term_string"}}],"inLanguage":"en-US"},{"@type":"Organization","@id":"https:\/\/motorpor.pt\/#organization","name":"motorpor","alternateName":"Motorpor","url":"https:\/\/motorpor.pt\/","logo":{"@type":"ImageObject","inLanguage":"en-US","@id":"https:\/\/motorpor.pt\/#\/schema\/logo\/image\/","url":"https:\/\/motorpor.pt\/wp-content\/uploads\/2024\/07\/Logo-Motorpor-Preto.svg","contentUrl":"https:\/\/motorpor.pt\/wp-content\/uploads\/2024\/07\/Logo-Motorpor-Preto.svg","width":493,"height":93,"caption":"Motorpor"},"image":{"@id":"https:\/\/motorpor.pt\/#\/schema\/logo\/image\/"},"sameAs":["https:\/\/www.linkedin.com\/company\/grupo-motorpor"]},{"@type":"Person","@id":"https:\/\/motorpor.pt\/#\/schema\/person\/b4bf07144e88efed7388a5af30522db7","name":"mktmotorpor","image":{"@type":"ImageObject","inLanguage":"en-US","@id":"https:\/\/secure.gravatar.com\/avatar\/8418b61b3175dbba0a8744cf0ee6bb5c7a9f6c67f1dbc4f41a62d7b9738259a2?s=96&d=mm&r=g","url":"https:\/\/secure.gravatar.com\/avatar\/8418b61b3175dbba0a8744cf0ee6bb5c7a9f6c67f1dbc4f41a62d7b9738259a2?s=96&d=mm&r=g","contentUrl":"https:\/\/secure.gravatar.com\/avatar\/8418b61b3175dbba0a8744cf0ee6bb5c7a9f6c67f1dbc4f41a62d7b9738259a2?s=96&d=mm&r=g","caption":"mktmotorpor"},"url":"https:\/\/motorpor.pt\/en\/user\/mktmotorpor\/"}]}},"_links":{"self":[{"href":"https:\/\/motorpor.pt\/en\/wp-json\/wp\/v2\/posts\/120389","targetHints":{"allow":["GET"]}}],"collection":[{"href":"https:\/\/motorpor.pt\/en\/wp-json\/wp\/v2\/posts"}],"about":[{"href":"https:\/\/motorpor.pt\/en\/wp-json\/wp\/v2\/types\/post"}],"author":[{"embeddable":true,"href":"https:\/\/motorpor.pt\/en\/wp-json\/wp\/v2\/users\/85"}],"replies":[{"embeddable":true,"href":"https:\/\/motorpor.pt\/en\/wp-json\/wp\/v2\/comments?post=120389"}],"version-history":[{"count":0,"href":"https:\/\/motorpor.pt\/en\/wp-json\/wp\/v2\/posts\/120389\/revisions"}],"wp:featuredmedia":[{"embeddable":true,"href":"https:\/\/motorpor.pt\/en\/wp-json\/wp\/v2\/media\/120388"}],"wp:attachment":[{"href":"https:\/\/motorpor.pt\/en\/wp-json\/wp\/v2\/media?parent=120389"}],"wp:term":[{"taxonomy":"category","embeddable":true,"href":"https:\/\/motorpor.pt\/en\/wp-json\/wp\/v2\/categories?post=120389"},{"taxonomy":"post_tag","embeddable":true,"href":"https:\/\/motorpor.pt\/en\/wp-json\/wp\/v2\/tags?post=120389"}],"curies":[{"name":"wp","href":"https:\/\/api.w.org\/{rel}","templated":true}]}}