{"id":121868,"date":"2025-03-17T13:23:49","date_gmt":"2025-03-17T12:23:49","guid":{"rendered":"https:\/\/motorpor.pt\/motorpor-reforca-presenca-no-alentejo-com-novas-marcas-do-grupo-stellantis\/"},"modified":"2025-05-06T14:59:38","modified_gmt":"2025-05-06T13:59:38","slug":"motorpor-reforca-presenca-no-alentejo-com-novas-marcas-do-grupo-stellantis","status":"publish","type":"post","link":"https:\/\/motorpor.pt\/en\/motorpor-reforca-presenca-no-alentejo-com-novas-marcas-do-grupo-stellantis\/","title":{"rendered":"MOTORPOR refor\u00e7a presen\u00e7a no Alentejo com novas marcas do grupo Stellantis"},"content":{"rendered":"<p><span data-contrast=\"auto\">A <\/span><b><span data-contrast=\"auto\">motorpor<\/span><\/b><span data-contrast=\"auto\"> acaba de expandir a sua presen\u00e7a no Alentejo ao assumir a representa\u00e7\u00e3o das marcas <\/span><b><span data-contrast=\"auto\">FIAT, Abarth, Jeep e Alfa Romeo<\/span><\/b><span data-contrast=\"auto\"> na regi\u00e3o. Com esta amplia\u00e7\u00e3o do portef\u00f3lio, a empresa consolida a sua estrat\u00e9gia de crescimento na regi\u00e3o sul do pa\u00eds, refor\u00e7ando em simult\u00e2neo a sua posi\u00e7\u00e3o como refer\u00eancia no setor autom\u00f3vel.<\/span><\/p>\n<p><i><span data-contrast=\"auto\">\u201cA expans\u00e3o da Motorpor no Alentejo, com a integra\u00e7\u00e3o de mais marcas da Stellantis, refor\u00e7a a nossa ambi\u00e7\u00e3o de crescimento. Representar estas ins\u00edgnias \u00e9, simultaneamente, uma honra e uma responsabilidade que assumimos com determina\u00e7\u00e3o, investindo na qualidade do servi\u00e7o e na proximidade aos nossos clientes\u201d<\/span><\/i><span data-contrast=\"auto\">, afirma <\/span><b><span data-contrast=\"auto\">Manuel Coutinho, CEO da Motorpor<\/span><\/b><span data-contrast=\"auto\">.<\/span><\/p>\n<p><span data-contrast=\"auto\">A inclus\u00e3o destas quatro novas marcas permite \u00e0 Motorpor complementar a oferta j\u00e1 existente, ampliando as representa\u00e7\u00f5es de ins\u00edgnias autom\u00f3veis ligadas ao<\/span><b><span data-contrast=\"auto\"> grupo Stellantis<\/span><\/b><span data-contrast=\"auto\">. Este crescimento proporcionar\u00e1 ainda vantagens estrat\u00e9gicas \u00e0 empresa, permitindo gerar economias de escala, um fator essencial para qualquer neg\u00f3cio autom\u00f3vel.<\/span><\/p>\n<p><span data-contrast=\"auto\">Com este investimento, a <\/span><b><span data-contrast=\"auto\">Motorpor passa a contar com 31 <\/span><\/b><b><i><span data-contrast=\"auto\">showrooms<\/span><\/i><\/b><b><span data-contrast=\"auto\"> de viaturas novas, 9 espa\u00e7os dedicados a autom\u00f3veis usados, 8 unidades de p\u00f3s-venda, e 4 unidades de chapa e pintura<\/span><\/b><span data-contrast=\"auto\"> a n\u00edvel nacional. <\/span><\/p>\n<p><span data-contrast=\"auto\">No Alentejo, a empresa passa a representar um total de <\/span><b><span data-contrast=\"auto\">oito marcas<\/span><\/b><span data-contrast=\"auto\"> \u2013 Renault, Dacia, Peugeot, MG, FIAT, Abarth, Jeep e Alfa Romeo \u2013, al\u00e9m de ser reparador autorizado da DS em \u00c9vora, refor\u00e7ando a confian\u00e7a dos clientes nesta marca <\/span><i><span data-contrast=\"auto\">premium<\/span><\/i><span data-contrast=\"auto\">.<\/span><\/p>\n<p><span data-contrast=\"auto\">Esta evolu\u00e7\u00e3o marca o crescimento da Motorpor no setor autom\u00f3vel em Portugal, apostando sempre na inova\u00e7\u00e3o, na qualidade do servi\u00e7o e na satisfa\u00e7\u00e3o dos clientes.<\/span><\/p>","protected":false},"excerpt":{"rendered":"<p>A Motorpor acaba de expandir a sua presen\u00e7a no Alentejo ao assumir a representa\u00e7\u00e3o das marcas FIAT, Abarth, Jeep e Alfa Romeo na regi\u00e3o. Com esta amplia\u00e7\u00e3o do portef\u00f3lio, a empresa consolida a sua estrat\u00e9gia de crescimento na regi\u00e3o sul do pa\u00eds, refor\u00e7ando em simult\u00e2neo a sua posi\u00e7\u00e3o como refer\u00eancia no setor autom\u00f3vel. \u201cA expans\u00e3o [&hellip;]<\/p>\n","protected":false},"author":85,"featured_media":121867,"comment_status":"closed","ping_status":"open","sticky":false,"template":"","format":"standard","meta":{"_acf_changed":false,"footnotes":""},"categories":[2595,2592],"tags":[],"class_list":["post-121868","post","type-post","status-publish","format-standard","has-post-thumbnail","hentry","category-atualidade","category-noticias"],"acf":[],"yoast_head":"<!-- This site is optimized with the Yoast SEO plugin v27.5 - https:\/\/yoast.com\/product\/yoast-seo-wordpress\/ -->\n<title>MOTORPOR refor\u00e7a presen\u00e7a no Alentejo com novas marcas do grupo Stellantis - Motorpor<\/title>\n<meta name=\"robots\" content=\"index, follow, max-snippet:-1, max-image-preview:large, max-video-preview:-1\" \/>\n<link rel=\"canonical\" href=\"https:\/\/motorpor.pt\/en\/motorpor-reforca-presenca-no-alentejo-com-novas-marcas-do-grupo-stellantis\/\" \/>\n<meta property=\"og:locale\" content=\"en_US\" \/>\n<meta property=\"og:type\" content=\"article\" \/>\n<meta property=\"og:title\" content=\"MOTORPOR refor\u00e7a presen\u00e7a no Alentejo com novas marcas do grupo Stellantis - Motorpor\" \/>\n<meta property=\"og:description\" content=\"A Motorpor acaba de expandir a sua presen\u00e7a no Alentejo ao assumir a representa\u00e7\u00e3o das marcas FIAT, Abarth, Jeep e Alfa Romeo na regi\u00e3o. Com esta amplia\u00e7\u00e3o do portef\u00f3lio, a empresa consolida a sua estrat\u00e9gia de crescimento na regi\u00e3o sul do pa\u00eds, refor\u00e7ando em simult\u00e2neo a sua posi\u00e7\u00e3o como refer\u00eancia no setor autom\u00f3vel. \u201cA expans\u00e3o [&hellip;]\" \/>\n<meta property=\"og:url\" content=\"https:\/\/motorpor.pt\/en\/motorpor-reforca-presenca-no-alentejo-com-novas-marcas-do-grupo-stellantis\/\" \/>\n<meta property=\"og:site_name\" content=\"Motorpor\" \/>\n<meta property=\"article:published_time\" content=\"2025-03-17T12:23:49+00:00\" \/>\n<meta property=\"article:modified_time\" content=\"2025-05-06T13:59:38+00:00\" \/>\n<meta property=\"og:image\" content=\"https:\/\/motorpor.pt\/wp-content\/uploads\/2025\/03\/Novas-marcas-Motorpor-Alentejo-1950x1050-1-1.png\" \/>\n\t<meta property=\"og:image:width\" content=\"1950\" \/>\n\t<meta property=\"og:image:height\" content=\"1050\" \/>\n\t<meta property=\"og:image:type\" content=\"image\/png\" \/>\n<meta name=\"author\" content=\"mktmotorpor\" \/>\n<meta name=\"twitter:card\" content=\"summary_large_image\" \/>\n<meta name=\"twitter:label1\" content=\"Written by\" \/>\n\t<meta name=\"twitter:data1\" content=\"mktmotorpor\" \/>\n\t<meta name=\"twitter:label2\" content=\"Est. reading time\" \/>\n\t<meta name=\"twitter:data2\" content=\"1 minute\" \/>\n<script type=\"application\/ld+json\" class=\"yoast-schema-graph\">{\"@context\":\"https:\\\/\\\/schema.org\",\"@graph\":[{\"@type\":\"Article\",\"@id\":\"https:\\\/\\\/motorpor.pt\\\/motorpor-reforca-presenca-no-alentejo-com-novas-marcas-do-grupo-stellantis\\\/#article\",\"isPartOf\":{\"@id\":\"https:\\\/\\\/motorpor.pt\\\/motorpor-reforca-presenca-no-alentejo-com-novas-marcas-do-grupo-stellantis\\\/\"},\"author\":{\"name\":\"mktmotorpor\",\"@id\":\"https:\\\/\\\/motorpor.pt\\\/#\\\/schema\\\/person\\\/b4bf07144e88efed7388a5af30522db7\"},\"headline\":\"MOTORPOR refor\u00e7a presen\u00e7a no Alentejo com novas marcas do grupo Stellantis\",\"datePublished\":\"2025-03-17T12:23:49+00:00\",\"dateModified\":\"2025-05-06T13:59:38+00:00\",\"mainEntityOfPage\":{\"@id\":\"https:\\\/\\\/motorpor.pt\\\/motorpor-reforca-presenca-no-alentejo-com-novas-marcas-do-grupo-stellantis\\\/\"},\"wordCount\":291,\"publisher\":{\"@id\":\"https:\\\/\\\/motorpor.pt\\\/#organization\"},\"image\":{\"@id\":\"https:\\\/\\\/motorpor.pt\\\/motorpor-reforca-presenca-no-alentejo-com-novas-marcas-do-grupo-stellantis\\\/#primaryimage\"},\"thumbnailUrl\":\"https:\\\/\\\/motorpor.pt\\\/wp-content\\\/uploads\\\/2025\\\/03\\\/Novas-marcas-Motorpor-Alentejo-1950x1050-1-1.png\",\"articleSection\":[\"Atualidade\",\"Not\u00edcias\"],\"inLanguage\":\"en-US\"},{\"@type\":\"WebPage\",\"@id\":\"https:\\\/\\\/motorpor.pt\\\/motorpor-reforca-presenca-no-alentejo-com-novas-marcas-do-grupo-stellantis\\\/\",\"url\":\"https:\\\/\\\/motorpor.pt\\\/motorpor-reforca-presenca-no-alentejo-com-novas-marcas-do-grupo-stellantis\\\/\",\"name\":\"MOTORPOR refor\u00e7a presen\u00e7a no Alentejo com novas marcas do grupo Stellantis - Motorpor\",\"isPartOf\":{\"@id\":\"https:\\\/\\\/motorpor.pt\\\/#website\"},\"primaryImageOfPage\":{\"@id\":\"https:\\\/\\\/motorpor.pt\\\/motorpor-reforca-presenca-no-alentejo-com-novas-marcas-do-grupo-stellantis\\\/#primaryimage\"},\"image\":{\"@id\":\"https:\\\/\\\/motorpor.pt\\\/motorpor-reforca-presenca-no-alentejo-com-novas-marcas-do-grupo-stellantis\\\/#primaryimage\"},\"thumbnailUrl\":\"https:\\\/\\\/motorpor.pt\\\/wp-content\\\/uploads\\\/2025\\\/03\\\/Novas-marcas-Motorpor-Alentejo-1950x1050-1-1.png\",\"datePublished\":\"2025-03-17T12:23:49+00:00\",\"dateModified\":\"2025-05-06T13:59:38+00:00\",\"breadcrumb\":{\"@id\":\"https:\\\/\\\/motorpor.pt\\\/motorpor-reforca-presenca-no-alentejo-com-novas-marcas-do-grupo-stellantis\\\/#breadcrumb\"},\"inLanguage\":\"en-US\",\"potentialAction\":[{\"@type\":\"ReadAction\",\"target\":[\"https:\\\/\\\/motorpor.pt\\\/motorpor-reforca-presenca-no-alentejo-com-novas-marcas-do-grupo-stellantis\\\/\"]}]},{\"@type\":\"ImageObject\",\"inLanguage\":\"en-US\",\"@id\":\"https:\\\/\\\/motorpor.pt\\\/motorpor-reforca-presenca-no-alentejo-com-novas-marcas-do-grupo-stellantis\\\/#primaryimage\",\"url\":\"https:\\\/\\\/motorpor.pt\\\/wp-content\\\/uploads\\\/2025\\\/03\\\/Novas-marcas-Motorpor-Alentejo-1950x1050-1-1.png\",\"contentUrl\":\"https:\\\/\\\/motorpor.pt\\\/wp-content\\\/uploads\\\/2025\\\/03\\\/Novas-marcas-Motorpor-Alentejo-1950x1050-1-1.png\",\"width\":1950,\"height\":1050},{\"@type\":\"BreadcrumbList\",\"@id\":\"https:\\\/\\\/motorpor.pt\\\/motorpor-reforca-presenca-no-alentejo-com-novas-marcas-do-grupo-stellantis\\\/#breadcrumb\",\"itemListElement\":[{\"@type\":\"ListItem\",\"position\":1,\"name\":\"In\u00edcio\",\"item\":\"https:\\\/\\\/motorpor.pt\\\/\"},{\"@type\":\"ListItem\",\"position\":2,\"name\":\"MOTORPOR refor\u00e7a presen\u00e7a no Alentejo com novas marcas do grupo Stellantis\"}]},{\"@type\":\"WebSite\",\"@id\":\"https:\\\/\\\/motorpor.pt\\\/#website\",\"url\":\"https:\\\/\\\/motorpor.pt\\\/\",\"name\":\"Motorpor\",\"description\":\"Comercio de Autom\u00f3veis Multimarcas\",\"publisher\":{\"@id\":\"https:\\\/\\\/motorpor.pt\\\/#organization\"},\"potentialAction\":[{\"@type\":\"SearchAction\",\"target\":{\"@type\":\"EntryPoint\",\"urlTemplate\":\"https:\\\/\\\/motorpor.pt\\\/?s={search_term_string}\"},\"query-input\":{\"@type\":\"PropertyValueSpecification\",\"valueRequired\":true,\"valueName\":\"search_term_string\"}}],\"inLanguage\":\"en-US\"},{\"@type\":\"Organization\",\"@id\":\"https:\\\/\\\/motorpor.pt\\\/#organization\",\"name\":\"Motorpor\",\"alternateName\":\"Motorpor\",\"url\":\"https:\\\/\\\/motorpor.pt\\\/\",\"logo\":{\"@type\":\"ImageObject\",\"inLanguage\":\"en-US\",\"@id\":\"https:\\\/\\\/motorpor.pt\\\/#\\\/schema\\\/logo\\\/image\\\/\",\"url\":\"https:\\\/\\\/motorpor.pt\\\/wp-content\\\/uploads\\\/2024\\\/07\\\/Logo-Motorpor-Preto.svg\",\"contentUrl\":\"https:\\\/\\\/motorpor.pt\\\/wp-content\\\/uploads\\\/2024\\\/07\\\/Logo-Motorpor-Preto.svg\",\"width\":493,\"height\":93,\"caption\":\"Motorpor\"},\"image\":{\"@id\":\"https:\\\/\\\/motorpor.pt\\\/#\\\/schema\\\/logo\\\/image\\\/\"},\"sameAs\":[\"https:\\\/\\\/www.linkedin.com\\\/company\\\/grupo-motorpor\"]},{\"@type\":\"Person\",\"@id\":\"https:\\\/\\\/motorpor.pt\\\/#\\\/schema\\\/person\\\/b4bf07144e88efed7388a5af30522db7\",\"name\":\"mktmotorpor\",\"image\":{\"@type\":\"ImageObject\",\"inLanguage\":\"en-US\",\"@id\":\"https:\\\/\\\/secure.gravatar.com\\\/avatar\\\/8418b61b3175dbba0a8744cf0ee6bb5c7a9f6c67f1dbc4f41a62d7b9738259a2?s=96&d=mm&r=g\",\"url\":\"https:\\\/\\\/secure.gravatar.com\\\/avatar\\\/8418b61b3175dbba0a8744cf0ee6bb5c7a9f6c67f1dbc4f41a62d7b9738259a2?s=96&d=mm&r=g\",\"contentUrl\":\"https:\\\/\\\/secure.gravatar.com\\\/avatar\\\/8418b61b3175dbba0a8744cf0ee6bb5c7a9f6c67f1dbc4f41a62d7b9738259a2?s=96&d=mm&r=g\",\"caption\":\"mktmotorpor\"},\"url\":\"https:\\\/\\\/motorpor.pt\\\/en\\\/user\\\/mktmotorpor\\\/\"}]}<\/script>\n<!-- \/ Yoast SEO plugin. -->","yoast_head_json":{"title":"MOTORPOR refor\u00e7a presen\u00e7a no Alentejo com novas marcas do grupo Stellantis - Motorpor","robots":{"index":"index","follow":"follow","max-snippet":"max-snippet:-1","max-image-preview":"max-image-preview:large","max-video-preview":"max-video-preview:-1"},"canonical":"https:\/\/motorpor.pt\/en\/motorpor-reforca-presenca-no-alentejo-com-novas-marcas-do-grupo-stellantis\/","og_locale":"en_US","og_type":"article","og_title":"MOTORPOR refor\u00e7a presen\u00e7a no Alentejo com novas marcas do grupo Stellantis - Motorpor","og_description":"A Motorpor acaba de expandir a sua presen\u00e7a no Alentejo ao assumir a representa\u00e7\u00e3o das marcas FIAT, Abarth, Jeep e Alfa Romeo na regi\u00e3o. Com esta amplia\u00e7\u00e3o do portef\u00f3lio, a empresa consolida a sua estrat\u00e9gia de crescimento na regi\u00e3o sul do pa\u00eds, refor\u00e7ando em simult\u00e2neo a sua posi\u00e7\u00e3o como refer\u00eancia no setor autom\u00f3vel. \u201cA expans\u00e3o [&hellip;]","og_url":"https:\/\/motorpor.pt\/en\/motorpor-reforca-presenca-no-alentejo-com-novas-marcas-do-grupo-stellantis\/","og_site_name":"Motorpor","article_published_time":"2025-03-17T12:23:49+00:00","article_modified_time":"2025-05-06T13:59:38+00:00","og_image":[{"width":1950,"height":1050,"url":"https:\/\/motorpor.pt\/wp-content\/uploads\/2025\/03\/Novas-marcas-Motorpor-Alentejo-1950x1050-1-1.png","type":"image\/png"}],"author":"mktmotorpor","twitter_card":"summary_large_image","twitter_misc":{"Written by":"mktmotorpor","Est. reading time":"1 minute"},"schema":{"@context":"https:\/\/schema.org","@graph":[{"@type":"Article","@id":"https:\/\/motorpor.pt\/motorpor-reforca-presenca-no-alentejo-com-novas-marcas-do-grupo-stellantis\/#article","isPartOf":{"@id":"https:\/\/motorpor.pt\/motorpor-reforca-presenca-no-alentejo-com-novas-marcas-do-grupo-stellantis\/"},"author":{"name":"mktmotorpor","@id":"https:\/\/motorpor.pt\/#\/schema\/person\/b4bf07144e88efed7388a5af30522db7"},"headline":"MOTORPOR refor\u00e7a presen\u00e7a no Alentejo com novas marcas do grupo Stellantis","datePublished":"2025-03-17T12:23:49+00:00","dateModified":"2025-05-06T13:59:38+00:00","mainEntityOfPage":{"@id":"https:\/\/motorpor.pt\/motorpor-reforca-presenca-no-alentejo-com-novas-marcas-do-grupo-stellantis\/"},"wordCount":291,"publisher":{"@id":"https:\/\/motorpor.pt\/#organization"},"image":{"@id":"https:\/\/motorpor.pt\/motorpor-reforca-presenca-no-alentejo-com-novas-marcas-do-grupo-stellantis\/#primaryimage"},"thumbnailUrl":"https:\/\/motorpor.pt\/wp-content\/uploads\/2025\/03\/Novas-marcas-Motorpor-Alentejo-1950x1050-1-1.png","articleSection":["Atualidade","Not\u00edcias"],"inLanguage":"en-US"},{"@type":"WebPage","@id":"https:\/\/motorpor.pt\/motorpor-reforca-presenca-no-alentejo-com-novas-marcas-do-grupo-stellantis\/","url":"https:\/\/motorpor.pt\/motorpor-reforca-presenca-no-alentejo-com-novas-marcas-do-grupo-stellantis\/","name":"MOTORPOR refor\u00e7a presen\u00e7a no Alentejo com novas marcas do grupo Stellantis - Motorpor","isPartOf":{"@id":"https:\/\/motorpor.pt\/#website"},"primaryImageOfPage":{"@id":"https:\/\/motorpor.pt\/motorpor-reforca-presenca-no-alentejo-com-novas-marcas-do-grupo-stellantis\/#primaryimage"},"image":{"@id":"https:\/\/motorpor.pt\/motorpor-reforca-presenca-no-alentejo-com-novas-marcas-do-grupo-stellantis\/#primaryimage"},"thumbnailUrl":"https:\/\/motorpor.pt\/wp-content\/uploads\/2025\/03\/Novas-marcas-Motorpor-Alentejo-1950x1050-1-1.png","datePublished":"2025-03-17T12:23:49+00:00","dateModified":"2025-05-06T13:59:38+00:00","breadcrumb":{"@id":"https:\/\/motorpor.pt\/motorpor-reforca-presenca-no-alentejo-com-novas-marcas-do-grupo-stellantis\/#breadcrumb"},"inLanguage":"en-US","potentialAction":[{"@type":"ReadAction","target":["https:\/\/motorpor.pt\/motorpor-reforca-presenca-no-alentejo-com-novas-marcas-do-grupo-stellantis\/"]}]},{"@type":"ImageObject","inLanguage":"en-US","@id":"https:\/\/motorpor.pt\/motorpor-reforca-presenca-no-alentejo-com-novas-marcas-do-grupo-stellantis\/#primaryimage","url":"https:\/\/motorpor.pt\/wp-content\/uploads\/2025\/03\/Novas-marcas-Motorpor-Alentejo-1950x1050-1-1.png","contentUrl":"https:\/\/motorpor.pt\/wp-content\/uploads\/2025\/03\/Novas-marcas-Motorpor-Alentejo-1950x1050-1-1.png","width":1950,"height":1050},{"@type":"BreadcrumbList","@id":"https:\/\/motorpor.pt\/motorpor-reforca-presenca-no-alentejo-com-novas-marcas-do-grupo-stellantis\/#breadcrumb","itemListElement":[{"@type":"ListItem","position":1,"name":"In\u00edcio","item":"https:\/\/motorpor.pt\/"},{"@type":"ListItem","position":2,"name":"MOTORPOR refor\u00e7a presen\u00e7a no Alentejo com novas marcas do grupo Stellantis"}]},{"@type":"WebSite","@id":"https:\/\/motorpor.pt\/#website","url":"https:\/\/motorpor.pt\/","name":"motorpor","description":"Comercio de Autom\u00f3veis Multimarcas","publisher":{"@id":"https:\/\/motorpor.pt\/#organization"},"potentialAction":[{"@type":"SearchAction","target":{"@type":"EntryPoint","urlTemplate":"https:\/\/motorpor.pt\/?s={search_term_string}"},"query-input":{"@type":"PropertyValueSpecification","valueRequired":true,"valueName":"search_term_string"}}],"inLanguage":"en-US"},{"@type":"Organization","@id":"https:\/\/motorpor.pt\/#organization","name":"motorpor","alternateName":"Motorpor","url":"https:\/\/motorpor.pt\/","logo":{"@type":"ImageObject","inLanguage":"en-US","@id":"https:\/\/motorpor.pt\/#\/schema\/logo\/image\/","url":"https:\/\/motorpor.pt\/wp-content\/uploads\/2024\/07\/Logo-Motorpor-Preto.svg","contentUrl":"https:\/\/motorpor.pt\/wp-content\/uploads\/2024\/07\/Logo-Motorpor-Preto.svg","width":493,"height":93,"caption":"Motorpor"},"image":{"@id":"https:\/\/motorpor.pt\/#\/schema\/logo\/image\/"},"sameAs":["https:\/\/www.linkedin.com\/company\/grupo-motorpor"]},{"@type":"Person","@id":"https:\/\/motorpor.pt\/#\/schema\/person\/b4bf07144e88efed7388a5af30522db7","name":"mktmotorpor","image":{"@type":"ImageObject","inLanguage":"en-US","@id":"https:\/\/secure.gravatar.com\/avatar\/8418b61b3175dbba0a8744cf0ee6bb5c7a9f6c67f1dbc4f41a62d7b9738259a2?s=96&d=mm&r=g","url":"https:\/\/secure.gravatar.com\/avatar\/8418b61b3175dbba0a8744cf0ee6bb5c7a9f6c67f1dbc4f41a62d7b9738259a2?s=96&d=mm&r=g","contentUrl":"https:\/\/secure.gravatar.com\/avatar\/8418b61b3175dbba0a8744cf0ee6bb5c7a9f6c67f1dbc4f41a62d7b9738259a2?s=96&d=mm&r=g","caption":"mktmotorpor"},"url":"https:\/\/motorpor.pt\/en\/user\/mktmotorpor\/"}]}},"_links":{"self":[{"href":"https:\/\/motorpor.pt\/en\/wp-json\/wp\/v2\/posts\/121868","targetHints":{"allow":["GET"]}}],"collection":[{"href":"https:\/\/motorpor.pt\/en\/wp-json\/wp\/v2\/posts"}],"about":[{"href":"https:\/\/motorpor.pt\/en\/wp-json\/wp\/v2\/types\/post"}],"author":[{"embeddable":true,"href":"https:\/\/motorpor.pt\/en\/wp-json\/wp\/v2\/users\/85"}],"replies":[{"embeddable":true,"href":"https:\/\/motorpor.pt\/en\/wp-json\/wp\/v2\/comments?post=121868"}],"version-history":[{"count":2,"href":"https:\/\/motorpor.pt\/en\/wp-json\/wp\/v2\/posts\/121868\/revisions"}],"predecessor-version":[{"id":128313,"href":"https:\/\/motorpor.pt\/en\/wp-json\/wp\/v2\/posts\/121868\/revisions\/128313"}],"wp:featuredmedia":[{"embeddable":true,"href":"https:\/\/motorpor.pt\/en\/wp-json\/wp\/v2\/media\/121867"}],"wp:attachment":[{"href":"https:\/\/motorpor.pt\/en\/wp-json\/wp\/v2\/media?parent=121868"}],"wp:term":[{"taxonomy":"category","embeddable":true,"href":"https:\/\/motorpor.pt\/en\/wp-json\/wp\/v2\/categories?post=121868"},{"taxonomy":"post_tag","embeddable":true,"href":"https:\/\/motorpor.pt\/en\/wp-json\/wp\/v2\/tags?post=121868"}],"curies":[{"name":"wp","href":"https:\/\/api.w.org\/{rel}","templated":true}]}}