{"id":130730,"date":"2025-06-03T18:50:08","date_gmt":"2025-06-03T17:50:08","guid":{"rendered":"https:\/\/motorpor.pt\/oferta-exclusiva-oficinas-motorpor-evora\/"},"modified":"2025-06-03T18:59:17","modified_gmt":"2025-06-03T17:59:17","slug":"oferta-exclusiva-oficinas-motorpor-evora","status":"publish","type":"post","link":"https:\/\/motorpor.pt\/en\/oferta-exclusiva-oficinas-motorpor-evora\/","title":{"rendered":"OFERTA EXCLUSIVA | OFICINAS MOTORPOR \u00c9VORA"},"content":{"rendered":"<p>Com base na expans\u00e3o do neg\u00f3cio para a regi\u00e3o do Alentejo, a MOTORPOR conta com novos refor\u00e7os: agora a MOTORPOR \u00c9vora amplia a oferta de reparador autorizado nas marcas Alfa Romeo, DS Automobiles, FIAT e JEEP, na sua zona de implanta\u00e7\u00e3o, traduzindo aos Clientes este refor\u00e7o com um amplo leque de vantagens e novidades.<\/p>\n<p>\u00a0<\/p>\n<p>Esta amplia\u00e7\u00e3o caraterizou-se numa <strong>renova\u00e7\u00e3o total das instala\u00e7\u00f5es<\/strong>, adaptando cada unidade de neg\u00f3cio ao desafio da integra\u00e7\u00e3o das novas marcas.<\/p>\n<p>\u00a0<\/p>\n<p>Para celebrar esta nova etapa, prepar\u00e1mos:<\/p>\n<p>\u00a0<\/p>\n<p><strong>CAMPANHA ESPECIAL COM OFERTAS EXCLUSIVAS*<\/strong><\/p>\n<p>\u2705 50\u20ac para a manuten\u00e7\u00e3o da sua viatura<br \/>\n\u2705 50\u20ac para diagn\u00f3stico ou repara\u00e7\u00e3o<br \/>\n\u2705 Oferta de servi\u00e7o de mobilidade<\/p>\n<p>\u00a0<\/p>\n<p><strong>MOTIVOS PARA EFETUAR A MANUTEN\u00c7\u00c3O DA SUA VIATURA CONNOSCO<\/strong><\/p>\n<ul>\n<li><strong>Atendimento Personalizado<\/strong><\/li>\n<li><strong>Servi\u00e7o<\/strong> realizado por t\u00e9cnicos certificados pelas marcas<\/li>\n<li><strong>Disponibilidade de hor\u00e1rio<\/strong> \u2013 Abertos durante a hora de almo\u00e7o<\/li>\n<\/ul>\n<p>\u00a0<\/p>\n<p>N\u00e3o deixe para depois o que pode fazer hoje! <strong>Fa\u00e7a a sua marca\u00e7\u00e3o atrav\u00e9s do formul\u00e1rio acima ou entre em contacto connosco atrav\u00e9s do n\u00famero telef\u00f3nico: (+351) 936 540\u00a0672.<\/strong><\/p>\n<p>\u00a0<\/p>\n<p>Campanha exclusiva na Motorpor \u00c9vora nas marcas Alfa Romeo, DS Automobiles, FIAT e JEEP. V\u00e1lida mediante marca\u00e7\u00e3o pr\u00e9via obrigat\u00f3ria e efetuada at\u00e9 30\/08\/2025. N\u00e3o acumulativa com outras campanhas em vigor.<\/p>\n<p>\u00a0<\/p>\n<p>*Oferta no valor de 50\u20ac v\u00e1lida para manuten\u00e7\u00e3o programada, repara\u00e7\u00f5es (ex:\u00a0substitui\u00e7\u00e3o discos, pastilhas, amortecedores, fugas \u00f3leo)\u00a0e diagn\u00f3sticos das marcas Alfa Romeo, Fiat, Jeep e DS Automobiles em interven\u00e7\u00f5es superiores a valores de 250\u20ac + IVA. Oferta de mobilidade &#8211; v\u00e1lida para um raio m\u00e1ximo de 6 kms do Reparador autorizado.<\/p>","protected":false},"excerpt":{"rendered":"<p>Com base na expans\u00e3o do neg\u00f3cio para a regi\u00e3o do Alentejo, a MOTORPOR conta com novos refor\u00e7os: agora a MOTORPOR \u00c9vora amplia a oferta de reparador autorizado nas marcas Alfa Romeo, DS Automobiles, FIAT e JEEP, na sua zona de implanta\u00e7\u00e3o, traduzindo aos Clientes este refor\u00e7o com um amplo leque de vantagens e novidades. \u00a0 [&hellip;]<\/p>\n","protected":false},"author":85,"featured_media":130729,"comment_status":"closed","ping_status":"open","sticky":false,"template":"","format":"standard","meta":{"_acf_changed":false,"footnotes":""},"categories":[2495,2594,2592,2587],"tags":[],"class_list":["post-130730","post","type-post","status-publish","format-standard","has-post-thumbnail","hentry","category-campanhas","category-destaques","category-noticias","category-oficina"],"acf":[],"yoast_head":"<!-- This site is optimized with the Yoast SEO plugin v27.5 - https:\/\/yoast.com\/product\/yoast-seo-wordpress\/ -->\n<title>OFERTA EXCLUSIVA | OFICINAS MOTORPOR \u00c9VORA - Motorpor<\/title>\n<meta name=\"robots\" content=\"index, follow, max-snippet:-1, max-image-preview:large, max-video-preview:-1\" \/>\n<link rel=\"canonical\" href=\"https:\/\/motorpor.pt\/en\/oferta-exclusiva-oficinas-motorpor-evora\/\" \/>\n<meta property=\"og:locale\" content=\"en_US\" \/>\n<meta property=\"og:type\" content=\"article\" \/>\n<meta property=\"og:title\" content=\"OFERTA EXCLUSIVA | OFICINAS MOTORPOR \u00c9VORA - Motorpor\" \/>\n<meta property=\"og:description\" content=\"Com base na expans\u00e3o do neg\u00f3cio para a regi\u00e3o do Alentejo, a MOTORPOR conta com novos refor\u00e7os: agora a MOTORPOR \u00c9vora amplia a oferta de reparador autorizado nas marcas Alfa Romeo, DS Automobiles, FIAT e JEEP, na sua zona de implanta\u00e7\u00e3o, traduzindo aos Clientes este refor\u00e7o com um amplo leque de vantagens e novidades. \u00a0 [&hellip;]\" \/>\n<meta property=\"og:url\" content=\"https:\/\/motorpor.pt\/en\/oferta-exclusiva-oficinas-motorpor-evora\/\" \/>\n<meta property=\"og:site_name\" content=\"Motorpor\" \/>\n<meta property=\"article:published_time\" content=\"2025-06-03T17:50:08+00:00\" \/>\n<meta property=\"article:modified_time\" content=\"2025-06-03T17:59:17+00:00\" \/>\n<meta property=\"og:image\" content=\"https:\/\/motorpor.pt\/wp-content\/uploads\/2025\/06\/BANNER_APV_OFICINA-scaled-1.jpg\" \/>\n\t<meta property=\"og:image:width\" content=\"2560\" \/>\n\t<meta property=\"og:image:height\" content=\"1378\" \/>\n\t<meta property=\"og:image:type\" content=\"image\/jpeg\" \/>\n<meta name=\"author\" content=\"mktmotorpor\" \/>\n<meta name=\"twitter:card\" content=\"summary_large_image\" \/>\n<meta name=\"twitter:label1\" content=\"Written by\" \/>\n\t<meta name=\"twitter:data1\" content=\"mktmotorpor\" \/>\n\t<meta name=\"twitter:label2\" content=\"Est. reading time\" \/>\n\t<meta name=\"twitter:data2\" content=\"1 minute\" \/>\n<script type=\"application\/ld+json\" class=\"yoast-schema-graph\">{\"@context\":\"https:\\\/\\\/schema.org\",\"@graph\":[{\"@type\":\"Article\",\"@id\":\"https:\\\/\\\/motorpor.pt\\\/oferta-exclusiva-oficinas-motorpor-evora\\\/#article\",\"isPartOf\":{\"@id\":\"https:\\\/\\\/motorpor.pt\\\/oferta-exclusiva-oficinas-motorpor-evora\\\/\"},\"author\":{\"name\":\"mktmotorpor\",\"@id\":\"https:\\\/\\\/motorpor.pt\\\/#\\\/schema\\\/person\\\/b4bf07144e88efed7388a5af30522db7\"},\"headline\":\"OFERTA EXCLUSIVA | OFICINAS MOTORPOR \u00c9VORA\",\"datePublished\":\"2025-06-03T17:50:08+00:00\",\"dateModified\":\"2025-06-03T17:59:17+00:00\",\"mainEntityOfPage\":{\"@id\":\"https:\\\/\\\/motorpor.pt\\\/oferta-exclusiva-oficinas-motorpor-evora\\\/\"},\"wordCount\":277,\"publisher\":{\"@id\":\"https:\\\/\\\/motorpor.pt\\\/#organization\"},\"image\":{\"@id\":\"https:\\\/\\\/motorpor.pt\\\/oferta-exclusiva-oficinas-motorpor-evora\\\/#primaryimage\"},\"thumbnailUrl\":\"https:\\\/\\\/motorpor.pt\\\/wp-content\\\/uploads\\\/2025\\\/06\\\/BANNER_APV_OFICINA-scaled-1.jpg\",\"articleSection\":[\"Campanhas\",\"Destaques\",\"Not\u00edcias\",\"Oficina\"],\"inLanguage\":\"en-US\"},{\"@type\":\"WebPage\",\"@id\":\"https:\\\/\\\/motorpor.pt\\\/oferta-exclusiva-oficinas-motorpor-evora\\\/\",\"url\":\"https:\\\/\\\/motorpor.pt\\\/oferta-exclusiva-oficinas-motorpor-evora\\\/\",\"name\":\"OFERTA EXCLUSIVA | OFICINAS MOTORPOR \u00c9VORA - Motorpor\",\"isPartOf\":{\"@id\":\"https:\\\/\\\/motorpor.pt\\\/#website\"},\"primaryImageOfPage\":{\"@id\":\"https:\\\/\\\/motorpor.pt\\\/oferta-exclusiva-oficinas-motorpor-evora\\\/#primaryimage\"},\"image\":{\"@id\":\"https:\\\/\\\/motorpor.pt\\\/oferta-exclusiva-oficinas-motorpor-evora\\\/#primaryimage\"},\"thumbnailUrl\":\"https:\\\/\\\/motorpor.pt\\\/wp-content\\\/uploads\\\/2025\\\/06\\\/BANNER_APV_OFICINA-scaled-1.jpg\",\"datePublished\":\"2025-06-03T17:50:08+00:00\",\"dateModified\":\"2025-06-03T17:59:17+00:00\",\"breadcrumb\":{\"@id\":\"https:\\\/\\\/motorpor.pt\\\/oferta-exclusiva-oficinas-motorpor-evora\\\/#breadcrumb\"},\"inLanguage\":\"en-US\",\"potentialAction\":[{\"@type\":\"ReadAction\",\"target\":[\"https:\\\/\\\/motorpor.pt\\\/oferta-exclusiva-oficinas-motorpor-evora\\\/\"]}]},{\"@type\":\"ImageObject\",\"inLanguage\":\"en-US\",\"@id\":\"https:\\\/\\\/motorpor.pt\\\/oferta-exclusiva-oficinas-motorpor-evora\\\/#primaryimage\",\"url\":\"https:\\\/\\\/motorpor.pt\\\/wp-content\\\/uploads\\\/2025\\\/06\\\/BANNER_APV_OFICINA-scaled-1.jpg\",\"contentUrl\":\"https:\\\/\\\/motorpor.pt\\\/wp-content\\\/uploads\\\/2025\\\/06\\\/BANNER_APV_OFICINA-scaled-1.jpg\",\"width\":2560,\"height\":1378},{\"@type\":\"BreadcrumbList\",\"@id\":\"https:\\\/\\\/motorpor.pt\\\/oferta-exclusiva-oficinas-motorpor-evora\\\/#breadcrumb\",\"itemListElement\":[{\"@type\":\"ListItem\",\"position\":1,\"name\":\"In\u00edcio\",\"item\":\"https:\\\/\\\/motorpor.pt\\\/\"},{\"@type\":\"ListItem\",\"position\":2,\"name\":\"OFERTA EXCLUSIVA | OFICINAS MOTORPOR \u00c9VORA\"}]},{\"@type\":\"WebSite\",\"@id\":\"https:\\\/\\\/motorpor.pt\\\/#website\",\"url\":\"https:\\\/\\\/motorpor.pt\\\/\",\"name\":\"Motorpor\",\"description\":\"Comercio de Autom\u00f3veis Multimarcas\",\"publisher\":{\"@id\":\"https:\\\/\\\/motorpor.pt\\\/#organization\"},\"potentialAction\":[{\"@type\":\"SearchAction\",\"target\":{\"@type\":\"EntryPoint\",\"urlTemplate\":\"https:\\\/\\\/motorpor.pt\\\/?s={search_term_string}\"},\"query-input\":{\"@type\":\"PropertyValueSpecification\",\"valueRequired\":true,\"valueName\":\"search_term_string\"}}],\"inLanguage\":\"en-US\"},{\"@type\":\"Organization\",\"@id\":\"https:\\\/\\\/motorpor.pt\\\/#organization\",\"name\":\"Motorpor\",\"alternateName\":\"Motorpor\",\"url\":\"https:\\\/\\\/motorpor.pt\\\/\",\"logo\":{\"@type\":\"ImageObject\",\"inLanguage\":\"en-US\",\"@id\":\"https:\\\/\\\/motorpor.pt\\\/#\\\/schema\\\/logo\\\/image\\\/\",\"url\":\"https:\\\/\\\/motorpor.pt\\\/wp-content\\\/uploads\\\/2024\\\/07\\\/Logo-Motorpor-Preto.svg\",\"contentUrl\":\"https:\\\/\\\/motorpor.pt\\\/wp-content\\\/uploads\\\/2024\\\/07\\\/Logo-Motorpor-Preto.svg\",\"width\":493,\"height\":93,\"caption\":\"Motorpor\"},\"image\":{\"@id\":\"https:\\\/\\\/motorpor.pt\\\/#\\\/schema\\\/logo\\\/image\\\/\"},\"sameAs\":[\"https:\\\/\\\/www.linkedin.com\\\/company\\\/grupo-motorpor\"]},{\"@type\":\"Person\",\"@id\":\"https:\\\/\\\/motorpor.pt\\\/#\\\/schema\\\/person\\\/b4bf07144e88efed7388a5af30522db7\",\"name\":\"mktmotorpor\",\"image\":{\"@type\":\"ImageObject\",\"inLanguage\":\"en-US\",\"@id\":\"https:\\\/\\\/secure.gravatar.com\\\/avatar\\\/8418b61b3175dbba0a8744cf0ee6bb5c7a9f6c67f1dbc4f41a62d7b9738259a2?s=96&d=mm&r=g\",\"url\":\"https:\\\/\\\/secure.gravatar.com\\\/avatar\\\/8418b61b3175dbba0a8744cf0ee6bb5c7a9f6c67f1dbc4f41a62d7b9738259a2?s=96&d=mm&r=g\",\"contentUrl\":\"https:\\\/\\\/secure.gravatar.com\\\/avatar\\\/8418b61b3175dbba0a8744cf0ee6bb5c7a9f6c67f1dbc4f41a62d7b9738259a2?s=96&d=mm&r=g\",\"caption\":\"mktmotorpor\"},\"url\":\"https:\\\/\\\/motorpor.pt\\\/en\\\/user\\\/mktmotorpor\\\/\"}]}<\/script>\n<!-- \/ Yoast SEO plugin. -->","yoast_head_json":{"title":"OFERTA EXCLUSIVA | OFICINAS MOTORPOR \u00c9VORA - Motorpor","robots":{"index":"index","follow":"follow","max-snippet":"max-snippet:-1","max-image-preview":"max-image-preview:large","max-video-preview":"max-video-preview:-1"},"canonical":"https:\/\/motorpor.pt\/en\/oferta-exclusiva-oficinas-motorpor-evora\/","og_locale":"en_US","og_type":"article","og_title":"OFERTA EXCLUSIVA | OFICINAS MOTORPOR \u00c9VORA - Motorpor","og_description":"Com base na expans\u00e3o do neg\u00f3cio para a regi\u00e3o do Alentejo, a MOTORPOR conta com novos refor\u00e7os: agora a MOTORPOR \u00c9vora amplia a oferta de reparador autorizado nas marcas Alfa Romeo, DS Automobiles, FIAT e JEEP, na sua zona de implanta\u00e7\u00e3o, traduzindo aos Clientes este refor\u00e7o com um amplo leque de vantagens e novidades. \u00a0 [&hellip;]","og_url":"https:\/\/motorpor.pt\/en\/oferta-exclusiva-oficinas-motorpor-evora\/","og_site_name":"Motorpor","article_published_time":"2025-06-03T17:50:08+00:00","article_modified_time":"2025-06-03T17:59:17+00:00","og_image":[{"width":2560,"height":1378,"url":"https:\/\/motorpor.pt\/wp-content\/uploads\/2025\/06\/BANNER_APV_OFICINA-scaled-1.jpg","type":"image\/jpeg"}],"author":"mktmotorpor","twitter_card":"summary_large_image","twitter_misc":{"Written by":"mktmotorpor","Est. reading time":"1 minute"},"schema":{"@context":"https:\/\/schema.org","@graph":[{"@type":"Article","@id":"https:\/\/motorpor.pt\/oferta-exclusiva-oficinas-motorpor-evora\/#article","isPartOf":{"@id":"https:\/\/motorpor.pt\/oferta-exclusiva-oficinas-motorpor-evora\/"},"author":{"name":"mktmotorpor","@id":"https:\/\/motorpor.pt\/#\/schema\/person\/b4bf07144e88efed7388a5af30522db7"},"headline":"OFERTA EXCLUSIVA | OFICINAS MOTORPOR \u00c9VORA","datePublished":"2025-06-03T17:50:08+00:00","dateModified":"2025-06-03T17:59:17+00:00","mainEntityOfPage":{"@id":"https:\/\/motorpor.pt\/oferta-exclusiva-oficinas-motorpor-evora\/"},"wordCount":277,"publisher":{"@id":"https:\/\/motorpor.pt\/#organization"},"image":{"@id":"https:\/\/motorpor.pt\/oferta-exclusiva-oficinas-motorpor-evora\/#primaryimage"},"thumbnailUrl":"https:\/\/motorpor.pt\/wp-content\/uploads\/2025\/06\/BANNER_APV_OFICINA-scaled-1.jpg","articleSection":["Campanhas","Destaques","Not\u00edcias","Oficina"],"inLanguage":"en-US"},{"@type":"WebPage","@id":"https:\/\/motorpor.pt\/oferta-exclusiva-oficinas-motorpor-evora\/","url":"https:\/\/motorpor.pt\/oferta-exclusiva-oficinas-motorpor-evora\/","name":"OFERTA EXCLUSIVA | OFICINAS MOTORPOR \u00c9VORA - Motorpor","isPartOf":{"@id":"https:\/\/motorpor.pt\/#website"},"primaryImageOfPage":{"@id":"https:\/\/motorpor.pt\/oferta-exclusiva-oficinas-motorpor-evora\/#primaryimage"},"image":{"@id":"https:\/\/motorpor.pt\/oferta-exclusiva-oficinas-motorpor-evora\/#primaryimage"},"thumbnailUrl":"https:\/\/motorpor.pt\/wp-content\/uploads\/2025\/06\/BANNER_APV_OFICINA-scaled-1.jpg","datePublished":"2025-06-03T17:50:08+00:00","dateModified":"2025-06-03T17:59:17+00:00","breadcrumb":{"@id":"https:\/\/motorpor.pt\/oferta-exclusiva-oficinas-motorpor-evora\/#breadcrumb"},"inLanguage":"en-US","potentialAction":[{"@type":"ReadAction","target":["https:\/\/motorpor.pt\/oferta-exclusiva-oficinas-motorpor-evora\/"]}]},{"@type":"ImageObject","inLanguage":"en-US","@id":"https:\/\/motorpor.pt\/oferta-exclusiva-oficinas-motorpor-evora\/#primaryimage","url":"https:\/\/motorpor.pt\/wp-content\/uploads\/2025\/06\/BANNER_APV_OFICINA-scaled-1.jpg","contentUrl":"https:\/\/motorpor.pt\/wp-content\/uploads\/2025\/06\/BANNER_APV_OFICINA-scaled-1.jpg","width":2560,"height":1378},{"@type":"BreadcrumbList","@id":"https:\/\/motorpor.pt\/oferta-exclusiva-oficinas-motorpor-evora\/#breadcrumb","itemListElement":[{"@type":"ListItem","position":1,"name":"In\u00edcio","item":"https:\/\/motorpor.pt\/"},{"@type":"ListItem","position":2,"name":"OFERTA EXCLUSIVA | OFICINAS MOTORPOR \u00c9VORA"}]},{"@type":"WebSite","@id":"https:\/\/motorpor.pt\/#website","url":"https:\/\/motorpor.pt\/","name":"motorpor","description":"Comercio de Autom\u00f3veis Multimarcas","publisher":{"@id":"https:\/\/motorpor.pt\/#organization"},"potentialAction":[{"@type":"SearchAction","target":{"@type":"EntryPoint","urlTemplate":"https:\/\/motorpor.pt\/?s={search_term_string}"},"query-input":{"@type":"PropertyValueSpecification","valueRequired":true,"valueName":"search_term_string"}}],"inLanguage":"en-US"},{"@type":"Organization","@id":"https:\/\/motorpor.pt\/#organization","name":"motorpor","alternateName":"Motorpor","url":"https:\/\/motorpor.pt\/","logo":{"@type":"ImageObject","inLanguage":"en-US","@id":"https:\/\/motorpor.pt\/#\/schema\/logo\/image\/","url":"https:\/\/motorpor.pt\/wp-content\/uploads\/2024\/07\/Logo-Motorpor-Preto.svg","contentUrl":"https:\/\/motorpor.pt\/wp-content\/uploads\/2024\/07\/Logo-Motorpor-Preto.svg","width":493,"height":93,"caption":"Motorpor"},"image":{"@id":"https:\/\/motorpor.pt\/#\/schema\/logo\/image\/"},"sameAs":["https:\/\/www.linkedin.com\/company\/grupo-motorpor"]},{"@type":"Person","@id":"https:\/\/motorpor.pt\/#\/schema\/person\/b4bf07144e88efed7388a5af30522db7","name":"mktmotorpor","image":{"@type":"ImageObject","inLanguage":"en-US","@id":"https:\/\/secure.gravatar.com\/avatar\/8418b61b3175dbba0a8744cf0ee6bb5c7a9f6c67f1dbc4f41a62d7b9738259a2?s=96&d=mm&r=g","url":"https:\/\/secure.gravatar.com\/avatar\/8418b61b3175dbba0a8744cf0ee6bb5c7a9f6c67f1dbc4f41a62d7b9738259a2?s=96&d=mm&r=g","contentUrl":"https:\/\/secure.gravatar.com\/avatar\/8418b61b3175dbba0a8744cf0ee6bb5c7a9f6c67f1dbc4f41a62d7b9738259a2?s=96&d=mm&r=g","caption":"mktmotorpor"},"url":"https:\/\/motorpor.pt\/en\/user\/mktmotorpor\/"}]}},"_links":{"self":[{"href":"https:\/\/motorpor.pt\/en\/wp-json\/wp\/v2\/posts\/130730","targetHints":{"allow":["GET"]}}],"collection":[{"href":"https:\/\/motorpor.pt\/en\/wp-json\/wp\/v2\/posts"}],"about":[{"href":"https:\/\/motorpor.pt\/en\/wp-json\/wp\/v2\/types\/post"}],"author":[{"embeddable":true,"href":"https:\/\/motorpor.pt\/en\/wp-json\/wp\/v2\/users\/85"}],"replies":[{"embeddable":true,"href":"https:\/\/motorpor.pt\/en\/wp-json\/wp\/v2\/comments?post=130730"}],"version-history":[{"count":3,"href":"https:\/\/motorpor.pt\/en\/wp-json\/wp\/v2\/posts\/130730\/revisions"}],"predecessor-version":[{"id":130733,"href":"https:\/\/motorpor.pt\/en\/wp-json\/wp\/v2\/posts\/130730\/revisions\/130733"}],"wp:featuredmedia":[{"embeddable":true,"href":"https:\/\/motorpor.pt\/en\/wp-json\/wp\/v2\/media\/130729"}],"wp:attachment":[{"href":"https:\/\/motorpor.pt\/en\/wp-json\/wp\/v2\/media?parent=130730"}],"wp:term":[{"taxonomy":"category","embeddable":true,"href":"https:\/\/motorpor.pt\/en\/wp-json\/wp\/v2\/categories?post=130730"},{"taxonomy":"post_tag","embeddable":true,"href":"https:\/\/motorpor.pt\/en\/wp-json\/wp\/v2\/tags?post=130730"}],"curies":[{"name":"wp","href":"https:\/\/api.w.org\/{rel}","templated":true}]}}