{"id":133343,"date":"2025-07-01T00:00:00","date_gmt":"2025-06-30T23:00:00","guid":{"rendered":"https:\/\/motorpor.pt\/motorpor-acelera-crescimento-e-assume-novas-marcas-na-margem-sul\/"},"modified":"2025-07-01T00:00:00","modified_gmt":"2025-06-30T23:00:00","slug":"motorpor-acelera-crescimento-e-assume-novas-marcas-na-margem-sul","status":"publish","type":"post","link":"https:\/\/motorpor.pt\/en\/motorpor-acelera-crescimento-e-assume-novas-marcas-na-margem-sul\/","title":{"rendered":"MOTORPOR ACELERA CRESCIMENTO E ASSUME NOVAS MARCAS NA MARGEM SUL"},"content":{"rendered":"<p>A MOTORPOR continua a acelerar no setor autom\u00f3vel em Portugal e prepara-se para refor\u00e7ar a sua <strong>presen\u00e7a na Margem Sul do Tejo<\/strong> j\u00e1 a partir deste dia 1 julho.<\/p>\n<p>O grupo <strong>assume a representa\u00e7\u00e3o de v\u00e1rias marcas<\/strong> anteriormente geridas pela SGS Car nas cidades de <strong>Almada, Montijo e Palmela<\/strong>, consolidando a sua posi\u00e7\u00e3o como um dos principais operadores multimarcas em Portugal.<\/p>\n<p>Com esta opera\u00e7\u00e3o, entram para o portef\u00f3lio da MOTORPOR 13 novas marcas, entre as quais <strong>Abarth, Alfa Romeo, Fiat, Fuso, Jeep, Isuzu, Kia, KGM, Mitsubishi, Mazda e Maxus<\/strong>, at\u00e9 agora representadas pela SGS Car no distrito de Set\u00fabal. A estas juntam-se ainda as ins\u00edgnias MG, em Palmela, e Opel, em Almada. Ao todo, a MOTORPOR passa a representar <strong>um total de 18 marcas<\/strong> de viaturas novas em territ\u00f3rio nacional.<\/p>\n<p>Esta transi\u00e7\u00e3o ser\u00e1 feita com continuidade nas opera\u00e7\u00f5es, equipas e instala\u00e7\u00f5es, assegurando estabilidade e proximidade aos clientes locais. A gest\u00e3o passa a estar integrada na estrutura da MOTORPOR, com uma abordagem centrada na excel\u00eancia do servi\u00e7o e na diversidade da oferta.<\/p>\n<p>\u201cA integra\u00e7\u00e3o destas novas marcas refor\u00e7a o nosso compromisso com a proximidade, a diversidade da oferta e a excel\u00eancia do servi\u00e7o. Este \u00e9 um passo firme na consolida\u00e7\u00e3o da MOTORPOR como um grupo de refer\u00eancia no setor autom\u00f3vel em Portugal\u201d, <strong>afirma Manuel Coutinho, CEO do Grupo MOTORPOR.<\/strong><\/p>\n<p>O grupo refor\u00e7a assim a sua cobertura territorial no distrito de Set\u00fabal, onde j\u00e1 representava as marcas Renault e Dacia, e passa a contar com uma equipa de perto de <strong>400 colaboradores<\/strong> dispersos <strong>11 concelhos do pa\u00eds. <\/strong><\/p>\n<p>Com esta amplia\u00e7\u00e3o, a rede da MOTORPOR passar\u00e1 a contar com:<\/p>\n<ul>\n<li><strong>44<\/strong> showrooms de viaturas novas<\/li>\n<li><strong>8<\/strong> espa\u00e7os de viaturas usadas<\/li>\n<li><strong>11<\/strong> unidades de p\u00f3s-venda<\/li>\n<li><strong>5<\/strong> oficinas de chapa e pintura<\/li>\n<li><strong>3<\/strong> esta\u00e7\u00f5es de rent-a-car<\/li>\n<\/ul>\n<p>Este novo passo na Margem Sul refor\u00e7a o posicionamento do grupo como uma refer\u00eancia s\u00f3lida e em crescimento no setor autom\u00f3vel portugu\u00eas, materializando uma <strong>estrat\u00e9gia baseada em proximidade, diversidade, especializa\u00e7\u00e3o e excel\u00eancia.<\/strong><\/p>","protected":false},"excerpt":{"rendered":"<p>A MOTORPOR continua a acelerar no setor autom\u00f3vel em Portugal e prepara-se para refor\u00e7ar a sua presen\u00e7a na Margem Sul do Tejo j\u00e1 a partir deste dia 1 julho. O grupo assume a representa\u00e7\u00e3o de v\u00e1rias marcas anteriormente geridas pela SGS Car nas cidades de Almada, Montijo e Palmela, consolidando a sua posi\u00e7\u00e3o como um [&hellip;]<\/p>\n","protected":false},"author":85,"featured_media":133328,"comment_status":"","ping_status":"open","sticky":false,"template":"","format":"standard","meta":{"_acf_changed":false,"footnotes":""},"categories":[2595,2594,2592],"tags":[],"class_list":["post-133343","post","type-post","status-publish","format-standard","has-post-thumbnail","hentry","category-atualidade","category-destaques","category-noticias"],"acf":[],"yoast_head":"<!-- This site is optimized with the Yoast SEO plugin v27.5 - https:\/\/yoast.com\/product\/yoast-seo-wordpress\/ -->\n<title>MOTORPOR ACELERA CRESCIMENTO E ASSUME NOVAS MARCAS NA MARGEM SUL - Motorpor<\/title>\n<meta name=\"robots\" content=\"index, follow, max-snippet:-1, max-image-preview:large, max-video-preview:-1\" \/>\n<link rel=\"canonical\" href=\"https:\/\/motorpor.pt\/en\/motorpor-acelera-crescimento-e-assume-novas-marcas-na-margem-sul\/\" \/>\n<meta property=\"og:locale\" content=\"en_US\" \/>\n<meta property=\"og:type\" content=\"article\" \/>\n<meta property=\"og:title\" content=\"MOTORPOR ACELERA CRESCIMENTO E ASSUME NOVAS MARCAS NA MARGEM SUL - Motorpor\" \/>\n<meta property=\"og:description\" content=\"A MOTORPOR continua a acelerar no setor autom\u00f3vel em Portugal e prepara-se para refor\u00e7ar a sua presen\u00e7a na Margem Sul do Tejo j\u00e1 a partir deste dia 1 julho. O grupo assume a representa\u00e7\u00e3o de v\u00e1rias marcas anteriormente geridas pela SGS Car nas cidades de Almada, Montijo e Palmela, consolidando a sua posi\u00e7\u00e3o como um [&hellip;]\" \/>\n<meta property=\"og:url\" content=\"https:\/\/motorpor.pt\/en\/motorpor-acelera-crescimento-e-assume-novas-marcas-na-margem-sul\/\" \/>\n<meta property=\"og:site_name\" content=\"Motorpor\" \/>\n<meta property=\"article:published_time\" content=\"2025-06-30T23:00:00+00:00\" \/>\n<meta name=\"author\" content=\"mktmotorpor\" \/>\n<meta name=\"twitter:card\" content=\"summary_large_image\" \/>\n<meta name=\"twitter:label1\" content=\"Written by\" \/>\n\t<meta name=\"twitter:data1\" content=\"mktmotorpor\" \/>\n\t<meta name=\"twitter:label2\" content=\"Est. reading time\" \/>\n\t<meta name=\"twitter:data2\" content=\"2 minutes\" \/>\n<script type=\"application\/ld+json\" class=\"yoast-schema-graph\">{\"@context\":\"https:\\\/\\\/schema.org\",\"@graph\":[{\"@type\":\"Article\",\"@id\":\"https:\\\/\\\/motorpor.pt\\\/motorpor-acelera-crescimento-e-assume-novas-marcas-na-margem-sul\\\/#article\",\"isPartOf\":{\"@id\":\"https:\\\/\\\/motorpor.pt\\\/motorpor-acelera-crescimento-e-assume-novas-marcas-na-margem-sul\\\/\"},\"author\":{\"name\":\"mktmotorpor\",\"@id\":\"https:\\\/\\\/motorpor.pt\\\/#\\\/schema\\\/person\\\/b4bf07144e88efed7388a5af30522db7\"},\"headline\":\"MOTORPOR ACELERA CRESCIMENTO E ASSUME NOVAS MARCAS NA MARGEM SUL\",\"datePublished\":\"2025-06-30T23:00:00+00:00\",\"mainEntityOfPage\":{\"@id\":\"https:\\\/\\\/motorpor.pt\\\/motorpor-acelera-crescimento-e-assume-novas-marcas-na-margem-sul\\\/\"},\"wordCount\":360,\"publisher\":{\"@id\":\"https:\\\/\\\/motorpor.pt\\\/#organization\"},\"image\":{\"@id\":\"https:\\\/\\\/motorpor.pt\\\/motorpor-acelera-crescimento-e-assume-novas-marcas-na-margem-sul\\\/#primaryimage\"},\"thumbnailUrl\":\"https:\\\/\\\/motorpor.pt\\\/wp-content\\\/uploads\\\/2025\\\/07\\\/BANNER_NOTICIA_WEBSITE-scaled-1.png\",\"articleSection\":[\"Atualidade\",\"Destaques\",\"Not\u00edcias\"],\"inLanguage\":\"en-US\"},{\"@type\":\"WebPage\",\"@id\":\"https:\\\/\\\/motorpor.pt\\\/motorpor-acelera-crescimento-e-assume-novas-marcas-na-margem-sul\\\/\",\"url\":\"https:\\\/\\\/motorpor.pt\\\/motorpor-acelera-crescimento-e-assume-novas-marcas-na-margem-sul\\\/\",\"name\":\"MOTORPOR ACELERA CRESCIMENTO E ASSUME NOVAS MARCAS NA MARGEM SUL - Motorpor\",\"isPartOf\":{\"@id\":\"https:\\\/\\\/motorpor.pt\\\/#website\"},\"primaryImageOfPage\":{\"@id\":\"https:\\\/\\\/motorpor.pt\\\/motorpor-acelera-crescimento-e-assume-novas-marcas-na-margem-sul\\\/#primaryimage\"},\"image\":{\"@id\":\"https:\\\/\\\/motorpor.pt\\\/motorpor-acelera-crescimento-e-assume-novas-marcas-na-margem-sul\\\/#primaryimage\"},\"thumbnailUrl\":\"https:\\\/\\\/motorpor.pt\\\/wp-content\\\/uploads\\\/2025\\\/07\\\/BANNER_NOTICIA_WEBSITE-scaled-1.png\",\"datePublished\":\"2025-06-30T23:00:00+00:00\",\"breadcrumb\":{\"@id\":\"https:\\\/\\\/motorpor.pt\\\/motorpor-acelera-crescimento-e-assume-novas-marcas-na-margem-sul\\\/#breadcrumb\"},\"inLanguage\":\"en-US\",\"potentialAction\":[{\"@type\":\"ReadAction\",\"target\":[\"https:\\\/\\\/motorpor.pt\\\/motorpor-acelera-crescimento-e-assume-novas-marcas-na-margem-sul\\\/\"]}]},{\"@type\":\"ImageObject\",\"inLanguage\":\"en-US\",\"@id\":\"https:\\\/\\\/motorpor.pt\\\/motorpor-acelera-crescimento-e-assume-novas-marcas-na-margem-sul\\\/#primaryimage\",\"url\":\"https:\\\/\\\/motorpor.pt\\\/wp-content\\\/uploads\\\/2025\\\/07\\\/BANNER_NOTICIA_WEBSITE-scaled-1.png\",\"contentUrl\":\"https:\\\/\\\/motorpor.pt\\\/wp-content\\\/uploads\\\/2025\\\/07\\\/BANNER_NOTICIA_WEBSITE-scaled-1.png\",\"width\":2560,\"height\":1378},{\"@type\":\"BreadcrumbList\",\"@id\":\"https:\\\/\\\/motorpor.pt\\\/motorpor-acelera-crescimento-e-assume-novas-marcas-na-margem-sul\\\/#breadcrumb\",\"itemListElement\":[{\"@type\":\"ListItem\",\"position\":1,\"name\":\"In\u00edcio\",\"item\":\"https:\\\/\\\/motorpor.pt\\\/\"},{\"@type\":\"ListItem\",\"position\":2,\"name\":\"MOTORPOR ACELERA CRESCIMENTO E ASSUME NOVAS MARCAS NA MARGEM SUL\"}]},{\"@type\":\"WebSite\",\"@id\":\"https:\\\/\\\/motorpor.pt\\\/#website\",\"url\":\"https:\\\/\\\/motorpor.pt\\\/\",\"name\":\"Motorpor\",\"description\":\"Comercio de Autom\u00f3veis Multimarcas\",\"publisher\":{\"@id\":\"https:\\\/\\\/motorpor.pt\\\/#organization\"},\"potentialAction\":[{\"@type\":\"SearchAction\",\"target\":{\"@type\":\"EntryPoint\",\"urlTemplate\":\"https:\\\/\\\/motorpor.pt\\\/?s={search_term_string}\"},\"query-input\":{\"@type\":\"PropertyValueSpecification\",\"valueRequired\":true,\"valueName\":\"search_term_string\"}}],\"inLanguage\":\"en-US\"},{\"@type\":\"Organization\",\"@id\":\"https:\\\/\\\/motorpor.pt\\\/#organization\",\"name\":\"Motorpor\",\"alternateName\":\"Motorpor\",\"url\":\"https:\\\/\\\/motorpor.pt\\\/\",\"logo\":{\"@type\":\"ImageObject\",\"inLanguage\":\"en-US\",\"@id\":\"https:\\\/\\\/motorpor.pt\\\/#\\\/schema\\\/logo\\\/image\\\/\",\"url\":\"https:\\\/\\\/motorpor.pt\\\/wp-content\\\/uploads\\\/2024\\\/07\\\/Logo-Motorpor-Preto.svg\",\"contentUrl\":\"https:\\\/\\\/motorpor.pt\\\/wp-content\\\/uploads\\\/2024\\\/07\\\/Logo-Motorpor-Preto.svg\",\"width\":493,\"height\":93,\"caption\":\"Motorpor\"},\"image\":{\"@id\":\"https:\\\/\\\/motorpor.pt\\\/#\\\/schema\\\/logo\\\/image\\\/\"},\"sameAs\":[\"https:\\\/\\\/www.linkedin.com\\\/company\\\/grupo-motorpor\"]},{\"@type\":\"Person\",\"@id\":\"https:\\\/\\\/motorpor.pt\\\/#\\\/schema\\\/person\\\/b4bf07144e88efed7388a5af30522db7\",\"name\":\"mktmotorpor\",\"image\":{\"@type\":\"ImageObject\",\"inLanguage\":\"en-US\",\"@id\":\"https:\\\/\\\/secure.gravatar.com\\\/avatar\\\/8418b61b3175dbba0a8744cf0ee6bb5c7a9f6c67f1dbc4f41a62d7b9738259a2?s=96&d=mm&r=g\",\"url\":\"https:\\\/\\\/secure.gravatar.com\\\/avatar\\\/8418b61b3175dbba0a8744cf0ee6bb5c7a9f6c67f1dbc4f41a62d7b9738259a2?s=96&d=mm&r=g\",\"contentUrl\":\"https:\\\/\\\/secure.gravatar.com\\\/avatar\\\/8418b61b3175dbba0a8744cf0ee6bb5c7a9f6c67f1dbc4f41a62d7b9738259a2?s=96&d=mm&r=g\",\"caption\":\"mktmotorpor\"},\"url\":\"https:\\\/\\\/motorpor.pt\\\/en\\\/user\\\/mktmotorpor\\\/\"}]}<\/script>\n<!-- \/ Yoast SEO plugin. -->","yoast_head_json":{"title":"MOTORPOR ACELERA CRESCIMENTO E ASSUME NOVAS MARCAS NA MARGEM SUL - Motorpor","robots":{"index":"index","follow":"follow","max-snippet":"max-snippet:-1","max-image-preview":"max-image-preview:large","max-video-preview":"max-video-preview:-1"},"canonical":"https:\/\/motorpor.pt\/en\/motorpor-acelera-crescimento-e-assume-novas-marcas-na-margem-sul\/","og_locale":"en_US","og_type":"article","og_title":"MOTORPOR ACELERA CRESCIMENTO E ASSUME NOVAS MARCAS NA MARGEM SUL - Motorpor","og_description":"A MOTORPOR continua a acelerar no setor autom\u00f3vel em Portugal e prepara-se para refor\u00e7ar a sua presen\u00e7a na Margem Sul do Tejo j\u00e1 a partir deste dia 1 julho. O grupo assume a representa\u00e7\u00e3o de v\u00e1rias marcas anteriormente geridas pela SGS Car nas cidades de Almada, Montijo e Palmela, consolidando a sua posi\u00e7\u00e3o como um [&hellip;]","og_url":"https:\/\/motorpor.pt\/en\/motorpor-acelera-crescimento-e-assume-novas-marcas-na-margem-sul\/","og_site_name":"Motorpor","article_published_time":"2025-06-30T23:00:00+00:00","author":"mktmotorpor","twitter_card":"summary_large_image","twitter_misc":{"Written by":"mktmotorpor","Est. reading time":"2 minutes"},"schema":{"@context":"https:\/\/schema.org","@graph":[{"@type":"Article","@id":"https:\/\/motorpor.pt\/motorpor-acelera-crescimento-e-assume-novas-marcas-na-margem-sul\/#article","isPartOf":{"@id":"https:\/\/motorpor.pt\/motorpor-acelera-crescimento-e-assume-novas-marcas-na-margem-sul\/"},"author":{"name":"mktmotorpor","@id":"https:\/\/motorpor.pt\/#\/schema\/person\/b4bf07144e88efed7388a5af30522db7"},"headline":"MOTORPOR ACELERA CRESCIMENTO E ASSUME NOVAS MARCAS NA MARGEM SUL","datePublished":"2025-06-30T23:00:00+00:00","mainEntityOfPage":{"@id":"https:\/\/motorpor.pt\/motorpor-acelera-crescimento-e-assume-novas-marcas-na-margem-sul\/"},"wordCount":360,"publisher":{"@id":"https:\/\/motorpor.pt\/#organization"},"image":{"@id":"https:\/\/motorpor.pt\/motorpor-acelera-crescimento-e-assume-novas-marcas-na-margem-sul\/#primaryimage"},"thumbnailUrl":"https:\/\/motorpor.pt\/wp-content\/uploads\/2025\/07\/BANNER_NOTICIA_WEBSITE-scaled-1.png","articleSection":["Atualidade","Destaques","Not\u00edcias"],"inLanguage":"en-US"},{"@type":"WebPage","@id":"https:\/\/motorpor.pt\/motorpor-acelera-crescimento-e-assume-novas-marcas-na-margem-sul\/","url":"https:\/\/motorpor.pt\/motorpor-acelera-crescimento-e-assume-novas-marcas-na-margem-sul\/","name":"MOTORPOR ACELERA CRESCIMENTO E ASSUME NOVAS MARCAS NA MARGEM SUL - Motorpor","isPartOf":{"@id":"https:\/\/motorpor.pt\/#website"},"primaryImageOfPage":{"@id":"https:\/\/motorpor.pt\/motorpor-acelera-crescimento-e-assume-novas-marcas-na-margem-sul\/#primaryimage"},"image":{"@id":"https:\/\/motorpor.pt\/motorpor-acelera-crescimento-e-assume-novas-marcas-na-margem-sul\/#primaryimage"},"thumbnailUrl":"https:\/\/motorpor.pt\/wp-content\/uploads\/2025\/07\/BANNER_NOTICIA_WEBSITE-scaled-1.png","datePublished":"2025-06-30T23:00:00+00:00","breadcrumb":{"@id":"https:\/\/motorpor.pt\/motorpor-acelera-crescimento-e-assume-novas-marcas-na-margem-sul\/#breadcrumb"},"inLanguage":"en-US","potentialAction":[{"@type":"ReadAction","target":["https:\/\/motorpor.pt\/motorpor-acelera-crescimento-e-assume-novas-marcas-na-margem-sul\/"]}]},{"@type":"ImageObject","inLanguage":"en-US","@id":"https:\/\/motorpor.pt\/motorpor-acelera-crescimento-e-assume-novas-marcas-na-margem-sul\/#primaryimage","url":"https:\/\/motorpor.pt\/wp-content\/uploads\/2025\/07\/BANNER_NOTICIA_WEBSITE-scaled-1.png","contentUrl":"https:\/\/motorpor.pt\/wp-content\/uploads\/2025\/07\/BANNER_NOTICIA_WEBSITE-scaled-1.png","width":2560,"height":1378},{"@type":"BreadcrumbList","@id":"https:\/\/motorpor.pt\/motorpor-acelera-crescimento-e-assume-novas-marcas-na-margem-sul\/#breadcrumb","itemListElement":[{"@type":"ListItem","position":1,"name":"In\u00edcio","item":"https:\/\/motorpor.pt\/"},{"@type":"ListItem","position":2,"name":"MOTORPOR ACELERA CRESCIMENTO E ASSUME NOVAS MARCAS NA MARGEM SUL"}]},{"@type":"WebSite","@id":"https:\/\/motorpor.pt\/#website","url":"https:\/\/motorpor.pt\/","name":"motorpor","description":"Comercio de Autom\u00f3veis Multimarcas","publisher":{"@id":"https:\/\/motorpor.pt\/#organization"},"potentialAction":[{"@type":"SearchAction","target":{"@type":"EntryPoint","urlTemplate":"https:\/\/motorpor.pt\/?s={search_term_string}"},"query-input":{"@type":"PropertyValueSpecification","valueRequired":true,"valueName":"search_term_string"}}],"inLanguage":"en-US"},{"@type":"Organization","@id":"https:\/\/motorpor.pt\/#organization","name":"motorpor","alternateName":"Motorpor","url":"https:\/\/motorpor.pt\/","logo":{"@type":"ImageObject","inLanguage":"en-US","@id":"https:\/\/motorpor.pt\/#\/schema\/logo\/image\/","url":"https:\/\/motorpor.pt\/wp-content\/uploads\/2024\/07\/Logo-Motorpor-Preto.svg","contentUrl":"https:\/\/motorpor.pt\/wp-content\/uploads\/2024\/07\/Logo-Motorpor-Preto.svg","width":493,"height":93,"caption":"Motorpor"},"image":{"@id":"https:\/\/motorpor.pt\/#\/schema\/logo\/image\/"},"sameAs":["https:\/\/www.linkedin.com\/company\/grupo-motorpor"]},{"@type":"Person","@id":"https:\/\/motorpor.pt\/#\/schema\/person\/b4bf07144e88efed7388a5af30522db7","name":"mktmotorpor","image":{"@type":"ImageObject","inLanguage":"en-US","@id":"https:\/\/secure.gravatar.com\/avatar\/8418b61b3175dbba0a8744cf0ee6bb5c7a9f6c67f1dbc4f41a62d7b9738259a2?s=96&d=mm&r=g","url":"https:\/\/secure.gravatar.com\/avatar\/8418b61b3175dbba0a8744cf0ee6bb5c7a9f6c67f1dbc4f41a62d7b9738259a2?s=96&d=mm&r=g","contentUrl":"https:\/\/secure.gravatar.com\/avatar\/8418b61b3175dbba0a8744cf0ee6bb5c7a9f6c67f1dbc4f41a62d7b9738259a2?s=96&d=mm&r=g","caption":"mktmotorpor"},"url":"https:\/\/motorpor.pt\/en\/user\/mktmotorpor\/"}]}},"_links":{"self":[{"href":"https:\/\/motorpor.pt\/en\/wp-json\/wp\/v2\/posts\/133343","targetHints":{"allow":["GET"]}}],"collection":[{"href":"https:\/\/motorpor.pt\/en\/wp-json\/wp\/v2\/posts"}],"about":[{"href":"https:\/\/motorpor.pt\/en\/wp-json\/wp\/v2\/types\/post"}],"author":[{"embeddable":true,"href":"https:\/\/motorpor.pt\/en\/wp-json\/wp\/v2\/users\/85"}],"replies":[{"embeddable":true,"href":"https:\/\/motorpor.pt\/en\/wp-json\/wp\/v2\/comments?post=133343"}],"version-history":[{"count":0,"href":"https:\/\/motorpor.pt\/en\/wp-json\/wp\/v2\/posts\/133343\/revisions"}],"wp:featuredmedia":[{"embeddable":true,"href":"https:\/\/motorpor.pt\/en\/wp-json\/wp\/v2\/media\/133328"}],"wp:attachment":[{"href":"https:\/\/motorpor.pt\/en\/wp-json\/wp\/v2\/media?parent=133343"}],"wp:term":[{"taxonomy":"category","embeddable":true,"href":"https:\/\/motorpor.pt\/en\/wp-json\/wp\/v2\/categories?post=133343"},{"taxonomy":"post_tag","embeddable":true,"href":"https:\/\/motorpor.pt\/en\/wp-json\/wp\/v2\/tags?post=133343"}],"curies":[{"name":"wp","href":"https:\/\/api.w.org\/{rel}","templated":true}]}}