{"id":133845,"date":"2025-07-04T08:21:36","date_gmt":"2025-07-04T07:21:36","guid":{"rendered":"https:\/\/motorpor.pt\/novo-renault-4-e-tech-eletrico\/"},"modified":"2025-07-04T08:21:36","modified_gmt":"2025-07-04T07:21:36","slug":"novo-renault-4-e-tech-eletrico","status":"publish","type":"post","link":"https:\/\/motorpor.pt\/en\/novo-renault-4-e-tech-eletrico\/","title":{"rendered":"NOVO RENAULT 4 E-TECH EL\u00c9TRICO"},"content":{"rendered":"<p>A partir de 29.500\u20ac*<\/p>\n<p>\u00a0<\/p>\n<p>O Renault 4 regressa em el\u00e9trico: um autom\u00f3vel que combina o esp\u00edrito aventureiro do modelo original com a tecnologia e sustentabilidade do futuro. Motoriza\u00e7\u00e3o E-Tech de at\u00e9 150 cv, at\u00e9 409 km de autonomia(1) e carregamento r\u00e1pido.<\/p>\n<p>\u00a0<\/p>\n<p>Com um design moderno, robusto e inspirado no universo dos \u201cvoitures \u00e0 vivre\u201d, o novo Renault 4 E-Tech el\u00e9trico n\u00e3o \u00e9 apenas uma homenagem ao cl\u00e1ssico \u2013 \u00e9 uma reinterpreta\u00e7\u00e3o inteligente, pensada para responder aos desafios da mobilidade urbana e rural dos dias de hoje. A sua silhueta inconfund\u00edvel, os arcos das rodas marcantes e o interior vers\u00e1til fazem deste modelo uma escolha ideal para quem valoriza liberdade, inova\u00e7\u00e3o e efici\u00eancia.<\/p>\n<p>\u00a0<\/p>\n<p>Totalmente el\u00e9trico, o novo Renault 4 destaca-se pela sua autonomia otimizada, carregamento r\u00e1pido e funcionalidades conectadas, garantindo uma experi\u00eancia de condu\u00e7\u00e3o silenciosa, confort\u00e1vel e sustent\u00e1vel.<\/p>\n<p>\u00a0<\/p>\n<p>Pe\u00e7a j\u00e1 a sua proposta na Motorpor mais perto de si.<\/p>\n<p>\u00a0<\/p>\n<p>* Renault 4 E-Tech El\u00e9trico evolution 120cv autonomia urbana<\/p>\n<p>(1) com a bateria da gama conforto de 52 kWh.<\/p>\n<p>\u00a0<\/p>","protected":false},"excerpt":{"rendered":"<p>A partir de 29.500\u20ac* \u00a0 O Renault 4 regressa em el\u00e9trico: um autom\u00f3vel que combina o esp\u00edrito aventureiro do modelo original com a tecnologia e sustentabilidade do futuro. Motoriza\u00e7\u00e3o E-Tech de at\u00e9 150 cv, at\u00e9 409 km de autonomia(1) e carregamento r\u00e1pido. \u00a0 Com um design moderno, robusto e inspirado no universo dos \u201cvoitures \u00e0 [&hellip;]<\/p>\n","protected":false},"author":85,"featured_media":133844,"comment_status":"","ping_status":"open","sticky":false,"template":"","format":"standard","meta":{"_acf_changed":false,"footnotes":""},"categories":[2495,2592,3095,2562],"tags":[],"class_list":["post-133845","post","type-post","status-publish","format-standard","has-post-thumbnail","hentry","category-campanhas","category-noticias","category-noticias-renault","category-renault"],"acf":[],"yoast_head":"<!-- This site is optimized with the Yoast SEO plugin v27.5 - https:\/\/yoast.com\/product\/yoast-seo-wordpress\/ -->\n<title>NOVO RENAULT 4 E-TECH EL\u00c9TRICO - Motorpor<\/title>\n<meta name=\"robots\" content=\"index, follow, max-snippet:-1, max-image-preview:large, max-video-preview:-1\" \/>\n<link rel=\"canonical\" href=\"https:\/\/motorpor.pt\/en\/novo-renault-4-e-tech-eletrico\/\" \/>\n<meta property=\"og:locale\" content=\"en_US\" \/>\n<meta property=\"og:type\" content=\"article\" \/>\n<meta property=\"og:title\" content=\"NOVO RENAULT 4 E-TECH EL\u00c9TRICO - Motorpor\" \/>\n<meta property=\"og:description\" content=\"A partir de 29.500\u20ac* \u00a0 O Renault 4 regressa em el\u00e9trico: um autom\u00f3vel que combina o esp\u00edrito aventureiro do modelo original com a tecnologia e sustentabilidade do futuro. Motoriza\u00e7\u00e3o E-Tech de at\u00e9 150 cv, at\u00e9 409 km de autonomia(1) e carregamento r\u00e1pido. \u00a0 Com um design moderno, robusto e inspirado no universo dos \u201cvoitures \u00e0 [&hellip;]\" \/>\n<meta property=\"og:url\" content=\"https:\/\/motorpor.pt\/en\/novo-renault-4-e-tech-eletrico\/\" \/>\n<meta property=\"og:site_name\" content=\"Motorpor\" \/>\n<meta property=\"article:published_time\" content=\"2025-07-04T07:21:36+00:00\" \/>\n<meta name=\"author\" content=\"mktmotorpor\" \/>\n<meta name=\"twitter:card\" content=\"summary_large_image\" \/>\n<meta name=\"twitter:label1\" content=\"Written by\" \/>\n\t<meta name=\"twitter:data1\" content=\"mktmotorpor\" \/>\n\t<meta name=\"twitter:label2\" content=\"Est. reading time\" \/>\n\t<meta name=\"twitter:data2\" content=\"1 minute\" \/>\n<script type=\"application\/ld+json\" class=\"yoast-schema-graph\">{\"@context\":\"https:\\\/\\\/schema.org\",\"@graph\":[{\"@type\":\"Article\",\"@id\":\"https:\\\/\\\/motorpor.pt\\\/novo-renault-4-e-tech-eletrico\\\/#article\",\"isPartOf\":{\"@id\":\"https:\\\/\\\/motorpor.pt\\\/novo-renault-4-e-tech-eletrico\\\/\"},\"author\":{\"name\":\"mktmotorpor\",\"@id\":\"https:\\\/\\\/motorpor.pt\\\/#\\\/schema\\\/person\\\/b4bf07144e88efed7388a5af30522db7\"},\"headline\":\"NOVO RENAULT 4 E-TECH EL\u00c9TRICO\",\"datePublished\":\"2025-07-04T07:21:36+00:00\",\"mainEntityOfPage\":{\"@id\":\"https:\\\/\\\/motorpor.pt\\\/novo-renault-4-e-tech-eletrico\\\/\"},\"wordCount\":179,\"publisher\":{\"@id\":\"https:\\\/\\\/motorpor.pt\\\/#organization\"},\"image\":{\"@id\":\"https:\\\/\\\/motorpor.pt\\\/novo-renault-4-e-tech-eletrico\\\/#primaryimage\"},\"thumbnailUrl\":\"https:\\\/\\\/motorpor.pt\\\/wp-content\\\/uploads\\\/2025\\\/07\\\/RENAULT-4-BANNER-scaled-1.jpg\",\"articleSection\":[\"Campanhas\",\"Not\u00edcias\",\"Not\u00edcias Renault\",\"Renault\"],\"inLanguage\":\"en-US\"},{\"@type\":\"WebPage\",\"@id\":\"https:\\\/\\\/motorpor.pt\\\/novo-renault-4-e-tech-eletrico\\\/\",\"url\":\"https:\\\/\\\/motorpor.pt\\\/novo-renault-4-e-tech-eletrico\\\/\",\"name\":\"NOVO RENAULT 4 E-TECH EL\u00c9TRICO - Motorpor\",\"isPartOf\":{\"@id\":\"https:\\\/\\\/motorpor.pt\\\/#website\"},\"primaryImageOfPage\":{\"@id\":\"https:\\\/\\\/motorpor.pt\\\/novo-renault-4-e-tech-eletrico\\\/#primaryimage\"},\"image\":{\"@id\":\"https:\\\/\\\/motorpor.pt\\\/novo-renault-4-e-tech-eletrico\\\/#primaryimage\"},\"thumbnailUrl\":\"https:\\\/\\\/motorpor.pt\\\/wp-content\\\/uploads\\\/2025\\\/07\\\/RENAULT-4-BANNER-scaled-1.jpg\",\"datePublished\":\"2025-07-04T07:21:36+00:00\",\"breadcrumb\":{\"@id\":\"https:\\\/\\\/motorpor.pt\\\/novo-renault-4-e-tech-eletrico\\\/#breadcrumb\"},\"inLanguage\":\"en-US\",\"potentialAction\":[{\"@type\":\"ReadAction\",\"target\":[\"https:\\\/\\\/motorpor.pt\\\/novo-renault-4-e-tech-eletrico\\\/\"]}]},{\"@type\":\"ImageObject\",\"inLanguage\":\"en-US\",\"@id\":\"https:\\\/\\\/motorpor.pt\\\/novo-renault-4-e-tech-eletrico\\\/#primaryimage\",\"url\":\"https:\\\/\\\/motorpor.pt\\\/wp-content\\\/uploads\\\/2025\\\/07\\\/RENAULT-4-BANNER-scaled-1.jpg\",\"contentUrl\":\"https:\\\/\\\/motorpor.pt\\\/wp-content\\\/uploads\\\/2025\\\/07\\\/RENAULT-4-BANNER-scaled-1.jpg\",\"width\":2560,\"height\":1378},{\"@type\":\"BreadcrumbList\",\"@id\":\"https:\\\/\\\/motorpor.pt\\\/novo-renault-4-e-tech-eletrico\\\/#breadcrumb\",\"itemListElement\":[{\"@type\":\"ListItem\",\"position\":1,\"name\":\"In\u00edcio\",\"item\":\"https:\\\/\\\/motorpor.pt\\\/\"},{\"@type\":\"ListItem\",\"position\":2,\"name\":\"NOVO RENAULT 4 E-TECH EL\u00c9TRICO\"}]},{\"@type\":\"WebSite\",\"@id\":\"https:\\\/\\\/motorpor.pt\\\/#website\",\"url\":\"https:\\\/\\\/motorpor.pt\\\/\",\"name\":\"Motorpor\",\"description\":\"Comercio de Autom\u00f3veis Multimarcas\",\"publisher\":{\"@id\":\"https:\\\/\\\/motorpor.pt\\\/#organization\"},\"potentialAction\":[{\"@type\":\"SearchAction\",\"target\":{\"@type\":\"EntryPoint\",\"urlTemplate\":\"https:\\\/\\\/motorpor.pt\\\/?s={search_term_string}\"},\"query-input\":{\"@type\":\"PropertyValueSpecification\",\"valueRequired\":true,\"valueName\":\"search_term_string\"}}],\"inLanguage\":\"en-US\"},{\"@type\":\"Organization\",\"@id\":\"https:\\\/\\\/motorpor.pt\\\/#organization\",\"name\":\"Motorpor\",\"alternateName\":\"Motorpor\",\"url\":\"https:\\\/\\\/motorpor.pt\\\/\",\"logo\":{\"@type\":\"ImageObject\",\"inLanguage\":\"en-US\",\"@id\":\"https:\\\/\\\/motorpor.pt\\\/#\\\/schema\\\/logo\\\/image\\\/\",\"url\":\"https:\\\/\\\/motorpor.pt\\\/wp-content\\\/uploads\\\/2024\\\/07\\\/Logo-Motorpor-Preto.svg\",\"contentUrl\":\"https:\\\/\\\/motorpor.pt\\\/wp-content\\\/uploads\\\/2024\\\/07\\\/Logo-Motorpor-Preto.svg\",\"width\":493,\"height\":93,\"caption\":\"Motorpor\"},\"image\":{\"@id\":\"https:\\\/\\\/motorpor.pt\\\/#\\\/schema\\\/logo\\\/image\\\/\"},\"sameAs\":[\"https:\\\/\\\/www.linkedin.com\\\/company\\\/grupo-motorpor\"]},{\"@type\":\"Person\",\"@id\":\"https:\\\/\\\/motorpor.pt\\\/#\\\/schema\\\/person\\\/b4bf07144e88efed7388a5af30522db7\",\"name\":\"mktmotorpor\",\"image\":{\"@type\":\"ImageObject\",\"inLanguage\":\"en-US\",\"@id\":\"https:\\\/\\\/secure.gravatar.com\\\/avatar\\\/8418b61b3175dbba0a8744cf0ee6bb5c7a9f6c67f1dbc4f41a62d7b9738259a2?s=96&d=mm&r=g\",\"url\":\"https:\\\/\\\/secure.gravatar.com\\\/avatar\\\/8418b61b3175dbba0a8744cf0ee6bb5c7a9f6c67f1dbc4f41a62d7b9738259a2?s=96&d=mm&r=g\",\"contentUrl\":\"https:\\\/\\\/secure.gravatar.com\\\/avatar\\\/8418b61b3175dbba0a8744cf0ee6bb5c7a9f6c67f1dbc4f41a62d7b9738259a2?s=96&d=mm&r=g\",\"caption\":\"mktmotorpor\"},\"url\":\"https:\\\/\\\/motorpor.pt\\\/en\\\/user\\\/mktmotorpor\\\/\"}]}<\/script>\n<!-- \/ Yoast SEO plugin. -->","yoast_head_json":{"title":"NOVO RENAULT 4 E-TECH EL\u00c9TRICO - Motorpor","robots":{"index":"index","follow":"follow","max-snippet":"max-snippet:-1","max-image-preview":"max-image-preview:large","max-video-preview":"max-video-preview:-1"},"canonical":"https:\/\/motorpor.pt\/en\/novo-renault-4-e-tech-eletrico\/","og_locale":"en_US","og_type":"article","og_title":"NOVO RENAULT 4 E-TECH EL\u00c9TRICO - Motorpor","og_description":"A partir de 29.500\u20ac* \u00a0 O Renault 4 regressa em el\u00e9trico: um autom\u00f3vel que combina o esp\u00edrito aventureiro do modelo original com a tecnologia e sustentabilidade do futuro. Motoriza\u00e7\u00e3o E-Tech de at\u00e9 150 cv, at\u00e9 409 km de autonomia(1) e carregamento r\u00e1pido. \u00a0 Com um design moderno, robusto e inspirado no universo dos \u201cvoitures \u00e0 [&hellip;]","og_url":"https:\/\/motorpor.pt\/en\/novo-renault-4-e-tech-eletrico\/","og_site_name":"Motorpor","article_published_time":"2025-07-04T07:21:36+00:00","author":"mktmotorpor","twitter_card":"summary_large_image","twitter_misc":{"Written by":"mktmotorpor","Est. reading time":"1 minute"},"schema":{"@context":"https:\/\/schema.org","@graph":[{"@type":"Article","@id":"https:\/\/motorpor.pt\/novo-renault-4-e-tech-eletrico\/#article","isPartOf":{"@id":"https:\/\/motorpor.pt\/novo-renault-4-e-tech-eletrico\/"},"author":{"name":"mktmotorpor","@id":"https:\/\/motorpor.pt\/#\/schema\/person\/b4bf07144e88efed7388a5af30522db7"},"headline":"NOVO RENAULT 4 E-TECH EL\u00c9TRICO","datePublished":"2025-07-04T07:21:36+00:00","mainEntityOfPage":{"@id":"https:\/\/motorpor.pt\/novo-renault-4-e-tech-eletrico\/"},"wordCount":179,"publisher":{"@id":"https:\/\/motorpor.pt\/#organization"},"image":{"@id":"https:\/\/motorpor.pt\/novo-renault-4-e-tech-eletrico\/#primaryimage"},"thumbnailUrl":"https:\/\/motorpor.pt\/wp-content\/uploads\/2025\/07\/RENAULT-4-BANNER-scaled-1.jpg","articleSection":["Campanhas","Not\u00edcias","Not\u00edcias Renault","Renault"],"inLanguage":"en-US"},{"@type":"WebPage","@id":"https:\/\/motorpor.pt\/novo-renault-4-e-tech-eletrico\/","url":"https:\/\/motorpor.pt\/novo-renault-4-e-tech-eletrico\/","name":"NOVO RENAULT 4 E-TECH EL\u00c9TRICO - Motorpor","isPartOf":{"@id":"https:\/\/motorpor.pt\/#website"},"primaryImageOfPage":{"@id":"https:\/\/motorpor.pt\/novo-renault-4-e-tech-eletrico\/#primaryimage"},"image":{"@id":"https:\/\/motorpor.pt\/novo-renault-4-e-tech-eletrico\/#primaryimage"},"thumbnailUrl":"https:\/\/motorpor.pt\/wp-content\/uploads\/2025\/07\/RENAULT-4-BANNER-scaled-1.jpg","datePublished":"2025-07-04T07:21:36+00:00","breadcrumb":{"@id":"https:\/\/motorpor.pt\/novo-renault-4-e-tech-eletrico\/#breadcrumb"},"inLanguage":"en-US","potentialAction":[{"@type":"ReadAction","target":["https:\/\/motorpor.pt\/novo-renault-4-e-tech-eletrico\/"]}]},{"@type":"ImageObject","inLanguage":"en-US","@id":"https:\/\/motorpor.pt\/novo-renault-4-e-tech-eletrico\/#primaryimage","url":"https:\/\/motorpor.pt\/wp-content\/uploads\/2025\/07\/RENAULT-4-BANNER-scaled-1.jpg","contentUrl":"https:\/\/motorpor.pt\/wp-content\/uploads\/2025\/07\/RENAULT-4-BANNER-scaled-1.jpg","width":2560,"height":1378},{"@type":"BreadcrumbList","@id":"https:\/\/motorpor.pt\/novo-renault-4-e-tech-eletrico\/#breadcrumb","itemListElement":[{"@type":"ListItem","position":1,"name":"In\u00edcio","item":"https:\/\/motorpor.pt\/"},{"@type":"ListItem","position":2,"name":"NOVO RENAULT 4 E-TECH EL\u00c9TRICO"}]},{"@type":"WebSite","@id":"https:\/\/motorpor.pt\/#website","url":"https:\/\/motorpor.pt\/","name":"motorpor","description":"Comercio de Autom\u00f3veis Multimarcas","publisher":{"@id":"https:\/\/motorpor.pt\/#organization"},"potentialAction":[{"@type":"SearchAction","target":{"@type":"EntryPoint","urlTemplate":"https:\/\/motorpor.pt\/?s={search_term_string}"},"query-input":{"@type":"PropertyValueSpecification","valueRequired":true,"valueName":"search_term_string"}}],"inLanguage":"en-US"},{"@type":"Organization","@id":"https:\/\/motorpor.pt\/#organization","name":"motorpor","alternateName":"Motorpor","url":"https:\/\/motorpor.pt\/","logo":{"@type":"ImageObject","inLanguage":"en-US","@id":"https:\/\/motorpor.pt\/#\/schema\/logo\/image\/","url":"https:\/\/motorpor.pt\/wp-content\/uploads\/2024\/07\/Logo-Motorpor-Preto.svg","contentUrl":"https:\/\/motorpor.pt\/wp-content\/uploads\/2024\/07\/Logo-Motorpor-Preto.svg","width":493,"height":93,"caption":"Motorpor"},"image":{"@id":"https:\/\/motorpor.pt\/#\/schema\/logo\/image\/"},"sameAs":["https:\/\/www.linkedin.com\/company\/grupo-motorpor"]},{"@type":"Person","@id":"https:\/\/motorpor.pt\/#\/schema\/person\/b4bf07144e88efed7388a5af30522db7","name":"mktmotorpor","image":{"@type":"ImageObject","inLanguage":"en-US","@id":"https:\/\/secure.gravatar.com\/avatar\/8418b61b3175dbba0a8744cf0ee6bb5c7a9f6c67f1dbc4f41a62d7b9738259a2?s=96&d=mm&r=g","url":"https:\/\/secure.gravatar.com\/avatar\/8418b61b3175dbba0a8744cf0ee6bb5c7a9f6c67f1dbc4f41a62d7b9738259a2?s=96&d=mm&r=g","contentUrl":"https:\/\/secure.gravatar.com\/avatar\/8418b61b3175dbba0a8744cf0ee6bb5c7a9f6c67f1dbc4f41a62d7b9738259a2?s=96&d=mm&r=g","caption":"mktmotorpor"},"url":"https:\/\/motorpor.pt\/en\/user\/mktmotorpor\/"}]}},"_links":{"self":[{"href":"https:\/\/motorpor.pt\/en\/wp-json\/wp\/v2\/posts\/133845","targetHints":{"allow":["GET"]}}],"collection":[{"href":"https:\/\/motorpor.pt\/en\/wp-json\/wp\/v2\/posts"}],"about":[{"href":"https:\/\/motorpor.pt\/en\/wp-json\/wp\/v2\/types\/post"}],"author":[{"embeddable":true,"href":"https:\/\/motorpor.pt\/en\/wp-json\/wp\/v2\/users\/85"}],"replies":[{"embeddable":true,"href":"https:\/\/motorpor.pt\/en\/wp-json\/wp\/v2\/comments?post=133845"}],"version-history":[{"count":0,"href":"https:\/\/motorpor.pt\/en\/wp-json\/wp\/v2\/posts\/133845\/revisions"}],"wp:featuredmedia":[{"embeddable":true,"href":"https:\/\/motorpor.pt\/en\/wp-json\/wp\/v2\/media\/133844"}],"wp:attachment":[{"href":"https:\/\/motorpor.pt\/en\/wp-json\/wp\/v2\/media?parent=133845"}],"wp:term":[{"taxonomy":"category","embeddable":true,"href":"https:\/\/motorpor.pt\/en\/wp-json\/wp\/v2\/categories?post=133845"},{"taxonomy":"post_tag","embeddable":true,"href":"https:\/\/motorpor.pt\/en\/wp-json\/wp\/v2\/tags?post=133845"}],"curies":[{"name":"wp","href":"https:\/\/api.w.org\/{rel}","templated":true}]}}