{"id":136735,"date":"2025-07-24T12:08:38","date_gmt":"2025-07-24T11:08:38","guid":{"rendered":"https:\/\/motorpor.pt\/roadshow-ds-no8\/"},"modified":"2025-08-08T11:51:43","modified_gmt":"2025-08-08T10:51:43","slug":"roadshow-ds-no8","status":"publish","type":"post","link":"https:\/\/motorpor.pt\/en\/roadshow-ds-no8\/","title":{"rendered":"Roadshow DS N\u00ba8"},"content":{"rendered":"<p>De <strong>25 \u00a0a 26 de julho<\/strong>, na <strong>Marina | Porto Recreio em Olh\u00e3o<\/strong>, descubra ao vivo e conhe\u00e7a de perto o novo rosto 100% el\u00e9trico do luxo franc\u00eas.<\/p>\n<p><strong>DS N\u00ba8<\/strong> \u00e9 um equil\u00edbrio perfeito entre beleza e desempenho, oferecendo luxo a todos os passageiros. O casulo, a ac\u00fastica e as tecnologias testemunham a excel\u00eancia do artesanato franc\u00eas, transformando as suas viagens numa experi\u00eancia de sonho.<\/p>\n<p>Explore com a <strong>MOTORPOR<\/strong> esta viagem de eleg\u00e2ncia e experiencie a primeira classe com um atendimento \u00fancio,personalizado e aut\u00eantico.<\/p>","protected":false},"excerpt":{"rendered":"<p>De 25 \u00a0a 26 de julho, na Marina | Porto Recreio em Olh\u00e3o, descubra ao vivo e conhe\u00e7a de perto o novo rosto 100% el\u00e9trico do luxo franc\u00eas. DS N\u00ba8 \u00e9 um equil\u00edbrio perfeito entre beleza e desempenho, oferecendo luxo a todos os passageiros. O casulo, a ac\u00fastica e as tecnologias testemunham a excel\u00eancia do [&hellip;]<\/p>\n","protected":false},"author":85,"featured_media":136734,"comment_status":"closed","ping_status":"open","sticky":false,"template":"","format":"standard","meta":{"_acf_changed":false,"footnotes":""},"categories":[2594,2561,2592,3089],"tags":[],"class_list":["post-136735","post","type-post","status-publish","format-standard","has-post-thumbnail","hentry","category-destaques","category-ds","category-noticias","category-noticias-ds"],"acf":[],"yoast_head":"<!-- This site is optimized with the Yoast SEO plugin v27.5 - https:\/\/yoast.com\/product\/yoast-seo-wordpress\/ -->\n<title>Roadshow DS N\u00ba8 - Motorpor<\/title>\n<meta name=\"robots\" content=\"index, follow, max-snippet:-1, max-image-preview:large, max-video-preview:-1\" \/>\n<link rel=\"canonical\" href=\"https:\/\/motorpor.pt\/en\/roadshow-ds-no8\/\" \/>\n<meta property=\"og:locale\" content=\"en_US\" \/>\n<meta property=\"og:type\" content=\"article\" \/>\n<meta property=\"og:title\" content=\"Roadshow DS N\u00ba8 - Motorpor\" \/>\n<meta property=\"og:description\" content=\"De 25 \u00a0a 26 de julho, na Marina | Porto Recreio em Olh\u00e3o, descubra ao vivo e conhe\u00e7a de perto o novo rosto 100% el\u00e9trico do luxo franc\u00eas. DS N\u00ba8 \u00e9 um equil\u00edbrio perfeito entre beleza e desempenho, oferecendo luxo a todos os passageiros. O casulo, a ac\u00fastica e as tecnologias testemunham a excel\u00eancia do [&hellip;]\" \/>\n<meta property=\"og:url\" content=\"https:\/\/motorpor.pt\/en\/roadshow-ds-no8\/\" \/>\n<meta property=\"og:site_name\" content=\"Motorpor\" \/>\n<meta property=\"article:published_time\" content=\"2025-07-24T11:08:38+00:00\" \/>\n<meta property=\"article:modified_time\" content=\"2025-08-08T10:51:43+00:00\" \/>\n<meta property=\"og:image\" content=\"https:\/\/motorpor.pt\/wp-content\/uploads\/2025\/07\/BANNER_NOTICIA_1950x1050-scaled-1.jpg\" \/>\n\t<meta property=\"og:image:width\" content=\"2560\" \/>\n\t<meta property=\"og:image:height\" content=\"1378\" \/>\n\t<meta property=\"og:image:type\" content=\"image\/jpeg\" \/>\n<meta name=\"author\" content=\"mktmotorpor\" \/>\n<meta name=\"twitter:card\" content=\"summary_large_image\" \/>\n<meta name=\"twitter:label1\" content=\"Written by\" \/>\n\t<meta name=\"twitter:data1\" content=\"mktmotorpor\" \/>\n\t<meta name=\"twitter:label2\" content=\"Est. reading time\" \/>\n\t<meta name=\"twitter:data2\" content=\"1 minute\" \/>\n<script type=\"application\/ld+json\" class=\"yoast-schema-graph\">{\"@context\":\"https:\\\/\\\/schema.org\",\"@graph\":[{\"@type\":\"Article\",\"@id\":\"https:\\\/\\\/motorpor.pt\\\/roadshow-ds-no8\\\/#article\",\"isPartOf\":{\"@id\":\"https:\\\/\\\/motorpor.pt\\\/roadshow-ds-no8\\\/\"},\"author\":{\"name\":\"mktmotorpor\",\"@id\":\"https:\\\/\\\/motorpor.pt\\\/#\\\/schema\\\/person\\\/b4bf07144e88efed7388a5af30522db7\"},\"headline\":\"Roadshow DS N\u00ba8\",\"datePublished\":\"2025-07-24T11:08:38+00:00\",\"dateModified\":\"2025-08-08T10:51:43+00:00\",\"mainEntityOfPage\":{\"@id\":\"https:\\\/\\\/motorpor.pt\\\/roadshow-ds-no8\\\/\"},\"wordCount\":94,\"publisher\":{\"@id\":\"https:\\\/\\\/motorpor.pt\\\/#organization\"},\"image\":{\"@id\":\"https:\\\/\\\/motorpor.pt\\\/roadshow-ds-no8\\\/#primaryimage\"},\"thumbnailUrl\":\"https:\\\/\\\/motorpor.pt\\\/wp-content\\\/uploads\\\/2025\\\/07\\\/BANNER_NOTICIA_1950x1050-scaled-1.jpg\",\"articleSection\":[\"Destaques\",\"DS\",\"Not\u00edcias\",\"Not\u00edcias DS\"],\"inLanguage\":\"en-US\"},{\"@type\":\"WebPage\",\"@id\":\"https:\\\/\\\/motorpor.pt\\\/roadshow-ds-no8\\\/\",\"url\":\"https:\\\/\\\/motorpor.pt\\\/roadshow-ds-no8\\\/\",\"name\":\"Roadshow DS N\u00ba8 - Motorpor\",\"isPartOf\":{\"@id\":\"https:\\\/\\\/motorpor.pt\\\/#website\"},\"primaryImageOfPage\":{\"@id\":\"https:\\\/\\\/motorpor.pt\\\/roadshow-ds-no8\\\/#primaryimage\"},\"image\":{\"@id\":\"https:\\\/\\\/motorpor.pt\\\/roadshow-ds-no8\\\/#primaryimage\"},\"thumbnailUrl\":\"https:\\\/\\\/motorpor.pt\\\/wp-content\\\/uploads\\\/2025\\\/07\\\/BANNER_NOTICIA_1950x1050-scaled-1.jpg\",\"datePublished\":\"2025-07-24T11:08:38+00:00\",\"dateModified\":\"2025-08-08T10:51:43+00:00\",\"breadcrumb\":{\"@id\":\"https:\\\/\\\/motorpor.pt\\\/roadshow-ds-no8\\\/#breadcrumb\"},\"inLanguage\":\"en-US\",\"potentialAction\":[{\"@type\":\"ReadAction\",\"target\":[\"https:\\\/\\\/motorpor.pt\\\/roadshow-ds-no8\\\/\"]}]},{\"@type\":\"ImageObject\",\"inLanguage\":\"en-US\",\"@id\":\"https:\\\/\\\/motorpor.pt\\\/roadshow-ds-no8\\\/#primaryimage\",\"url\":\"https:\\\/\\\/motorpor.pt\\\/wp-content\\\/uploads\\\/2025\\\/07\\\/BANNER_NOTICIA_1950x1050-scaled-1.jpg\",\"contentUrl\":\"https:\\\/\\\/motorpor.pt\\\/wp-content\\\/uploads\\\/2025\\\/07\\\/BANNER_NOTICIA_1950x1050-scaled-1.jpg\",\"width\":2560,\"height\":1378},{\"@type\":\"BreadcrumbList\",\"@id\":\"https:\\\/\\\/motorpor.pt\\\/roadshow-ds-no8\\\/#breadcrumb\",\"itemListElement\":[{\"@type\":\"ListItem\",\"position\":1,\"name\":\"In\u00edcio\",\"item\":\"https:\\\/\\\/motorpor.pt\\\/\"},{\"@type\":\"ListItem\",\"position\":2,\"name\":\"Roadshow DS N\u00ba8\"}]},{\"@type\":\"WebSite\",\"@id\":\"https:\\\/\\\/motorpor.pt\\\/#website\",\"url\":\"https:\\\/\\\/motorpor.pt\\\/\",\"name\":\"Motorpor\",\"description\":\"Comercio de Autom\u00f3veis Multimarcas\",\"publisher\":{\"@id\":\"https:\\\/\\\/motorpor.pt\\\/#organization\"},\"potentialAction\":[{\"@type\":\"SearchAction\",\"target\":{\"@type\":\"EntryPoint\",\"urlTemplate\":\"https:\\\/\\\/motorpor.pt\\\/?s={search_term_string}\"},\"query-input\":{\"@type\":\"PropertyValueSpecification\",\"valueRequired\":true,\"valueName\":\"search_term_string\"}}],\"inLanguage\":\"en-US\"},{\"@type\":\"Organization\",\"@id\":\"https:\\\/\\\/motorpor.pt\\\/#organization\",\"name\":\"Motorpor\",\"alternateName\":\"Motorpor\",\"url\":\"https:\\\/\\\/motorpor.pt\\\/\",\"logo\":{\"@type\":\"ImageObject\",\"inLanguage\":\"en-US\",\"@id\":\"https:\\\/\\\/motorpor.pt\\\/#\\\/schema\\\/logo\\\/image\\\/\",\"url\":\"https:\\\/\\\/motorpor.pt\\\/wp-content\\\/uploads\\\/2024\\\/07\\\/Logo-Motorpor-Preto.svg\",\"contentUrl\":\"https:\\\/\\\/motorpor.pt\\\/wp-content\\\/uploads\\\/2024\\\/07\\\/Logo-Motorpor-Preto.svg\",\"width\":493,\"height\":93,\"caption\":\"Motorpor\"},\"image\":{\"@id\":\"https:\\\/\\\/motorpor.pt\\\/#\\\/schema\\\/logo\\\/image\\\/\"},\"sameAs\":[\"https:\\\/\\\/www.linkedin.com\\\/company\\\/grupo-motorpor\"]},{\"@type\":\"Person\",\"@id\":\"https:\\\/\\\/motorpor.pt\\\/#\\\/schema\\\/person\\\/b4bf07144e88efed7388a5af30522db7\",\"name\":\"mktmotorpor\",\"image\":{\"@type\":\"ImageObject\",\"inLanguage\":\"en-US\",\"@id\":\"https:\\\/\\\/secure.gravatar.com\\\/avatar\\\/8418b61b3175dbba0a8744cf0ee6bb5c7a9f6c67f1dbc4f41a62d7b9738259a2?s=96&d=mm&r=g\",\"url\":\"https:\\\/\\\/secure.gravatar.com\\\/avatar\\\/8418b61b3175dbba0a8744cf0ee6bb5c7a9f6c67f1dbc4f41a62d7b9738259a2?s=96&d=mm&r=g\",\"contentUrl\":\"https:\\\/\\\/secure.gravatar.com\\\/avatar\\\/8418b61b3175dbba0a8744cf0ee6bb5c7a9f6c67f1dbc4f41a62d7b9738259a2?s=96&d=mm&r=g\",\"caption\":\"mktmotorpor\"},\"url\":\"https:\\\/\\\/motorpor.pt\\\/en\\\/user\\\/mktmotorpor\\\/\"}]}<\/script>\n<!-- \/ Yoast SEO plugin. -->","yoast_head_json":{"title":"Roadshow DS N\u00ba8 - Motorpor","robots":{"index":"index","follow":"follow","max-snippet":"max-snippet:-1","max-image-preview":"max-image-preview:large","max-video-preview":"max-video-preview:-1"},"canonical":"https:\/\/motorpor.pt\/en\/roadshow-ds-no8\/","og_locale":"en_US","og_type":"article","og_title":"Roadshow DS N\u00ba8 - Motorpor","og_description":"De 25 \u00a0a 26 de julho, na Marina | Porto Recreio em Olh\u00e3o, descubra ao vivo e conhe\u00e7a de perto o novo rosto 100% el\u00e9trico do luxo franc\u00eas. DS N\u00ba8 \u00e9 um equil\u00edbrio perfeito entre beleza e desempenho, oferecendo luxo a todos os passageiros. O casulo, a ac\u00fastica e as tecnologias testemunham a excel\u00eancia do [&hellip;]","og_url":"https:\/\/motorpor.pt\/en\/roadshow-ds-no8\/","og_site_name":"Motorpor","article_published_time":"2025-07-24T11:08:38+00:00","article_modified_time":"2025-08-08T10:51:43+00:00","og_image":[{"width":2560,"height":1378,"url":"https:\/\/motorpor.pt\/wp-content\/uploads\/2025\/07\/BANNER_NOTICIA_1950x1050-scaled-1.jpg","type":"image\/jpeg"}],"author":"mktmotorpor","twitter_card":"summary_large_image","twitter_misc":{"Written by":"mktmotorpor","Est. reading time":"1 minute"},"schema":{"@context":"https:\/\/schema.org","@graph":[{"@type":"Article","@id":"https:\/\/motorpor.pt\/roadshow-ds-no8\/#article","isPartOf":{"@id":"https:\/\/motorpor.pt\/roadshow-ds-no8\/"},"author":{"name":"mktmotorpor","@id":"https:\/\/motorpor.pt\/#\/schema\/person\/b4bf07144e88efed7388a5af30522db7"},"headline":"Roadshow DS N\u00ba8","datePublished":"2025-07-24T11:08:38+00:00","dateModified":"2025-08-08T10:51:43+00:00","mainEntityOfPage":{"@id":"https:\/\/motorpor.pt\/roadshow-ds-no8\/"},"wordCount":94,"publisher":{"@id":"https:\/\/motorpor.pt\/#organization"},"image":{"@id":"https:\/\/motorpor.pt\/roadshow-ds-no8\/#primaryimage"},"thumbnailUrl":"https:\/\/motorpor.pt\/wp-content\/uploads\/2025\/07\/BANNER_NOTICIA_1950x1050-scaled-1.jpg","articleSection":["Destaques","DS","Not\u00edcias","Not\u00edcias DS"],"inLanguage":"en-US"},{"@type":"WebPage","@id":"https:\/\/motorpor.pt\/roadshow-ds-no8\/","url":"https:\/\/motorpor.pt\/roadshow-ds-no8\/","name":"Roadshow DS N\u00ba8 - Motorpor","isPartOf":{"@id":"https:\/\/motorpor.pt\/#website"},"primaryImageOfPage":{"@id":"https:\/\/motorpor.pt\/roadshow-ds-no8\/#primaryimage"},"image":{"@id":"https:\/\/motorpor.pt\/roadshow-ds-no8\/#primaryimage"},"thumbnailUrl":"https:\/\/motorpor.pt\/wp-content\/uploads\/2025\/07\/BANNER_NOTICIA_1950x1050-scaled-1.jpg","datePublished":"2025-07-24T11:08:38+00:00","dateModified":"2025-08-08T10:51:43+00:00","breadcrumb":{"@id":"https:\/\/motorpor.pt\/roadshow-ds-no8\/#breadcrumb"},"inLanguage":"en-US","potentialAction":[{"@type":"ReadAction","target":["https:\/\/motorpor.pt\/roadshow-ds-no8\/"]}]},{"@type":"ImageObject","inLanguage":"en-US","@id":"https:\/\/motorpor.pt\/roadshow-ds-no8\/#primaryimage","url":"https:\/\/motorpor.pt\/wp-content\/uploads\/2025\/07\/BANNER_NOTICIA_1950x1050-scaled-1.jpg","contentUrl":"https:\/\/motorpor.pt\/wp-content\/uploads\/2025\/07\/BANNER_NOTICIA_1950x1050-scaled-1.jpg","width":2560,"height":1378},{"@type":"BreadcrumbList","@id":"https:\/\/motorpor.pt\/roadshow-ds-no8\/#breadcrumb","itemListElement":[{"@type":"ListItem","position":1,"name":"In\u00edcio","item":"https:\/\/motorpor.pt\/"},{"@type":"ListItem","position":2,"name":"Roadshow DS N\u00ba8"}]},{"@type":"WebSite","@id":"https:\/\/motorpor.pt\/#website","url":"https:\/\/motorpor.pt\/","name":"motorpor","description":"Comercio de Autom\u00f3veis Multimarcas","publisher":{"@id":"https:\/\/motorpor.pt\/#organization"},"potentialAction":[{"@type":"SearchAction","target":{"@type":"EntryPoint","urlTemplate":"https:\/\/motorpor.pt\/?s={search_term_string}"},"query-input":{"@type":"PropertyValueSpecification","valueRequired":true,"valueName":"search_term_string"}}],"inLanguage":"en-US"},{"@type":"Organization","@id":"https:\/\/motorpor.pt\/#organization","name":"motorpor","alternateName":"Motorpor","url":"https:\/\/motorpor.pt\/","logo":{"@type":"ImageObject","inLanguage":"en-US","@id":"https:\/\/motorpor.pt\/#\/schema\/logo\/image\/","url":"https:\/\/motorpor.pt\/wp-content\/uploads\/2024\/07\/Logo-Motorpor-Preto.svg","contentUrl":"https:\/\/motorpor.pt\/wp-content\/uploads\/2024\/07\/Logo-Motorpor-Preto.svg","width":493,"height":93,"caption":"Motorpor"},"image":{"@id":"https:\/\/motorpor.pt\/#\/schema\/logo\/image\/"},"sameAs":["https:\/\/www.linkedin.com\/company\/grupo-motorpor"]},{"@type":"Person","@id":"https:\/\/motorpor.pt\/#\/schema\/person\/b4bf07144e88efed7388a5af30522db7","name":"mktmotorpor","image":{"@type":"ImageObject","inLanguage":"en-US","@id":"https:\/\/secure.gravatar.com\/avatar\/8418b61b3175dbba0a8744cf0ee6bb5c7a9f6c67f1dbc4f41a62d7b9738259a2?s=96&d=mm&r=g","url":"https:\/\/secure.gravatar.com\/avatar\/8418b61b3175dbba0a8744cf0ee6bb5c7a9f6c67f1dbc4f41a62d7b9738259a2?s=96&d=mm&r=g","contentUrl":"https:\/\/secure.gravatar.com\/avatar\/8418b61b3175dbba0a8744cf0ee6bb5c7a9f6c67f1dbc4f41a62d7b9738259a2?s=96&d=mm&r=g","caption":"mktmotorpor"},"url":"https:\/\/motorpor.pt\/en\/user\/mktmotorpor\/"}]}},"_links":{"self":[{"href":"https:\/\/motorpor.pt\/en\/wp-json\/wp\/v2\/posts\/136735","targetHints":{"allow":["GET"]}}],"collection":[{"href":"https:\/\/motorpor.pt\/en\/wp-json\/wp\/v2\/posts"}],"about":[{"href":"https:\/\/motorpor.pt\/en\/wp-json\/wp\/v2\/types\/post"}],"author":[{"embeddable":true,"href":"https:\/\/motorpor.pt\/en\/wp-json\/wp\/v2\/users\/85"}],"replies":[{"embeddable":true,"href":"https:\/\/motorpor.pt\/en\/wp-json\/wp\/v2\/comments?post=136735"}],"version-history":[{"count":1,"href":"https:\/\/motorpor.pt\/en\/wp-json\/wp\/v2\/posts\/136735\/revisions"}],"predecessor-version":[{"id":137727,"href":"https:\/\/motorpor.pt\/en\/wp-json\/wp\/v2\/posts\/136735\/revisions\/137727"}],"wp:featuredmedia":[{"embeddable":true,"href":"https:\/\/motorpor.pt\/en\/wp-json\/wp\/v2\/media\/136734"}],"wp:attachment":[{"href":"https:\/\/motorpor.pt\/en\/wp-json\/wp\/v2\/media?parent=136735"}],"wp:term":[{"taxonomy":"category","embeddable":true,"href":"https:\/\/motorpor.pt\/en\/wp-json\/wp\/v2\/categories?post=136735"},{"taxonomy":"post_tag","embeddable":true,"href":"https:\/\/motorpor.pt\/en\/wp-json\/wp\/v2\/tags?post=136735"}],"curies":[{"name":"wp","href":"https:\/\/api.w.org\/{rel}","templated":true}]}}