{"id":138733,"date":"2025-11-04T00:00:00","date_gmt":"2025-08-21T11:09:30","guid":{"rendered":"https:\/\/motorpor.pt\/dacia-spring-100-eletrico-agora-por-apenas-13-300e-iva\/"},"modified":"2026-02-06T15:12:40","modified_gmt":"2026-02-06T14:12:40","slug":"dacia-spring-100-eletrico-agora-por-apenas-13-300e-iva","status":"publish","type":"post","link":"https:\/\/motorpor.pt\/en\/dacia-spring-100-eletrico-agora-por-apenas-13-300e-iva\/","title":{"rendered":"DACIA SPRING 100% EL\u00c9TRICO &#8211; apenas por 13.300\u20ac* + IVA"},"content":{"rendered":"<p><strong>Inclui Garantia Dacia ZEN** at\u00e9 7 anos<\/strong><br \/>\n\u00a0<\/p>\n<p>O citadino el\u00e9trico mais acess\u00edvel da Europa est\u00e1 ainda mais irresist\u00edvel!<br \/>\nO Dacia Spring 100% el\u00e9trico combina mobilidade sustent\u00e1vel, baixo custo de utiliza\u00e7\u00e3o e tecnologia pr\u00e1tica para o dia a dia. Dispon\u00edvel por apenas 13.300\u20ac* + IVA, pre\u00e7o chave na m\u00e3o.<br \/>\n\u00a0<br \/>\n<strong>3 BOAS RAZ\u00d5ES PARA ESCOLHER O DACIA SPRING:<\/strong><br \/>\n\u00a0<br \/>\n1. <strong>Espa\u00e7o e versatilidade surpreendentes.<\/strong> Com duas motoriza\u00e7\u00f5es el\u00e9tricas, <strong>4 lugares confort\u00e1veis<\/strong> e uma <strong>bagageira generosa de 308 L<\/strong>, o Spring adapta-se tanto \u00e0 vida urbana como a escapadinhas fora da cidade.<br \/>\n2. <strong>Carregamento f\u00e1cil e econ\u00f3mico.<\/strong> Pode carregar em casa ou em postos p\u00fablicos e, gra\u00e7as ao baixo consumo, garante <strong>custos de utiliza\u00e7\u00e3o muito reduzidos.<\/strong><br \/>\n3. <strong>Tecnologia que simplifica o dia a dia.<\/strong> No interior, o condutor desfruta de um <strong>sistema multim\u00e9dia de 10\u2033<\/strong> com conectividade sem fios e servi\u00e7os conectados, tornando cada viagem mais pr\u00e1tica e agrad\u00e1vel.<br \/>\n\u00a0<br \/>\nN\u00e3o perca esta oportunidade de conduzir um el\u00e9trico Dacia ao melhor pre\u00e7o e marque j\u00e1 o seu test drive, no ponto de venda Motorpor mais perto de si.<\/p>\n<p>\u00a0<br \/>\n<small>* PVP Campanha \u2013 Dacia Spring expression Electric 65cv (48kW) para Portugal, incluindo despesas. Campanha v\u00e1lida para novas encomendas e matr\u00edculas at\u00e9 31 de Mar\u00e7o 2026. Emiss\u00f5es de CO2 (g\/km): -. Consumo em ciclo combinado WLTP (Wh km): 133. Autonomia em ciclo combinado WLTP: 225Km. Limitado ao stock existente.<br \/>\n\u00a0<br \/>\n** Garantia Dacia ZEN: 1 ano de garantia para o seu Dacia por cada revis\u00e3o que fa\u00e7a na marca. Cobertura m\u00e1xima de 7 anos ou 150.000km (o que primeiro ocorrer). Exceto t\u00e1xis, TVDE, escolas de condu\u00e7\u00e3o, RAC e Entidades p\u00fablicas. Consulte a elegibilidade e condi\u00e7\u00f5es.<\/small><\/p>","protected":false},"excerpt":{"rendered":"<p>Inclui Garantia Dacia ZEN** at\u00e9 7 anos \u00a0 O citadino el\u00e9trico mais acess\u00edvel da Europa est\u00e1 ainda mais irresist\u00edvel! O Dacia Spring 100% el\u00e9trico combina mobilidade sustent\u00e1vel, baixo custo de utiliza\u00e7\u00e3o e tecnologia pr\u00e1tica para o dia a dia. Dispon\u00edvel por apenas 13.300\u20ac* + IVA, pre\u00e7o chave na m\u00e3o. \u00a0 3 BOAS RAZ\u00d5ES PARA ESCOLHER [&hellip;]<\/p>\n","protected":false},"author":85,"featured_media":138732,"comment_status":"closed","ping_status":"open","sticky":false,"template":"","format":"standard","meta":{"_acf_changed":false,"footnotes":""},"categories":[2496,2592,3088,2584],"tags":[],"class_list":["post-138733","post","type-post","status-publish","format-standard","has-post-thumbnail","hentry","category-dacia","category-noticias","category-noticias-dacia","category-novos"],"acf":[],"yoast_head":"<!-- This site is optimized with the Yoast SEO plugin v27.5 - https:\/\/yoast.com\/product\/yoast-seo-wordpress\/ -->\n<title>DACIA SPRING 100% EL\u00c9TRICO - apenas por 13.300\u20ac* + IVA - Motorpor<\/title>\n<meta name=\"robots\" content=\"index, follow, max-snippet:-1, max-image-preview:large, max-video-preview:-1\" \/>\n<link rel=\"canonical\" href=\"https:\/\/motorpor.pt\/en\/dacia-spring-100-eletrico-agora-por-apenas-13-300e-iva\/\" \/>\n<meta property=\"og:locale\" content=\"en_US\" \/>\n<meta property=\"og:type\" content=\"article\" \/>\n<meta property=\"og:title\" content=\"DACIA SPRING 100% EL\u00c9TRICO - apenas por 13.300\u20ac* + IVA - Motorpor\" \/>\n<meta property=\"og:description\" content=\"Inclui Garantia Dacia ZEN** at\u00e9 7 anos \u00a0 O citadino el\u00e9trico mais acess\u00edvel da Europa est\u00e1 ainda mais irresist\u00edvel! O Dacia Spring 100% el\u00e9trico combina mobilidade sustent\u00e1vel, baixo custo de utiliza\u00e7\u00e3o e tecnologia pr\u00e1tica para o dia a dia. Dispon\u00edvel por apenas 13.300\u20ac* + IVA, pre\u00e7o chave na m\u00e3o. \u00a0 3 BOAS RAZ\u00d5ES PARA ESCOLHER [&hellip;]\" \/>\n<meta property=\"og:url\" content=\"https:\/\/motorpor.pt\/en\/dacia-spring-100-eletrico-agora-por-apenas-13-300e-iva\/\" \/>\n<meta property=\"og:site_name\" content=\"Motorpor\" \/>\n<meta property=\"article:published_time\" content=\"2025-08-21T11:09:30+00:00\" \/>\n<meta property=\"article:modified_time\" content=\"2026-02-06T14:12:40+00:00\" \/>\n<meta property=\"og:image\" content=\"https:\/\/motorpor.pt\/wp-content\/uploads\/2025\/08\/R-DAM_1569071-1.jpg\" \/>\n\t<meta property=\"og:image:width\" content=\"2000\" \/>\n\t<meta property=\"og:image:height\" content=\"1125\" \/>\n\t<meta property=\"og:image:type\" content=\"image\/jpeg\" \/>\n<meta name=\"author\" content=\"mktmotorpor\" \/>\n<meta name=\"twitter:card\" content=\"summary_large_image\" \/>\n<meta name=\"twitter:label1\" content=\"Written by\" \/>\n\t<meta name=\"twitter:data1\" content=\"mktmotorpor\" \/>\n\t<meta name=\"twitter:label2\" content=\"Est. reading time\" \/>\n\t<meta name=\"twitter:data2\" content=\"1 minute\" \/>\n<script type=\"application\/ld+json\" class=\"yoast-schema-graph\">{\"@context\":\"https:\\\/\\\/schema.org\",\"@graph\":[{\"@type\":\"Article\",\"@id\":\"https:\\\/\\\/motorpor.pt\\\/dacia-spring-100-eletrico-agora-por-apenas-13-300e-iva\\\/#article\",\"isPartOf\":{\"@id\":\"https:\\\/\\\/motorpor.pt\\\/dacia-spring-100-eletrico-agora-por-apenas-13-300e-iva\\\/\"},\"author\":{\"name\":\"mktmotorpor\",\"@id\":\"https:\\\/\\\/motorpor.pt\\\/#\\\/schema\\\/person\\\/b4bf07144e88efed7388a5af30522db7\"},\"headline\":\"DACIA SPRING 100% EL\u00c9TRICO &#8211; apenas por 13.300\u20ac* + IVA\",\"datePublished\":\"2025-08-21T11:09:30+00:00\",\"dateModified\":\"2026-02-06T14:12:40+00:00\",\"mainEntityOfPage\":{\"@id\":\"https:\\\/\\\/motorpor.pt\\\/dacia-spring-100-eletrico-agora-por-apenas-13-300e-iva\\\/\"},\"wordCount\":294,\"publisher\":{\"@id\":\"https:\\\/\\\/motorpor.pt\\\/#organization\"},\"image\":{\"@id\":\"https:\\\/\\\/motorpor.pt\\\/dacia-spring-100-eletrico-agora-por-apenas-13-300e-iva\\\/#primaryimage\"},\"thumbnailUrl\":\"https:\\\/\\\/motorpor.pt\\\/wp-content\\\/uploads\\\/2025\\\/08\\\/R-DAM_1569071-1.jpg\",\"articleSection\":[\"Dacia\",\"Not\u00edcias\",\"Not\u00edcias Dacia\",\"Novos\"],\"inLanguage\":\"en-US\"},{\"@type\":\"WebPage\",\"@id\":\"https:\\\/\\\/motorpor.pt\\\/dacia-spring-100-eletrico-agora-por-apenas-13-300e-iva\\\/\",\"url\":\"https:\\\/\\\/motorpor.pt\\\/dacia-spring-100-eletrico-agora-por-apenas-13-300e-iva\\\/\",\"name\":\"DACIA SPRING 100% EL\u00c9TRICO - apenas por 13.300\u20ac* + IVA - Motorpor\",\"isPartOf\":{\"@id\":\"https:\\\/\\\/motorpor.pt\\\/#website\"},\"primaryImageOfPage\":{\"@id\":\"https:\\\/\\\/motorpor.pt\\\/dacia-spring-100-eletrico-agora-por-apenas-13-300e-iva\\\/#primaryimage\"},\"image\":{\"@id\":\"https:\\\/\\\/motorpor.pt\\\/dacia-spring-100-eletrico-agora-por-apenas-13-300e-iva\\\/#primaryimage\"},\"thumbnailUrl\":\"https:\\\/\\\/motorpor.pt\\\/wp-content\\\/uploads\\\/2025\\\/08\\\/R-DAM_1569071-1.jpg\",\"datePublished\":\"2025-08-21T11:09:30+00:00\",\"dateModified\":\"2026-02-06T14:12:40+00:00\",\"breadcrumb\":{\"@id\":\"https:\\\/\\\/motorpor.pt\\\/dacia-spring-100-eletrico-agora-por-apenas-13-300e-iva\\\/#breadcrumb\"},\"inLanguage\":\"en-US\",\"potentialAction\":[{\"@type\":\"ReadAction\",\"target\":[\"https:\\\/\\\/motorpor.pt\\\/dacia-spring-100-eletrico-agora-por-apenas-13-300e-iva\\\/\"]}]},{\"@type\":\"ImageObject\",\"inLanguage\":\"en-US\",\"@id\":\"https:\\\/\\\/motorpor.pt\\\/dacia-spring-100-eletrico-agora-por-apenas-13-300e-iva\\\/#primaryimage\",\"url\":\"https:\\\/\\\/motorpor.pt\\\/wp-content\\\/uploads\\\/2025\\\/08\\\/R-DAM_1569071-1.jpg\",\"contentUrl\":\"https:\\\/\\\/motorpor.pt\\\/wp-content\\\/uploads\\\/2025\\\/08\\\/R-DAM_1569071-1.jpg\",\"width\":2000,\"height\":1125},{\"@type\":\"BreadcrumbList\",\"@id\":\"https:\\\/\\\/motorpor.pt\\\/dacia-spring-100-eletrico-agora-por-apenas-13-300e-iva\\\/#breadcrumb\",\"itemListElement\":[{\"@type\":\"ListItem\",\"position\":1,\"name\":\"In\u00edcio\",\"item\":\"https:\\\/\\\/motorpor.pt\\\/\"},{\"@type\":\"ListItem\",\"position\":2,\"name\":\"DACIA SPRING 100% EL\u00c9TRICO &#8211; apenas por 13.300\u20ac* + IVA\"}]},{\"@type\":\"WebSite\",\"@id\":\"https:\\\/\\\/motorpor.pt\\\/#website\",\"url\":\"https:\\\/\\\/motorpor.pt\\\/\",\"name\":\"Motorpor\",\"description\":\"Comercio de Autom\u00f3veis Multimarcas\",\"publisher\":{\"@id\":\"https:\\\/\\\/motorpor.pt\\\/#organization\"},\"potentialAction\":[{\"@type\":\"SearchAction\",\"target\":{\"@type\":\"EntryPoint\",\"urlTemplate\":\"https:\\\/\\\/motorpor.pt\\\/?s={search_term_string}\"},\"query-input\":{\"@type\":\"PropertyValueSpecification\",\"valueRequired\":true,\"valueName\":\"search_term_string\"}}],\"inLanguage\":\"en-US\"},{\"@type\":\"Organization\",\"@id\":\"https:\\\/\\\/motorpor.pt\\\/#organization\",\"name\":\"Motorpor\",\"alternateName\":\"Motorpor\",\"url\":\"https:\\\/\\\/motorpor.pt\\\/\",\"logo\":{\"@type\":\"ImageObject\",\"inLanguage\":\"en-US\",\"@id\":\"https:\\\/\\\/motorpor.pt\\\/#\\\/schema\\\/logo\\\/image\\\/\",\"url\":\"https:\\\/\\\/motorpor.pt\\\/wp-content\\\/uploads\\\/2024\\\/07\\\/Logo-Motorpor-Preto.svg\",\"contentUrl\":\"https:\\\/\\\/motorpor.pt\\\/wp-content\\\/uploads\\\/2024\\\/07\\\/Logo-Motorpor-Preto.svg\",\"width\":493,\"height\":93,\"caption\":\"Motorpor\"},\"image\":{\"@id\":\"https:\\\/\\\/motorpor.pt\\\/#\\\/schema\\\/logo\\\/image\\\/\"},\"sameAs\":[\"https:\\\/\\\/www.linkedin.com\\\/company\\\/grupo-motorpor\"]},{\"@type\":\"Person\",\"@id\":\"https:\\\/\\\/motorpor.pt\\\/#\\\/schema\\\/person\\\/b4bf07144e88efed7388a5af30522db7\",\"name\":\"mktmotorpor\",\"image\":{\"@type\":\"ImageObject\",\"inLanguage\":\"en-US\",\"@id\":\"https:\\\/\\\/secure.gravatar.com\\\/avatar\\\/8418b61b3175dbba0a8744cf0ee6bb5c7a9f6c67f1dbc4f41a62d7b9738259a2?s=96&d=mm&r=g\",\"url\":\"https:\\\/\\\/secure.gravatar.com\\\/avatar\\\/8418b61b3175dbba0a8744cf0ee6bb5c7a9f6c67f1dbc4f41a62d7b9738259a2?s=96&d=mm&r=g\",\"contentUrl\":\"https:\\\/\\\/secure.gravatar.com\\\/avatar\\\/8418b61b3175dbba0a8744cf0ee6bb5c7a9f6c67f1dbc4f41a62d7b9738259a2?s=96&d=mm&r=g\",\"caption\":\"mktmotorpor\"},\"url\":\"https:\\\/\\\/motorpor.pt\\\/en\\\/user\\\/mktmotorpor\\\/\"}]}<\/script>\n<!-- \/ Yoast SEO plugin. -->","yoast_head_json":{"title":"DACIA SPRING 100% EL\u00c9TRICO - apenas por 13.300\u20ac* + IVA - Motorpor","robots":{"index":"index","follow":"follow","max-snippet":"max-snippet:-1","max-image-preview":"max-image-preview:large","max-video-preview":"max-video-preview:-1"},"canonical":"https:\/\/motorpor.pt\/en\/dacia-spring-100-eletrico-agora-por-apenas-13-300e-iva\/","og_locale":"en_US","og_type":"article","og_title":"DACIA SPRING 100% EL\u00c9TRICO - apenas por 13.300\u20ac* + IVA - Motorpor","og_description":"Inclui Garantia Dacia ZEN** at\u00e9 7 anos \u00a0 O citadino el\u00e9trico mais acess\u00edvel da Europa est\u00e1 ainda mais irresist\u00edvel! O Dacia Spring 100% el\u00e9trico combina mobilidade sustent\u00e1vel, baixo custo de utiliza\u00e7\u00e3o e tecnologia pr\u00e1tica para o dia a dia. Dispon\u00edvel por apenas 13.300\u20ac* + IVA, pre\u00e7o chave na m\u00e3o. \u00a0 3 BOAS RAZ\u00d5ES PARA ESCOLHER [&hellip;]","og_url":"https:\/\/motorpor.pt\/en\/dacia-spring-100-eletrico-agora-por-apenas-13-300e-iva\/","og_site_name":"Motorpor","article_published_time":"2025-08-21T11:09:30+00:00","article_modified_time":"2026-02-06T14:12:40+00:00","og_image":[{"width":2000,"height":1125,"url":"https:\/\/motorpor.pt\/wp-content\/uploads\/2025\/08\/R-DAM_1569071-1.jpg","type":"image\/jpeg"}],"author":"mktmotorpor","twitter_card":"summary_large_image","twitter_misc":{"Written by":"mktmotorpor","Est. reading time":"1 minute"},"schema":{"@context":"https:\/\/schema.org","@graph":[{"@type":"Article","@id":"https:\/\/motorpor.pt\/dacia-spring-100-eletrico-agora-por-apenas-13-300e-iva\/#article","isPartOf":{"@id":"https:\/\/motorpor.pt\/dacia-spring-100-eletrico-agora-por-apenas-13-300e-iva\/"},"author":{"name":"mktmotorpor","@id":"https:\/\/motorpor.pt\/#\/schema\/person\/b4bf07144e88efed7388a5af30522db7"},"headline":"DACIA SPRING 100% EL\u00c9TRICO &#8211; apenas por 13.300\u20ac* + IVA","datePublished":"2025-08-21T11:09:30+00:00","dateModified":"2026-02-06T14:12:40+00:00","mainEntityOfPage":{"@id":"https:\/\/motorpor.pt\/dacia-spring-100-eletrico-agora-por-apenas-13-300e-iva\/"},"wordCount":294,"publisher":{"@id":"https:\/\/motorpor.pt\/#organization"},"image":{"@id":"https:\/\/motorpor.pt\/dacia-spring-100-eletrico-agora-por-apenas-13-300e-iva\/#primaryimage"},"thumbnailUrl":"https:\/\/motorpor.pt\/wp-content\/uploads\/2025\/08\/R-DAM_1569071-1.jpg","articleSection":["Dacia","Not\u00edcias","Not\u00edcias Dacia","Novos"],"inLanguage":"en-US"},{"@type":"WebPage","@id":"https:\/\/motorpor.pt\/dacia-spring-100-eletrico-agora-por-apenas-13-300e-iva\/","url":"https:\/\/motorpor.pt\/dacia-spring-100-eletrico-agora-por-apenas-13-300e-iva\/","name":"DACIA SPRING 100% EL\u00c9TRICO - apenas por 13.300\u20ac* + IVA - Motorpor","isPartOf":{"@id":"https:\/\/motorpor.pt\/#website"},"primaryImageOfPage":{"@id":"https:\/\/motorpor.pt\/dacia-spring-100-eletrico-agora-por-apenas-13-300e-iva\/#primaryimage"},"image":{"@id":"https:\/\/motorpor.pt\/dacia-spring-100-eletrico-agora-por-apenas-13-300e-iva\/#primaryimage"},"thumbnailUrl":"https:\/\/motorpor.pt\/wp-content\/uploads\/2025\/08\/R-DAM_1569071-1.jpg","datePublished":"2025-08-21T11:09:30+00:00","dateModified":"2026-02-06T14:12:40+00:00","breadcrumb":{"@id":"https:\/\/motorpor.pt\/dacia-spring-100-eletrico-agora-por-apenas-13-300e-iva\/#breadcrumb"},"inLanguage":"en-US","potentialAction":[{"@type":"ReadAction","target":["https:\/\/motorpor.pt\/dacia-spring-100-eletrico-agora-por-apenas-13-300e-iva\/"]}]},{"@type":"ImageObject","inLanguage":"en-US","@id":"https:\/\/motorpor.pt\/dacia-spring-100-eletrico-agora-por-apenas-13-300e-iva\/#primaryimage","url":"https:\/\/motorpor.pt\/wp-content\/uploads\/2025\/08\/R-DAM_1569071-1.jpg","contentUrl":"https:\/\/motorpor.pt\/wp-content\/uploads\/2025\/08\/R-DAM_1569071-1.jpg","width":2000,"height":1125},{"@type":"BreadcrumbList","@id":"https:\/\/motorpor.pt\/dacia-spring-100-eletrico-agora-por-apenas-13-300e-iva\/#breadcrumb","itemListElement":[{"@type":"ListItem","position":1,"name":"In\u00edcio","item":"https:\/\/motorpor.pt\/"},{"@type":"ListItem","position":2,"name":"DACIA SPRING 100% EL\u00c9TRICO &#8211; apenas por 13.300\u20ac* + IVA"}]},{"@type":"WebSite","@id":"https:\/\/motorpor.pt\/#website","url":"https:\/\/motorpor.pt\/","name":"motorpor","description":"Comercio de Autom\u00f3veis Multimarcas","publisher":{"@id":"https:\/\/motorpor.pt\/#organization"},"potentialAction":[{"@type":"SearchAction","target":{"@type":"EntryPoint","urlTemplate":"https:\/\/motorpor.pt\/?s={search_term_string}"},"query-input":{"@type":"PropertyValueSpecification","valueRequired":true,"valueName":"search_term_string"}}],"inLanguage":"en-US"},{"@type":"Organization","@id":"https:\/\/motorpor.pt\/#organization","name":"motorpor","alternateName":"Motorpor","url":"https:\/\/motorpor.pt\/","logo":{"@type":"ImageObject","inLanguage":"en-US","@id":"https:\/\/motorpor.pt\/#\/schema\/logo\/image\/","url":"https:\/\/motorpor.pt\/wp-content\/uploads\/2024\/07\/Logo-Motorpor-Preto.svg","contentUrl":"https:\/\/motorpor.pt\/wp-content\/uploads\/2024\/07\/Logo-Motorpor-Preto.svg","width":493,"height":93,"caption":"Motorpor"},"image":{"@id":"https:\/\/motorpor.pt\/#\/schema\/logo\/image\/"},"sameAs":["https:\/\/www.linkedin.com\/company\/grupo-motorpor"]},{"@type":"Person","@id":"https:\/\/motorpor.pt\/#\/schema\/person\/b4bf07144e88efed7388a5af30522db7","name":"mktmotorpor","image":{"@type":"ImageObject","inLanguage":"en-US","@id":"https:\/\/secure.gravatar.com\/avatar\/8418b61b3175dbba0a8744cf0ee6bb5c7a9f6c67f1dbc4f41a62d7b9738259a2?s=96&d=mm&r=g","url":"https:\/\/secure.gravatar.com\/avatar\/8418b61b3175dbba0a8744cf0ee6bb5c7a9f6c67f1dbc4f41a62d7b9738259a2?s=96&d=mm&r=g","contentUrl":"https:\/\/secure.gravatar.com\/avatar\/8418b61b3175dbba0a8744cf0ee6bb5c7a9f6c67f1dbc4f41a62d7b9738259a2?s=96&d=mm&r=g","caption":"mktmotorpor"},"url":"https:\/\/motorpor.pt\/en\/user\/mktmotorpor\/"}]}},"_links":{"self":[{"href":"https:\/\/motorpor.pt\/en\/wp-json\/wp\/v2\/posts\/138733","targetHints":{"allow":["GET"]}}],"collection":[{"href":"https:\/\/motorpor.pt\/en\/wp-json\/wp\/v2\/posts"}],"about":[{"href":"https:\/\/motorpor.pt\/en\/wp-json\/wp\/v2\/types\/post"}],"author":[{"embeddable":true,"href":"https:\/\/motorpor.pt\/en\/wp-json\/wp\/v2\/users\/85"}],"replies":[{"embeddable":true,"href":"https:\/\/motorpor.pt\/en\/wp-json\/wp\/v2\/comments?post=138733"}],"version-history":[{"count":11,"href":"https:\/\/motorpor.pt\/en\/wp-json\/wp\/v2\/posts\/138733\/revisions"}],"predecessor-version":[{"id":435821,"href":"https:\/\/motorpor.pt\/en\/wp-json\/wp\/v2\/posts\/138733\/revisions\/435821"}],"wp:featuredmedia":[{"embeddable":true,"href":"https:\/\/motorpor.pt\/en\/wp-json\/wp\/v2\/media\/138732"}],"wp:attachment":[{"href":"https:\/\/motorpor.pt\/en\/wp-json\/wp\/v2\/media?parent=138733"}],"wp:term":[{"taxonomy":"category","embeddable":true,"href":"https:\/\/motorpor.pt\/en\/wp-json\/wp\/v2\/categories?post=138733"},{"taxonomy":"post_tag","embeddable":true,"href":"https:\/\/motorpor.pt\/en\/wp-json\/wp\/v2\/tags?post=138733"}],"curies":[{"name":"wp","href":"https:\/\/api.w.org\/{rel}","templated":true}]}}