{"id":144373,"date":"2025-09-29T14:59:43","date_gmt":"2025-09-29T13:59:43","guid":{"rendered":"https:\/\/motorpor.pt\/motorpor-car-days-regressa-para-a-6-a-edicao-com-descontos-ate-7-500e\/"},"modified":"2025-10-12T22:42:01","modified_gmt":"2025-10-12T21:42:01","slug":"motorpor-car-days-regressa-para-a-6-a-edicao-com-descontos-ate-7-500e","status":"publish","type":"post","link":"https:\/\/motorpor.pt\/en\/motorpor-car-days-regressa-para-a-6-a-edicao-com-descontos-ate-7-500e\/","title":{"rendered":"MOTORPOR Car Days regressa com descontos at\u00e9 7.500\u20ac e oferta de iPhone 17"},"content":{"rendered":"<p><b><span style=\"font-size: 11.0pt;color: black\">Motorpor Car Days \u2013 6.\u00aa Edi\u00e7\u00e3o<\/span><\/b><\/p>\n<p><b><span style=\"font-size: 11.0pt;color: black\">16 a 26 de outubro<\/span><\/b><br \/>\n\u00a0<br \/>\n<span style=\"font-size: 11.0pt;color: black\">A Motorpor ir\u00e1 organizar a <b>6.\u00aa edi\u00e7\u00e3o do Motorpor Car Days<\/b>, entre os dias 16 e 26 de outubro.<\/span><\/p>\n<p><span style=\"font-size: 11.0pt;color: black\">O evento ir\u00e1 decorrer em <b>todos os mais de 50 pontos de venda do Grupo Motorpor<\/b>, bem como no <b>Parque Lazer das Figuras (junto ao F\u00f3rum Algarve) em Faro<\/b>.<\/span><br \/>\n\u00a0<br \/>\n<span style=\"font-size: 11.0pt;color: black\">Um evento a n\u00e3o perder, para quem procura adquirir viaturas novas, seminovas ou usadas certificadas, com <b>descontos at\u00e9 7.500\u20ac s\/PVP<\/b>.<\/span><\/p>\n<p><span style=\"font-size: 11.0pt;color: black\">Os clientes que comprarem uma viatura poder\u00e3o ainda levar para casa um <b>iPhone 17 256Gb<\/b>. Esta oferta \u00e9 v\u00e1lida para viaturas adquiridas com recurso a financiamento no <b>Montepio Cr\u00e9dito<\/b>*, com montante financiado m\u00ednimo de 1<\/span><span style=\"font-size: 11.0pt\">0<span style=\"color: black\">.000\u20ac, prazo superior a 60 meses e seguro prote\u00e7\u00e3o vida.<\/span><\/span><\/p>\n<p><span style=\"font-size: 11.0pt;color: black\">*Oferta sujeita \u00e0s condi\u00e7\u00f5es indicadas.<\/span><br \/>\n\u00a0<\/p>\n<h3><\/h3>\n<p><strong>Exemplo:<\/strong><\/p>\n<p><img fetchpriority=\"high\" decoding=\"async\" class=\"alignnone size-medium wp-image-128075\" src=\"https:\/\/motorpor.pt\/wp-content\/uploads\/2025\/04\/208_ACTIVE-300x169.avif\" alt=\"\" width=\"300\" height=\"169\" srcset=\"https:\/\/motorpor.pt\/wp-content\/uploads\/2025\/04\/208_ACTIVE-300x169.avif 300w, https:\/\/motorpor.pt\/wp-content\/uploads\/2025\/04\/208_ACTIVE-18x10.avif 18w, https:\/\/motorpor.pt\/wp-content\/uploads\/2025\/04\/208_ACTIVE-200x113.avif 200w, https:\/\/motorpor.pt\/wp-content\/uploads\/2025\/04\/208_ACTIVE-167x93.avif 167w, https:\/\/motorpor.pt\/wp-content\/uploads\/2025\/04\/208_ACTIVE-165x93.avif 165w, https:\/\/motorpor.pt\/wp-content\/uploads\/2025\/04\/208_ACTIVE.avif 768w\" sizes=\"(max-width: 300px) 100vw, 300px\" \/><\/p>\n<p>Peugeot 208 Active | 75cv | Ano 2024<b><br \/>\n<\/b><span style=\"font-weight: 400\"> Imagem meramente ilustrativa<\/span><\/p>\n<p><span style=\"font-weight: 400\"><strong> TAEG:<\/strong> 10.1%<\/span><span style=\"font-weight: 400\"><br \/>\n<\/span><span style=\"font-weight: 400\"><strong> PVP<\/strong>: 18 000\u20ac<\/span><span style=\"font-weight: 400\"><br \/>\n<\/span><span style=\"font-weight: 400\"><strong> Entrada inicial<\/strong>: 0\u20ac<\/span><span style=\"font-weight: 400\"><br \/>\n<\/span><span style=\"font-weight: 400\"><strong> Montante financiado<\/strong>: 18 000 \u20ac<\/span><span style=\"font-weight: 400\"><br \/>\n<\/span><span style=\"font-weight: 400\"><strong> TAN<\/strong>: 8.054%<\/span><span style=\"font-weight: 400\"><br \/>\n<\/span><span style=\"font-weight: 400\"><strong> Presta\u00e7\u00e3o\/Prazo<\/strong>: 221,99\u20ac x 120 meses<\/span><br \/>\n\u00a0<br \/>\n<i><span style=\"font-weight: 400\">*Exemplo para um financiamento Cr\u00e9dito Autom\u00f3vel Usado. Taxa Fixa. PVP: 18.000,00\u20ac. Entrada Inicial 0,00\u20ac. Montante Financiado: 18 000\u20ac. Prazo: 120 meses. TAN:8.054%. TAEG: 10.1%. Presta\u00e7\u00e3o: 221.99\u20ac. N\u00e3o Inclui comiss\u00e3o de abertura de contrato de 676,00\u20ac, Despesas de Legaliza\u00e7\u00e3o da Viatura de 138,20\u20ac e Imposto de Selo de Utiliza\u00e7\u00e3o de Cr\u00e9dito de 316,80\u20ac. Montante Total Imputado ao Consumidor (MTIC) 27 769.80\u20ac. Contrata\u00e7\u00e3o dos seguros vida e prote\u00e7\u00e3o ao cr\u00e9dito, ambos facultativos. Cr\u00e9dito sujeito a aprova\u00e7\u00e3o. A Motorpor \u2013 Com\u00e9rcio de Autom\u00f3veis, S.A. atua como intermedi\u00e1rio de cr\u00e9dito, registado no Banco de Portugal com o n\u00ba 0000438 a t\u00edtulo acess\u00f3rio, em regime de n\u00e3o exclusividade, estando autorizado a apresentar ou propor contratos de cr\u00e9dito a consumidores. <strong>Informe-se no Montepio Cr\u00e9dito<\/strong>.<\/span><\/i><\/p>\n<div id=\"gtx-trans\" style=\"position: absolute;left: -44px;top: 935.516px\">\n<div class=\"gtx-trans-icon\"><\/div>\n<\/div>","protected":false},"excerpt":{"rendered":"<p>Motorpor Car Days \u2013 6.\u00aa Edi\u00e7\u00e3o 16 a 26 de outubro \u00a0 A Motorpor ir\u00e1 organizar a 6.\u00aa edi\u00e7\u00e3o do Motorpor Car Days, entre os dias 16 e 26 de outubro. O evento ir\u00e1 decorrer em todos os mais de 50 pontos de venda do Grupo Motorpor, bem como no Parque Lazer das Figuras (junto [&hellip;]<\/p>\n","protected":false},"author":85,"featured_media":144414,"comment_status":"closed","ping_status":"open","sticky":false,"template":"","format":"standard","meta":{"_acf_changed":false,"footnotes":""},"categories":[2595,2495,2594,2585],"tags":[],"class_list":["post-144373","post","type-post","status-publish","format-standard","has-post-thumbnail","hentry","category-atualidade","category-campanhas","category-destaques","category-usados"],"acf":[],"yoast_head":"<!-- This site is optimized with the Yoast SEO plugin v27.5 - https:\/\/yoast.com\/product\/yoast-seo-wordpress\/ -->\n<title>MOTORPOR Car Days regressa com descontos at\u00e9 7.500\u20ac e oferta de iPhone 17 - Motorpor<\/title>\n<meta name=\"robots\" content=\"index, follow, max-snippet:-1, max-image-preview:large, max-video-preview:-1\" \/>\n<link rel=\"canonical\" href=\"https:\/\/motorpor.pt\/en\/motorpor-car-days-regressa-para-a-6-a-edicao-com-descontos-ate-7-500e\/\" \/>\n<meta property=\"og:locale\" content=\"en_US\" \/>\n<meta property=\"og:type\" content=\"article\" \/>\n<meta property=\"og:title\" content=\"MOTORPOR Car Days regressa com descontos at\u00e9 7.500\u20ac e oferta de iPhone 17 - Motorpor\" \/>\n<meta property=\"og:description\" content=\"Motorpor Car Days \u2013 6.\u00aa Edi\u00e7\u00e3o 16 a 26 de outubro \u00a0 A Motorpor ir\u00e1 organizar a 6.\u00aa edi\u00e7\u00e3o do Motorpor Car Days, entre os dias 16 e 26 de outubro. O evento ir\u00e1 decorrer em todos os mais de 50 pontos de venda do Grupo Motorpor, bem como no Parque Lazer das Figuras (junto [&hellip;]\" \/>\n<meta property=\"og:url\" content=\"https:\/\/motorpor.pt\/en\/motorpor-car-days-regressa-para-a-6-a-edicao-com-descontos-ate-7-500e\/\" \/>\n<meta property=\"og:site_name\" content=\"Motorpor\" \/>\n<meta property=\"article:published_time\" content=\"2025-09-29T13:59:43+00:00\" \/>\n<meta property=\"article:modified_time\" content=\"2025-10-12T21:42:01+00:00\" \/>\n<meta property=\"og:image\" content=\"https:\/\/motorpor.pt\/wp-content\/uploads\/2025\/09\/Campanha-Motorpor-CarDays-banner-1950x1050-2-1.png\" \/>\n\t<meta property=\"og:image:width\" content=\"1950\" \/>\n\t<meta property=\"og:image:height\" content=\"1050\" \/>\n\t<meta property=\"og:image:type\" content=\"image\/png\" \/>\n<meta name=\"author\" content=\"mktmotorpor\" \/>\n<meta name=\"twitter:card\" content=\"summary_large_image\" \/>\n<meta name=\"twitter:label1\" content=\"Written by\" \/>\n\t<meta name=\"twitter:data1\" content=\"mktmotorpor\" \/>\n\t<meta name=\"twitter:label2\" content=\"Est. reading time\" \/>\n\t<meta name=\"twitter:data2\" content=\"1 minute\" \/>\n<script type=\"application\/ld+json\" class=\"yoast-schema-graph\">{\"@context\":\"https:\\\/\\\/schema.org\",\"@graph\":[{\"@type\":\"Article\",\"@id\":\"https:\\\/\\\/motorpor.pt\\\/motorpor-car-days-regressa-para-a-6-a-edicao-com-descontos-ate-7-500e\\\/#article\",\"isPartOf\":{\"@id\":\"https:\\\/\\\/motorpor.pt\\\/motorpor-car-days-regressa-para-a-6-a-edicao-com-descontos-ate-7-500e\\\/\"},\"author\":{\"name\":\"mktmotorpor\",\"@id\":\"https:\\\/\\\/motorpor.pt\\\/#\\\/schema\\\/person\\\/b4bf07144e88efed7388a5af30522db7\"},\"headline\":\"MOTORPOR Car Days regressa com descontos at\u00e9 7.500\u20ac e oferta de iPhone 17\",\"datePublished\":\"2025-09-29T13:59:43+00:00\",\"dateModified\":\"2025-10-12T21:42:01+00:00\",\"mainEntityOfPage\":{\"@id\":\"https:\\\/\\\/motorpor.pt\\\/motorpor-car-days-regressa-para-a-6-a-edicao-com-descontos-ate-7-500e\\\/\"},\"wordCount\":284,\"publisher\":{\"@id\":\"https:\\\/\\\/motorpor.pt\\\/#organization\"},\"image\":{\"@id\":\"https:\\\/\\\/motorpor.pt\\\/motorpor-car-days-regressa-para-a-6-a-edicao-com-descontos-ate-7-500e\\\/#primaryimage\"},\"thumbnailUrl\":\"https:\\\/\\\/motorpor.pt\\\/wp-content\\\/uploads\\\/2025\\\/09\\\/Campanha-Motorpor-CarDays-banner-1950x1050-2-1.png\",\"articleSection\":[\"Atualidade\",\"Campanhas\",\"Destaques\",\"Usados\"],\"inLanguage\":\"en-US\"},{\"@type\":\"WebPage\",\"@id\":\"https:\\\/\\\/motorpor.pt\\\/motorpor-car-days-regressa-para-a-6-a-edicao-com-descontos-ate-7-500e\\\/\",\"url\":\"https:\\\/\\\/motorpor.pt\\\/motorpor-car-days-regressa-para-a-6-a-edicao-com-descontos-ate-7-500e\\\/\",\"name\":\"MOTORPOR Car Days regressa com descontos at\u00e9 7.500\u20ac e oferta de iPhone 17 - Motorpor\",\"isPartOf\":{\"@id\":\"https:\\\/\\\/motorpor.pt\\\/#website\"},\"primaryImageOfPage\":{\"@id\":\"https:\\\/\\\/motorpor.pt\\\/motorpor-car-days-regressa-para-a-6-a-edicao-com-descontos-ate-7-500e\\\/#primaryimage\"},\"image\":{\"@id\":\"https:\\\/\\\/motorpor.pt\\\/motorpor-car-days-regressa-para-a-6-a-edicao-com-descontos-ate-7-500e\\\/#primaryimage\"},\"thumbnailUrl\":\"https:\\\/\\\/motorpor.pt\\\/wp-content\\\/uploads\\\/2025\\\/09\\\/Campanha-Motorpor-CarDays-banner-1950x1050-2-1.png\",\"datePublished\":\"2025-09-29T13:59:43+00:00\",\"dateModified\":\"2025-10-12T21:42:01+00:00\",\"breadcrumb\":{\"@id\":\"https:\\\/\\\/motorpor.pt\\\/motorpor-car-days-regressa-para-a-6-a-edicao-com-descontos-ate-7-500e\\\/#breadcrumb\"},\"inLanguage\":\"en-US\",\"potentialAction\":[{\"@type\":\"ReadAction\",\"target\":[\"https:\\\/\\\/motorpor.pt\\\/motorpor-car-days-regressa-para-a-6-a-edicao-com-descontos-ate-7-500e\\\/\"]}]},{\"@type\":\"ImageObject\",\"inLanguage\":\"en-US\",\"@id\":\"https:\\\/\\\/motorpor.pt\\\/motorpor-car-days-regressa-para-a-6-a-edicao-com-descontos-ate-7-500e\\\/#primaryimage\",\"url\":\"https:\\\/\\\/motorpor.pt\\\/wp-content\\\/uploads\\\/2025\\\/09\\\/Campanha-Motorpor-CarDays-banner-1950x1050-2-1.png\",\"contentUrl\":\"https:\\\/\\\/motorpor.pt\\\/wp-content\\\/uploads\\\/2025\\\/09\\\/Campanha-Motorpor-CarDays-banner-1950x1050-2-1.png\",\"width\":1950,\"height\":1050},{\"@type\":\"BreadcrumbList\",\"@id\":\"https:\\\/\\\/motorpor.pt\\\/motorpor-car-days-regressa-para-a-6-a-edicao-com-descontos-ate-7-500e\\\/#breadcrumb\",\"itemListElement\":[{\"@type\":\"ListItem\",\"position\":1,\"name\":\"In\u00edcio\",\"item\":\"https:\\\/\\\/motorpor.pt\\\/\"},{\"@type\":\"ListItem\",\"position\":2,\"name\":\"MOTORPOR Car Days regressa com descontos at\u00e9 7.500\u20ac e oferta de iPhone 17\"}]},{\"@type\":\"WebSite\",\"@id\":\"https:\\\/\\\/motorpor.pt\\\/#website\",\"url\":\"https:\\\/\\\/motorpor.pt\\\/\",\"name\":\"Motorpor\",\"description\":\"Comercio de Autom\u00f3veis Multimarcas\",\"publisher\":{\"@id\":\"https:\\\/\\\/motorpor.pt\\\/#organization\"},\"potentialAction\":[{\"@type\":\"SearchAction\",\"target\":{\"@type\":\"EntryPoint\",\"urlTemplate\":\"https:\\\/\\\/motorpor.pt\\\/?s={search_term_string}\"},\"query-input\":{\"@type\":\"PropertyValueSpecification\",\"valueRequired\":true,\"valueName\":\"search_term_string\"}}],\"inLanguage\":\"en-US\"},{\"@type\":\"Organization\",\"@id\":\"https:\\\/\\\/motorpor.pt\\\/#organization\",\"name\":\"Motorpor\",\"alternateName\":\"Motorpor\",\"url\":\"https:\\\/\\\/motorpor.pt\\\/\",\"logo\":{\"@type\":\"ImageObject\",\"inLanguage\":\"en-US\",\"@id\":\"https:\\\/\\\/motorpor.pt\\\/#\\\/schema\\\/logo\\\/image\\\/\",\"url\":\"https:\\\/\\\/motorpor.pt\\\/wp-content\\\/uploads\\\/2024\\\/07\\\/Logo-Motorpor-Preto.svg\",\"contentUrl\":\"https:\\\/\\\/motorpor.pt\\\/wp-content\\\/uploads\\\/2024\\\/07\\\/Logo-Motorpor-Preto.svg\",\"width\":493,\"height\":93,\"caption\":\"Motorpor\"},\"image\":{\"@id\":\"https:\\\/\\\/motorpor.pt\\\/#\\\/schema\\\/logo\\\/image\\\/\"},\"sameAs\":[\"https:\\\/\\\/www.linkedin.com\\\/company\\\/grupo-motorpor\"]},{\"@type\":\"Person\",\"@id\":\"https:\\\/\\\/motorpor.pt\\\/#\\\/schema\\\/person\\\/b4bf07144e88efed7388a5af30522db7\",\"name\":\"mktmotorpor\",\"image\":{\"@type\":\"ImageObject\",\"inLanguage\":\"en-US\",\"@id\":\"https:\\\/\\\/secure.gravatar.com\\\/avatar\\\/8418b61b3175dbba0a8744cf0ee6bb5c7a9f6c67f1dbc4f41a62d7b9738259a2?s=96&d=mm&r=g\",\"url\":\"https:\\\/\\\/secure.gravatar.com\\\/avatar\\\/8418b61b3175dbba0a8744cf0ee6bb5c7a9f6c67f1dbc4f41a62d7b9738259a2?s=96&d=mm&r=g\",\"contentUrl\":\"https:\\\/\\\/secure.gravatar.com\\\/avatar\\\/8418b61b3175dbba0a8744cf0ee6bb5c7a9f6c67f1dbc4f41a62d7b9738259a2?s=96&d=mm&r=g\",\"caption\":\"mktmotorpor\"},\"url\":\"https:\\\/\\\/motorpor.pt\\\/en\\\/user\\\/mktmotorpor\\\/\"}]}<\/script>\n<!-- \/ Yoast SEO plugin. -->","yoast_head_json":{"title":"MOTORPOR Car Days regressa com descontos at\u00e9 7.500\u20ac e oferta de iPhone 17 - Motorpor","robots":{"index":"index","follow":"follow","max-snippet":"max-snippet:-1","max-image-preview":"max-image-preview:large","max-video-preview":"max-video-preview:-1"},"canonical":"https:\/\/motorpor.pt\/en\/motorpor-car-days-regressa-para-a-6-a-edicao-com-descontos-ate-7-500e\/","og_locale":"en_US","og_type":"article","og_title":"MOTORPOR Car Days regressa com descontos at\u00e9 7.500\u20ac e oferta de iPhone 17 - Motorpor","og_description":"Motorpor Car Days \u2013 6.\u00aa Edi\u00e7\u00e3o 16 a 26 de outubro \u00a0 A Motorpor ir\u00e1 organizar a 6.\u00aa edi\u00e7\u00e3o do Motorpor Car Days, entre os dias 16 e 26 de outubro. O evento ir\u00e1 decorrer em todos os mais de 50 pontos de venda do Grupo Motorpor, bem como no Parque Lazer das Figuras (junto [&hellip;]","og_url":"https:\/\/motorpor.pt\/en\/motorpor-car-days-regressa-para-a-6-a-edicao-com-descontos-ate-7-500e\/","og_site_name":"Motorpor","article_published_time":"2025-09-29T13:59:43+00:00","article_modified_time":"2025-10-12T21:42:01+00:00","og_image":[{"width":1950,"height":1050,"url":"https:\/\/motorpor.pt\/wp-content\/uploads\/2025\/09\/Campanha-Motorpor-CarDays-banner-1950x1050-2-1.png","type":"image\/png"}],"author":"mktmotorpor","twitter_card":"summary_large_image","twitter_misc":{"Written by":"mktmotorpor","Est. reading time":"1 minute"},"schema":{"@context":"https:\/\/schema.org","@graph":[{"@type":"Article","@id":"https:\/\/motorpor.pt\/motorpor-car-days-regressa-para-a-6-a-edicao-com-descontos-ate-7-500e\/#article","isPartOf":{"@id":"https:\/\/motorpor.pt\/motorpor-car-days-regressa-para-a-6-a-edicao-com-descontos-ate-7-500e\/"},"author":{"name":"mktmotorpor","@id":"https:\/\/motorpor.pt\/#\/schema\/person\/b4bf07144e88efed7388a5af30522db7"},"headline":"MOTORPOR Car Days regressa com descontos at\u00e9 7.500\u20ac e oferta de iPhone 17","datePublished":"2025-09-29T13:59:43+00:00","dateModified":"2025-10-12T21:42:01+00:00","mainEntityOfPage":{"@id":"https:\/\/motorpor.pt\/motorpor-car-days-regressa-para-a-6-a-edicao-com-descontos-ate-7-500e\/"},"wordCount":284,"publisher":{"@id":"https:\/\/motorpor.pt\/#organization"},"image":{"@id":"https:\/\/motorpor.pt\/motorpor-car-days-regressa-para-a-6-a-edicao-com-descontos-ate-7-500e\/#primaryimage"},"thumbnailUrl":"https:\/\/motorpor.pt\/wp-content\/uploads\/2025\/09\/Campanha-Motorpor-CarDays-banner-1950x1050-2-1.png","articleSection":["Atualidade","Campanhas","Destaques","Usados"],"inLanguage":"en-US"},{"@type":"WebPage","@id":"https:\/\/motorpor.pt\/motorpor-car-days-regressa-para-a-6-a-edicao-com-descontos-ate-7-500e\/","url":"https:\/\/motorpor.pt\/motorpor-car-days-regressa-para-a-6-a-edicao-com-descontos-ate-7-500e\/","name":"MOTORPOR Car Days regressa com descontos at\u00e9 7.500\u20ac e oferta de iPhone 17 - Motorpor","isPartOf":{"@id":"https:\/\/motorpor.pt\/#website"},"primaryImageOfPage":{"@id":"https:\/\/motorpor.pt\/motorpor-car-days-regressa-para-a-6-a-edicao-com-descontos-ate-7-500e\/#primaryimage"},"image":{"@id":"https:\/\/motorpor.pt\/motorpor-car-days-regressa-para-a-6-a-edicao-com-descontos-ate-7-500e\/#primaryimage"},"thumbnailUrl":"https:\/\/motorpor.pt\/wp-content\/uploads\/2025\/09\/Campanha-Motorpor-CarDays-banner-1950x1050-2-1.png","datePublished":"2025-09-29T13:59:43+00:00","dateModified":"2025-10-12T21:42:01+00:00","breadcrumb":{"@id":"https:\/\/motorpor.pt\/motorpor-car-days-regressa-para-a-6-a-edicao-com-descontos-ate-7-500e\/#breadcrumb"},"inLanguage":"en-US","potentialAction":[{"@type":"ReadAction","target":["https:\/\/motorpor.pt\/motorpor-car-days-regressa-para-a-6-a-edicao-com-descontos-ate-7-500e\/"]}]},{"@type":"ImageObject","inLanguage":"en-US","@id":"https:\/\/motorpor.pt\/motorpor-car-days-regressa-para-a-6-a-edicao-com-descontos-ate-7-500e\/#primaryimage","url":"https:\/\/motorpor.pt\/wp-content\/uploads\/2025\/09\/Campanha-Motorpor-CarDays-banner-1950x1050-2-1.png","contentUrl":"https:\/\/motorpor.pt\/wp-content\/uploads\/2025\/09\/Campanha-Motorpor-CarDays-banner-1950x1050-2-1.png","width":1950,"height":1050},{"@type":"BreadcrumbList","@id":"https:\/\/motorpor.pt\/motorpor-car-days-regressa-para-a-6-a-edicao-com-descontos-ate-7-500e\/#breadcrumb","itemListElement":[{"@type":"ListItem","position":1,"name":"In\u00edcio","item":"https:\/\/motorpor.pt\/"},{"@type":"ListItem","position":2,"name":"MOTORPOR Car Days regressa com descontos at\u00e9 7.500\u20ac e oferta de iPhone 17"}]},{"@type":"WebSite","@id":"https:\/\/motorpor.pt\/#website","url":"https:\/\/motorpor.pt\/","name":"motorpor","description":"Comercio de Autom\u00f3veis Multimarcas","publisher":{"@id":"https:\/\/motorpor.pt\/#organization"},"potentialAction":[{"@type":"SearchAction","target":{"@type":"EntryPoint","urlTemplate":"https:\/\/motorpor.pt\/?s={search_term_string}"},"query-input":{"@type":"PropertyValueSpecification","valueRequired":true,"valueName":"search_term_string"}}],"inLanguage":"en-US"},{"@type":"Organization","@id":"https:\/\/motorpor.pt\/#organization","name":"motorpor","alternateName":"Motorpor","url":"https:\/\/motorpor.pt\/","logo":{"@type":"ImageObject","inLanguage":"en-US","@id":"https:\/\/motorpor.pt\/#\/schema\/logo\/image\/","url":"https:\/\/motorpor.pt\/wp-content\/uploads\/2024\/07\/Logo-Motorpor-Preto.svg","contentUrl":"https:\/\/motorpor.pt\/wp-content\/uploads\/2024\/07\/Logo-Motorpor-Preto.svg","width":493,"height":93,"caption":"Motorpor"},"image":{"@id":"https:\/\/motorpor.pt\/#\/schema\/logo\/image\/"},"sameAs":["https:\/\/www.linkedin.com\/company\/grupo-motorpor"]},{"@type":"Person","@id":"https:\/\/motorpor.pt\/#\/schema\/person\/b4bf07144e88efed7388a5af30522db7","name":"mktmotorpor","image":{"@type":"ImageObject","inLanguage":"en-US","@id":"https:\/\/secure.gravatar.com\/avatar\/8418b61b3175dbba0a8744cf0ee6bb5c7a9f6c67f1dbc4f41a62d7b9738259a2?s=96&d=mm&r=g","url":"https:\/\/secure.gravatar.com\/avatar\/8418b61b3175dbba0a8744cf0ee6bb5c7a9f6c67f1dbc4f41a62d7b9738259a2?s=96&d=mm&r=g","contentUrl":"https:\/\/secure.gravatar.com\/avatar\/8418b61b3175dbba0a8744cf0ee6bb5c7a9f6c67f1dbc4f41a62d7b9738259a2?s=96&d=mm&r=g","caption":"mktmotorpor"},"url":"https:\/\/motorpor.pt\/en\/user\/mktmotorpor\/"}]}},"_links":{"self":[{"href":"https:\/\/motorpor.pt\/en\/wp-json\/wp\/v2\/posts\/144373","targetHints":{"allow":["GET"]}}],"collection":[{"href":"https:\/\/motorpor.pt\/en\/wp-json\/wp\/v2\/posts"}],"about":[{"href":"https:\/\/motorpor.pt\/en\/wp-json\/wp\/v2\/types\/post"}],"author":[{"embeddable":true,"href":"https:\/\/motorpor.pt\/en\/wp-json\/wp\/v2\/users\/85"}],"replies":[{"embeddable":true,"href":"https:\/\/motorpor.pt\/en\/wp-json\/wp\/v2\/comments?post=144373"}],"version-history":[{"count":33,"href":"https:\/\/motorpor.pt\/en\/wp-json\/wp\/v2\/posts\/144373\/revisions"}],"predecessor-version":[{"id":150359,"href":"https:\/\/motorpor.pt\/en\/wp-json\/wp\/v2\/posts\/144373\/revisions\/150359"}],"wp:featuredmedia":[{"embeddable":true,"href":"https:\/\/motorpor.pt\/en\/wp-json\/wp\/v2\/media\/144414"}],"wp:attachment":[{"href":"https:\/\/motorpor.pt\/en\/wp-json\/wp\/v2\/media?parent=144373"}],"wp:term":[{"taxonomy":"category","embeddable":true,"href":"https:\/\/motorpor.pt\/en\/wp-json\/wp\/v2\/categories?post=144373"},{"taxonomy":"post_tag","embeddable":true,"href":"https:\/\/motorpor.pt\/en\/wp-json\/wp\/v2\/tags?post=144373"}],"curies":[{"name":"wp","href":"https:\/\/api.w.org\/{rel}","templated":true}]}}