{"id":153407,"date":"2025-10-20T17:59:42","date_gmt":"2025-10-20T16:59:42","guid":{"rendered":"https:\/\/motorpor.pt\/motorpor-usados-inaugurou-novo-espaco-em-penafiel-e-reforca-presenca-no-norte-do-pais\/"},"modified":"2025-10-20T18:17:43","modified_gmt":"2025-10-20T17:17:43","slug":"motorpor-usados-inaugurou-novo-espaco-em-penafiel-e-reforca-presenca-no-norte-do-pais","status":"publish","type":"post","link":"https:\/\/motorpor.pt\/en\/motorpor-usados-inaugurou-novo-espaco-em-penafiel-e-reforca-presenca-no-norte-do-pais\/","title":{"rendered":"MOTORPOR Usados inaugurou novo espa\u00e7o em Penafiel e refor\u00e7a presen\u00e7a no Norte do pa\u00eds"},"content":{"rendered":"<p><span style=\"font-weight: 400\">O Grupo MOTORPOR inaugurou, na quinta-feira, 16 de outubro, as novas instala\u00e7\u00f5es da <\/span><b>MOTORPOR Usados em Penafiel<\/b><span style=\"font-weight: 400\">, um investimento que marca a chegada da marca ao Norte e refor\u00e7a a estrat\u00e9gia de expans\u00e3o nacional do grupo. O evento contou com a presen\u00e7a de muitos convidados, parceiros e amigos, num ambiente de celebra\u00e7\u00e3o que incluiu anima\u00e7\u00e3o musical e a atua\u00e7\u00e3o do humorista Jo\u00e3o Dantas, embaixador da MOTORPOR Usados.<\/span><\/p>\n<p><img fetchpriority=\"high\" decoding=\"async\" class=\"alignnone wp-image-153409\" src=\"https:\/\/motorpor.pt\/wp-content\/uploads\/2025\/10\/Motorpor-Usados-Penafiel-_PC37343-300x200.jpg\" alt=\"\" width=\"385\" height=\"256\" srcset=\"https:\/\/motorpor.pt\/wp-content\/uploads\/2025\/10\/Motorpor-Usados-Penafiel-_PC37343-300x200.jpg 300w, https:\/\/motorpor.pt\/wp-content\/uploads\/2025\/10\/Motorpor-Usados-Penafiel-_PC37343-1024x683.jpg 1024w, https:\/\/motorpor.pt\/wp-content\/uploads\/2025\/10\/Motorpor-Usados-Penafiel-_PC37343-768x512.jpg 768w, https:\/\/motorpor.pt\/wp-content\/uploads\/2025\/10\/Motorpor-Usados-Penafiel-_PC37343-1536x1024.jpg 1536w, https:\/\/motorpor.pt\/wp-content\/uploads\/2025\/10\/Motorpor-Usados-Penafiel-_PC37343-2048x1365.jpg 2048w, https:\/\/motorpor.pt\/wp-content\/uploads\/2025\/10\/Motorpor-Usados-Penafiel-_PC37343-18x12.jpg 18w, https:\/\/motorpor.pt\/wp-content\/uploads\/2025\/10\/Motorpor-Usados-Penafiel-_PC37343-200x133.jpg 200w, https:\/\/motorpor.pt\/wp-content\/uploads\/2025\/10\/Motorpor-Usados-Penafiel-_PC37343-165x110.jpg 165w\" sizes=\"(max-width: 385px) 100vw, 385px\" \/><\/p>\n<p><span style=\"font-weight: 400\">Para <\/span><b>Miguel Reis<\/b><span style=\"font-weight: 400\">, Diretor-Geral da MOTORPOR Usados, esta abertura representa \u201cum percurso natural\u201d no crescimento da empresa: <\/span><b>\u201cSomos pessoas daqui, de perto, e sent\u00edamos a necessidade de trazer o neg\u00f3cio de usados para mais regi\u00f5es. T\u00ednhamos muitos pedidos de viaturas nesta zona e fazia todo o sentido estar em Penafiel. A MOTORPOR Usados traz um conceito diferente \u2014 viaturas certificadas, com origem cred\u00edvel e um conjunto de vantagens que garantem mobilidade e confian\u00e7a ao cliente.\u201d<\/b><\/p>\n<p><span style=\"font-weight: 400\">Com uma \u00e1rea total de 6.000 m\u00b2 e mais de 150 viaturas multimarca em exposi\u00e7\u00e3o, o novo espa\u00e7o disponibiliza ainda acesso ao stock global do grupo, com mais de 1.000 viaturas dispon\u00edveis.<\/span><\/p>\n<p><b>\u201cTodas as nossas viaturas s\u00e3o recondicionadas com rigor. Temos retomas de clientes com poucos quil\u00f3metros e um controlo exigente de qualidade. S\u00f3 colocamos \u00e0 venda carros que cumprem os padr\u00f5es de fiabilidade que o grupo defende\u201d<\/b><span style=\"font-weight: 400\">, sublinha Miguel Reis.<\/span><\/p>\n<p><img decoding=\"async\" class=\"alignnone wp-image-153403\" src=\"https:\/\/motorpor.pt\/wp-content\/uploads\/2025\/10\/Motorpor-Usados-Penafiel-_PC36968-300x200.jpg\" alt=\"\" width=\"401\" height=\"267\" srcset=\"https:\/\/motorpor.pt\/wp-content\/uploads\/2025\/10\/Motorpor-Usados-Penafiel-_PC36968-300x200.jpg 300w, https:\/\/motorpor.pt\/wp-content\/uploads\/2025\/10\/Motorpor-Usados-Penafiel-_PC36968-1024x683.jpg 1024w, https:\/\/motorpor.pt\/wp-content\/uploads\/2025\/10\/Motorpor-Usados-Penafiel-_PC36968-768x512.jpg 768w, https:\/\/motorpor.pt\/wp-content\/uploads\/2025\/10\/Motorpor-Usados-Penafiel-_PC36968-1536x1024.jpg 1536w, https:\/\/motorpor.pt\/wp-content\/uploads\/2025\/10\/Motorpor-Usados-Penafiel-_PC36968-2048x1365.jpg 2048w, https:\/\/motorpor.pt\/wp-content\/uploads\/2025\/10\/Motorpor-Usados-Penafiel-_PC36968-18x12.jpg 18w, https:\/\/motorpor.pt\/wp-content\/uploads\/2025\/10\/Motorpor-Usados-Penafiel-_PC36968-200x133.jpg 200w, https:\/\/motorpor.pt\/wp-content\/uploads\/2025\/10\/Motorpor-Usados-Penafiel-_PC36968-165x110.jpg 165w\" sizes=\"(max-width: 401px) 100vw, 401px\" \/><\/p>\n<p><span style=\"font-weight: 400\">J\u00e1 <\/span><b>Fernando Ribeiro<\/b><span style=\"font-weight: 400\">, Administrador do Grupo MOTORPOR, destacou o simbolismo da expans\u00e3o para o Norte: <\/span><b>\u201cEsta inaugura\u00e7\u00e3o tem um significado especial. Eu pr\u00f3prio sou natural de Marco de Canaveses, a poucos quil\u00f3metros daqui. Conhecemos bem esta terra e o seu potencial. \u00c9, para n\u00f3s, um regresso \u00e0s origens e ao mesmo tempo o primeiro passo de um prop\u00f3sito maior: consolidar a MOTORPOR como um operador \u00e0 escala nacional.\u201d<\/b><\/p>\n<p><img decoding=\"async\" class=\"alignnone wp-image-153405\" src=\"https:\/\/motorpor.pt\/wp-content\/uploads\/2025\/10\/Motorpor-Usados-Penafiel-_PC37095-1-300x200.jpg\" alt=\"\" width=\"398\" height=\"265\" srcset=\"https:\/\/motorpor.pt\/wp-content\/uploads\/2025\/10\/Motorpor-Usados-Penafiel-_PC37095-1-300x200.jpg 300w, https:\/\/motorpor.pt\/wp-content\/uploads\/2025\/10\/Motorpor-Usados-Penafiel-_PC37095-1-1024x683.jpg 1024w, https:\/\/motorpor.pt\/wp-content\/uploads\/2025\/10\/Motorpor-Usados-Penafiel-_PC37095-1-768x512.jpg 768w, https:\/\/motorpor.pt\/wp-content\/uploads\/2025\/10\/Motorpor-Usados-Penafiel-_PC37095-1-1536x1024.jpg 1536w, https:\/\/motorpor.pt\/wp-content\/uploads\/2025\/10\/Motorpor-Usados-Penafiel-_PC37095-1-2048x1365.jpg 2048w, https:\/\/motorpor.pt\/wp-content\/uploads\/2025\/10\/Motorpor-Usados-Penafiel-_PC37095-1-18x12.jpg 18w, https:\/\/motorpor.pt\/wp-content\/uploads\/2025\/10\/Motorpor-Usados-Penafiel-_PC37095-1-200x133.jpg 200w, https:\/\/motorpor.pt\/wp-content\/uploads\/2025\/10\/Motorpor-Usados-Penafiel-_PC37095-1-165x110.jpg 165w\" sizes=\"(max-width: 398px) 100vw, 398px\" \/><\/p>\n<p><span style=\"font-weight: 400\">O respons\u00e1vel revelou ainda que o grupo pretende complementar a opera\u00e7\u00e3o de Penafiel com uma oficina de servi\u00e7o ap\u00f3s-venda j\u00e1 no primeiro semestre de 2026, refor\u00e7ando a oferta integrada da marca na regi\u00e3o.<\/span><\/p>\n<p><b>\u201cQueremos que os nossos clientes encontrem aqui tudo o que precisam \u2014 desde a compra da viatura ao servi\u00e7o de manuten\u00e7\u00e3o e colis\u00e3o. \u00c9 uma opera\u00e7\u00e3o completa e com vis\u00e3o de longo prazo\u201d<\/b><span style=\"font-weight: 400\">, afirmou.<\/span><\/p>\n<p><span style=\"font-weight: 400\">A <\/span><b>MOTORPOR Usados Penafiel<\/b><span style=\"font-weight: 400\"> localiza-se junto ao <\/span><b>Continente Modelo<\/b><span style=\"font-weight: 400\">, na zona comercial da cidade.<\/span><a href=\"https:\/\/maps.app.goo.gl\/GCT1ypkHWxdiGKmB7\"> <span style=\"font-weight: 400\">Ver no mapa<\/span><\/a><\/p>","protected":false},"excerpt":{"rendered":"<p>O Grupo MOTORPOR inaugurou, na quinta-feira, 16 de outubro, as novas instala\u00e7\u00f5es da MOTORPOR Usados em Penafiel, um investimento que marca a chegada da marca ao Norte e refor\u00e7a a estrat\u00e9gia de expans\u00e3o nacional do grupo. O evento contou com a presen\u00e7a de muitos convidados, parceiros e amigos, num ambiente de celebra\u00e7\u00e3o que incluiu anima\u00e7\u00e3o [&hellip;]<\/p>\n","protected":false},"author":85,"featured_media":153406,"comment_status":"closed","ping_status":"open","sticky":false,"template":"","format":"standard","meta":{"_acf_changed":false,"footnotes":""},"categories":[2592],"tags":[],"class_list":["post-153407","post","type-post","status-publish","format-standard","has-post-thumbnail","hentry","category-noticias"],"acf":[],"yoast_head":"<!-- This site is optimized with the Yoast SEO plugin v27.5 - https:\/\/yoast.com\/product\/yoast-seo-wordpress\/ -->\n<title>MOTORPOR Usados inaugurou novo espa\u00e7o em Penafiel e refor\u00e7a presen\u00e7a no Norte do pa\u00eds - Motorpor<\/title>\n<meta name=\"robots\" content=\"index, follow, max-snippet:-1, max-image-preview:large, max-video-preview:-1\" \/>\n<link rel=\"canonical\" href=\"https:\/\/motorpor.pt\/en\/motorpor-usados-inaugurou-novo-espaco-em-penafiel-e-reforca-presenca-no-norte-do-pais\/\" \/>\n<meta property=\"og:locale\" content=\"en_US\" \/>\n<meta property=\"og:type\" content=\"article\" \/>\n<meta property=\"og:title\" content=\"MOTORPOR Usados inaugurou novo espa\u00e7o em Penafiel e refor\u00e7a presen\u00e7a no Norte do pa\u00eds - Motorpor\" \/>\n<meta property=\"og:description\" content=\"O Grupo MOTORPOR inaugurou, na quinta-feira, 16 de outubro, as novas instala\u00e7\u00f5es da MOTORPOR Usados em Penafiel, um investimento que marca a chegada da marca ao Norte e refor\u00e7a a estrat\u00e9gia de expans\u00e3o nacional do grupo. O evento contou com a presen\u00e7a de muitos convidados, parceiros e amigos, num ambiente de celebra\u00e7\u00e3o que incluiu anima\u00e7\u00e3o [&hellip;]\" \/>\n<meta property=\"og:url\" content=\"https:\/\/motorpor.pt\/en\/motorpor-usados-inaugurou-novo-espaco-em-penafiel-e-reforca-presenca-no-norte-do-pais\/\" \/>\n<meta property=\"og:site_name\" content=\"Motorpor\" \/>\n<meta property=\"article:published_time\" content=\"2025-10-20T16:59:42+00:00\" \/>\n<meta property=\"article:modified_time\" content=\"2025-10-20T17:17:43+00:00\" \/>\n<meta property=\"og:image\" content=\"https:\/\/motorpor.pt\/wp-content\/uploads\/2025\/10\/Motorpor-Usados-Penafiel-aerea-1.png\" \/>\n\t<meta property=\"og:image:width\" content=\"2560\" \/>\n\t<meta property=\"og:image:height\" content=\"1438\" \/>\n\t<meta property=\"og:image:type\" content=\"image\/png\" \/>\n<meta name=\"author\" content=\"mktmotorpor\" \/>\n<meta name=\"twitter:card\" content=\"summary_large_image\" \/>\n<meta name=\"twitter:label1\" content=\"Written by\" \/>\n\t<meta name=\"twitter:data1\" content=\"mktmotorpor\" \/>\n\t<meta name=\"twitter:label2\" content=\"Est. reading time\" \/>\n\t<meta name=\"twitter:data2\" content=\"2 minutes\" \/>\n<script type=\"application\/ld+json\" class=\"yoast-schema-graph\">{\"@context\":\"https:\\\/\\\/schema.org\",\"@graph\":[{\"@type\":\"Article\",\"@id\":\"https:\\\/\\\/motorpor.pt\\\/motorpor-usados-inaugurou-novo-espaco-em-penafiel-e-reforca-presenca-no-norte-do-pais\\\/#article\",\"isPartOf\":{\"@id\":\"https:\\\/\\\/motorpor.pt\\\/motorpor-usados-inaugurou-novo-espaco-em-penafiel-e-reforca-presenca-no-norte-do-pais\\\/\"},\"author\":{\"name\":\"mktmotorpor\",\"@id\":\"https:\\\/\\\/motorpor.pt\\\/#\\\/schema\\\/person\\\/b4bf07144e88efed7388a5af30522db7\"},\"headline\":\"MOTORPOR Usados inaugurou novo espa\u00e7o em Penafiel e refor\u00e7a presen\u00e7a no Norte do pa\u00eds\",\"datePublished\":\"2025-10-20T16:59:42+00:00\",\"dateModified\":\"2025-10-20T17:17:43+00:00\",\"mainEntityOfPage\":{\"@id\":\"https:\\\/\\\/motorpor.pt\\\/motorpor-usados-inaugurou-novo-espaco-em-penafiel-e-reforca-presenca-no-norte-do-pais\\\/\"},\"wordCount\":410,\"publisher\":{\"@id\":\"https:\\\/\\\/motorpor.pt\\\/#organization\"},\"image\":{\"@id\":\"https:\\\/\\\/motorpor.pt\\\/motorpor-usados-inaugurou-novo-espaco-em-penafiel-e-reforca-presenca-no-norte-do-pais\\\/#primaryimage\"},\"thumbnailUrl\":\"https:\\\/\\\/motorpor.pt\\\/wp-content\\\/uploads\\\/2025\\\/10\\\/Motorpor-Usados-Penafiel-aerea-1.png\",\"articleSection\":[\"Not\u00edcias\"],\"inLanguage\":\"en-US\"},{\"@type\":\"WebPage\",\"@id\":\"https:\\\/\\\/motorpor.pt\\\/motorpor-usados-inaugurou-novo-espaco-em-penafiel-e-reforca-presenca-no-norte-do-pais\\\/\",\"url\":\"https:\\\/\\\/motorpor.pt\\\/motorpor-usados-inaugurou-novo-espaco-em-penafiel-e-reforca-presenca-no-norte-do-pais\\\/\",\"name\":\"MOTORPOR Usados inaugurou novo espa\u00e7o em Penafiel e refor\u00e7a presen\u00e7a no Norte do pa\u00eds - Motorpor\",\"isPartOf\":{\"@id\":\"https:\\\/\\\/motorpor.pt\\\/#website\"},\"primaryImageOfPage\":{\"@id\":\"https:\\\/\\\/motorpor.pt\\\/motorpor-usados-inaugurou-novo-espaco-em-penafiel-e-reforca-presenca-no-norte-do-pais\\\/#primaryimage\"},\"image\":{\"@id\":\"https:\\\/\\\/motorpor.pt\\\/motorpor-usados-inaugurou-novo-espaco-em-penafiel-e-reforca-presenca-no-norte-do-pais\\\/#primaryimage\"},\"thumbnailUrl\":\"https:\\\/\\\/motorpor.pt\\\/wp-content\\\/uploads\\\/2025\\\/10\\\/Motorpor-Usados-Penafiel-aerea-1.png\",\"datePublished\":\"2025-10-20T16:59:42+00:00\",\"dateModified\":\"2025-10-20T17:17:43+00:00\",\"breadcrumb\":{\"@id\":\"https:\\\/\\\/motorpor.pt\\\/motorpor-usados-inaugurou-novo-espaco-em-penafiel-e-reforca-presenca-no-norte-do-pais\\\/#breadcrumb\"},\"inLanguage\":\"en-US\",\"potentialAction\":[{\"@type\":\"ReadAction\",\"target\":[\"https:\\\/\\\/motorpor.pt\\\/motorpor-usados-inaugurou-novo-espaco-em-penafiel-e-reforca-presenca-no-norte-do-pais\\\/\"]}]},{\"@type\":\"ImageObject\",\"inLanguage\":\"en-US\",\"@id\":\"https:\\\/\\\/motorpor.pt\\\/motorpor-usados-inaugurou-novo-espaco-em-penafiel-e-reforca-presenca-no-norte-do-pais\\\/#primaryimage\",\"url\":\"https:\\\/\\\/motorpor.pt\\\/wp-content\\\/uploads\\\/2025\\\/10\\\/Motorpor-Usados-Penafiel-aerea-1.png\",\"contentUrl\":\"https:\\\/\\\/motorpor.pt\\\/wp-content\\\/uploads\\\/2025\\\/10\\\/Motorpor-Usados-Penafiel-aerea-1.png\",\"width\":2560,\"height\":1438},{\"@type\":\"BreadcrumbList\",\"@id\":\"https:\\\/\\\/motorpor.pt\\\/motorpor-usados-inaugurou-novo-espaco-em-penafiel-e-reforca-presenca-no-norte-do-pais\\\/#breadcrumb\",\"itemListElement\":[{\"@type\":\"ListItem\",\"position\":1,\"name\":\"In\u00edcio\",\"item\":\"https:\\\/\\\/motorpor.pt\\\/\"},{\"@type\":\"ListItem\",\"position\":2,\"name\":\"MOTORPOR Usados inaugurou novo espa\u00e7o em Penafiel e refor\u00e7a presen\u00e7a no Norte do pa\u00eds\"}]},{\"@type\":\"WebSite\",\"@id\":\"https:\\\/\\\/motorpor.pt\\\/#website\",\"url\":\"https:\\\/\\\/motorpor.pt\\\/\",\"name\":\"Motorpor\",\"description\":\"Comercio de Autom\u00f3veis Multimarcas\",\"publisher\":{\"@id\":\"https:\\\/\\\/motorpor.pt\\\/#organization\"},\"potentialAction\":[{\"@type\":\"SearchAction\",\"target\":{\"@type\":\"EntryPoint\",\"urlTemplate\":\"https:\\\/\\\/motorpor.pt\\\/?s={search_term_string}\"},\"query-input\":{\"@type\":\"PropertyValueSpecification\",\"valueRequired\":true,\"valueName\":\"search_term_string\"}}],\"inLanguage\":\"en-US\"},{\"@type\":\"Organization\",\"@id\":\"https:\\\/\\\/motorpor.pt\\\/#organization\",\"name\":\"Motorpor\",\"alternateName\":\"Motorpor\",\"url\":\"https:\\\/\\\/motorpor.pt\\\/\",\"logo\":{\"@type\":\"ImageObject\",\"inLanguage\":\"en-US\",\"@id\":\"https:\\\/\\\/motorpor.pt\\\/#\\\/schema\\\/logo\\\/image\\\/\",\"url\":\"https:\\\/\\\/motorpor.pt\\\/wp-content\\\/uploads\\\/2024\\\/07\\\/Logo-Motorpor-Preto.svg\",\"contentUrl\":\"https:\\\/\\\/motorpor.pt\\\/wp-content\\\/uploads\\\/2024\\\/07\\\/Logo-Motorpor-Preto.svg\",\"width\":493,\"height\":93,\"caption\":\"Motorpor\"},\"image\":{\"@id\":\"https:\\\/\\\/motorpor.pt\\\/#\\\/schema\\\/logo\\\/image\\\/\"},\"sameAs\":[\"https:\\\/\\\/www.linkedin.com\\\/company\\\/grupo-motorpor\"]},{\"@type\":\"Person\",\"@id\":\"https:\\\/\\\/motorpor.pt\\\/#\\\/schema\\\/person\\\/b4bf07144e88efed7388a5af30522db7\",\"name\":\"mktmotorpor\",\"image\":{\"@type\":\"ImageObject\",\"inLanguage\":\"en-US\",\"@id\":\"https:\\\/\\\/secure.gravatar.com\\\/avatar\\\/8418b61b3175dbba0a8744cf0ee6bb5c7a9f6c67f1dbc4f41a62d7b9738259a2?s=96&d=mm&r=g\",\"url\":\"https:\\\/\\\/secure.gravatar.com\\\/avatar\\\/8418b61b3175dbba0a8744cf0ee6bb5c7a9f6c67f1dbc4f41a62d7b9738259a2?s=96&d=mm&r=g\",\"contentUrl\":\"https:\\\/\\\/secure.gravatar.com\\\/avatar\\\/8418b61b3175dbba0a8744cf0ee6bb5c7a9f6c67f1dbc4f41a62d7b9738259a2?s=96&d=mm&r=g\",\"caption\":\"mktmotorpor\"},\"url\":\"https:\\\/\\\/motorpor.pt\\\/en\\\/user\\\/mktmotorpor\\\/\"}]}<\/script>\n<!-- \/ Yoast SEO plugin. -->","yoast_head_json":{"title":"MOTORPOR Usados inaugurou novo espa\u00e7o em Penafiel e refor\u00e7a presen\u00e7a no Norte do pa\u00eds - Motorpor","robots":{"index":"index","follow":"follow","max-snippet":"max-snippet:-1","max-image-preview":"max-image-preview:large","max-video-preview":"max-video-preview:-1"},"canonical":"https:\/\/motorpor.pt\/en\/motorpor-usados-inaugurou-novo-espaco-em-penafiel-e-reforca-presenca-no-norte-do-pais\/","og_locale":"en_US","og_type":"article","og_title":"MOTORPOR Usados inaugurou novo espa\u00e7o em Penafiel e refor\u00e7a presen\u00e7a no Norte do pa\u00eds - Motorpor","og_description":"O Grupo MOTORPOR inaugurou, na quinta-feira, 16 de outubro, as novas instala\u00e7\u00f5es da MOTORPOR Usados em Penafiel, um investimento que marca a chegada da marca ao Norte e refor\u00e7a a estrat\u00e9gia de expans\u00e3o nacional do grupo. O evento contou com a presen\u00e7a de muitos convidados, parceiros e amigos, num ambiente de celebra\u00e7\u00e3o que incluiu anima\u00e7\u00e3o [&hellip;]","og_url":"https:\/\/motorpor.pt\/en\/motorpor-usados-inaugurou-novo-espaco-em-penafiel-e-reforca-presenca-no-norte-do-pais\/","og_site_name":"Motorpor","article_published_time":"2025-10-20T16:59:42+00:00","article_modified_time":"2025-10-20T17:17:43+00:00","og_image":[{"width":2560,"height":1438,"url":"https:\/\/motorpor.pt\/wp-content\/uploads\/2025\/10\/Motorpor-Usados-Penafiel-aerea-1.png","type":"image\/png"}],"author":"mktmotorpor","twitter_card":"summary_large_image","twitter_misc":{"Written by":"mktmotorpor","Est. reading time":"2 minutes"},"schema":{"@context":"https:\/\/schema.org","@graph":[{"@type":"Article","@id":"https:\/\/motorpor.pt\/motorpor-usados-inaugurou-novo-espaco-em-penafiel-e-reforca-presenca-no-norte-do-pais\/#article","isPartOf":{"@id":"https:\/\/motorpor.pt\/motorpor-usados-inaugurou-novo-espaco-em-penafiel-e-reforca-presenca-no-norte-do-pais\/"},"author":{"name":"mktmotorpor","@id":"https:\/\/motorpor.pt\/#\/schema\/person\/b4bf07144e88efed7388a5af30522db7"},"headline":"MOTORPOR Usados inaugurou novo espa\u00e7o em Penafiel e refor\u00e7a presen\u00e7a no Norte do pa\u00eds","datePublished":"2025-10-20T16:59:42+00:00","dateModified":"2025-10-20T17:17:43+00:00","mainEntityOfPage":{"@id":"https:\/\/motorpor.pt\/motorpor-usados-inaugurou-novo-espaco-em-penafiel-e-reforca-presenca-no-norte-do-pais\/"},"wordCount":410,"publisher":{"@id":"https:\/\/motorpor.pt\/#organization"},"image":{"@id":"https:\/\/motorpor.pt\/motorpor-usados-inaugurou-novo-espaco-em-penafiel-e-reforca-presenca-no-norte-do-pais\/#primaryimage"},"thumbnailUrl":"https:\/\/motorpor.pt\/wp-content\/uploads\/2025\/10\/Motorpor-Usados-Penafiel-aerea-1.png","articleSection":["Not\u00edcias"],"inLanguage":"en-US"},{"@type":"WebPage","@id":"https:\/\/motorpor.pt\/motorpor-usados-inaugurou-novo-espaco-em-penafiel-e-reforca-presenca-no-norte-do-pais\/","url":"https:\/\/motorpor.pt\/motorpor-usados-inaugurou-novo-espaco-em-penafiel-e-reforca-presenca-no-norte-do-pais\/","name":"MOTORPOR Usados inaugurou novo espa\u00e7o em Penafiel e refor\u00e7a presen\u00e7a no Norte do pa\u00eds - Motorpor","isPartOf":{"@id":"https:\/\/motorpor.pt\/#website"},"primaryImageOfPage":{"@id":"https:\/\/motorpor.pt\/motorpor-usados-inaugurou-novo-espaco-em-penafiel-e-reforca-presenca-no-norte-do-pais\/#primaryimage"},"image":{"@id":"https:\/\/motorpor.pt\/motorpor-usados-inaugurou-novo-espaco-em-penafiel-e-reforca-presenca-no-norte-do-pais\/#primaryimage"},"thumbnailUrl":"https:\/\/motorpor.pt\/wp-content\/uploads\/2025\/10\/Motorpor-Usados-Penafiel-aerea-1.png","datePublished":"2025-10-20T16:59:42+00:00","dateModified":"2025-10-20T17:17:43+00:00","breadcrumb":{"@id":"https:\/\/motorpor.pt\/motorpor-usados-inaugurou-novo-espaco-em-penafiel-e-reforca-presenca-no-norte-do-pais\/#breadcrumb"},"inLanguage":"en-US","potentialAction":[{"@type":"ReadAction","target":["https:\/\/motorpor.pt\/motorpor-usados-inaugurou-novo-espaco-em-penafiel-e-reforca-presenca-no-norte-do-pais\/"]}]},{"@type":"ImageObject","inLanguage":"en-US","@id":"https:\/\/motorpor.pt\/motorpor-usados-inaugurou-novo-espaco-em-penafiel-e-reforca-presenca-no-norte-do-pais\/#primaryimage","url":"https:\/\/motorpor.pt\/wp-content\/uploads\/2025\/10\/Motorpor-Usados-Penafiel-aerea-1.png","contentUrl":"https:\/\/motorpor.pt\/wp-content\/uploads\/2025\/10\/Motorpor-Usados-Penafiel-aerea-1.png","width":2560,"height":1438},{"@type":"BreadcrumbList","@id":"https:\/\/motorpor.pt\/motorpor-usados-inaugurou-novo-espaco-em-penafiel-e-reforca-presenca-no-norte-do-pais\/#breadcrumb","itemListElement":[{"@type":"ListItem","position":1,"name":"In\u00edcio","item":"https:\/\/motorpor.pt\/"},{"@type":"ListItem","position":2,"name":"MOTORPOR Usados inaugurou novo espa\u00e7o em Penafiel e refor\u00e7a presen\u00e7a no Norte do pa\u00eds"}]},{"@type":"WebSite","@id":"https:\/\/motorpor.pt\/#website","url":"https:\/\/motorpor.pt\/","name":"motorpor","description":"Comercio de Autom\u00f3veis Multimarcas","publisher":{"@id":"https:\/\/motorpor.pt\/#organization"},"potentialAction":[{"@type":"SearchAction","target":{"@type":"EntryPoint","urlTemplate":"https:\/\/motorpor.pt\/?s={search_term_string}"},"query-input":{"@type":"PropertyValueSpecification","valueRequired":true,"valueName":"search_term_string"}}],"inLanguage":"en-US"},{"@type":"Organization","@id":"https:\/\/motorpor.pt\/#organization","name":"motorpor","alternateName":"Motorpor","url":"https:\/\/motorpor.pt\/","logo":{"@type":"ImageObject","inLanguage":"en-US","@id":"https:\/\/motorpor.pt\/#\/schema\/logo\/image\/","url":"https:\/\/motorpor.pt\/wp-content\/uploads\/2024\/07\/Logo-Motorpor-Preto.svg","contentUrl":"https:\/\/motorpor.pt\/wp-content\/uploads\/2024\/07\/Logo-Motorpor-Preto.svg","width":493,"height":93,"caption":"Motorpor"},"image":{"@id":"https:\/\/motorpor.pt\/#\/schema\/logo\/image\/"},"sameAs":["https:\/\/www.linkedin.com\/company\/grupo-motorpor"]},{"@type":"Person","@id":"https:\/\/motorpor.pt\/#\/schema\/person\/b4bf07144e88efed7388a5af30522db7","name":"mktmotorpor","image":{"@type":"ImageObject","inLanguage":"en-US","@id":"https:\/\/secure.gravatar.com\/avatar\/8418b61b3175dbba0a8744cf0ee6bb5c7a9f6c67f1dbc4f41a62d7b9738259a2?s=96&d=mm&r=g","url":"https:\/\/secure.gravatar.com\/avatar\/8418b61b3175dbba0a8744cf0ee6bb5c7a9f6c67f1dbc4f41a62d7b9738259a2?s=96&d=mm&r=g","contentUrl":"https:\/\/secure.gravatar.com\/avatar\/8418b61b3175dbba0a8744cf0ee6bb5c7a9f6c67f1dbc4f41a62d7b9738259a2?s=96&d=mm&r=g","caption":"mktmotorpor"},"url":"https:\/\/motorpor.pt\/en\/user\/mktmotorpor\/"}]}},"_links":{"self":[{"href":"https:\/\/motorpor.pt\/en\/wp-json\/wp\/v2\/posts\/153407","targetHints":{"allow":["GET"]}}],"collection":[{"href":"https:\/\/motorpor.pt\/en\/wp-json\/wp\/v2\/posts"}],"about":[{"href":"https:\/\/motorpor.pt\/en\/wp-json\/wp\/v2\/types\/post"}],"author":[{"embeddable":true,"href":"https:\/\/motorpor.pt\/en\/wp-json\/wp\/v2\/users\/85"}],"replies":[{"embeddable":true,"href":"https:\/\/motorpor.pt\/en\/wp-json\/wp\/v2\/comments?post=153407"}],"version-history":[{"count":5,"href":"https:\/\/motorpor.pt\/en\/wp-json\/wp\/v2\/posts\/153407\/revisions"}],"predecessor-version":[{"id":153415,"href":"https:\/\/motorpor.pt\/en\/wp-json\/wp\/v2\/posts\/153407\/revisions\/153415"}],"wp:featuredmedia":[{"embeddable":true,"href":"https:\/\/motorpor.pt\/en\/wp-json\/wp\/v2\/media\/153406"}],"wp:attachment":[{"href":"https:\/\/motorpor.pt\/en\/wp-json\/wp\/v2\/media?parent=153407"}],"wp:term":[{"taxonomy":"category","embeddable":true,"href":"https:\/\/motorpor.pt\/en\/wp-json\/wp\/v2\/categories?post=153407"},{"taxonomy":"post_tag","embeddable":true,"href":"https:\/\/motorpor.pt\/en\/wp-json\/wp\/v2\/tags?post=153407"}],"curies":[{"name":"wp","href":"https:\/\/api.w.org\/{rel}","templated":true}]}}