{"id":41513,"date":"2023-07-01T09:00:00","date_gmt":"2023-07-01T09:00:00","guid":{"rendered":"https:\/\/motorpor.pt\/?p=41513"},"modified":"2023-07-01T09:00:00","modified_gmt":"2023-07-01T09:00:00","slug":"renault-austral-e-tech-full-hybrid-modelo-premiado-com-a-tecnologia-mais-avancada","status":"publish","type":"post","link":"https:\/\/motorpor.pt\/en\/renault-austral-e-tech-full-hybrid-modelo-premiado-com-a-tecnologia-mais-avancada\/","title":{"rendered":"Renault Austral E-Tech full hybrid: Modelo Premiado com a Tecnologia mais avan\u00e7ada"},"content":{"rendered":"<p>Recentemente distinguido com o trof\u00e9u Volante de Cristal nas categorias <strong>\u201cCarro do Ano\u201d<\/strong> e <strong>\u201cH\u00edbrido do Ano\u201d<\/strong>, o novo <a href=\"https:\/\/motorpor.pt\/en\/carros\/renault-austral\/\"><strong>R<\/strong><strong>enault Austral<\/strong> <\/a>\u00e9 um <strong>SUV<\/strong> que exibe um design <strong>moderno<\/strong>, <strong>elegante<\/strong> e que promete agradar aos condutores mais exigente.<\/p>\n<h2>Voc\u00ea em primeiro lugar<\/h2>\n<p>A nova linguagem estil\u00edstica da <strong>Renault<\/strong> presente no <a href=\"https:\/\/motorpor.pt\/en\/carros\/renault-austral\/\"><strong>Austral<\/strong><\/a>, faz a sua presen\u00e7a em estrada seja bastante<strong> not\u00f3ria<\/strong>, principalmente quando equipado na vers\u00e3o mais desportiva: a <strong>Iconic Esprit Alpine<\/strong>. Mas acredite que no caso deste<strong> SUV franc\u00eas<\/strong>, todas as linhas e pormenores, no exterior e no interior, foram exclusivamente concebidos a<strong> pensar no condutor<\/strong>, o que resulta numa enorme <strong>perce\u00e7\u00e3o de qualidade<\/strong> mal entramos no seu habit\u00e1culo, superando a maioria dos concorrentes no segmento.<\/p>\n<h2>Tecnologia de ponta<\/h2>\n<p>Outro dos pontos que se destaca no <a href=\"https:\/\/motorpor.pt\/en\/carros\/renault-austral\/\"><strong>Renault Austral<\/strong><\/a> \u00e9 tudo o que ele oferece a n\u00edvel <strong>tecnol\u00f3gico<\/strong>. No seu <strong>ecr\u00e3 central de 12\u201d<\/strong>, podemos operar de forma r\u00e1pida as principais fun\u00e7\u00f5es do autom\u00f3vel e o seu<strong> painel de instrumentos 100% digital<\/strong> de 12\u201d ajuda a ter uma <strong>condu\u00e7\u00e3o mais segura<\/strong>.<\/p>\n<p>Para al\u00e9m de contar com sistemas de conectividade como<strong> Apple CarPlay<\/strong> e <strong>Android Auto sem fios<\/strong>, podemos ainda utilizar servi\u00e7os como o <strong>Spotify<\/strong> e o <strong>Google Map<\/strong>s de forma nativa e com total aus\u00eancia do nosso smartphone. No fim, tem ainda 32 sistemas avan\u00e7ados de ajuda \u00e0 condu\u00e7\u00e3o.<\/p>\n<h2>O puro prazer de condu\u00e7\u00e3o<\/h2>\n<p>Gra\u00e7as \u00e0 sua motoriza\u00e7\u00e3o <strong>E-Tech full hybrid<\/strong> com pot\u00eancias de <strong>160 ou 200cv<\/strong> tem o melhor dos <strong>dois mundos<\/strong> \u00e0 sua disposi\u00e7\u00e3o, podendo conduzir silenciosamente no <strong>modo el\u00e9trico<\/strong> a uma velocidade de at\u00e9 <strong>120km\/h<\/strong> e, na cidade, durante at\u00e9 80% do seu trajeto. A bateria carrega-se sempre que trava ou desacelera, n\u00e3o tendo a necessidade de liga\u00e7\u00e3o a uma tomada el\u00e9trica. O que sai beneficiado com esta tecnologia? O <strong>meio ambiente e a sua carteira<\/strong>: com at\u00e9 40% de poupan\u00e7a em combust\u00edvel, \u00e9 poss\u00edvel conseguir consumos a partir de 4,6L\/100km.<\/p>\n<h2>A escolha inteligente<\/h2>\n<p>Oferecendo <strong>estilo, desempenho, conforto e seguran\u00e7a<\/strong>, o <a href=\"https:\/\/motorpor.pt\/en\/carros\/renault-austral\/\"><strong>Renault Austral<\/strong><\/a> \u00e9 um autom\u00f3vel bastante completo com recurso \u00e0 mais recente tecnologia dispon\u00edvel no segmento, sendo a escolha perfeita at\u00e9 para os<strong> condutores mais exigentes<\/strong>. Encontre o seu novo h\u00edbrido <a href=\"https:\/\/motorpor.pt\/en\/carros\/renault-austral\/\">aqui<\/a>.<\/p>","protected":false},"excerpt":{"rendered":"<p>Recentemente distinguido com o trof\u00e9u Volante de Cristal nas categorias \u201cCarro do Ano\u201d e \u201cH\u00edbrido do Ano\u201d, o novo Renault Austral \u00e9 um SUV que exibe um design moderno, elegante e que promete agradar aos condutores mais exigente. Voc\u00ea em primeiro lugar A nova linguagem estil\u00edstica da Renault presente no Austral, faz a sua presen\u00e7a [&hellip;]<\/p>\n","protected":false},"author":85,"featured_media":41512,"comment_status":"","ping_status":"open","sticky":false,"template":"","format":"standard","meta":{"_acf_changed":false,"footnotes":""},"categories":[2594,2592],"tags":[],"class_list":["post-41513","post","type-post","status-publish","format-standard","has-post-thumbnail","hentry","category-destaques","category-noticias"],"acf":[],"yoast_head":"<!-- This site is optimized with the Yoast SEO plugin v27.5 - https:\/\/yoast.com\/product\/yoast-seo-wordpress\/ -->\n<title>Renault Austral E-Tech full hybrid: Modelo Premiado com a Tecnologia mais avan\u00e7ada - Motorpor<\/title>\n<meta name=\"robots\" content=\"index, follow, max-snippet:-1, max-image-preview:large, max-video-preview:-1\" \/>\n<link rel=\"canonical\" href=\"https:\/\/motorpor.pt\/en\/renault-austral-e-tech-full-hybrid-modelo-premiado-com-a-tecnologia-mais-avancada\/\" \/>\n<meta property=\"og:locale\" content=\"en_US\" \/>\n<meta property=\"og:type\" content=\"article\" \/>\n<meta property=\"og:title\" content=\"Renault Austral E-Tech full hybrid: Modelo Premiado com a Tecnologia mais avan\u00e7ada - Motorpor\" \/>\n<meta property=\"og:description\" content=\"Recentemente distinguido com o trof\u00e9u Volante de Cristal nas categorias \u201cCarro do Ano\u201d e \u201cH\u00edbrido do Ano\u201d, o novo Renault Austral \u00e9 um SUV que exibe um design moderno, elegante e que promete agradar aos condutores mais exigente. Voc\u00ea em primeiro lugar A nova linguagem estil\u00edstica da Renault presente no Austral, faz a sua presen\u00e7a [&hellip;]\" \/>\n<meta property=\"og:url\" content=\"https:\/\/motorpor.pt\/en\/renault-austral-e-tech-full-hybrid-modelo-premiado-com-a-tecnologia-mais-avancada\/\" \/>\n<meta property=\"og:site_name\" content=\"Motorpor\" \/>\n<meta property=\"article:published_time\" content=\"2023-07-01T09:00:00+00:00\" \/>\n<meta property=\"og:image\" content=\"https:\/\/motorpor.pt\/wp-content\/uploads\/2023\/06\/b62f540667.webp\" \/>\n\t<meta property=\"og:image:width\" content=\"750\" \/>\n\t<meta property=\"og:image:height\" content=\"500\" \/>\n\t<meta property=\"og:image:type\" content=\"image\/webp\" \/>\n<meta name=\"author\" content=\"mktmotorpor\" \/>\n<meta name=\"twitter:card\" content=\"summary_large_image\" \/>\n<meta name=\"twitter:label1\" content=\"Written by\" \/>\n\t<meta name=\"twitter:data1\" content=\"mktmotorpor\" \/>\n\t<meta name=\"twitter:label2\" content=\"Est. reading time\" \/>\n\t<meta name=\"twitter:data2\" content=\"2 minutes\" \/>\n<script type=\"application\/ld+json\" class=\"yoast-schema-graph\">{\"@context\":\"https:\\\/\\\/schema.org\",\"@graph\":[{\"@type\":\"Article\",\"@id\":\"https:\\\/\\\/motorpor.pt\\\/renault-austral-e-tech-full-hybrid-modelo-premiado-com-a-tecnologia-mais-avancada\\\/#article\",\"isPartOf\":{\"@id\":\"https:\\\/\\\/motorpor.pt\\\/renault-austral-e-tech-full-hybrid-modelo-premiado-com-a-tecnologia-mais-avancada\\\/\"},\"author\":{\"name\":\"mktmotorpor\",\"@id\":\"https:\\\/\\\/motorpor.pt\\\/#\\\/schema\\\/person\\\/b4bf07144e88efed7388a5af30522db7\"},\"headline\":\"Renault Austral E-Tech full hybrid: Modelo Premiado com a Tecnologia mais avan\u00e7ada\",\"datePublished\":\"2023-07-01T09:00:00+00:00\",\"mainEntityOfPage\":{\"@id\":\"https:\\\/\\\/motorpor.pt\\\/renault-austral-e-tech-full-hybrid-modelo-premiado-com-a-tecnologia-mais-avancada\\\/\"},\"wordCount\":392,\"publisher\":{\"@id\":\"https:\\\/\\\/motorpor.pt\\\/#organization\"},\"image\":{\"@id\":\"https:\\\/\\\/motorpor.pt\\\/renault-austral-e-tech-full-hybrid-modelo-premiado-com-a-tecnologia-mais-avancada\\\/#primaryimage\"},\"thumbnailUrl\":\"https:\\\/\\\/motorpor.pt\\\/wp-content\\\/uploads\\\/2023\\\/06\\\/b62f540667.webp\",\"articleSection\":[\"Destaques\",\"Not\u00edcias\"],\"inLanguage\":\"en-US\"},{\"@type\":\"WebPage\",\"@id\":\"https:\\\/\\\/motorpor.pt\\\/renault-austral-e-tech-full-hybrid-modelo-premiado-com-a-tecnologia-mais-avancada\\\/\",\"url\":\"https:\\\/\\\/motorpor.pt\\\/renault-austral-e-tech-full-hybrid-modelo-premiado-com-a-tecnologia-mais-avancada\\\/\",\"name\":\"Renault Austral E-Tech full hybrid: Modelo Premiado com a Tecnologia mais avan\u00e7ada - Motorpor\",\"isPartOf\":{\"@id\":\"https:\\\/\\\/motorpor.pt\\\/#website\"},\"primaryImageOfPage\":{\"@id\":\"https:\\\/\\\/motorpor.pt\\\/renault-austral-e-tech-full-hybrid-modelo-premiado-com-a-tecnologia-mais-avancada\\\/#primaryimage\"},\"image\":{\"@id\":\"https:\\\/\\\/motorpor.pt\\\/renault-austral-e-tech-full-hybrid-modelo-premiado-com-a-tecnologia-mais-avancada\\\/#primaryimage\"},\"thumbnailUrl\":\"https:\\\/\\\/motorpor.pt\\\/wp-content\\\/uploads\\\/2023\\\/06\\\/b62f540667.webp\",\"datePublished\":\"2023-07-01T09:00:00+00:00\",\"breadcrumb\":{\"@id\":\"https:\\\/\\\/motorpor.pt\\\/renault-austral-e-tech-full-hybrid-modelo-premiado-com-a-tecnologia-mais-avancada\\\/#breadcrumb\"},\"inLanguage\":\"en-US\",\"potentialAction\":[{\"@type\":\"ReadAction\",\"target\":[\"https:\\\/\\\/motorpor.pt\\\/renault-austral-e-tech-full-hybrid-modelo-premiado-com-a-tecnologia-mais-avancada\\\/\"]}]},{\"@type\":\"ImageObject\",\"inLanguage\":\"en-US\",\"@id\":\"https:\\\/\\\/motorpor.pt\\\/renault-austral-e-tech-full-hybrid-modelo-premiado-com-a-tecnologia-mais-avancada\\\/#primaryimage\",\"url\":\"https:\\\/\\\/motorpor.pt\\\/wp-content\\\/uploads\\\/2023\\\/06\\\/b62f540667.webp\",\"contentUrl\":\"https:\\\/\\\/motorpor.pt\\\/wp-content\\\/uploads\\\/2023\\\/06\\\/b62f540667.webp\",\"width\":750,\"height\":500},{\"@type\":\"BreadcrumbList\",\"@id\":\"https:\\\/\\\/motorpor.pt\\\/renault-austral-e-tech-full-hybrid-modelo-premiado-com-a-tecnologia-mais-avancada\\\/#breadcrumb\",\"itemListElement\":[{\"@type\":\"ListItem\",\"position\":1,\"name\":\"In\u00edcio\",\"item\":\"https:\\\/\\\/motorpor.pt\\\/\"},{\"@type\":\"ListItem\",\"position\":2,\"name\":\"Renault Austral E-Tech full hybrid: Modelo Premiado com a Tecnologia mais avan\u00e7ada\"}]},{\"@type\":\"WebSite\",\"@id\":\"https:\\\/\\\/motorpor.pt\\\/#website\",\"url\":\"https:\\\/\\\/motorpor.pt\\\/\",\"name\":\"Motorpor\",\"description\":\"Comercio de Autom\u00f3veis Multimarcas\",\"publisher\":{\"@id\":\"https:\\\/\\\/motorpor.pt\\\/#organization\"},\"potentialAction\":[{\"@type\":\"SearchAction\",\"target\":{\"@type\":\"EntryPoint\",\"urlTemplate\":\"https:\\\/\\\/motorpor.pt\\\/?s={search_term_string}\"},\"query-input\":{\"@type\":\"PropertyValueSpecification\",\"valueRequired\":true,\"valueName\":\"search_term_string\"}}],\"inLanguage\":\"en-US\"},{\"@type\":\"Organization\",\"@id\":\"https:\\\/\\\/motorpor.pt\\\/#organization\",\"name\":\"Motorpor\",\"alternateName\":\"Motorpor\",\"url\":\"https:\\\/\\\/motorpor.pt\\\/\",\"logo\":{\"@type\":\"ImageObject\",\"inLanguage\":\"en-US\",\"@id\":\"https:\\\/\\\/motorpor.pt\\\/#\\\/schema\\\/logo\\\/image\\\/\",\"url\":\"https:\\\/\\\/motorpor.pt\\\/wp-content\\\/uploads\\\/2024\\\/07\\\/Logo-Motorpor-Preto.svg\",\"contentUrl\":\"https:\\\/\\\/motorpor.pt\\\/wp-content\\\/uploads\\\/2024\\\/07\\\/Logo-Motorpor-Preto.svg\",\"width\":493,\"height\":93,\"caption\":\"Motorpor\"},\"image\":{\"@id\":\"https:\\\/\\\/motorpor.pt\\\/#\\\/schema\\\/logo\\\/image\\\/\"},\"sameAs\":[\"https:\\\/\\\/www.linkedin.com\\\/company\\\/grupo-motorpor\"]},{\"@type\":\"Person\",\"@id\":\"https:\\\/\\\/motorpor.pt\\\/#\\\/schema\\\/person\\\/b4bf07144e88efed7388a5af30522db7\",\"name\":\"mktmotorpor\",\"image\":{\"@type\":\"ImageObject\",\"inLanguage\":\"en-US\",\"@id\":\"https:\\\/\\\/secure.gravatar.com\\\/avatar\\\/8418b61b3175dbba0a8744cf0ee6bb5c7a9f6c67f1dbc4f41a62d7b9738259a2?s=96&d=mm&r=g\",\"url\":\"https:\\\/\\\/secure.gravatar.com\\\/avatar\\\/8418b61b3175dbba0a8744cf0ee6bb5c7a9f6c67f1dbc4f41a62d7b9738259a2?s=96&d=mm&r=g\",\"contentUrl\":\"https:\\\/\\\/secure.gravatar.com\\\/avatar\\\/8418b61b3175dbba0a8744cf0ee6bb5c7a9f6c67f1dbc4f41a62d7b9738259a2?s=96&d=mm&r=g\",\"caption\":\"mktmotorpor\"},\"url\":\"https:\\\/\\\/motorpor.pt\\\/en\\\/user\\\/mktmotorpor\\\/\"}]}<\/script>\n<!-- \/ Yoast SEO plugin. -->","yoast_head_json":{"title":"Renault Austral E-Tech full hybrid: Modelo Premiado com a Tecnologia mais avan\u00e7ada - Motorpor","robots":{"index":"index","follow":"follow","max-snippet":"max-snippet:-1","max-image-preview":"max-image-preview:large","max-video-preview":"max-video-preview:-1"},"canonical":"https:\/\/motorpor.pt\/en\/renault-austral-e-tech-full-hybrid-modelo-premiado-com-a-tecnologia-mais-avancada\/","og_locale":"en_US","og_type":"article","og_title":"Renault Austral E-Tech full hybrid: Modelo Premiado com a Tecnologia mais avan\u00e7ada - Motorpor","og_description":"Recentemente distinguido com o trof\u00e9u Volante de Cristal nas categorias \u201cCarro do Ano\u201d e \u201cH\u00edbrido do Ano\u201d, o novo Renault Austral \u00e9 um SUV que exibe um design moderno, elegante e que promete agradar aos condutores mais exigente. Voc\u00ea em primeiro lugar A nova linguagem estil\u00edstica da Renault presente no Austral, faz a sua presen\u00e7a [&hellip;]","og_url":"https:\/\/motorpor.pt\/en\/renault-austral-e-tech-full-hybrid-modelo-premiado-com-a-tecnologia-mais-avancada\/","og_site_name":"Motorpor","article_published_time":"2023-07-01T09:00:00+00:00","og_image":[{"width":750,"height":500,"url":"https:\/\/motorpor.pt\/wp-content\/uploads\/2023\/06\/b62f540667.webp","type":"image\/webp"}],"author":"mktmotorpor","twitter_card":"summary_large_image","twitter_misc":{"Written by":"mktmotorpor","Est. reading time":"2 minutes"},"schema":{"@context":"https:\/\/schema.org","@graph":[{"@type":"Article","@id":"https:\/\/motorpor.pt\/renault-austral-e-tech-full-hybrid-modelo-premiado-com-a-tecnologia-mais-avancada\/#article","isPartOf":{"@id":"https:\/\/motorpor.pt\/renault-austral-e-tech-full-hybrid-modelo-premiado-com-a-tecnologia-mais-avancada\/"},"author":{"name":"mktmotorpor","@id":"https:\/\/motorpor.pt\/#\/schema\/person\/b4bf07144e88efed7388a5af30522db7"},"headline":"Renault Austral E-Tech full hybrid: Modelo Premiado com a Tecnologia mais avan\u00e7ada","datePublished":"2023-07-01T09:00:00+00:00","mainEntityOfPage":{"@id":"https:\/\/motorpor.pt\/renault-austral-e-tech-full-hybrid-modelo-premiado-com-a-tecnologia-mais-avancada\/"},"wordCount":392,"publisher":{"@id":"https:\/\/motorpor.pt\/#organization"},"image":{"@id":"https:\/\/motorpor.pt\/renault-austral-e-tech-full-hybrid-modelo-premiado-com-a-tecnologia-mais-avancada\/#primaryimage"},"thumbnailUrl":"https:\/\/motorpor.pt\/wp-content\/uploads\/2023\/06\/b62f540667.webp","articleSection":["Destaques","Not\u00edcias"],"inLanguage":"en-US"},{"@type":"WebPage","@id":"https:\/\/motorpor.pt\/renault-austral-e-tech-full-hybrid-modelo-premiado-com-a-tecnologia-mais-avancada\/","url":"https:\/\/motorpor.pt\/renault-austral-e-tech-full-hybrid-modelo-premiado-com-a-tecnologia-mais-avancada\/","name":"Renault Austral E-Tech full hybrid: Modelo Premiado com a Tecnologia mais avan\u00e7ada - Motorpor","isPartOf":{"@id":"https:\/\/motorpor.pt\/#website"},"primaryImageOfPage":{"@id":"https:\/\/motorpor.pt\/renault-austral-e-tech-full-hybrid-modelo-premiado-com-a-tecnologia-mais-avancada\/#primaryimage"},"image":{"@id":"https:\/\/motorpor.pt\/renault-austral-e-tech-full-hybrid-modelo-premiado-com-a-tecnologia-mais-avancada\/#primaryimage"},"thumbnailUrl":"https:\/\/motorpor.pt\/wp-content\/uploads\/2023\/06\/b62f540667.webp","datePublished":"2023-07-01T09:00:00+00:00","breadcrumb":{"@id":"https:\/\/motorpor.pt\/renault-austral-e-tech-full-hybrid-modelo-premiado-com-a-tecnologia-mais-avancada\/#breadcrumb"},"inLanguage":"en-US","potentialAction":[{"@type":"ReadAction","target":["https:\/\/motorpor.pt\/renault-austral-e-tech-full-hybrid-modelo-premiado-com-a-tecnologia-mais-avancada\/"]}]},{"@type":"ImageObject","inLanguage":"en-US","@id":"https:\/\/motorpor.pt\/renault-austral-e-tech-full-hybrid-modelo-premiado-com-a-tecnologia-mais-avancada\/#primaryimage","url":"https:\/\/motorpor.pt\/wp-content\/uploads\/2023\/06\/b62f540667.webp","contentUrl":"https:\/\/motorpor.pt\/wp-content\/uploads\/2023\/06\/b62f540667.webp","width":750,"height":500},{"@type":"BreadcrumbList","@id":"https:\/\/motorpor.pt\/renault-austral-e-tech-full-hybrid-modelo-premiado-com-a-tecnologia-mais-avancada\/#breadcrumb","itemListElement":[{"@type":"ListItem","position":1,"name":"In\u00edcio","item":"https:\/\/motorpor.pt\/"},{"@type":"ListItem","position":2,"name":"Renault Austral E-Tech full hybrid: Modelo Premiado com a Tecnologia mais avan\u00e7ada"}]},{"@type":"WebSite","@id":"https:\/\/motorpor.pt\/#website","url":"https:\/\/motorpor.pt\/","name":"motorpor","description":"Comercio de Autom\u00f3veis Multimarcas","publisher":{"@id":"https:\/\/motorpor.pt\/#organization"},"potentialAction":[{"@type":"SearchAction","target":{"@type":"EntryPoint","urlTemplate":"https:\/\/motorpor.pt\/?s={search_term_string}"},"query-input":{"@type":"PropertyValueSpecification","valueRequired":true,"valueName":"search_term_string"}}],"inLanguage":"en-US"},{"@type":"Organization","@id":"https:\/\/motorpor.pt\/#organization","name":"motorpor","alternateName":"Motorpor","url":"https:\/\/motorpor.pt\/","logo":{"@type":"ImageObject","inLanguage":"en-US","@id":"https:\/\/motorpor.pt\/#\/schema\/logo\/image\/","url":"https:\/\/motorpor.pt\/wp-content\/uploads\/2024\/07\/Logo-Motorpor-Preto.svg","contentUrl":"https:\/\/motorpor.pt\/wp-content\/uploads\/2024\/07\/Logo-Motorpor-Preto.svg","width":493,"height":93,"caption":"Motorpor"},"image":{"@id":"https:\/\/motorpor.pt\/#\/schema\/logo\/image\/"},"sameAs":["https:\/\/www.linkedin.com\/company\/grupo-motorpor"]},{"@type":"Person","@id":"https:\/\/motorpor.pt\/#\/schema\/person\/b4bf07144e88efed7388a5af30522db7","name":"mktmotorpor","image":{"@type":"ImageObject","inLanguage":"en-US","@id":"https:\/\/secure.gravatar.com\/avatar\/8418b61b3175dbba0a8744cf0ee6bb5c7a9f6c67f1dbc4f41a62d7b9738259a2?s=96&d=mm&r=g","url":"https:\/\/secure.gravatar.com\/avatar\/8418b61b3175dbba0a8744cf0ee6bb5c7a9f6c67f1dbc4f41a62d7b9738259a2?s=96&d=mm&r=g","contentUrl":"https:\/\/secure.gravatar.com\/avatar\/8418b61b3175dbba0a8744cf0ee6bb5c7a9f6c67f1dbc4f41a62d7b9738259a2?s=96&d=mm&r=g","caption":"mktmotorpor"},"url":"https:\/\/motorpor.pt\/en\/user\/mktmotorpor\/"}]}},"_links":{"self":[{"href":"https:\/\/motorpor.pt\/en\/wp-json\/wp\/v2\/posts\/41513","targetHints":{"allow":["GET"]}}],"collection":[{"href":"https:\/\/motorpor.pt\/en\/wp-json\/wp\/v2\/posts"}],"about":[{"href":"https:\/\/motorpor.pt\/en\/wp-json\/wp\/v2\/types\/post"}],"author":[{"embeddable":true,"href":"https:\/\/motorpor.pt\/en\/wp-json\/wp\/v2\/users\/85"}],"replies":[{"embeddable":true,"href":"https:\/\/motorpor.pt\/en\/wp-json\/wp\/v2\/comments?post=41513"}],"version-history":[{"count":0,"href":"https:\/\/motorpor.pt\/en\/wp-json\/wp\/v2\/posts\/41513\/revisions"}],"wp:featuredmedia":[{"embeddable":true,"href":"https:\/\/motorpor.pt\/en\/wp-json\/wp\/v2\/media\/41512"}],"wp:attachment":[{"href":"https:\/\/motorpor.pt\/en\/wp-json\/wp\/v2\/media?parent=41513"}],"wp:term":[{"taxonomy":"category","embeddable":true,"href":"https:\/\/motorpor.pt\/en\/wp-json\/wp\/v2\/categories?post=41513"},{"taxonomy":"post_tag","embeddable":true,"href":"https:\/\/motorpor.pt\/en\/wp-json\/wp\/v2\/tags?post=41513"}],"curies":[{"name":"wp","href":"https:\/\/api.w.org\/{rel}","templated":true}]}}