{"id":74921,"date":"2024-01-09T10:40:35","date_gmt":"2024-01-09T09:40:35","guid":{"rendered":"https:\/\/motorpor.pt\/opel-vantagem-retoma-ate-5-500e\/"},"modified":"2024-01-09T10:55:05","modified_gmt":"2024-01-09T09:55:05","slug":"opel-vantagem-retoma-ate-5-500e","status":"publish","type":"post","link":"https:\/\/motorpor.pt\/en\/opel-vantagem-retoma-ate-5-500e\/","title":{"rendered":"Opel: Vantagem Retoma at\u00e9 5.500\u20ac"},"content":{"rendered":"<h2><strong>Ano Novo, Opel Novo!<\/strong><\/h2>\n<p>\u00a0<\/p>\n<p>D\u00ea as boas-vindas ao novo ano com um toque de eleg\u00e2ncia ao trocar o seu carro antigo por um novo <a href=\"https:\/\/motorpor.pt\/en\/opel\/\"><strong>Opel<\/strong><\/a>. A Opel est\u00e1 a oferecer oportunidades exclusivas at\u00e9 ao final de janeiro.<\/p>\n<p>Andas de olho no novo Mokka Electric ou em outro modelo <a href=\"https:\/\/motorpor.pt\/en\/opel\/\"><strong>Opel<\/strong><\/a>? Ent\u00e3o descobre o que temos para ti at\u00e9 ao final do m\u00eas.<\/p>\n<p>\u00a0<\/p>\n<p><img fetchpriority=\"high\" decoding=\"async\" class=\"alignnone wp-image-74920\" src=\"https:\/\/motorpor.pt\/wp-content\/uploads\/2024\/01\/opel1-300x169.png\" alt=\"\" width=\"357\" height=\"201\" srcset=\"https:\/\/motorpor.pt\/wp-content\/uploads\/2024\/01\/opel1-300x169.png 300w, https:\/\/motorpor.pt\/wp-content\/uploads\/2024\/01\/opel1-1024x576.png 1024w, https:\/\/motorpor.pt\/wp-content\/uploads\/2024\/01\/opel1-768x432.png 768w, https:\/\/motorpor.pt\/wp-content\/uploads\/2024\/01\/opel1-1536x864.png 1536w, https:\/\/motorpor.pt\/wp-content\/uploads\/2024\/01\/opel1-18x10.png 18w, https:\/\/motorpor.pt\/wp-content\/uploads\/2024\/01\/opel1-167x93.png 167w, https:\/\/motorpor.pt\/wp-content\/uploads\/2024\/01\/opel1-165x93.png 165w, https:\/\/motorpor.pt\/wp-content\/uploads\/2024\/01\/opel1.png 1920w\" sizes=\"(max-width: 357px) 100vw, 357px\" \/><\/p>\n<p>\u00a0<\/p>\n<h2><strong>Valorizamos a sua retoma em at\u00e9 5.500 \u20ac*<\/strong><\/h2>\n<p>\u00a0<\/p>\n<p>Valoriza\u00e7\u00e3o adicional na retoma\u00a0<b>at\u00e9 5.500\u20ac <\/b>com <span class=\"font-light\">TAEG de 8.7%<\/span><\/p>\n<p>\u00a0<\/p>\n<h2><strong>Pronto para entrar a bordo?<\/strong><\/h2>\n<p>\u00a0<\/p>\n<p>Oferta exclusiva s\u00f3 at\u00e9 31 de janeiro.<\/p>\n<div class=\"q-modal-content\">\n<div class=\"aem-Grid aem-Grid--12 aem-Grid--default--12\">\n<div class=\"grid_builder_v2 grid_builder aem-GridColumn aem-GridColumn--default--12\">\n<div class=\"q-grid-container q-margin-large\">\n<div class=\"row\">\n<div class=\"small-12 columns\">\n<div class=\"aem-Grid aem-Grid--12 aem-Grid--default--12\">\n<div class=\"headline_text_v2 headline_text aem-GridColumn aem-GridColumn--default--12\">\n<div class=\"q-mod q-mod-headline-text q-headline-text q-ht-stacked q-btn-bottom q-ht-expander-margin-none\">\n<div class=\"q-headline-container flexbox-container\">\n<div class=\"ht-content q-ht-paragraph flex-item q-rte-container\">\n<div><span class=\"font-11\"><span class=\"font-light\">*A campanha implica a entrega de um ve\u00edculo para retoma e contrato de financiamento com Santander Consumer Services SA. O valor da retoma apresentado aplica-se a viaturas selecionadas. Exemplo para contrato de cr\u00e9dito autom\u00f3vel com reserva de propriedade para 48 meses \/ 40.000 km, exemplo para Astra 5P GS 1.6T PHEV 180cv CAE8, PVPR de 46.977,50\u20ac, PVP campanha de 41.477,50\u20ac, inclui DLTP, pintura metalizada, entrada inicial de 10.369\u20ac, montante financiado de 31.108,13\u20ac, 47 presta\u00e7\u00f5es de 332\u20ac, presta\u00e7\u00e3o final de 23.321,75\u20ac, taxa fixa, TAN de 6,700% e TAEG de 8,7% para um MTIC de 40.095,44\u20ac. Inclui 4,16\u20ac de comiss\u00e3o de gest\u00e3o. Acresce comiss\u00e3o de abertura de contrato de 550\u20ac, de reconhecimento e envio da declara\u00e7\u00e3o de extin\u00e7\u00e3o de reserva de 75\u20ac. Condi\u00e7\u00f5es v\u00e1lidas at\u00e9 31 de Janeiro de 2024, nos Concession\u00e1rios Opel Aderentes. Imagens n\u00e3o contratuais. Sabe mais em opel.pt ou contacta o teu concession\u00e1rio.\u00a0 A Stellantis Portugal, S.A. registada no Banco de Portugal sob o n\u00ba 6803 como intermedi\u00e1rio de cr\u00e9dito a t\u00edtulo acess\u00f3rio, actua sem caracter de exclusividade do Santander Consumer Finance S.A., Sucursal em Portugal. Informe-se no Santander Consumer Finance S.A., suc.em Portugal. Imagem n\u00e3o contratual.Consumo de combust\u00edvel combinado (0\u20136,7 l\/km); Emiss\u00f5es de CO2 combinadas (0-152 g\/km); Consumo de energia el\u00e9trica combinado (13,7\u201327,3 kWh\/100 km); autonomia el\u00e9trica combinada (55-418 km). De acordo com a metodologia de procedimento de teste WLTP R (CE) n.\u00ba 715\/2007, R (UE) n.\u00ba 2017\/1153 e R (UE) n.\u00ba 2017\/1151. Sabe mais em opel.pt ou contacta o teu concession\u00e1rio.<\/span><\/span><\/div>\n<\/div>\n<\/div>\n<\/div>\n<\/div>\n<\/div>\n<\/div>\n<\/div>\n<\/div>\n<\/div>\n<\/div>\n<\/div>","protected":false},"excerpt":{"rendered":"<p>Ano Novo, Opel Novo! \u00a0 D\u00ea as boas-vindas ao novo ano com um toque de eleg\u00e2ncia ao trocar o seu carro antigo por um novo Opel. A Opel est\u00e1 a oferecer oportunidades exclusivas at\u00e9 ao final de janeiro. Andas de olho no novo Mokka Electric ou em outro modelo Opel? Ent\u00e3o descobre o que temos [&hellip;]<\/p>\n","protected":false},"author":85,"featured_media":74919,"comment_status":"closed","ping_status":"open","sticky":false,"template":"","format":"standard","meta":{"_acf_changed":false,"footnotes":""},"categories":[2495,2584,2998],"tags":[],"class_list":["post-74921","post","type-post","status-publish","format-standard","has-post-thumbnail","hentry","category-campanhas","category-novos","category-opel"],"acf":[],"yoast_head":"<!-- This site is optimized with the Yoast SEO plugin v27.5 - https:\/\/yoast.com\/product\/yoast-seo-wordpress\/ -->\n<title>Opel: Vantagem Retoma at\u00e9 5.500\u20ac - Motorpor<\/title>\n<meta name=\"robots\" content=\"index, follow, max-snippet:-1, max-image-preview:large, max-video-preview:-1\" \/>\n<link rel=\"canonical\" href=\"https:\/\/motorpor.pt\/en\/opel-vantagem-retoma-ate-5-500e\/\" \/>\n<meta property=\"og:locale\" content=\"en_US\" \/>\n<meta property=\"og:type\" content=\"article\" \/>\n<meta property=\"og:title\" content=\"Opel: Vantagem Retoma at\u00e9 5.500\u20ac - Motorpor\" \/>\n<meta property=\"og:description\" content=\"Ano Novo, Opel Novo! \u00a0 D\u00ea as boas-vindas ao novo ano com um toque de eleg\u00e2ncia ao trocar o seu carro antigo por um novo Opel. A Opel est\u00e1 a oferecer oportunidades exclusivas at\u00e9 ao final de janeiro. Andas de olho no novo Mokka Electric ou em outro modelo Opel? Ent\u00e3o descobre o que temos [&hellip;]\" \/>\n<meta property=\"og:url\" content=\"https:\/\/motorpor.pt\/en\/opel-vantagem-retoma-ate-5-500e\/\" \/>\n<meta property=\"og:site_name\" content=\"Motorpor\" \/>\n<meta property=\"article:published_time\" content=\"2024-01-09T09:40:35+00:00\" \/>\n<meta property=\"article:modified_time\" content=\"2024-01-09T09:55:05+00:00\" \/>\n<meta property=\"og:image\" content=\"https:\/\/motorpor.pt\/wp-content\/uploads\/2024\/01\/opel2-1-1.png\" \/>\n\t<meta property=\"og:image:width\" content=\"1920\" \/>\n\t<meta property=\"og:image:height\" content=\"1080\" \/>\n\t<meta property=\"og:image:type\" content=\"image\/png\" \/>\n<meta name=\"author\" content=\"mktmotorpor\" \/>\n<meta name=\"twitter:card\" content=\"summary_large_image\" \/>\n<meta name=\"twitter:label1\" content=\"Written by\" \/>\n\t<meta name=\"twitter:data1\" content=\"mktmotorpor\" \/>\n\t<meta name=\"twitter:label2\" content=\"Est. reading time\" \/>\n\t<meta name=\"twitter:data2\" content=\"2 minutes\" \/>\n<script type=\"application\/ld+json\" class=\"yoast-schema-graph\">{\"@context\":\"https:\\\/\\\/schema.org\",\"@graph\":[{\"@type\":\"Article\",\"@id\":\"https:\\\/\\\/motorpor.pt\\\/opel-vantagem-retoma-ate-5-500e\\\/#article\",\"isPartOf\":{\"@id\":\"https:\\\/\\\/motorpor.pt\\\/opel-vantagem-retoma-ate-5-500e\\\/\"},\"author\":{\"name\":\"mktmotorpor\",\"@id\":\"https:\\\/\\\/motorpor.pt\\\/#\\\/schema\\\/person\\\/b4bf07144e88efed7388a5af30522db7\"},\"headline\":\"Opel: Vantagem Retoma at\u00e9 5.500\u20ac\",\"datePublished\":\"2024-01-09T09:40:35+00:00\",\"dateModified\":\"2024-01-09T09:55:05+00:00\",\"mainEntityOfPage\":{\"@id\":\"https:\\\/\\\/motorpor.pt\\\/opel-vantagem-retoma-ate-5-500e\\\/\"},\"wordCount\":348,\"publisher\":{\"@id\":\"https:\\\/\\\/motorpor.pt\\\/#organization\"},\"image\":{\"@id\":\"https:\\\/\\\/motorpor.pt\\\/opel-vantagem-retoma-ate-5-500e\\\/#primaryimage\"},\"thumbnailUrl\":\"https:\\\/\\\/motorpor.pt\\\/wp-content\\\/uploads\\\/2024\\\/01\\\/opel2-1-1.png\",\"articleSection\":[\"Campanhas\",\"Novos\",\"Opel\"],\"inLanguage\":\"en-US\"},{\"@type\":\"WebPage\",\"@id\":\"https:\\\/\\\/motorpor.pt\\\/opel-vantagem-retoma-ate-5-500e\\\/\",\"url\":\"https:\\\/\\\/motorpor.pt\\\/opel-vantagem-retoma-ate-5-500e\\\/\",\"name\":\"Opel: Vantagem Retoma at\u00e9 5.500\u20ac - Motorpor\",\"isPartOf\":{\"@id\":\"https:\\\/\\\/motorpor.pt\\\/#website\"},\"primaryImageOfPage\":{\"@id\":\"https:\\\/\\\/motorpor.pt\\\/opel-vantagem-retoma-ate-5-500e\\\/#primaryimage\"},\"image\":{\"@id\":\"https:\\\/\\\/motorpor.pt\\\/opel-vantagem-retoma-ate-5-500e\\\/#primaryimage\"},\"thumbnailUrl\":\"https:\\\/\\\/motorpor.pt\\\/wp-content\\\/uploads\\\/2024\\\/01\\\/opel2-1-1.png\",\"datePublished\":\"2024-01-09T09:40:35+00:00\",\"dateModified\":\"2024-01-09T09:55:05+00:00\",\"breadcrumb\":{\"@id\":\"https:\\\/\\\/motorpor.pt\\\/opel-vantagem-retoma-ate-5-500e\\\/#breadcrumb\"},\"inLanguage\":\"en-US\",\"potentialAction\":[{\"@type\":\"ReadAction\",\"target\":[\"https:\\\/\\\/motorpor.pt\\\/opel-vantagem-retoma-ate-5-500e\\\/\"]}]},{\"@type\":\"ImageObject\",\"inLanguage\":\"en-US\",\"@id\":\"https:\\\/\\\/motorpor.pt\\\/opel-vantagem-retoma-ate-5-500e\\\/#primaryimage\",\"url\":\"https:\\\/\\\/motorpor.pt\\\/wp-content\\\/uploads\\\/2024\\\/01\\\/opel2-1-1.png\",\"contentUrl\":\"https:\\\/\\\/motorpor.pt\\\/wp-content\\\/uploads\\\/2024\\\/01\\\/opel2-1-1.png\",\"width\":1920,\"height\":1080},{\"@type\":\"BreadcrumbList\",\"@id\":\"https:\\\/\\\/motorpor.pt\\\/opel-vantagem-retoma-ate-5-500e\\\/#breadcrumb\",\"itemListElement\":[{\"@type\":\"ListItem\",\"position\":1,\"name\":\"In\u00edcio\",\"item\":\"https:\\\/\\\/motorpor.pt\\\/\"},{\"@type\":\"ListItem\",\"position\":2,\"name\":\"Opel: Vantagem Retoma at\u00e9 5.500\u20ac\"}]},{\"@type\":\"WebSite\",\"@id\":\"https:\\\/\\\/motorpor.pt\\\/#website\",\"url\":\"https:\\\/\\\/motorpor.pt\\\/\",\"name\":\"Motorpor\",\"description\":\"Comercio de Autom\u00f3veis Multimarcas\",\"publisher\":{\"@id\":\"https:\\\/\\\/motorpor.pt\\\/#organization\"},\"potentialAction\":[{\"@type\":\"SearchAction\",\"target\":{\"@type\":\"EntryPoint\",\"urlTemplate\":\"https:\\\/\\\/motorpor.pt\\\/?s={search_term_string}\"},\"query-input\":{\"@type\":\"PropertyValueSpecification\",\"valueRequired\":true,\"valueName\":\"search_term_string\"}}],\"inLanguage\":\"en-US\"},{\"@type\":\"Organization\",\"@id\":\"https:\\\/\\\/motorpor.pt\\\/#organization\",\"name\":\"Motorpor\",\"alternateName\":\"Motorpor\",\"url\":\"https:\\\/\\\/motorpor.pt\\\/\",\"logo\":{\"@type\":\"ImageObject\",\"inLanguage\":\"en-US\",\"@id\":\"https:\\\/\\\/motorpor.pt\\\/#\\\/schema\\\/logo\\\/image\\\/\",\"url\":\"https:\\\/\\\/motorpor.pt\\\/wp-content\\\/uploads\\\/2024\\\/07\\\/Logo-Motorpor-Preto.svg\",\"contentUrl\":\"https:\\\/\\\/motorpor.pt\\\/wp-content\\\/uploads\\\/2024\\\/07\\\/Logo-Motorpor-Preto.svg\",\"width\":493,\"height\":93,\"caption\":\"Motorpor\"},\"image\":{\"@id\":\"https:\\\/\\\/motorpor.pt\\\/#\\\/schema\\\/logo\\\/image\\\/\"},\"sameAs\":[\"https:\\\/\\\/www.linkedin.com\\\/company\\\/grupo-motorpor\"]},{\"@type\":\"Person\",\"@id\":\"https:\\\/\\\/motorpor.pt\\\/#\\\/schema\\\/person\\\/b4bf07144e88efed7388a5af30522db7\",\"name\":\"mktmotorpor\",\"image\":{\"@type\":\"ImageObject\",\"inLanguage\":\"en-US\",\"@id\":\"https:\\\/\\\/secure.gravatar.com\\\/avatar\\\/8418b61b3175dbba0a8744cf0ee6bb5c7a9f6c67f1dbc4f41a62d7b9738259a2?s=96&d=mm&r=g\",\"url\":\"https:\\\/\\\/secure.gravatar.com\\\/avatar\\\/8418b61b3175dbba0a8744cf0ee6bb5c7a9f6c67f1dbc4f41a62d7b9738259a2?s=96&d=mm&r=g\",\"contentUrl\":\"https:\\\/\\\/secure.gravatar.com\\\/avatar\\\/8418b61b3175dbba0a8744cf0ee6bb5c7a9f6c67f1dbc4f41a62d7b9738259a2?s=96&d=mm&r=g\",\"caption\":\"mktmotorpor\"},\"url\":\"https:\\\/\\\/motorpor.pt\\\/en\\\/user\\\/mktmotorpor\\\/\"}]}<\/script>\n<!-- \/ Yoast SEO plugin. -->","yoast_head_json":{"title":"Opel: Vantagem Retoma at\u00e9 5.500\u20ac - Motorpor","robots":{"index":"index","follow":"follow","max-snippet":"max-snippet:-1","max-image-preview":"max-image-preview:large","max-video-preview":"max-video-preview:-1"},"canonical":"https:\/\/motorpor.pt\/en\/opel-vantagem-retoma-ate-5-500e\/","og_locale":"en_US","og_type":"article","og_title":"Opel: Vantagem Retoma at\u00e9 5.500\u20ac - Motorpor","og_description":"Ano Novo, Opel Novo! \u00a0 D\u00ea as boas-vindas ao novo ano com um toque de eleg\u00e2ncia ao trocar o seu carro antigo por um novo Opel. A Opel est\u00e1 a oferecer oportunidades exclusivas at\u00e9 ao final de janeiro. Andas de olho no novo Mokka Electric ou em outro modelo Opel? Ent\u00e3o descobre o que temos [&hellip;]","og_url":"https:\/\/motorpor.pt\/en\/opel-vantagem-retoma-ate-5-500e\/","og_site_name":"Motorpor","article_published_time":"2024-01-09T09:40:35+00:00","article_modified_time":"2024-01-09T09:55:05+00:00","og_image":[{"width":1920,"height":1080,"url":"https:\/\/motorpor.pt\/wp-content\/uploads\/2024\/01\/opel2-1-1.png","type":"image\/png"}],"author":"mktmotorpor","twitter_card":"summary_large_image","twitter_misc":{"Written by":"mktmotorpor","Est. reading time":"2 minutes"},"schema":{"@context":"https:\/\/schema.org","@graph":[{"@type":"Article","@id":"https:\/\/motorpor.pt\/opel-vantagem-retoma-ate-5-500e\/#article","isPartOf":{"@id":"https:\/\/motorpor.pt\/opel-vantagem-retoma-ate-5-500e\/"},"author":{"name":"mktmotorpor","@id":"https:\/\/motorpor.pt\/#\/schema\/person\/b4bf07144e88efed7388a5af30522db7"},"headline":"Opel: Vantagem Retoma at\u00e9 5.500\u20ac","datePublished":"2024-01-09T09:40:35+00:00","dateModified":"2024-01-09T09:55:05+00:00","mainEntityOfPage":{"@id":"https:\/\/motorpor.pt\/opel-vantagem-retoma-ate-5-500e\/"},"wordCount":348,"publisher":{"@id":"https:\/\/motorpor.pt\/#organization"},"image":{"@id":"https:\/\/motorpor.pt\/opel-vantagem-retoma-ate-5-500e\/#primaryimage"},"thumbnailUrl":"https:\/\/motorpor.pt\/wp-content\/uploads\/2024\/01\/opel2-1-1.png","articleSection":["Campanhas","Novos","Opel"],"inLanguage":"en-US"},{"@type":"WebPage","@id":"https:\/\/motorpor.pt\/opel-vantagem-retoma-ate-5-500e\/","url":"https:\/\/motorpor.pt\/opel-vantagem-retoma-ate-5-500e\/","name":"Opel: Vantagem Retoma at\u00e9 5.500\u20ac - Motorpor","isPartOf":{"@id":"https:\/\/motorpor.pt\/#website"},"primaryImageOfPage":{"@id":"https:\/\/motorpor.pt\/opel-vantagem-retoma-ate-5-500e\/#primaryimage"},"image":{"@id":"https:\/\/motorpor.pt\/opel-vantagem-retoma-ate-5-500e\/#primaryimage"},"thumbnailUrl":"https:\/\/motorpor.pt\/wp-content\/uploads\/2024\/01\/opel2-1-1.png","datePublished":"2024-01-09T09:40:35+00:00","dateModified":"2024-01-09T09:55:05+00:00","breadcrumb":{"@id":"https:\/\/motorpor.pt\/opel-vantagem-retoma-ate-5-500e\/#breadcrumb"},"inLanguage":"en-US","potentialAction":[{"@type":"ReadAction","target":["https:\/\/motorpor.pt\/opel-vantagem-retoma-ate-5-500e\/"]}]},{"@type":"ImageObject","inLanguage":"en-US","@id":"https:\/\/motorpor.pt\/opel-vantagem-retoma-ate-5-500e\/#primaryimage","url":"https:\/\/motorpor.pt\/wp-content\/uploads\/2024\/01\/opel2-1-1.png","contentUrl":"https:\/\/motorpor.pt\/wp-content\/uploads\/2024\/01\/opel2-1-1.png","width":1920,"height":1080},{"@type":"BreadcrumbList","@id":"https:\/\/motorpor.pt\/opel-vantagem-retoma-ate-5-500e\/#breadcrumb","itemListElement":[{"@type":"ListItem","position":1,"name":"In\u00edcio","item":"https:\/\/motorpor.pt\/"},{"@type":"ListItem","position":2,"name":"Opel: Vantagem Retoma at\u00e9 5.500\u20ac"}]},{"@type":"WebSite","@id":"https:\/\/motorpor.pt\/#website","url":"https:\/\/motorpor.pt\/","name":"motorpor","description":"Comercio de Autom\u00f3veis Multimarcas","publisher":{"@id":"https:\/\/motorpor.pt\/#organization"},"potentialAction":[{"@type":"SearchAction","target":{"@type":"EntryPoint","urlTemplate":"https:\/\/motorpor.pt\/?s={search_term_string}"},"query-input":{"@type":"PropertyValueSpecification","valueRequired":true,"valueName":"search_term_string"}}],"inLanguage":"en-US"},{"@type":"Organization","@id":"https:\/\/motorpor.pt\/#organization","name":"motorpor","alternateName":"Motorpor","url":"https:\/\/motorpor.pt\/","logo":{"@type":"ImageObject","inLanguage":"en-US","@id":"https:\/\/motorpor.pt\/#\/schema\/logo\/image\/","url":"https:\/\/motorpor.pt\/wp-content\/uploads\/2024\/07\/Logo-Motorpor-Preto.svg","contentUrl":"https:\/\/motorpor.pt\/wp-content\/uploads\/2024\/07\/Logo-Motorpor-Preto.svg","width":493,"height":93,"caption":"Motorpor"},"image":{"@id":"https:\/\/motorpor.pt\/#\/schema\/logo\/image\/"},"sameAs":["https:\/\/www.linkedin.com\/company\/grupo-motorpor"]},{"@type":"Person","@id":"https:\/\/motorpor.pt\/#\/schema\/person\/b4bf07144e88efed7388a5af30522db7","name":"mktmotorpor","image":{"@type":"ImageObject","inLanguage":"en-US","@id":"https:\/\/secure.gravatar.com\/avatar\/8418b61b3175dbba0a8744cf0ee6bb5c7a9f6c67f1dbc4f41a62d7b9738259a2?s=96&d=mm&r=g","url":"https:\/\/secure.gravatar.com\/avatar\/8418b61b3175dbba0a8744cf0ee6bb5c7a9f6c67f1dbc4f41a62d7b9738259a2?s=96&d=mm&r=g","contentUrl":"https:\/\/secure.gravatar.com\/avatar\/8418b61b3175dbba0a8744cf0ee6bb5c7a9f6c67f1dbc4f41a62d7b9738259a2?s=96&d=mm&r=g","caption":"mktmotorpor"},"url":"https:\/\/motorpor.pt\/en\/user\/mktmotorpor\/"}]}},"_links":{"self":[{"href":"https:\/\/motorpor.pt\/en\/wp-json\/wp\/v2\/posts\/74921","targetHints":{"allow":["GET"]}}],"collection":[{"href":"https:\/\/motorpor.pt\/en\/wp-json\/wp\/v2\/posts"}],"about":[{"href":"https:\/\/motorpor.pt\/en\/wp-json\/wp\/v2\/types\/post"}],"author":[{"embeddable":true,"href":"https:\/\/motorpor.pt\/en\/wp-json\/wp\/v2\/users\/85"}],"replies":[{"embeddable":true,"href":"https:\/\/motorpor.pt\/en\/wp-json\/wp\/v2\/comments?post=74921"}],"version-history":[{"count":1,"href":"https:\/\/motorpor.pt\/en\/wp-json\/wp\/v2\/posts\/74921\/revisions"}],"predecessor-version":[{"id":74923,"href":"https:\/\/motorpor.pt\/en\/wp-json\/wp\/v2\/posts\/74921\/revisions\/74923"}],"wp:featuredmedia":[{"embeddable":true,"href":"https:\/\/motorpor.pt\/en\/wp-json\/wp\/v2\/media\/74919"}],"wp:attachment":[{"href":"https:\/\/motorpor.pt\/en\/wp-json\/wp\/v2\/media?parent=74921"}],"wp:term":[{"taxonomy":"category","embeddable":true,"href":"https:\/\/motorpor.pt\/en\/wp-json\/wp\/v2\/categories?post=74921"},{"taxonomy":"post_tag","embeddable":true,"href":"https:\/\/motorpor.pt\/en\/wp-json\/wp\/v2\/tags?post=74921"}],"curies":[{"name":"wp","href":"https:\/\/api.w.org\/{rel}","templated":true}]}}