{"id":75622,"date":"2024-01-10T00:00:00","date_gmt":"2024-01-23T11:04:19","guid":{"rendered":"https:\/\/motorpor.pt\/?p=75622"},"modified":"2024-01-23T18:27:31","modified_gmt":"2024-01-23T17:27:31","slug":"revelados-novos-detalhes-do-renault-5-e-tech-100-eletrico","status":"publish","type":"post","link":"https:\/\/motorpor.pt\/en\/revelados-novos-detalhes-do-renault-5-e-tech-100-eletrico\/","title":{"rendered":"Renault 5 E-Tech\u00a0 100% El\u00e9trico: novidades em cada detalhe"},"content":{"rendered":"<h5>Estamos cada vez mais perto do lan\u00e7amento mundial do novo Renault 100% El\u00e9trico<\/h5>\n<p>O Sal\u00e3o Internacional do Autom\u00f3vel de Genebra, vai ser palco do lan\u00e7amento do novo <a href=\"https:\/\/motorpor.pt\/en\/novos\/renault\/\">Renault<\/a> 5 E-Tech 100% el\u00e9trico, no dia 26 de fevereiro. Com o aproximar da data os apaixonados da marca ficam cada vez mais entusiasmados, at\u00e9 porque, as novidades n\u00e3o param de surgir.<\/p>\n<div id='gallery-1' class='gallery galleryid-75622 gallery-columns-3 gallery-size-full'><figure class='gallery-item'>\n\t\t\t<div class='gallery-icon landscape'>\n\t\t\t\t<a href='https:\/\/motorpor.pt\/en\/farois_1701335506\/'><img fetchpriority=\"high\" decoding=\"async\" width=\"786\" height=\"442\" src=\"https:\/\/motorpor.pt\/wp-content\/uploads\/2024\/01\/Farois_1701335506.jpeg\" class=\"attachment-full size-full\" alt=\"\" srcset=\"https:\/\/motorpor.pt\/wp-content\/uploads\/2024\/01\/Farois_1701335506.jpeg 786w, https:\/\/motorpor.pt\/wp-content\/uploads\/2024\/01\/Farois_1701335506-300x169.jpeg 300w, https:\/\/motorpor.pt\/wp-content\/uploads\/2024\/01\/Farois_1701335506-768x432.jpeg 768w, https:\/\/motorpor.pt\/wp-content\/uploads\/2024\/01\/Farois_1701335506-18x10.jpeg 18w, https:\/\/motorpor.pt\/wp-content\/uploads\/2024\/01\/Farois_1701335506-167x93.jpeg 167w, https:\/\/motorpor.pt\/wp-content\/uploads\/2024\/01\/Farois_1701335506-165x93.jpeg 165w\" sizes=\"(max-width: 786px) 100vw, 786px\" \/><\/a>\n\t\t\t<\/div><\/figure><figure class='gallery-item'>\n\t\t\t<div class='gallery-icon landscape'>\n\t\t\t\t<a href='https:\/\/motorpor.pt\/en\/capo%cc%82_1701334803\/'><img decoding=\"async\" width=\"783\" height=\"441\" src=\"https:\/\/motorpor.pt\/wp-content\/uploads\/2024\/01\/Capo_1701334803.jpeg\" class=\"attachment-full size-full\" alt=\"\" srcset=\"https:\/\/motorpor.pt\/wp-content\/uploads\/2024\/01\/Capo_1701334803.jpeg 783w, https:\/\/motorpor.pt\/wp-content\/uploads\/2024\/01\/Capo_1701334803-300x169.jpeg 300w, https:\/\/motorpor.pt\/wp-content\/uploads\/2024\/01\/Capo_1701334803-768x433.jpeg 768w, https:\/\/motorpor.pt\/wp-content\/uploads\/2024\/01\/Capo_1701334803-18x10.jpeg 18w, https:\/\/motorpor.pt\/wp-content\/uploads\/2024\/01\/Capo_1701334803-167x93.jpeg 167w, https:\/\/motorpor.pt\/wp-content\/uploads\/2024\/01\/Capo_1701334803-165x93.jpeg 165w\" sizes=\"(max-width: 783px) 100vw, 783px\" \/><\/a>\n\t\t\t<\/div><\/figure><figure class='gallery-item'>\n\t\t\t<div class='gallery-icon landscape'>\n\t\t\t\t<a href='https:\/\/motorpor.pt\/en\/cavas_das_rodas_1701334882\/'><img decoding=\"async\" width=\"776\" height=\"437\" src=\"https:\/\/motorpor.pt\/wp-content\/uploads\/2024\/01\/Cavas_das_Rodas_1701334882.jpeg\" class=\"attachment-full size-full\" alt=\"\" srcset=\"https:\/\/motorpor.pt\/wp-content\/uploads\/2024\/01\/Cavas_das_Rodas_1701334882.jpeg 776w, https:\/\/motorpor.pt\/wp-content\/uploads\/2024\/01\/Cavas_das_Rodas_1701334882-300x169.jpeg 300w, https:\/\/motorpor.pt\/wp-content\/uploads\/2024\/01\/Cavas_das_Rodas_1701334882-768x432.jpeg 768w, https:\/\/motorpor.pt\/wp-content\/uploads\/2024\/01\/Cavas_das_Rodas_1701334882-18x10.jpeg 18w, https:\/\/motorpor.pt\/wp-content\/uploads\/2024\/01\/Cavas_das_Rodas_1701334882-167x93.jpeg 167w, https:\/\/motorpor.pt\/wp-content\/uploads\/2024\/01\/Cavas_das_Rodas_1701334882-165x93.jpeg 165w\" sizes=\"(max-width: 776px) 100vw, 776px\" \/><\/a>\n\t\t\t<\/div><\/figure>\n\t\t<\/div>\n\n<p>Os far\u00f3is do R5 s\u00e3o uma caracter\u00edstica-chave no design, tornando a frente instantaneamente reconhec\u00edvel. No cap\u00f4, a entrada de ar foi substitu\u00edda por uma luz indicadora de recarga, formando o ic\u00f3nico n\u00famero &#8220;5&#8221;, esta \u00e9 uma prova de que este modelo pertence ao mundo dos el\u00e9tricos. As cavas das rodas criam uma postura mais robusta e por isso fazem com que este autom\u00f3vel tenha uma not\u00f3ria presen\u00e7a na estrada.<\/p>\n<div id='gallery-2' class='gallery galleryid-75622 gallery-columns-3 gallery-size-full'><figure class='gallery-item'>\n\t\t\t<div class='gallery-icon landscape'>\n\t\t\t\t<a href='https:\/\/motorpor.pt\/en\/1af103e343\/'><img loading=\"lazy\" decoding=\"async\" width=\"640\" height=\"640\" src=\"https:\/\/motorpor.pt\/wp-content\/uploads\/2024\/01\/1af103e343.webp\" class=\"attachment-full size-full\" alt=\"\" srcset=\"https:\/\/motorpor.pt\/wp-content\/uploads\/2024\/01\/1af103e343.webp 640w, https:\/\/motorpor.pt\/wp-content\/uploads\/2024\/01\/1af103e343-300x300.webp 300w, https:\/\/motorpor.pt\/wp-content\/uploads\/2024\/01\/1af103e343-150x150.webp 150w, https:\/\/motorpor.pt\/wp-content\/uploads\/2024\/01\/1af103e343-12x12.webp 12w, https:\/\/motorpor.pt\/wp-content\/uploads\/2024\/01\/1af103e343-100x100.webp 100w, https:\/\/motorpor.pt\/wp-content\/uploads\/2024\/01\/1af103e343-165x165.webp 165w\" sizes=\"(max-width: 640px) 100vw, 640px\" \/><\/a>\n\t\t\t<\/div><\/figure><figure class='gallery-item'>\n\t\t\t<div class='gallery-icon landscape'>\n\t\t\t\t<a href='https:\/\/motorpor.pt\/en\/d12ff5f957\/'><img loading=\"lazy\" decoding=\"async\" width=\"640\" height=\"640\" src=\"https:\/\/motorpor.pt\/wp-content\/uploads\/2024\/01\/d12ff5f957.webp\" class=\"attachment-full size-full\" alt=\"\" srcset=\"https:\/\/motorpor.pt\/wp-content\/uploads\/2024\/01\/d12ff5f957.webp 640w, https:\/\/motorpor.pt\/wp-content\/uploads\/2024\/01\/d12ff5f957-300x300.webp 300w, https:\/\/motorpor.pt\/wp-content\/uploads\/2024\/01\/d12ff5f957-150x150.webp 150w, https:\/\/motorpor.pt\/wp-content\/uploads\/2024\/01\/d12ff5f957-12x12.webp 12w, https:\/\/motorpor.pt\/wp-content\/uploads\/2024\/01\/d12ff5f957-100x100.webp 100w, https:\/\/motorpor.pt\/wp-content\/uploads\/2024\/01\/d12ff5f957-165x165.webp 165w\" sizes=\"(max-width: 640px) 100vw, 640px\" \/><\/a>\n\t\t\t<\/div><\/figure><figure class='gallery-item'>\n\t\t\t<div class='gallery-icon landscape'>\n\t\t\t\t<a href='https:\/\/motorpor.pt\/en\/159bcddddb\/'><img loading=\"lazy\" decoding=\"async\" width=\"640\" height=\"640\" src=\"https:\/\/motorpor.pt\/wp-content\/uploads\/2024\/01\/159bcddddb.webp\" class=\"attachment-full size-full\" alt=\"\" srcset=\"https:\/\/motorpor.pt\/wp-content\/uploads\/2024\/01\/159bcddddb.webp 640w, https:\/\/motorpor.pt\/wp-content\/uploads\/2024\/01\/159bcddddb-300x300.webp 300w, https:\/\/motorpor.pt\/wp-content\/uploads\/2024\/01\/159bcddddb-150x150.webp 150w, https:\/\/motorpor.pt\/wp-content\/uploads\/2024\/01\/159bcddddb-12x12.webp 12w, https:\/\/motorpor.pt\/wp-content\/uploads\/2024\/01\/159bcddddb-100x100.webp 100w, https:\/\/motorpor.pt\/wp-content\/uploads\/2024\/01\/159bcddddb-165x165.webp 165w\" sizes=\"(max-width: 640px) 100vw, 640px\" \/><\/a>\n\t\t\t<\/div><\/figure>\n\t\t<\/div>\n\n<p>As luzes traseiras verticais incluem uma fun\u00e7\u00e3o que estende os pain\u00e9is laterais, caracter\u00edstica que contribui para o desempenho aerodin\u00e2mico do novo el\u00e9trico, prevenindo a turbul\u00eancia do ar. Para terminar, o log\u00f3tipo e a assinatura luminosa ganham vida com LED discretos tornando este ve\u00edculo ainda mais \u00fanico.<\/p>\n<p>\u00a0<\/p>\n<p>Veja os <a href=\"https:\/\/motorpor.pt\/en\/novos\/renault\/\">modelos Renault<\/a> que temos dispon\u00edveis.<\/p>","protected":false},"excerpt":{"rendered":"<p>Estamos cada vez mais perto do lan\u00e7amento mundial do novo Renault 100% El\u00e9trico O Sal\u00e3o Internacional do Autom\u00f3vel de Genebra, vai ser palco do lan\u00e7amento do novo Renault 5 E-Tech 100% el\u00e9trico, no dia 26 de fevereiro. Com o aproximar da data os apaixonados da marca ficam cada vez mais entusiasmados, at\u00e9 porque, as novidades [&hellip;]<\/p>\n","protected":false},"author":85,"featured_media":75625,"comment_status":"closed","ping_status":"open","sticky":false,"template":"","format":"standard","meta":{"_acf_changed":false,"footnotes":""},"categories":[2595,2592],"tags":[],"class_list":["post-75622","post","type-post","status-publish","format-standard","has-post-thumbnail","hentry","category-atualidade","category-noticias"],"acf":[],"yoast_head":"<!-- This site is optimized with the Yoast SEO plugin v27.5 - https:\/\/yoast.com\/product\/yoast-seo-wordpress\/ -->\n<title>Renault 5 E-Tech\u00a0 100% El\u00e9trico: novidades em cada detalhe - Motorpor<\/title>\n<meta name=\"robots\" content=\"index, follow, max-snippet:-1, max-image-preview:large, max-video-preview:-1\" \/>\n<link rel=\"canonical\" href=\"https:\/\/motorpor.pt\/en\/revelados-novos-detalhes-do-renault-5-e-tech-100-eletrico\/\" \/>\n<meta property=\"og:locale\" content=\"en_US\" \/>\n<meta property=\"og:type\" content=\"article\" \/>\n<meta property=\"og:title\" content=\"Renault 5 E-Tech\u00a0 100% El\u00e9trico: novidades em cada detalhe - Motorpor\" \/>\n<meta property=\"og:description\" content=\"Estamos cada vez mais perto do lan\u00e7amento mundial do novo Renault 100% El\u00e9trico O Sal\u00e3o Internacional do Autom\u00f3vel de Genebra, vai ser palco do lan\u00e7amento do novo Renault 5 E-Tech 100% el\u00e9trico, no dia 26 de fevereiro. Com o aproximar da data os apaixonados da marca ficam cada vez mais entusiasmados, at\u00e9 porque, as novidades [&hellip;]\" \/>\n<meta property=\"og:url\" content=\"https:\/\/motorpor.pt\/en\/revelados-novos-detalhes-do-renault-5-e-tech-100-eletrico\/\" \/>\n<meta property=\"og:site_name\" content=\"Motorpor\" \/>\n<meta property=\"article:published_time\" content=\"2024-01-23T11:04:19+00:00\" \/>\n<meta property=\"article:modified_time\" content=\"2024-01-23T17:27:31+00:00\" \/>\n<meta property=\"og:image\" content=\"https:\/\/motorpor.pt\/wp-content\/uploads\/2024\/01\/fa9ed511c1-1.webp\" \/>\n\t<meta property=\"og:image:width\" content=\"1280\" \/>\n\t<meta property=\"og:image:height\" content=\"720\" \/>\n\t<meta property=\"og:image:type\" content=\"image\/webp\" \/>\n<meta name=\"author\" content=\"mktmotorpor\" \/>\n<meta name=\"twitter:card\" content=\"summary_large_image\" \/>\n<meta name=\"twitter:label1\" content=\"Written by\" \/>\n\t<meta name=\"twitter:data1\" content=\"mktmotorpor\" \/>\n\t<meta name=\"twitter:label2\" content=\"Est. reading time\" \/>\n\t<meta name=\"twitter:data2\" content=\"1 minute\" \/>\n<script type=\"application\/ld+json\" class=\"yoast-schema-graph\">{\"@context\":\"https:\\\/\\\/schema.org\",\"@graph\":[{\"@type\":\"Article\",\"@id\":\"https:\\\/\\\/motorpor.pt\\\/revelados-novos-detalhes-do-renault-5-e-tech-100-eletrico\\\/#article\",\"isPartOf\":{\"@id\":\"https:\\\/\\\/motorpor.pt\\\/revelados-novos-detalhes-do-renault-5-e-tech-100-eletrico\\\/\"},\"author\":{\"name\":\"mktmotorpor\",\"@id\":\"https:\\\/\\\/motorpor.pt\\\/#\\\/schema\\\/person\\\/b4bf07144e88efed7388a5af30522db7\"},\"headline\":\"Renault 5 E-Tech\u00a0 100% El\u00e9trico: novidades em cada detalhe\",\"datePublished\":\"2024-01-23T11:04:19+00:00\",\"dateModified\":\"2024-01-23T17:27:31+00:00\",\"mainEntityOfPage\":{\"@id\":\"https:\\\/\\\/motorpor.pt\\\/revelados-novos-detalhes-do-renault-5-e-tech-100-eletrico\\\/\"},\"wordCount\":218,\"publisher\":{\"@id\":\"https:\\\/\\\/motorpor.pt\\\/#organization\"},\"image\":{\"@id\":\"https:\\\/\\\/motorpor.pt\\\/revelados-novos-detalhes-do-renault-5-e-tech-100-eletrico\\\/#primaryimage\"},\"thumbnailUrl\":\"https:\\\/\\\/motorpor.pt\\\/wp-content\\\/uploads\\\/2024\\\/01\\\/fa9ed511c1-1.webp\",\"articleSection\":[\"Atualidade\",\"Not\u00edcias\"],\"inLanguage\":\"en-US\"},{\"@type\":\"WebPage\",\"@id\":\"https:\\\/\\\/motorpor.pt\\\/revelados-novos-detalhes-do-renault-5-e-tech-100-eletrico\\\/\",\"url\":\"https:\\\/\\\/motorpor.pt\\\/revelados-novos-detalhes-do-renault-5-e-tech-100-eletrico\\\/\",\"name\":\"Renault 5 E-Tech\u00a0 100% El\u00e9trico: novidades em cada detalhe - Motorpor\",\"isPartOf\":{\"@id\":\"https:\\\/\\\/motorpor.pt\\\/#website\"},\"primaryImageOfPage\":{\"@id\":\"https:\\\/\\\/motorpor.pt\\\/revelados-novos-detalhes-do-renault-5-e-tech-100-eletrico\\\/#primaryimage\"},\"image\":{\"@id\":\"https:\\\/\\\/motorpor.pt\\\/revelados-novos-detalhes-do-renault-5-e-tech-100-eletrico\\\/#primaryimage\"},\"thumbnailUrl\":\"https:\\\/\\\/motorpor.pt\\\/wp-content\\\/uploads\\\/2024\\\/01\\\/fa9ed511c1-1.webp\",\"datePublished\":\"2024-01-23T11:04:19+00:00\",\"dateModified\":\"2024-01-23T17:27:31+00:00\",\"breadcrumb\":{\"@id\":\"https:\\\/\\\/motorpor.pt\\\/revelados-novos-detalhes-do-renault-5-e-tech-100-eletrico\\\/#breadcrumb\"},\"inLanguage\":\"en-US\",\"potentialAction\":[{\"@type\":\"ReadAction\",\"target\":[\"https:\\\/\\\/motorpor.pt\\\/revelados-novos-detalhes-do-renault-5-e-tech-100-eletrico\\\/\"]}]},{\"@type\":\"ImageObject\",\"inLanguage\":\"en-US\",\"@id\":\"https:\\\/\\\/motorpor.pt\\\/revelados-novos-detalhes-do-renault-5-e-tech-100-eletrico\\\/#primaryimage\",\"url\":\"https:\\\/\\\/motorpor.pt\\\/wp-content\\\/uploads\\\/2024\\\/01\\\/fa9ed511c1-1.webp\",\"contentUrl\":\"https:\\\/\\\/motorpor.pt\\\/wp-content\\\/uploads\\\/2024\\\/01\\\/fa9ed511c1-1.webp\",\"width\":1280,\"height\":720},{\"@type\":\"BreadcrumbList\",\"@id\":\"https:\\\/\\\/motorpor.pt\\\/revelados-novos-detalhes-do-renault-5-e-tech-100-eletrico\\\/#breadcrumb\",\"itemListElement\":[{\"@type\":\"ListItem\",\"position\":1,\"name\":\"In\u00edcio\",\"item\":\"https:\\\/\\\/motorpor.pt\\\/\"},{\"@type\":\"ListItem\",\"position\":2,\"name\":\"Renault 5 E-Tech\u00a0 100% El\u00e9trico: novidades em cada detalhe\"}]},{\"@type\":\"WebSite\",\"@id\":\"https:\\\/\\\/motorpor.pt\\\/#website\",\"url\":\"https:\\\/\\\/motorpor.pt\\\/\",\"name\":\"Motorpor\",\"description\":\"Comercio de Autom\u00f3veis Multimarcas\",\"publisher\":{\"@id\":\"https:\\\/\\\/motorpor.pt\\\/#organization\"},\"potentialAction\":[{\"@type\":\"SearchAction\",\"target\":{\"@type\":\"EntryPoint\",\"urlTemplate\":\"https:\\\/\\\/motorpor.pt\\\/?s={search_term_string}\"},\"query-input\":{\"@type\":\"PropertyValueSpecification\",\"valueRequired\":true,\"valueName\":\"search_term_string\"}}],\"inLanguage\":\"en-US\"},{\"@type\":\"Organization\",\"@id\":\"https:\\\/\\\/motorpor.pt\\\/#organization\",\"name\":\"Motorpor\",\"alternateName\":\"Motorpor\",\"url\":\"https:\\\/\\\/motorpor.pt\\\/\",\"logo\":{\"@type\":\"ImageObject\",\"inLanguage\":\"en-US\",\"@id\":\"https:\\\/\\\/motorpor.pt\\\/#\\\/schema\\\/logo\\\/image\\\/\",\"url\":\"https:\\\/\\\/motorpor.pt\\\/wp-content\\\/uploads\\\/2024\\\/07\\\/Logo-Motorpor-Preto.svg\",\"contentUrl\":\"https:\\\/\\\/motorpor.pt\\\/wp-content\\\/uploads\\\/2024\\\/07\\\/Logo-Motorpor-Preto.svg\",\"width\":493,\"height\":93,\"caption\":\"Motorpor\"},\"image\":{\"@id\":\"https:\\\/\\\/motorpor.pt\\\/#\\\/schema\\\/logo\\\/image\\\/\"},\"sameAs\":[\"https:\\\/\\\/www.linkedin.com\\\/company\\\/grupo-motorpor\"]},{\"@type\":\"Person\",\"@id\":\"https:\\\/\\\/motorpor.pt\\\/#\\\/schema\\\/person\\\/b4bf07144e88efed7388a5af30522db7\",\"name\":\"mktmotorpor\",\"image\":{\"@type\":\"ImageObject\",\"inLanguage\":\"en-US\",\"@id\":\"https:\\\/\\\/secure.gravatar.com\\\/avatar\\\/8418b61b3175dbba0a8744cf0ee6bb5c7a9f6c67f1dbc4f41a62d7b9738259a2?s=96&d=mm&r=g\",\"url\":\"https:\\\/\\\/secure.gravatar.com\\\/avatar\\\/8418b61b3175dbba0a8744cf0ee6bb5c7a9f6c67f1dbc4f41a62d7b9738259a2?s=96&d=mm&r=g\",\"contentUrl\":\"https:\\\/\\\/secure.gravatar.com\\\/avatar\\\/8418b61b3175dbba0a8744cf0ee6bb5c7a9f6c67f1dbc4f41a62d7b9738259a2?s=96&d=mm&r=g\",\"caption\":\"mktmotorpor\"},\"url\":\"https:\\\/\\\/motorpor.pt\\\/en\\\/user\\\/mktmotorpor\\\/\"}]}<\/script>\n<!-- \/ Yoast SEO plugin. -->","yoast_head_json":{"title":"Renault 5 E-Tech\u00a0 100% El\u00e9trico: novidades em cada detalhe - Motorpor","robots":{"index":"index","follow":"follow","max-snippet":"max-snippet:-1","max-image-preview":"max-image-preview:large","max-video-preview":"max-video-preview:-1"},"canonical":"https:\/\/motorpor.pt\/en\/revelados-novos-detalhes-do-renault-5-e-tech-100-eletrico\/","og_locale":"en_US","og_type":"article","og_title":"Renault 5 E-Tech\u00a0 100% El\u00e9trico: novidades em cada detalhe - Motorpor","og_description":"Estamos cada vez mais perto do lan\u00e7amento mundial do novo Renault 100% El\u00e9trico O Sal\u00e3o Internacional do Autom\u00f3vel de Genebra, vai ser palco do lan\u00e7amento do novo Renault 5 E-Tech 100% el\u00e9trico, no dia 26 de fevereiro. Com o aproximar da data os apaixonados da marca ficam cada vez mais entusiasmados, at\u00e9 porque, as novidades [&hellip;]","og_url":"https:\/\/motorpor.pt\/en\/revelados-novos-detalhes-do-renault-5-e-tech-100-eletrico\/","og_site_name":"Motorpor","article_published_time":"2024-01-23T11:04:19+00:00","article_modified_time":"2024-01-23T17:27:31+00:00","og_image":[{"width":1280,"height":720,"url":"https:\/\/motorpor.pt\/wp-content\/uploads\/2024\/01\/fa9ed511c1-1.webp","type":"image\/webp"}],"author":"mktmotorpor","twitter_card":"summary_large_image","twitter_misc":{"Written by":"mktmotorpor","Est. reading time":"1 minute"},"schema":{"@context":"https:\/\/schema.org","@graph":[{"@type":"Article","@id":"https:\/\/motorpor.pt\/revelados-novos-detalhes-do-renault-5-e-tech-100-eletrico\/#article","isPartOf":{"@id":"https:\/\/motorpor.pt\/revelados-novos-detalhes-do-renault-5-e-tech-100-eletrico\/"},"author":{"name":"mktmotorpor","@id":"https:\/\/motorpor.pt\/#\/schema\/person\/b4bf07144e88efed7388a5af30522db7"},"headline":"Renault 5 E-Tech\u00a0 100% El\u00e9trico: novidades em cada detalhe","datePublished":"2024-01-23T11:04:19+00:00","dateModified":"2024-01-23T17:27:31+00:00","mainEntityOfPage":{"@id":"https:\/\/motorpor.pt\/revelados-novos-detalhes-do-renault-5-e-tech-100-eletrico\/"},"wordCount":218,"publisher":{"@id":"https:\/\/motorpor.pt\/#organization"},"image":{"@id":"https:\/\/motorpor.pt\/revelados-novos-detalhes-do-renault-5-e-tech-100-eletrico\/#primaryimage"},"thumbnailUrl":"https:\/\/motorpor.pt\/wp-content\/uploads\/2024\/01\/fa9ed511c1-1.webp","articleSection":["Atualidade","Not\u00edcias"],"inLanguage":"en-US"},{"@type":"WebPage","@id":"https:\/\/motorpor.pt\/revelados-novos-detalhes-do-renault-5-e-tech-100-eletrico\/","url":"https:\/\/motorpor.pt\/revelados-novos-detalhes-do-renault-5-e-tech-100-eletrico\/","name":"Renault 5 E-Tech\u00a0 100% El\u00e9trico: novidades em cada detalhe - Motorpor","isPartOf":{"@id":"https:\/\/motorpor.pt\/#website"},"primaryImageOfPage":{"@id":"https:\/\/motorpor.pt\/revelados-novos-detalhes-do-renault-5-e-tech-100-eletrico\/#primaryimage"},"image":{"@id":"https:\/\/motorpor.pt\/revelados-novos-detalhes-do-renault-5-e-tech-100-eletrico\/#primaryimage"},"thumbnailUrl":"https:\/\/motorpor.pt\/wp-content\/uploads\/2024\/01\/fa9ed511c1-1.webp","datePublished":"2024-01-23T11:04:19+00:00","dateModified":"2024-01-23T17:27:31+00:00","breadcrumb":{"@id":"https:\/\/motorpor.pt\/revelados-novos-detalhes-do-renault-5-e-tech-100-eletrico\/#breadcrumb"},"inLanguage":"en-US","potentialAction":[{"@type":"ReadAction","target":["https:\/\/motorpor.pt\/revelados-novos-detalhes-do-renault-5-e-tech-100-eletrico\/"]}]},{"@type":"ImageObject","inLanguage":"en-US","@id":"https:\/\/motorpor.pt\/revelados-novos-detalhes-do-renault-5-e-tech-100-eletrico\/#primaryimage","url":"https:\/\/motorpor.pt\/wp-content\/uploads\/2024\/01\/fa9ed511c1-1.webp","contentUrl":"https:\/\/motorpor.pt\/wp-content\/uploads\/2024\/01\/fa9ed511c1-1.webp","width":1280,"height":720},{"@type":"BreadcrumbList","@id":"https:\/\/motorpor.pt\/revelados-novos-detalhes-do-renault-5-e-tech-100-eletrico\/#breadcrumb","itemListElement":[{"@type":"ListItem","position":1,"name":"In\u00edcio","item":"https:\/\/motorpor.pt\/"},{"@type":"ListItem","position":2,"name":"Renault 5 E-Tech\u00a0 100% El\u00e9trico: novidades em cada detalhe"}]},{"@type":"WebSite","@id":"https:\/\/motorpor.pt\/#website","url":"https:\/\/motorpor.pt\/","name":"motorpor","description":"Comercio de Autom\u00f3veis Multimarcas","publisher":{"@id":"https:\/\/motorpor.pt\/#organization"},"potentialAction":[{"@type":"SearchAction","target":{"@type":"EntryPoint","urlTemplate":"https:\/\/motorpor.pt\/?s={search_term_string}"},"query-input":{"@type":"PropertyValueSpecification","valueRequired":true,"valueName":"search_term_string"}}],"inLanguage":"en-US"},{"@type":"Organization","@id":"https:\/\/motorpor.pt\/#organization","name":"motorpor","alternateName":"Motorpor","url":"https:\/\/motorpor.pt\/","logo":{"@type":"ImageObject","inLanguage":"en-US","@id":"https:\/\/motorpor.pt\/#\/schema\/logo\/image\/","url":"https:\/\/motorpor.pt\/wp-content\/uploads\/2024\/07\/Logo-Motorpor-Preto.svg","contentUrl":"https:\/\/motorpor.pt\/wp-content\/uploads\/2024\/07\/Logo-Motorpor-Preto.svg","width":493,"height":93,"caption":"Motorpor"},"image":{"@id":"https:\/\/motorpor.pt\/#\/schema\/logo\/image\/"},"sameAs":["https:\/\/www.linkedin.com\/company\/grupo-motorpor"]},{"@type":"Person","@id":"https:\/\/motorpor.pt\/#\/schema\/person\/b4bf07144e88efed7388a5af30522db7","name":"mktmotorpor","image":{"@type":"ImageObject","inLanguage":"en-US","@id":"https:\/\/secure.gravatar.com\/avatar\/8418b61b3175dbba0a8744cf0ee6bb5c7a9f6c67f1dbc4f41a62d7b9738259a2?s=96&d=mm&r=g","url":"https:\/\/secure.gravatar.com\/avatar\/8418b61b3175dbba0a8744cf0ee6bb5c7a9f6c67f1dbc4f41a62d7b9738259a2?s=96&d=mm&r=g","contentUrl":"https:\/\/secure.gravatar.com\/avatar\/8418b61b3175dbba0a8744cf0ee6bb5c7a9f6c67f1dbc4f41a62d7b9738259a2?s=96&d=mm&r=g","caption":"mktmotorpor"},"url":"https:\/\/motorpor.pt\/en\/user\/mktmotorpor\/"}]}},"_links":{"self":[{"href":"https:\/\/motorpor.pt\/en\/wp-json\/wp\/v2\/posts\/75622","targetHints":{"allow":["GET"]}}],"collection":[{"href":"https:\/\/motorpor.pt\/en\/wp-json\/wp\/v2\/posts"}],"about":[{"href":"https:\/\/motorpor.pt\/en\/wp-json\/wp\/v2\/types\/post"}],"author":[{"embeddable":true,"href":"https:\/\/motorpor.pt\/en\/wp-json\/wp\/v2\/users\/85"}],"replies":[{"embeddable":true,"href":"https:\/\/motorpor.pt\/en\/wp-json\/wp\/v2\/comments?post=75622"}],"version-history":[{"count":4,"href":"https:\/\/motorpor.pt\/en\/wp-json\/wp\/v2\/posts\/75622\/revisions"}],"predecessor-version":[{"id":75638,"href":"https:\/\/motorpor.pt\/en\/wp-json\/wp\/v2\/posts\/75622\/revisions\/75638"}],"wp:featuredmedia":[{"embeddable":true,"href":"https:\/\/motorpor.pt\/en\/wp-json\/wp\/v2\/media\/75625"}],"wp:attachment":[{"href":"https:\/\/motorpor.pt\/en\/wp-json\/wp\/v2\/media?parent=75622"}],"wp:term":[{"taxonomy":"category","embeddable":true,"href":"https:\/\/motorpor.pt\/en\/wp-json\/wp\/v2\/categories?post=75622"},{"taxonomy":"post_tag","embeddable":true,"href":"https:\/\/motorpor.pt\/en\/wp-json\/wp\/v2\/tags?post=75622"}],"curies":[{"name":"wp","href":"https:\/\/api.w.org\/{rel}","templated":true}]}}