{"id":76611,"date":"2024-01-16T00:00:00","date_gmt":"2024-01-15T23:00:00","guid":{"rendered":"https:\/\/motorpor.pt\/novo-citroen-holidays-escolha-a-vista-da-sua-janela\/"},"modified":"2024-01-16T00:00:00","modified_gmt":"2024-01-15T23:00:00","slug":"novo-citroen-holidays-escolha-a-vista-da-sua-janela","status":"publish","type":"post","link":"https:\/\/motorpor.pt\/en\/novo-citroen-holidays-escolha-a-vista-da-sua-janela\/","title":{"rendered":"Novo Citro\u00ebn Holidays: Escolha a vista da sua janela"},"content":{"rendered":"<h5>A verdadeira casa m\u00f3vel para as suas f\u00e9rias de sonho.<\/h5>\n<p>O novo Citr\u00f6en Holidays foi otimizado em cada detalhe para garantir uma experi\u00eancia de viagem \u00fanica e confort\u00e1vel. Esta habita\u00e7\u00e3o m\u00f3vel integra camas para quatro pessoas, uma cozinha, uma mesa amov\u00edvel, um tejadilho retr\u00e1til, bancos dianteiros girat\u00f3rios, entre muitas outras caracter\u00edsticas.<\/p>\n<p><img fetchpriority=\"high\" decoding=\"async\" class=\"alignnone size-full wp-image-76608\" src=\"https:\/\/motorpor.pt\/wp-content\/uploads\/2024\/01\/CL_24.001.018.jpg\" alt=\"\" width=\"2000\" height=\"1377\" srcset=\"https:\/\/motorpor.pt\/wp-content\/uploads\/2024\/01\/CL_24.001.018.jpg 2000w, https:\/\/motorpor.pt\/wp-content\/uploads\/2024\/01\/CL_24.001.018-300x207.jpg 300w, https:\/\/motorpor.pt\/wp-content\/uploads\/2024\/01\/CL_24.001.018-1024x705.jpg 1024w, https:\/\/motorpor.pt\/wp-content\/uploads\/2024\/01\/CL_24.001.018-768x529.jpg 768w, https:\/\/motorpor.pt\/wp-content\/uploads\/2024\/01\/CL_24.001.018-1536x1058.jpg 1536w, https:\/\/motorpor.pt\/wp-content\/uploads\/2024\/01\/CL_24.001.018-18x12.jpg 18w, https:\/\/motorpor.pt\/wp-content\/uploads\/2024\/01\/CL_24.001.018-165x114.jpg 165w\" sizes=\"(max-width: 2000px) 100vw, 2000px\" \/><\/p>\n<p>Esta autocaravana, mesmo que concebida para viagens livres e din\u00e2micas, revela-se pr\u00e1tica para a utiliza\u00e7\u00e3o quotidiana. As dimens\u00f5es controladas e a nova dire\u00e7\u00e3o assistida facilitam a utiliza\u00e7\u00e3o do ve\u00edculo no dia-a-dia.<\/p>\n<p>Tal como no SpaceTourer, a Citro\u00ebn Holidays tem um design moderno e poderoso, um sistema de\u00a0<em>infotainment\u00a0<\/em>de \u00faltima gera\u00e7\u00e3o acoplado a um ecr\u00e3 t\u00e1til de 10&#8221; e at\u00e9 17 tecnologias de assist\u00eancia \u00e0 condu\u00e7\u00e3o, para uma viagem ainda mais tranquila.\u00a0<u><\/u><\/p>\n<p>Conhe\u00e7a os <a href=\"https:\/\/motorpor.pt\/en\/novos\/citroen\/\">modelos Citro\u00ebn<\/a> dispon\u00edveis no nosso site.<\/p>\n<p>\u00a0<\/p>\n<div id='gallery-1' class='gallery galleryid-76611 gallery-columns-3 gallery-size-full'><figure class='gallery-item'>\n\t\t\t<div class='gallery-icon landscape'>\n\t\t\t\t<a href='https:\/\/motorpor.pt\/en\/cl_24-001-010\/'><img decoding=\"async\" width=\"2000\" height=\"1385\" src=\"https:\/\/motorpor.pt\/wp-content\/uploads\/2024\/01\/CL_24.001.010.jpg\" class=\"attachment-full size-full\" alt=\"\" srcset=\"https:\/\/motorpor.pt\/wp-content\/uploads\/2024\/01\/CL_24.001.010.jpg 2000w, https:\/\/motorpor.pt\/wp-content\/uploads\/2024\/01\/CL_24.001.010-300x208.jpg 300w, https:\/\/motorpor.pt\/wp-content\/uploads\/2024\/01\/CL_24.001.010-1024x709.jpg 1024w, https:\/\/motorpor.pt\/wp-content\/uploads\/2024\/01\/CL_24.001.010-768x532.jpg 768w, https:\/\/motorpor.pt\/wp-content\/uploads\/2024\/01\/CL_24.001.010-1536x1064.jpg 1536w, https:\/\/motorpor.pt\/wp-content\/uploads\/2024\/01\/CL_24.001.010-18x12.jpg 18w, https:\/\/motorpor.pt\/wp-content\/uploads\/2024\/01\/CL_24.001.010-165x114.jpg 165w\" sizes=\"(max-width: 2000px) 100vw, 2000px\" \/><\/a>\n\t\t\t<\/div><\/figure><figure class='gallery-item'>\n\t\t\t<div class='gallery-icon landscape'>\n\t\t\t\t<a href='https:\/\/motorpor.pt\/en\/cl_24-001-012\/'><img decoding=\"async\" width=\"2000\" height=\"1419\" src=\"https:\/\/motorpor.pt\/wp-content\/uploads\/2024\/01\/CL_24.001.012.jpg\" class=\"attachment-full size-full\" alt=\"\" srcset=\"https:\/\/motorpor.pt\/wp-content\/uploads\/2024\/01\/CL_24.001.012.jpg 2000w, https:\/\/motorpor.pt\/wp-content\/uploads\/2024\/01\/CL_24.001.012-300x213.jpg 300w, https:\/\/motorpor.pt\/wp-content\/uploads\/2024\/01\/CL_24.001.012-1024x727.jpg 1024w, https:\/\/motorpor.pt\/wp-content\/uploads\/2024\/01\/CL_24.001.012-768x545.jpg 768w, https:\/\/motorpor.pt\/wp-content\/uploads\/2024\/01\/CL_24.001.012-1536x1090.jpg 1536w, https:\/\/motorpor.pt\/wp-content\/uploads\/2024\/01\/CL_24.001.012-18x12.jpg 18w, https:\/\/motorpor.pt\/wp-content\/uploads\/2024\/01\/CL_24.001.012-165x117.jpg 165w\" sizes=\"(max-width: 2000px) 100vw, 2000px\" \/><\/a>\n\t\t\t<\/div><\/figure>\n\t\t<\/div>","protected":false},"excerpt":{"rendered":"<p>A verdadeira casa m\u00f3vel para as suas f\u00e9rias de sonho. O novo Citr\u00f6en Holidays foi otimizado em cada detalhe para garantir uma experi\u00eancia de viagem \u00fanica e confort\u00e1vel. Esta habita\u00e7\u00e3o m\u00f3vel integra camas para quatro pessoas, uma cozinha, uma mesa amov\u00edvel, um tejadilho retr\u00e1til, bancos dianteiros girat\u00f3rios, entre muitas outras caracter\u00edsticas. Esta autocaravana, mesmo que [&hellip;]<\/p>\n","protected":false},"author":85,"featured_media":76607,"comment_status":"","ping_status":"open","sticky":false,"template":"","format":"standard","meta":{"_acf_changed":false,"footnotes":""},"categories":[2595,2592],"tags":[],"class_list":["post-76611","post","type-post","status-publish","format-standard","has-post-thumbnail","hentry","category-atualidade","category-noticias"],"acf":[],"yoast_head":"<!-- This site is optimized with the Yoast SEO plugin v27.5 - https:\/\/yoast.com\/product\/yoast-seo-wordpress\/ -->\n<title>Novo Citro\u00ebn Holidays: Escolha a vista da sua janela - Motorpor<\/title>\n<meta name=\"robots\" content=\"index, follow, max-snippet:-1, max-image-preview:large, max-video-preview:-1\" \/>\n<link rel=\"canonical\" href=\"https:\/\/motorpor.pt\/en\/novo-citroen-holidays-escolha-a-vista-da-sua-janela\/\" \/>\n<meta property=\"og:locale\" content=\"en_US\" \/>\n<meta property=\"og:type\" content=\"article\" \/>\n<meta property=\"og:title\" content=\"Novo Citro\u00ebn Holidays: Escolha a vista da sua janela - Motorpor\" \/>\n<meta property=\"og:description\" content=\"A verdadeira casa m\u00f3vel para as suas f\u00e9rias de sonho. O novo Citr\u00f6en Holidays foi otimizado em cada detalhe para garantir uma experi\u00eancia de viagem \u00fanica e confort\u00e1vel. Esta habita\u00e7\u00e3o m\u00f3vel integra camas para quatro pessoas, uma cozinha, uma mesa amov\u00edvel, um tejadilho retr\u00e1til, bancos dianteiros girat\u00f3rios, entre muitas outras caracter\u00edsticas. Esta autocaravana, mesmo que [&hellip;]\" \/>\n<meta property=\"og:url\" content=\"https:\/\/motorpor.pt\/en\/novo-citroen-holidays-escolha-a-vista-da-sua-janela\/\" \/>\n<meta property=\"og:site_name\" content=\"Motorpor\" \/>\n<meta property=\"article:published_time\" content=\"2024-01-15T23:00:00+00:00\" \/>\n<meta property=\"og:image\" content=\"https:\/\/motorpor.pt\/wp-content\/uploads\/2024\/01\/CL_24.001.010.jpg\" \/>\n<meta name=\"author\" content=\"mktmotorpor\" \/>\n<meta name=\"twitter:card\" content=\"summary_large_image\" \/>\n<meta name=\"twitter:label1\" content=\"Written by\" \/>\n\t<meta name=\"twitter:data1\" content=\"mktmotorpor\" \/>\n\t<meta name=\"twitter:label2\" content=\"Est. reading time\" \/>\n\t<meta name=\"twitter:data2\" content=\"1 minute\" \/>\n<script type=\"application\/ld+json\" class=\"yoast-schema-graph\">{\"@context\":\"https:\\\/\\\/schema.org\",\"@graph\":[{\"@type\":\"Article\",\"@id\":\"https:\\\/\\\/motorpor.pt\\\/novo-citroen-holidays-escolha-a-vista-da-sua-janela\\\/#article\",\"isPartOf\":{\"@id\":\"https:\\\/\\\/motorpor.pt\\\/novo-citroen-holidays-escolha-a-vista-da-sua-janela\\\/\"},\"author\":{\"name\":\"mktmotorpor\",\"@id\":\"https:\\\/\\\/motorpor.pt\\\/#\\\/schema\\\/person\\\/b4bf07144e88efed7388a5af30522db7\"},\"headline\":\"Novo Citro\u00ebn Holidays: Escolha a vista da sua janela\",\"datePublished\":\"2024-01-15T23:00:00+00:00\",\"mainEntityOfPage\":{\"@id\":\"https:\\\/\\\/motorpor.pt\\\/novo-citroen-holidays-escolha-a-vista-da-sua-janela\\\/\"},\"wordCount\":168,\"publisher\":{\"@id\":\"https:\\\/\\\/motorpor.pt\\\/#organization\"},\"image\":{\"@id\":\"https:\\\/\\\/motorpor.pt\\\/novo-citroen-holidays-escolha-a-vista-da-sua-janela\\\/#primaryimage\"},\"thumbnailUrl\":\"https:\\\/\\\/motorpor.pt\\\/wp-content\\\/uploads\\\/2024\\\/01\\\/CL_24.001.002-1.jpg\",\"articleSection\":[\"Atualidade\",\"Not\u00edcias\"],\"inLanguage\":\"en-US\"},{\"@type\":\"WebPage\",\"@id\":\"https:\\\/\\\/motorpor.pt\\\/novo-citroen-holidays-escolha-a-vista-da-sua-janela\\\/\",\"url\":\"https:\\\/\\\/motorpor.pt\\\/novo-citroen-holidays-escolha-a-vista-da-sua-janela\\\/\",\"name\":\"Novo Citro\u00ebn Holidays: Escolha a vista da sua janela - Motorpor\",\"isPartOf\":{\"@id\":\"https:\\\/\\\/motorpor.pt\\\/#website\"},\"primaryImageOfPage\":{\"@id\":\"https:\\\/\\\/motorpor.pt\\\/novo-citroen-holidays-escolha-a-vista-da-sua-janela\\\/#primaryimage\"},\"image\":{\"@id\":\"https:\\\/\\\/motorpor.pt\\\/novo-citroen-holidays-escolha-a-vista-da-sua-janela\\\/#primaryimage\"},\"thumbnailUrl\":\"https:\\\/\\\/motorpor.pt\\\/wp-content\\\/uploads\\\/2024\\\/01\\\/CL_24.001.002-1.jpg\",\"datePublished\":\"2024-01-15T23:00:00+00:00\",\"breadcrumb\":{\"@id\":\"https:\\\/\\\/motorpor.pt\\\/novo-citroen-holidays-escolha-a-vista-da-sua-janela\\\/#breadcrumb\"},\"inLanguage\":\"en-US\",\"potentialAction\":[{\"@type\":\"ReadAction\",\"target\":[\"https:\\\/\\\/motorpor.pt\\\/novo-citroen-holidays-escolha-a-vista-da-sua-janela\\\/\"]}]},{\"@type\":\"ImageObject\",\"inLanguage\":\"en-US\",\"@id\":\"https:\\\/\\\/motorpor.pt\\\/novo-citroen-holidays-escolha-a-vista-da-sua-janela\\\/#primaryimage\",\"url\":\"https:\\\/\\\/motorpor.pt\\\/wp-content\\\/uploads\\\/2024\\\/01\\\/CL_24.001.002-1.jpg\",\"contentUrl\":\"https:\\\/\\\/motorpor.pt\\\/wp-content\\\/uploads\\\/2024\\\/01\\\/CL_24.001.002-1.jpg\",\"width\":2000,\"height\":1276},{\"@type\":\"BreadcrumbList\",\"@id\":\"https:\\\/\\\/motorpor.pt\\\/novo-citroen-holidays-escolha-a-vista-da-sua-janela\\\/#breadcrumb\",\"itemListElement\":[{\"@type\":\"ListItem\",\"position\":1,\"name\":\"In\u00edcio\",\"item\":\"https:\\\/\\\/motorpor.pt\\\/\"},{\"@type\":\"ListItem\",\"position\":2,\"name\":\"Novo Citro\u00ebn Holidays: Escolha a vista da sua janela\"}]},{\"@type\":\"WebSite\",\"@id\":\"https:\\\/\\\/motorpor.pt\\\/#website\",\"url\":\"https:\\\/\\\/motorpor.pt\\\/\",\"name\":\"Motorpor\",\"description\":\"Comercio de Autom\u00f3veis Multimarcas\",\"publisher\":{\"@id\":\"https:\\\/\\\/motorpor.pt\\\/#organization\"},\"potentialAction\":[{\"@type\":\"SearchAction\",\"target\":{\"@type\":\"EntryPoint\",\"urlTemplate\":\"https:\\\/\\\/motorpor.pt\\\/?s={search_term_string}\"},\"query-input\":{\"@type\":\"PropertyValueSpecification\",\"valueRequired\":true,\"valueName\":\"search_term_string\"}}],\"inLanguage\":\"en-US\"},{\"@type\":\"Organization\",\"@id\":\"https:\\\/\\\/motorpor.pt\\\/#organization\",\"name\":\"Motorpor\",\"alternateName\":\"Motorpor\",\"url\":\"https:\\\/\\\/motorpor.pt\\\/\",\"logo\":{\"@type\":\"ImageObject\",\"inLanguage\":\"en-US\",\"@id\":\"https:\\\/\\\/motorpor.pt\\\/#\\\/schema\\\/logo\\\/image\\\/\",\"url\":\"https:\\\/\\\/motorpor.pt\\\/wp-content\\\/uploads\\\/2024\\\/07\\\/Logo-Motorpor-Preto.svg\",\"contentUrl\":\"https:\\\/\\\/motorpor.pt\\\/wp-content\\\/uploads\\\/2024\\\/07\\\/Logo-Motorpor-Preto.svg\",\"width\":493,\"height\":93,\"caption\":\"Motorpor\"},\"image\":{\"@id\":\"https:\\\/\\\/motorpor.pt\\\/#\\\/schema\\\/logo\\\/image\\\/\"},\"sameAs\":[\"https:\\\/\\\/www.linkedin.com\\\/company\\\/grupo-motorpor\"]},{\"@type\":\"Person\",\"@id\":\"https:\\\/\\\/motorpor.pt\\\/#\\\/schema\\\/person\\\/b4bf07144e88efed7388a5af30522db7\",\"name\":\"mktmotorpor\",\"image\":{\"@type\":\"ImageObject\",\"inLanguage\":\"en-US\",\"@id\":\"https:\\\/\\\/secure.gravatar.com\\\/avatar\\\/8418b61b3175dbba0a8744cf0ee6bb5c7a9f6c67f1dbc4f41a62d7b9738259a2?s=96&d=mm&r=g\",\"url\":\"https:\\\/\\\/secure.gravatar.com\\\/avatar\\\/8418b61b3175dbba0a8744cf0ee6bb5c7a9f6c67f1dbc4f41a62d7b9738259a2?s=96&d=mm&r=g\",\"contentUrl\":\"https:\\\/\\\/secure.gravatar.com\\\/avatar\\\/8418b61b3175dbba0a8744cf0ee6bb5c7a9f6c67f1dbc4f41a62d7b9738259a2?s=96&d=mm&r=g\",\"caption\":\"mktmotorpor\"},\"url\":\"https:\\\/\\\/motorpor.pt\\\/en\\\/user\\\/mktmotorpor\\\/\"}]}<\/script>\n<!-- \/ Yoast SEO plugin. -->","yoast_head_json":{"title":"Novo Citro\u00ebn Holidays: Escolha a vista da sua janela - Motorpor","robots":{"index":"index","follow":"follow","max-snippet":"max-snippet:-1","max-image-preview":"max-image-preview:large","max-video-preview":"max-video-preview:-1"},"canonical":"https:\/\/motorpor.pt\/en\/novo-citroen-holidays-escolha-a-vista-da-sua-janela\/","og_locale":"en_US","og_type":"article","og_title":"Novo Citro\u00ebn Holidays: Escolha a vista da sua janela - Motorpor","og_description":"A verdadeira casa m\u00f3vel para as suas f\u00e9rias de sonho. O novo Citr\u00f6en Holidays foi otimizado em cada detalhe para garantir uma experi\u00eancia de viagem \u00fanica e confort\u00e1vel. Esta habita\u00e7\u00e3o m\u00f3vel integra camas para quatro pessoas, uma cozinha, uma mesa amov\u00edvel, um tejadilho retr\u00e1til, bancos dianteiros girat\u00f3rios, entre muitas outras caracter\u00edsticas. Esta autocaravana, mesmo que [&hellip;]","og_url":"https:\/\/motorpor.pt\/en\/novo-citroen-holidays-escolha-a-vista-da-sua-janela\/","og_site_name":"Motorpor","article_published_time":"2024-01-15T23:00:00+00:00","og_image":[{"url":"https:\/\/motorpor.pt\/wp-content\/uploads\/2024\/01\/CL_24.001.010.jpg","type":"","width":"","height":""}],"author":"mktmotorpor","twitter_card":"summary_large_image","twitter_misc":{"Written by":"mktmotorpor","Est. reading time":"1 minute"},"schema":{"@context":"https:\/\/schema.org","@graph":[{"@type":"Article","@id":"https:\/\/motorpor.pt\/novo-citroen-holidays-escolha-a-vista-da-sua-janela\/#article","isPartOf":{"@id":"https:\/\/motorpor.pt\/novo-citroen-holidays-escolha-a-vista-da-sua-janela\/"},"author":{"name":"mktmotorpor","@id":"https:\/\/motorpor.pt\/#\/schema\/person\/b4bf07144e88efed7388a5af30522db7"},"headline":"Novo Citro\u00ebn Holidays: Escolha a vista da sua janela","datePublished":"2024-01-15T23:00:00+00:00","mainEntityOfPage":{"@id":"https:\/\/motorpor.pt\/novo-citroen-holidays-escolha-a-vista-da-sua-janela\/"},"wordCount":168,"publisher":{"@id":"https:\/\/motorpor.pt\/#organization"},"image":{"@id":"https:\/\/motorpor.pt\/novo-citroen-holidays-escolha-a-vista-da-sua-janela\/#primaryimage"},"thumbnailUrl":"https:\/\/motorpor.pt\/wp-content\/uploads\/2024\/01\/CL_24.001.002-1.jpg","articleSection":["Atualidade","Not\u00edcias"],"inLanguage":"en-US"},{"@type":"WebPage","@id":"https:\/\/motorpor.pt\/novo-citroen-holidays-escolha-a-vista-da-sua-janela\/","url":"https:\/\/motorpor.pt\/novo-citroen-holidays-escolha-a-vista-da-sua-janela\/","name":"Novo Citro\u00ebn Holidays: Escolha a vista da sua janela - Motorpor","isPartOf":{"@id":"https:\/\/motorpor.pt\/#website"},"primaryImageOfPage":{"@id":"https:\/\/motorpor.pt\/novo-citroen-holidays-escolha-a-vista-da-sua-janela\/#primaryimage"},"image":{"@id":"https:\/\/motorpor.pt\/novo-citroen-holidays-escolha-a-vista-da-sua-janela\/#primaryimage"},"thumbnailUrl":"https:\/\/motorpor.pt\/wp-content\/uploads\/2024\/01\/CL_24.001.002-1.jpg","datePublished":"2024-01-15T23:00:00+00:00","breadcrumb":{"@id":"https:\/\/motorpor.pt\/novo-citroen-holidays-escolha-a-vista-da-sua-janela\/#breadcrumb"},"inLanguage":"en-US","potentialAction":[{"@type":"ReadAction","target":["https:\/\/motorpor.pt\/novo-citroen-holidays-escolha-a-vista-da-sua-janela\/"]}]},{"@type":"ImageObject","inLanguage":"en-US","@id":"https:\/\/motorpor.pt\/novo-citroen-holidays-escolha-a-vista-da-sua-janela\/#primaryimage","url":"https:\/\/motorpor.pt\/wp-content\/uploads\/2024\/01\/CL_24.001.002-1.jpg","contentUrl":"https:\/\/motorpor.pt\/wp-content\/uploads\/2024\/01\/CL_24.001.002-1.jpg","width":2000,"height":1276},{"@type":"BreadcrumbList","@id":"https:\/\/motorpor.pt\/novo-citroen-holidays-escolha-a-vista-da-sua-janela\/#breadcrumb","itemListElement":[{"@type":"ListItem","position":1,"name":"In\u00edcio","item":"https:\/\/motorpor.pt\/"},{"@type":"ListItem","position":2,"name":"Novo Citro\u00ebn Holidays: Escolha a vista da sua janela"}]},{"@type":"WebSite","@id":"https:\/\/motorpor.pt\/#website","url":"https:\/\/motorpor.pt\/","name":"motorpor","description":"Comercio de Autom\u00f3veis Multimarcas","publisher":{"@id":"https:\/\/motorpor.pt\/#organization"},"potentialAction":[{"@type":"SearchAction","target":{"@type":"EntryPoint","urlTemplate":"https:\/\/motorpor.pt\/?s={search_term_string}"},"query-input":{"@type":"PropertyValueSpecification","valueRequired":true,"valueName":"search_term_string"}}],"inLanguage":"en-US"},{"@type":"Organization","@id":"https:\/\/motorpor.pt\/#organization","name":"motorpor","alternateName":"Motorpor","url":"https:\/\/motorpor.pt\/","logo":{"@type":"ImageObject","inLanguage":"en-US","@id":"https:\/\/motorpor.pt\/#\/schema\/logo\/image\/","url":"https:\/\/motorpor.pt\/wp-content\/uploads\/2024\/07\/Logo-Motorpor-Preto.svg","contentUrl":"https:\/\/motorpor.pt\/wp-content\/uploads\/2024\/07\/Logo-Motorpor-Preto.svg","width":493,"height":93,"caption":"Motorpor"},"image":{"@id":"https:\/\/motorpor.pt\/#\/schema\/logo\/image\/"},"sameAs":["https:\/\/www.linkedin.com\/company\/grupo-motorpor"]},{"@type":"Person","@id":"https:\/\/motorpor.pt\/#\/schema\/person\/b4bf07144e88efed7388a5af30522db7","name":"mktmotorpor","image":{"@type":"ImageObject","inLanguage":"en-US","@id":"https:\/\/secure.gravatar.com\/avatar\/8418b61b3175dbba0a8744cf0ee6bb5c7a9f6c67f1dbc4f41a62d7b9738259a2?s=96&d=mm&r=g","url":"https:\/\/secure.gravatar.com\/avatar\/8418b61b3175dbba0a8744cf0ee6bb5c7a9f6c67f1dbc4f41a62d7b9738259a2?s=96&d=mm&r=g","contentUrl":"https:\/\/secure.gravatar.com\/avatar\/8418b61b3175dbba0a8744cf0ee6bb5c7a9f6c67f1dbc4f41a62d7b9738259a2?s=96&d=mm&r=g","caption":"mktmotorpor"},"url":"https:\/\/motorpor.pt\/en\/user\/mktmotorpor\/"}]}},"_links":{"self":[{"href":"https:\/\/motorpor.pt\/en\/wp-json\/wp\/v2\/posts\/76611","targetHints":{"allow":["GET"]}}],"collection":[{"href":"https:\/\/motorpor.pt\/en\/wp-json\/wp\/v2\/posts"}],"about":[{"href":"https:\/\/motorpor.pt\/en\/wp-json\/wp\/v2\/types\/post"}],"author":[{"embeddable":true,"href":"https:\/\/motorpor.pt\/en\/wp-json\/wp\/v2\/users\/85"}],"replies":[{"embeddable":true,"href":"https:\/\/motorpor.pt\/en\/wp-json\/wp\/v2\/comments?post=76611"}],"version-history":[{"count":0,"href":"https:\/\/motorpor.pt\/en\/wp-json\/wp\/v2\/posts\/76611\/revisions"}],"wp:featuredmedia":[{"embeddable":true,"href":"https:\/\/motorpor.pt\/en\/wp-json\/wp\/v2\/media\/76607"}],"wp:attachment":[{"href":"https:\/\/motorpor.pt\/en\/wp-json\/wp\/v2\/media?parent=76611"}],"wp:term":[{"taxonomy":"category","embeddable":true,"href":"https:\/\/motorpor.pt\/en\/wp-json\/wp\/v2\/categories?post=76611"},{"taxonomy":"post_tag","embeddable":true,"href":"https:\/\/motorpor.pt\/en\/wp-json\/wp\/v2\/tags?post=76611"}],"curies":[{"name":"wp","href":"https:\/\/api.w.org\/{rel}","templated":true}]}}