{"id":77153,"date":"2024-02-06T00:00:00","date_gmt":"2024-02-05T23:00:00","guid":{"rendered":"https:\/\/motorpor.pt\/novo-opel-combo-equipado-com-a-inovadora-iluminacao-de-matriz-intelli-lux-led\/"},"modified":"2024-07-17T16:33:52","modified_gmt":"2024-07-17T15:33:52","slug":"novo-opel-combo-equipado-com-a-inovadora-iluminacao-de-matriz-intelli-lux-led","status":"publish","type":"post","link":"https:\/\/motorpor.pt\/en\/novo-opel-combo-equipado-com-a-inovadora-iluminacao-de-matriz-intelli-lux-led\/","title":{"rendered":"Novo Opel Combo: equipado com a inovadora ilumina\u00e7\u00e3o de matriz Intelli-Lux LED"},"content":{"rendered":"<h5>Intelli-Lux LED : A tecnologia avan\u00e7ada de ilumina\u00e7\u00e3o, agora no Opel Combo.<\/h5>\n<p>\u00a0<\/p>\n<p>A Opel \u00e9 a marca de refer\u00eancia quando se trata de conduzir em condi\u00e7\u00f5es de baixa visibilidade. A tecnologia Intelli-Lux LED adaptativa e sem encandeamento presentes nos far\u00f3is, pode ser encontrada em todas as classes de autom\u00f3veis Opel, come\u00e7ando com o bestseller Opel Corsa e o apelativo Opel Mokka.<\/p>\n<p>\u00a0<\/p>\n<p><img fetchpriority=\"high\" decoding=\"async\" class=\"alignnone size-full wp-image-77149\" src=\"https:\/\/motorpor.pt\/wp-content\/uploads\/2024\/02\/OpelComboElectric.jpg\" alt=\"\" width=\"2000\" height=\"1125\" srcset=\"https:\/\/motorpor.pt\/wp-content\/uploads\/2024\/02\/OpelComboElectric.jpg 2000w, https:\/\/motorpor.pt\/wp-content\/uploads\/2024\/02\/OpelComboElectric-300x169.jpg 300w, https:\/\/motorpor.pt\/wp-content\/uploads\/2024\/02\/OpelComboElectric-1024x576.jpg 1024w, https:\/\/motorpor.pt\/wp-content\/uploads\/2024\/02\/OpelComboElectric-768x432.jpg 768w, https:\/\/motorpor.pt\/wp-content\/uploads\/2024\/02\/OpelComboElectric-1536x864.jpg 1536w, https:\/\/motorpor.pt\/wp-content\/uploads\/2024\/02\/OpelComboElectric-18x10.jpg 18w, https:\/\/motorpor.pt\/wp-content\/uploads\/2024\/02\/OpelComboElectric-167x93.jpg 167w, https:\/\/motorpor.pt\/wp-content\/uploads\/2024\/02\/OpelComboElectric-165x93.jpg 165w\" sizes=\"(max-width: 2000px) 100vw, 2000px\" \/><\/p>\n<p>\u00a0<\/p>\n<p>O novo Opel Combo Electric e o novo ve\u00edculo comercial ligeiro Combo Cargo Electric, s\u00e3o um dos primeiros, nos respectivos segmentos, a oferecer uma tecnologia de ponta e a assegurat uma excelente visibilidade \u00e0 noite ou com mau tempo, em qualquer que seja a viagem.<\/p>\n<p>Os far\u00f3is com luz de matriz Intelli-Lux LED al\u00e9m de serem mais seguros, t\u00eam um excelente design, uma vez que s\u00e3o parte integrante do Opel Vizor, a caracter\u00edstica imagem de marca da dianteira Opel. Mas h\u00e1 mais. Assim que o autom\u00f3vel sai das zonas urbanas, os far\u00f3is de matriz mudam automaticamente para m\u00e1ximos, o alcance da luz adapta-se \u00e0s condi\u00e7\u00f5es de condu\u00e7\u00e3o e, quando s\u00e3o detetadas luzes de outro autom\u00f3vel, os LED individuais desligam-se automaticamente.<\/p>\n<p>Conhe\u00e7a os <a href=\"https:\/\/motorpor.pt\/en\/novos\/opel\/\">modelos Opel dispon\u00edveis<\/a> no nosso site.<\/p>","protected":false},"excerpt":{"rendered":"<p>Intelli-Lux LED : A tecnologia avan\u00e7ada de ilumina\u00e7\u00e3o, agora no Opel Combo. \u00a0 A Opel \u00e9 a marca de refer\u00eancia quando se trata de conduzir em condi\u00e7\u00f5es de baixa visibilidade. A tecnologia Intelli-Lux LED adaptativa e sem encandeamento presentes nos far\u00f3is, pode ser encontrada em todas as classes de autom\u00f3veis Opel, come\u00e7ando com o bestseller [&hellip;]<\/p>\n","protected":false},"author":85,"featured_media":77148,"comment_status":"closed","ping_status":"open","sticky":false,"template":"","format":"standard","meta":{"_acf_changed":false,"footnotes":""},"categories":[2595,2592,3093],"tags":[],"class_list":["post-77153","post","type-post","status-publish","format-standard","has-post-thumbnail","hentry","category-atualidade","category-noticias","category-noticias-opel"],"acf":[],"yoast_head":"<!-- This site is optimized with the Yoast SEO plugin v27.5 - https:\/\/yoast.com\/product\/yoast-seo-wordpress\/ -->\n<title>Novo Opel Combo: equipado com a inovadora ilumina\u00e7\u00e3o de matriz Intelli-Lux LED - Motorpor<\/title>\n<meta name=\"robots\" content=\"index, follow, max-snippet:-1, max-image-preview:large, max-video-preview:-1\" \/>\n<link rel=\"canonical\" href=\"https:\/\/motorpor.pt\/en\/novo-opel-combo-equipado-com-a-inovadora-iluminacao-de-matriz-intelli-lux-led\/\" \/>\n<meta property=\"og:locale\" content=\"en_US\" \/>\n<meta property=\"og:type\" content=\"article\" \/>\n<meta property=\"og:title\" content=\"Novo Opel Combo: equipado com a inovadora ilumina\u00e7\u00e3o de matriz Intelli-Lux LED - Motorpor\" \/>\n<meta property=\"og:description\" content=\"Intelli-Lux LED : A tecnologia avan\u00e7ada de ilumina\u00e7\u00e3o, agora no Opel Combo. \u00a0 A Opel \u00e9 a marca de refer\u00eancia quando se trata de conduzir em condi\u00e7\u00f5es de baixa visibilidade. A tecnologia Intelli-Lux LED adaptativa e sem encandeamento presentes nos far\u00f3is, pode ser encontrada em todas as classes de autom\u00f3veis Opel, come\u00e7ando com o bestseller [&hellip;]\" \/>\n<meta property=\"og:url\" content=\"https:\/\/motorpor.pt\/en\/novo-opel-combo-equipado-com-a-inovadora-iluminacao-de-matriz-intelli-lux-led\/\" \/>\n<meta property=\"og:site_name\" content=\"Motorpor\" \/>\n<meta property=\"article:published_time\" content=\"2024-02-05T23:00:00+00:00\" \/>\n<meta property=\"article:modified_time\" content=\"2024-07-17T15:33:52+00:00\" \/>\n<meta property=\"og:image\" content=\"https:\/\/motorpor.pt\/wp-content\/uploads\/2024\/02\/OpelComboElectric-2-1.jpg\" \/>\n\t<meta property=\"og:image:width\" content=\"2000\" \/>\n\t<meta property=\"og:image:height\" content=\"1132\" \/>\n\t<meta property=\"og:image:type\" content=\"image\/jpeg\" \/>\n<meta name=\"author\" content=\"mktmotorpor\" \/>\n<meta name=\"twitter:card\" content=\"summary_large_image\" \/>\n<meta name=\"twitter:label1\" content=\"Written by\" \/>\n\t<meta name=\"twitter:data1\" content=\"mktmotorpor\" \/>\n\t<meta name=\"twitter:label2\" content=\"Est. reading time\" \/>\n\t<meta name=\"twitter:data2\" content=\"1 minute\" \/>\n<script type=\"application\/ld+json\" class=\"yoast-schema-graph\">{\"@context\":\"https:\\\/\\\/schema.org\",\"@graph\":[{\"@type\":\"Article\",\"@id\":\"https:\\\/\\\/motorpor.pt\\\/novo-opel-combo-equipado-com-a-inovadora-iluminacao-de-matriz-intelli-lux-led\\\/#article\",\"isPartOf\":{\"@id\":\"https:\\\/\\\/motorpor.pt\\\/novo-opel-combo-equipado-com-a-inovadora-iluminacao-de-matriz-intelli-lux-led\\\/\"},\"author\":{\"name\":\"mktmotorpor\",\"@id\":\"https:\\\/\\\/motorpor.pt\\\/#\\\/schema\\\/person\\\/b4bf07144e88efed7388a5af30522db7\"},\"headline\":\"Novo Opel Combo: equipado com a inovadora ilumina\u00e7\u00e3o de matriz Intelli-Lux LED\",\"datePublished\":\"2024-02-05T23:00:00+00:00\",\"dateModified\":\"2024-07-17T15:33:52+00:00\",\"mainEntityOfPage\":{\"@id\":\"https:\\\/\\\/motorpor.pt\\\/novo-opel-combo-equipado-com-a-inovadora-iluminacao-de-matriz-intelli-lux-led\\\/\"},\"wordCount\":222,\"publisher\":{\"@id\":\"https:\\\/\\\/motorpor.pt\\\/#organization\"},\"image\":{\"@id\":\"https:\\\/\\\/motorpor.pt\\\/novo-opel-combo-equipado-com-a-inovadora-iluminacao-de-matriz-intelli-lux-led\\\/#primaryimage\"},\"thumbnailUrl\":\"https:\\\/\\\/motorpor.pt\\\/wp-content\\\/uploads\\\/2024\\\/02\\\/OpelComboElectric-2-1.jpg\",\"articleSection\":[\"Atualidade\",\"Not\u00edcias\",\"Not\u00edcias Opel\"],\"inLanguage\":\"en-US\"},{\"@type\":\"WebPage\",\"@id\":\"https:\\\/\\\/motorpor.pt\\\/novo-opel-combo-equipado-com-a-inovadora-iluminacao-de-matriz-intelli-lux-led\\\/\",\"url\":\"https:\\\/\\\/motorpor.pt\\\/novo-opel-combo-equipado-com-a-inovadora-iluminacao-de-matriz-intelli-lux-led\\\/\",\"name\":\"Novo Opel Combo: equipado com a inovadora ilumina\u00e7\u00e3o de matriz Intelli-Lux LED - Motorpor\",\"isPartOf\":{\"@id\":\"https:\\\/\\\/motorpor.pt\\\/#website\"},\"primaryImageOfPage\":{\"@id\":\"https:\\\/\\\/motorpor.pt\\\/novo-opel-combo-equipado-com-a-inovadora-iluminacao-de-matriz-intelli-lux-led\\\/#primaryimage\"},\"image\":{\"@id\":\"https:\\\/\\\/motorpor.pt\\\/novo-opel-combo-equipado-com-a-inovadora-iluminacao-de-matriz-intelli-lux-led\\\/#primaryimage\"},\"thumbnailUrl\":\"https:\\\/\\\/motorpor.pt\\\/wp-content\\\/uploads\\\/2024\\\/02\\\/OpelComboElectric-2-1.jpg\",\"datePublished\":\"2024-02-05T23:00:00+00:00\",\"dateModified\":\"2024-07-17T15:33:52+00:00\",\"breadcrumb\":{\"@id\":\"https:\\\/\\\/motorpor.pt\\\/novo-opel-combo-equipado-com-a-inovadora-iluminacao-de-matriz-intelli-lux-led\\\/#breadcrumb\"},\"inLanguage\":\"en-US\",\"potentialAction\":[{\"@type\":\"ReadAction\",\"target\":[\"https:\\\/\\\/motorpor.pt\\\/novo-opel-combo-equipado-com-a-inovadora-iluminacao-de-matriz-intelli-lux-led\\\/\"]}]},{\"@type\":\"ImageObject\",\"inLanguage\":\"en-US\",\"@id\":\"https:\\\/\\\/motorpor.pt\\\/novo-opel-combo-equipado-com-a-inovadora-iluminacao-de-matriz-intelli-lux-led\\\/#primaryimage\",\"url\":\"https:\\\/\\\/motorpor.pt\\\/wp-content\\\/uploads\\\/2024\\\/02\\\/OpelComboElectric-2-1.jpg\",\"contentUrl\":\"https:\\\/\\\/motorpor.pt\\\/wp-content\\\/uploads\\\/2024\\\/02\\\/OpelComboElectric-2-1.jpg\",\"width\":2000,\"height\":1132},{\"@type\":\"BreadcrumbList\",\"@id\":\"https:\\\/\\\/motorpor.pt\\\/novo-opel-combo-equipado-com-a-inovadora-iluminacao-de-matriz-intelli-lux-led\\\/#breadcrumb\",\"itemListElement\":[{\"@type\":\"ListItem\",\"position\":1,\"name\":\"In\u00edcio\",\"item\":\"https:\\\/\\\/motorpor.pt\\\/\"},{\"@type\":\"ListItem\",\"position\":2,\"name\":\"Novo Opel Combo: equipado com a inovadora ilumina\u00e7\u00e3o de matriz Intelli-Lux LED\"}]},{\"@type\":\"WebSite\",\"@id\":\"https:\\\/\\\/motorpor.pt\\\/#website\",\"url\":\"https:\\\/\\\/motorpor.pt\\\/\",\"name\":\"Motorpor\",\"description\":\"Comercio de Autom\u00f3veis Multimarcas\",\"publisher\":{\"@id\":\"https:\\\/\\\/motorpor.pt\\\/#organization\"},\"potentialAction\":[{\"@type\":\"SearchAction\",\"target\":{\"@type\":\"EntryPoint\",\"urlTemplate\":\"https:\\\/\\\/motorpor.pt\\\/?s={search_term_string}\"},\"query-input\":{\"@type\":\"PropertyValueSpecification\",\"valueRequired\":true,\"valueName\":\"search_term_string\"}}],\"inLanguage\":\"en-US\"},{\"@type\":\"Organization\",\"@id\":\"https:\\\/\\\/motorpor.pt\\\/#organization\",\"name\":\"Motorpor\",\"alternateName\":\"Motorpor\",\"url\":\"https:\\\/\\\/motorpor.pt\\\/\",\"logo\":{\"@type\":\"ImageObject\",\"inLanguage\":\"en-US\",\"@id\":\"https:\\\/\\\/motorpor.pt\\\/#\\\/schema\\\/logo\\\/image\\\/\",\"url\":\"https:\\\/\\\/motorpor.pt\\\/wp-content\\\/uploads\\\/2024\\\/07\\\/Logo-Motorpor-Preto.svg\",\"contentUrl\":\"https:\\\/\\\/motorpor.pt\\\/wp-content\\\/uploads\\\/2024\\\/07\\\/Logo-Motorpor-Preto.svg\",\"width\":493,\"height\":93,\"caption\":\"Motorpor\"},\"image\":{\"@id\":\"https:\\\/\\\/motorpor.pt\\\/#\\\/schema\\\/logo\\\/image\\\/\"},\"sameAs\":[\"https:\\\/\\\/www.linkedin.com\\\/company\\\/grupo-motorpor\"]},{\"@type\":\"Person\",\"@id\":\"https:\\\/\\\/motorpor.pt\\\/#\\\/schema\\\/person\\\/b4bf07144e88efed7388a5af30522db7\",\"name\":\"mktmotorpor\",\"image\":{\"@type\":\"ImageObject\",\"inLanguage\":\"en-US\",\"@id\":\"https:\\\/\\\/secure.gravatar.com\\\/avatar\\\/8418b61b3175dbba0a8744cf0ee6bb5c7a9f6c67f1dbc4f41a62d7b9738259a2?s=96&d=mm&r=g\",\"url\":\"https:\\\/\\\/secure.gravatar.com\\\/avatar\\\/8418b61b3175dbba0a8744cf0ee6bb5c7a9f6c67f1dbc4f41a62d7b9738259a2?s=96&d=mm&r=g\",\"contentUrl\":\"https:\\\/\\\/secure.gravatar.com\\\/avatar\\\/8418b61b3175dbba0a8744cf0ee6bb5c7a9f6c67f1dbc4f41a62d7b9738259a2?s=96&d=mm&r=g\",\"caption\":\"mktmotorpor\"},\"url\":\"https:\\\/\\\/motorpor.pt\\\/en\\\/user\\\/mktmotorpor\\\/\"}]}<\/script>\n<!-- \/ Yoast SEO plugin. -->","yoast_head_json":{"title":"Novo Opel Combo: equipado com a inovadora ilumina\u00e7\u00e3o de matriz Intelli-Lux LED - Motorpor","robots":{"index":"index","follow":"follow","max-snippet":"max-snippet:-1","max-image-preview":"max-image-preview:large","max-video-preview":"max-video-preview:-1"},"canonical":"https:\/\/motorpor.pt\/en\/novo-opel-combo-equipado-com-a-inovadora-iluminacao-de-matriz-intelli-lux-led\/","og_locale":"en_US","og_type":"article","og_title":"Novo Opel Combo: equipado com a inovadora ilumina\u00e7\u00e3o de matriz Intelli-Lux LED - Motorpor","og_description":"Intelli-Lux LED : A tecnologia avan\u00e7ada de ilumina\u00e7\u00e3o, agora no Opel Combo. \u00a0 A Opel \u00e9 a marca de refer\u00eancia quando se trata de conduzir em condi\u00e7\u00f5es de baixa visibilidade. A tecnologia Intelli-Lux LED adaptativa e sem encandeamento presentes nos far\u00f3is, pode ser encontrada em todas as classes de autom\u00f3veis Opel, come\u00e7ando com o bestseller [&hellip;]","og_url":"https:\/\/motorpor.pt\/en\/novo-opel-combo-equipado-com-a-inovadora-iluminacao-de-matriz-intelli-lux-led\/","og_site_name":"Motorpor","article_published_time":"2024-02-05T23:00:00+00:00","article_modified_time":"2024-07-17T15:33:52+00:00","og_image":[{"width":2000,"height":1132,"url":"https:\/\/motorpor.pt\/wp-content\/uploads\/2024\/02\/OpelComboElectric-2-1.jpg","type":"image\/jpeg"}],"author":"mktmotorpor","twitter_card":"summary_large_image","twitter_misc":{"Written by":"mktmotorpor","Est. reading time":"1 minute"},"schema":{"@context":"https:\/\/schema.org","@graph":[{"@type":"Article","@id":"https:\/\/motorpor.pt\/novo-opel-combo-equipado-com-a-inovadora-iluminacao-de-matriz-intelli-lux-led\/#article","isPartOf":{"@id":"https:\/\/motorpor.pt\/novo-opel-combo-equipado-com-a-inovadora-iluminacao-de-matriz-intelli-lux-led\/"},"author":{"name":"mktmotorpor","@id":"https:\/\/motorpor.pt\/#\/schema\/person\/b4bf07144e88efed7388a5af30522db7"},"headline":"Novo Opel Combo: equipado com a inovadora ilumina\u00e7\u00e3o de matriz Intelli-Lux LED","datePublished":"2024-02-05T23:00:00+00:00","dateModified":"2024-07-17T15:33:52+00:00","mainEntityOfPage":{"@id":"https:\/\/motorpor.pt\/novo-opel-combo-equipado-com-a-inovadora-iluminacao-de-matriz-intelli-lux-led\/"},"wordCount":222,"publisher":{"@id":"https:\/\/motorpor.pt\/#organization"},"image":{"@id":"https:\/\/motorpor.pt\/novo-opel-combo-equipado-com-a-inovadora-iluminacao-de-matriz-intelli-lux-led\/#primaryimage"},"thumbnailUrl":"https:\/\/motorpor.pt\/wp-content\/uploads\/2024\/02\/OpelComboElectric-2-1.jpg","articleSection":["Atualidade","Not\u00edcias","Not\u00edcias Opel"],"inLanguage":"en-US"},{"@type":"WebPage","@id":"https:\/\/motorpor.pt\/novo-opel-combo-equipado-com-a-inovadora-iluminacao-de-matriz-intelli-lux-led\/","url":"https:\/\/motorpor.pt\/novo-opel-combo-equipado-com-a-inovadora-iluminacao-de-matriz-intelli-lux-led\/","name":"Novo Opel Combo: equipado com a inovadora ilumina\u00e7\u00e3o de matriz Intelli-Lux LED - Motorpor","isPartOf":{"@id":"https:\/\/motorpor.pt\/#website"},"primaryImageOfPage":{"@id":"https:\/\/motorpor.pt\/novo-opel-combo-equipado-com-a-inovadora-iluminacao-de-matriz-intelli-lux-led\/#primaryimage"},"image":{"@id":"https:\/\/motorpor.pt\/novo-opel-combo-equipado-com-a-inovadora-iluminacao-de-matriz-intelli-lux-led\/#primaryimage"},"thumbnailUrl":"https:\/\/motorpor.pt\/wp-content\/uploads\/2024\/02\/OpelComboElectric-2-1.jpg","datePublished":"2024-02-05T23:00:00+00:00","dateModified":"2024-07-17T15:33:52+00:00","breadcrumb":{"@id":"https:\/\/motorpor.pt\/novo-opel-combo-equipado-com-a-inovadora-iluminacao-de-matriz-intelli-lux-led\/#breadcrumb"},"inLanguage":"en-US","potentialAction":[{"@type":"ReadAction","target":["https:\/\/motorpor.pt\/novo-opel-combo-equipado-com-a-inovadora-iluminacao-de-matriz-intelli-lux-led\/"]}]},{"@type":"ImageObject","inLanguage":"en-US","@id":"https:\/\/motorpor.pt\/novo-opel-combo-equipado-com-a-inovadora-iluminacao-de-matriz-intelli-lux-led\/#primaryimage","url":"https:\/\/motorpor.pt\/wp-content\/uploads\/2024\/02\/OpelComboElectric-2-1.jpg","contentUrl":"https:\/\/motorpor.pt\/wp-content\/uploads\/2024\/02\/OpelComboElectric-2-1.jpg","width":2000,"height":1132},{"@type":"BreadcrumbList","@id":"https:\/\/motorpor.pt\/novo-opel-combo-equipado-com-a-inovadora-iluminacao-de-matriz-intelli-lux-led\/#breadcrumb","itemListElement":[{"@type":"ListItem","position":1,"name":"In\u00edcio","item":"https:\/\/motorpor.pt\/"},{"@type":"ListItem","position":2,"name":"Novo Opel Combo: equipado com a inovadora ilumina\u00e7\u00e3o de matriz Intelli-Lux LED"}]},{"@type":"WebSite","@id":"https:\/\/motorpor.pt\/#website","url":"https:\/\/motorpor.pt\/","name":"motorpor","description":"Comercio de Autom\u00f3veis Multimarcas","publisher":{"@id":"https:\/\/motorpor.pt\/#organization"},"potentialAction":[{"@type":"SearchAction","target":{"@type":"EntryPoint","urlTemplate":"https:\/\/motorpor.pt\/?s={search_term_string}"},"query-input":{"@type":"PropertyValueSpecification","valueRequired":true,"valueName":"search_term_string"}}],"inLanguage":"en-US"},{"@type":"Organization","@id":"https:\/\/motorpor.pt\/#organization","name":"motorpor","alternateName":"Motorpor","url":"https:\/\/motorpor.pt\/","logo":{"@type":"ImageObject","inLanguage":"en-US","@id":"https:\/\/motorpor.pt\/#\/schema\/logo\/image\/","url":"https:\/\/motorpor.pt\/wp-content\/uploads\/2024\/07\/Logo-Motorpor-Preto.svg","contentUrl":"https:\/\/motorpor.pt\/wp-content\/uploads\/2024\/07\/Logo-Motorpor-Preto.svg","width":493,"height":93,"caption":"Motorpor"},"image":{"@id":"https:\/\/motorpor.pt\/#\/schema\/logo\/image\/"},"sameAs":["https:\/\/www.linkedin.com\/company\/grupo-motorpor"]},{"@type":"Person","@id":"https:\/\/motorpor.pt\/#\/schema\/person\/b4bf07144e88efed7388a5af30522db7","name":"mktmotorpor","image":{"@type":"ImageObject","inLanguage":"en-US","@id":"https:\/\/secure.gravatar.com\/avatar\/8418b61b3175dbba0a8744cf0ee6bb5c7a9f6c67f1dbc4f41a62d7b9738259a2?s=96&d=mm&r=g","url":"https:\/\/secure.gravatar.com\/avatar\/8418b61b3175dbba0a8744cf0ee6bb5c7a9f6c67f1dbc4f41a62d7b9738259a2?s=96&d=mm&r=g","contentUrl":"https:\/\/secure.gravatar.com\/avatar\/8418b61b3175dbba0a8744cf0ee6bb5c7a9f6c67f1dbc4f41a62d7b9738259a2?s=96&d=mm&r=g","caption":"mktmotorpor"},"url":"https:\/\/motorpor.pt\/en\/user\/mktmotorpor\/"}]}},"_links":{"self":[{"href":"https:\/\/motorpor.pt\/en\/wp-json\/wp\/v2\/posts\/77153","targetHints":{"allow":["GET"]}}],"collection":[{"href":"https:\/\/motorpor.pt\/en\/wp-json\/wp\/v2\/posts"}],"about":[{"href":"https:\/\/motorpor.pt\/en\/wp-json\/wp\/v2\/types\/post"}],"author":[{"embeddable":true,"href":"https:\/\/motorpor.pt\/en\/wp-json\/wp\/v2\/users\/85"}],"replies":[{"embeddable":true,"href":"https:\/\/motorpor.pt\/en\/wp-json\/wp\/v2\/comments?post=77153"}],"version-history":[{"count":1,"href":"https:\/\/motorpor.pt\/en\/wp-json\/wp\/v2\/posts\/77153\/revisions"}],"predecessor-version":[{"id":90261,"href":"https:\/\/motorpor.pt\/en\/wp-json\/wp\/v2\/posts\/77153\/revisions\/90261"}],"wp:featuredmedia":[{"embeddable":true,"href":"https:\/\/motorpor.pt\/en\/wp-json\/wp\/v2\/media\/77148"}],"wp:attachment":[{"href":"https:\/\/motorpor.pt\/en\/wp-json\/wp\/v2\/media?parent=77153"}],"wp:term":[{"taxonomy":"category","embeddable":true,"href":"https:\/\/motorpor.pt\/en\/wp-json\/wp\/v2\/categories?post=77153"},{"taxonomy":"post_tag","embeddable":true,"href":"https:\/\/motorpor.pt\/en\/wp-json\/wp\/v2\/tags?post=77153"}],"curies":[{"name":"wp","href":"https:\/\/api.w.org\/{rel}","templated":true}]}}