{"id":77281,"date":"2024-02-14T16:08:06","date_gmt":"2024-02-14T15:40:02","guid":{"rendered":"https:\/\/motorpor.pt\/renault-rafale-e-tech-full-hybrid-disponivel-para-encomenda-em-portugal\/"},"modified":"2024-02-14T17:46:26","modified_gmt":"2024-02-14T16:46:26","slug":"renault-rafale-e-tech-full-hybrid-disponivel-para-encomenda-em-portugal","status":"publish","type":"post","link":"https:\/\/motorpor.pt\/en\/renault-rafale-e-tech-full-hybrid-disponivel-para-encomenda-em-portugal\/","title":{"rendered":"Renault Rafale E-Tech Full Hybrid: Dispon\u00edvel para encomenda em Portugal"},"content":{"rendered":"<h5>As encomendas do SUV coup\u00e9 topo de gama da Renault j\u00e1 est\u00e3o abertas<\/h5>\n<p>O novo Renault Rafale E-Tech Full Hybrid \u00e9 um dos destaques da <a href=\"https:\/\/www.renault.pt\/campanha\/renaulution.html\"><em>Renaulution<\/em><\/a>, um s\u00edmbolo da evolu\u00e7\u00e3o da marca e a prova de que a Renault tem o autom\u00f3vel certo para os todos os clientes. Este novo modelo promete experi\u00eancias intensas ao volante e um redobrado prazer de condu\u00e7\u00e3o, gra\u00e7as aos seus propulsores h\u00edbridos e ao seu chassis.<\/p>\n<div id='gallery-1' class='gallery galleryid-77281 gallery-columns-3 gallery-size-full'><figure class='gallery-item'>\n\t\t\t<div class='gallery-icon landscape'>\n\t\t\t\t<a href='https:\/\/motorpor.pt\/en\/novo-renault-rafale-8\/'><img fetchpriority=\"high\" decoding=\"async\" width=\"2560\" height=\"1707\" src=\"https:\/\/motorpor.pt\/wp-content\/uploads\/2024\/02\/Novo-Renault-Rafale-2-scaled.jpg\" class=\"attachment-full size-full\" alt=\"\" srcset=\"https:\/\/motorpor.pt\/wp-content\/uploads\/2024\/02\/Novo-Renault-Rafale-2-scaled.jpg 2560w, https:\/\/motorpor.pt\/wp-content\/uploads\/2024\/02\/Novo-Renault-Rafale-2-300x200.jpg 300w, https:\/\/motorpor.pt\/wp-content\/uploads\/2024\/02\/Novo-Renault-Rafale-2-1024x683.jpg 1024w, https:\/\/motorpor.pt\/wp-content\/uploads\/2024\/02\/Novo-Renault-Rafale-2-768x512.jpg 768w, https:\/\/motorpor.pt\/wp-content\/uploads\/2024\/02\/Novo-Renault-Rafale-2-1536x1024.jpg 1536w, https:\/\/motorpor.pt\/wp-content\/uploads\/2024\/02\/Novo-Renault-Rafale-2-2048x1365.jpg 2048w, https:\/\/motorpor.pt\/wp-content\/uploads\/2024\/02\/Novo-Renault-Rafale-2-18x12.jpg 18w, https:\/\/motorpor.pt\/wp-content\/uploads\/2024\/02\/Novo-Renault-Rafale-2-165x110.jpg 165w\" sizes=\"(max-width: 2560px) 100vw, 2560px\" \/><\/a>\n\t\t\t<\/div><\/figure><figure class='gallery-item'>\n\t\t\t<div class='gallery-icon landscape'>\n\t\t\t\t<a href='https:\/\/motorpor.pt\/en\/novo-renault-rafale-2\/'><img decoding=\"async\" width=\"2560\" height=\"1707\" src=\"https:\/\/motorpor.pt\/wp-content\/uploads\/2024\/02\/Novo-Renault-Rafale-1-scaled.jpg\" class=\"attachment-full size-full\" alt=\"\" srcset=\"https:\/\/motorpor.pt\/wp-content\/uploads\/2024\/02\/Novo-Renault-Rafale-1-scaled.jpg 2560w, https:\/\/motorpor.pt\/wp-content\/uploads\/2024\/02\/Novo-Renault-Rafale-1-300x200.jpg 300w, https:\/\/motorpor.pt\/wp-content\/uploads\/2024\/02\/Novo-Renault-Rafale-1-1024x683.jpg 1024w, https:\/\/motorpor.pt\/wp-content\/uploads\/2024\/02\/Novo-Renault-Rafale-1-768x512.jpg 768w, https:\/\/motorpor.pt\/wp-content\/uploads\/2024\/02\/Novo-Renault-Rafale-1-1536x1024.jpg 1536w, https:\/\/motorpor.pt\/wp-content\/uploads\/2024\/02\/Novo-Renault-Rafale-1-2048x1365.jpg 2048w, https:\/\/motorpor.pt\/wp-content\/uploads\/2024\/02\/Novo-Renault-Rafale-1-18x12.jpg 18w, https:\/\/motorpor.pt\/wp-content\/uploads\/2024\/02\/Novo-Renault-Rafale-1-165x110.jpg 165w\" sizes=\"(max-width: 2560px) 100vw, 2560px\" \/><\/a>\n\t\t\t<\/div><\/figure><figure class='gallery-item'>\n\t\t\t<div class='gallery-icon landscape'>\n\t\t\t\t<a href='https:\/\/motorpor.pt\/en\/novo-renault-rafale\/'><img decoding=\"async\" width=\"2560\" height=\"1707\" src=\"https:\/\/motorpor.pt\/wp-content\/uploads\/2024\/02\/Novo-Renault-Rafale-scaled.jpg\" class=\"attachment-full size-full\" alt=\"\" srcset=\"https:\/\/motorpor.pt\/wp-content\/uploads\/2024\/02\/Novo-Renault-Rafale-scaled.jpg 2560w, https:\/\/motorpor.pt\/wp-content\/uploads\/2024\/02\/Novo-Renault-Rafale-300x200.jpg 300w, https:\/\/motorpor.pt\/wp-content\/uploads\/2024\/02\/Novo-Renault-Rafale-1024x683.jpg 1024w, https:\/\/motorpor.pt\/wp-content\/uploads\/2024\/02\/Novo-Renault-Rafale-768x512.jpg 768w, https:\/\/motorpor.pt\/wp-content\/uploads\/2024\/02\/Novo-Renault-Rafale-1536x1024.jpg 1536w, https:\/\/motorpor.pt\/wp-content\/uploads\/2024\/02\/Novo-Renault-Rafale-2048x1365.jpg 2048w, https:\/\/motorpor.pt\/wp-content\/uploads\/2024\/02\/Novo-Renault-Rafale-18x12.jpg 18w, https:\/\/motorpor.pt\/wp-content\/uploads\/2024\/02\/Novo-Renault-Rafale-165x110.jpg 165w\" sizes=\"(max-width: 2560px) 100vw, 2560px\" \/><\/a>\n\t\t\t<\/div><\/figure>\n\t\t<\/div>\n\n<p>O potente grupo propulsor de 200 cv e de elevado rendimento do Renault Rafale E-Tech Full Hybrid, associado \u00e0 caixa multimodo, conta com os incr\u00edveis 1.100 km de autonomia. Este \u00e9 um ve\u00edculo que se caracteriza pelo seu incr\u00edvel espa\u00e7o, tendo 4,71 metros de comprimento, 1,87 metros de largura e 1,61 metros de altura.<\/p>\n<p>A gama inclui dois n\u00edveis de equipamento \u2013 Techno e Esprit Alpine. At\u00e9 ao final do ano, a Renault vai acrescentar \u00e0 gama do Rafale uma vers\u00e3o E-Tech 4&#215;4 de 300 cv, de alto desempenho.<\/p>\n<div id='gallery-2' class='gallery galleryid-77281 gallery-columns-3 gallery-size-full'><figure class='gallery-item'>\n\t\t\t<div class='gallery-icon landscape'>\n\t\t\t\t<a href='https:\/\/motorpor.pt\/en\/novo-renault-rafale-5\/'><img loading=\"lazy\" decoding=\"async\" width=\"2560\" height=\"1707\" src=\"https:\/\/motorpor.pt\/wp-content\/uploads\/2024\/02\/Novo-Renault-Rafale-4-scaled.jpg\" class=\"attachment-full size-full\" alt=\"\" srcset=\"https:\/\/motorpor.pt\/wp-content\/uploads\/2024\/02\/Novo-Renault-Rafale-4-scaled.jpg 2560w, https:\/\/motorpor.pt\/wp-content\/uploads\/2024\/02\/Novo-Renault-Rafale-4-300x200.jpg 300w, https:\/\/motorpor.pt\/wp-content\/uploads\/2024\/02\/Novo-Renault-Rafale-4-1024x683.jpg 1024w, https:\/\/motorpor.pt\/wp-content\/uploads\/2024\/02\/Novo-Renault-Rafale-4-768x512.jpg 768w, https:\/\/motorpor.pt\/wp-content\/uploads\/2024\/02\/Novo-Renault-Rafale-4-1536x1024.jpg 1536w, https:\/\/motorpor.pt\/wp-content\/uploads\/2024\/02\/Novo-Renault-Rafale-4-2048x1365.jpg 2048w, https:\/\/motorpor.pt\/wp-content\/uploads\/2024\/02\/Novo-Renault-Rafale-4-18x12.jpg 18w, https:\/\/motorpor.pt\/wp-content\/uploads\/2024\/02\/Novo-Renault-Rafale-4-165x110.jpg 165w\" sizes=\"(max-width: 2560px) 100vw, 2560px\" \/><\/a>\n\t\t\t<\/div><\/figure><figure class='gallery-item'>\n\t\t\t<div class='gallery-icon landscape'>\n\t\t\t\t<a href='https:\/\/motorpor.pt\/en\/novo-renault-rafale-6\/'><img loading=\"lazy\" decoding=\"async\" width=\"2560\" height=\"1707\" src=\"https:\/\/motorpor.pt\/wp-content\/uploads\/2024\/02\/Novo-Renault-Rafale-5-scaled.jpg\" class=\"attachment-full size-full\" alt=\"\" srcset=\"https:\/\/motorpor.pt\/wp-content\/uploads\/2024\/02\/Novo-Renault-Rafale-5-scaled.jpg 2560w, https:\/\/motorpor.pt\/wp-content\/uploads\/2024\/02\/Novo-Renault-Rafale-5-300x200.jpg 300w, https:\/\/motorpor.pt\/wp-content\/uploads\/2024\/02\/Novo-Renault-Rafale-5-1024x683.jpg 1024w, https:\/\/motorpor.pt\/wp-content\/uploads\/2024\/02\/Novo-Renault-Rafale-5-768x512.jpg 768w, https:\/\/motorpor.pt\/wp-content\/uploads\/2024\/02\/Novo-Renault-Rafale-5-1536x1024.jpg 1536w, https:\/\/motorpor.pt\/wp-content\/uploads\/2024\/02\/Novo-Renault-Rafale-5-2048x1365.jpg 2048w, https:\/\/motorpor.pt\/wp-content\/uploads\/2024\/02\/Novo-Renault-Rafale-5-18x12.jpg 18w, https:\/\/motorpor.pt\/wp-content\/uploads\/2024\/02\/Novo-Renault-Rafale-5-165x110.jpg 165w\" sizes=\"(max-width: 2560px) 100vw, 2560px\" \/><\/a>\n\t\t\t<\/div><\/figure><figure class='gallery-item'>\n\t\t\t<div class='gallery-icon landscape'>\n\t\t\t\t<a href='https:\/\/motorpor.pt\/en\/novo-renault-rafale-7\/'><img loading=\"lazy\" decoding=\"async\" width=\"2560\" height=\"1707\" src=\"https:\/\/motorpor.pt\/wp-content\/uploads\/2024\/02\/Novo-Renault-Rafale-6-scaled.jpg\" class=\"attachment-full size-full\" alt=\"\" srcset=\"https:\/\/motorpor.pt\/wp-content\/uploads\/2024\/02\/Novo-Renault-Rafale-6-scaled.jpg 2560w, https:\/\/motorpor.pt\/wp-content\/uploads\/2024\/02\/Novo-Renault-Rafale-6-300x200.jpg 300w, https:\/\/motorpor.pt\/wp-content\/uploads\/2024\/02\/Novo-Renault-Rafale-6-1024x683.jpg 1024w, https:\/\/motorpor.pt\/wp-content\/uploads\/2024\/02\/Novo-Renault-Rafale-6-768x512.jpg 768w, https:\/\/motorpor.pt\/wp-content\/uploads\/2024\/02\/Novo-Renault-Rafale-6-1536x1024.jpg 1536w, https:\/\/motorpor.pt\/wp-content\/uploads\/2024\/02\/Novo-Renault-Rafale-6-2048x1365.jpg 2048w, https:\/\/motorpor.pt\/wp-content\/uploads\/2024\/02\/Novo-Renault-Rafale-6-18x12.jpg 18w, https:\/\/motorpor.pt\/wp-content\/uploads\/2024\/02\/Novo-Renault-Rafale-6-165x110.jpg 165w\" sizes=\"(max-width: 2560px) 100vw, 2560px\" \/><\/a>\n\t\t\t<\/div><\/figure>\n\t\t<\/div>\n\n<p>As primeiras entregas do novo Renault ser\u00e3o iniciadas no ver\u00e3o de 2024. O ve\u00edculo est\u00e1 dispon\u00edvel por 45.000 euros no n\u00edvel de equipamento Techno e por 50.000 euros no n\u00edvel de equipamento Esprit Alpine.<\/p>\n<p>Conhe\u00e7a todos os <a href=\"https:\/\/motorpor.pt\/en\/novos\/renault\/\">modelos Renault<\/a> dispon\u00edveis no nosso site.<\/p>","protected":false},"excerpt":{"rendered":"<p>As encomendas do SUV coup\u00e9 topo de gama da Renault j\u00e1 est\u00e3o abertas O novo Renault Rafale E-Tech Full Hybrid \u00e9 um dos destaques da Renaulution, um s\u00edmbolo da evolu\u00e7\u00e3o da marca e a prova de que a Renault tem o autom\u00f3vel certo para os todos os clientes. Este novo modelo promete experi\u00eancias intensas ao [&hellip;]<\/p>\n","protected":false},"author":85,"featured_media":77276,"comment_status":"closed","ping_status":"open","sticky":false,"template":"","format":"standard","meta":{"_acf_changed":false,"footnotes":""},"categories":[2595,2592],"tags":[],"class_list":["post-77281","post","type-post","status-publish","format-standard","has-post-thumbnail","hentry","category-atualidade","category-noticias"],"acf":[],"yoast_head":"<!-- This site is optimized with the Yoast SEO plugin v27.5 - https:\/\/yoast.com\/product\/yoast-seo-wordpress\/ -->\n<title>Renault Rafale E-Tech Full Hybrid: Dispon\u00edvel para encomenda em Portugal - Motorpor<\/title>\n<meta name=\"robots\" content=\"index, follow, max-snippet:-1, max-image-preview:large, max-video-preview:-1\" \/>\n<link rel=\"canonical\" href=\"https:\/\/motorpor.pt\/en\/renault-rafale-e-tech-full-hybrid-disponivel-para-encomenda-em-portugal\/\" \/>\n<meta property=\"og:locale\" content=\"en_US\" \/>\n<meta property=\"og:type\" content=\"article\" \/>\n<meta property=\"og:title\" content=\"Renault Rafale E-Tech Full Hybrid: Dispon\u00edvel para encomenda em Portugal - Motorpor\" \/>\n<meta property=\"og:description\" content=\"As encomendas do SUV coup\u00e9 topo de gama da Renault j\u00e1 est\u00e3o abertas O novo Renault Rafale E-Tech Full Hybrid \u00e9 um dos destaques da Renaulution, um s\u00edmbolo da evolu\u00e7\u00e3o da marca e a prova de que a Renault tem o autom\u00f3vel certo para os todos os clientes. Este novo modelo promete experi\u00eancias intensas ao [&hellip;]\" \/>\n<meta property=\"og:url\" content=\"https:\/\/motorpor.pt\/en\/renault-rafale-e-tech-full-hybrid-disponivel-para-encomenda-em-portugal\/\" \/>\n<meta property=\"og:site_name\" content=\"Motorpor\" \/>\n<meta property=\"article:published_time\" content=\"2024-02-14T15:40:02+00:00\" \/>\n<meta property=\"article:modified_time\" content=\"2024-02-14T16:46:26+00:00\" \/>\n<meta property=\"og:image\" content=\"https:\/\/motorpor.pt\/wp-content\/uploads\/2024\/02\/Novo-Renault-Rafale-2-1.jpg\" \/>\n\t<meta property=\"og:image:width\" content=\"1920\" \/>\n\t<meta property=\"og:image:height\" content=\"1080\" \/>\n\t<meta property=\"og:image:type\" content=\"image\/jpeg\" \/>\n<meta name=\"author\" content=\"mktmotorpor\" \/>\n<meta name=\"twitter:card\" content=\"summary_large_image\" \/>\n<meta name=\"twitter:label1\" content=\"Written by\" \/>\n\t<meta name=\"twitter:data1\" content=\"mktmotorpor\" \/>\n\t<meta name=\"twitter:label2\" content=\"Est. reading time\" \/>\n\t<meta name=\"twitter:data2\" content=\"1 minute\" \/>\n<script type=\"application\/ld+json\" class=\"yoast-schema-graph\">{\"@context\":\"https:\\\/\\\/schema.org\",\"@graph\":[{\"@type\":\"Article\",\"@id\":\"https:\\\/\\\/motorpor.pt\\\/renault-rafale-e-tech-full-hybrid-disponivel-para-encomenda-em-portugal\\\/#article\",\"isPartOf\":{\"@id\":\"https:\\\/\\\/motorpor.pt\\\/renault-rafale-e-tech-full-hybrid-disponivel-para-encomenda-em-portugal\\\/\"},\"author\":{\"name\":\"mktmotorpor\",\"@id\":\"https:\\\/\\\/motorpor.pt\\\/#\\\/schema\\\/person\\\/b4bf07144e88efed7388a5af30522db7\"},\"headline\":\"Renault Rafale E-Tech Full Hybrid: Dispon\u00edvel para encomenda em Portugal\",\"datePublished\":\"2024-02-14T15:40:02+00:00\",\"dateModified\":\"2024-02-14T16:46:26+00:00\",\"mainEntityOfPage\":{\"@id\":\"https:\\\/\\\/motorpor.pt\\\/renault-rafale-e-tech-full-hybrid-disponivel-para-encomenda-em-portugal\\\/\"},\"wordCount\":230,\"publisher\":{\"@id\":\"https:\\\/\\\/motorpor.pt\\\/#organization\"},\"image\":{\"@id\":\"https:\\\/\\\/motorpor.pt\\\/renault-rafale-e-tech-full-hybrid-disponivel-para-encomenda-em-portugal\\\/#primaryimage\"},\"thumbnailUrl\":\"https:\\\/\\\/motorpor.pt\\\/wp-content\\\/uploads\\\/2024\\\/02\\\/Novo-Renault-Rafale-2-1.jpg\",\"articleSection\":[\"Atualidade\",\"Not\u00edcias\"],\"inLanguage\":\"en-US\"},{\"@type\":\"WebPage\",\"@id\":\"https:\\\/\\\/motorpor.pt\\\/renault-rafale-e-tech-full-hybrid-disponivel-para-encomenda-em-portugal\\\/\",\"url\":\"https:\\\/\\\/motorpor.pt\\\/renault-rafale-e-tech-full-hybrid-disponivel-para-encomenda-em-portugal\\\/\",\"name\":\"Renault Rafale E-Tech Full Hybrid: Dispon\u00edvel para encomenda em Portugal - Motorpor\",\"isPartOf\":{\"@id\":\"https:\\\/\\\/motorpor.pt\\\/#website\"},\"primaryImageOfPage\":{\"@id\":\"https:\\\/\\\/motorpor.pt\\\/renault-rafale-e-tech-full-hybrid-disponivel-para-encomenda-em-portugal\\\/#primaryimage\"},\"image\":{\"@id\":\"https:\\\/\\\/motorpor.pt\\\/renault-rafale-e-tech-full-hybrid-disponivel-para-encomenda-em-portugal\\\/#primaryimage\"},\"thumbnailUrl\":\"https:\\\/\\\/motorpor.pt\\\/wp-content\\\/uploads\\\/2024\\\/02\\\/Novo-Renault-Rafale-2-1.jpg\",\"datePublished\":\"2024-02-14T15:40:02+00:00\",\"dateModified\":\"2024-02-14T16:46:26+00:00\",\"breadcrumb\":{\"@id\":\"https:\\\/\\\/motorpor.pt\\\/renault-rafale-e-tech-full-hybrid-disponivel-para-encomenda-em-portugal\\\/#breadcrumb\"},\"inLanguage\":\"en-US\",\"potentialAction\":[{\"@type\":\"ReadAction\",\"target\":[\"https:\\\/\\\/motorpor.pt\\\/renault-rafale-e-tech-full-hybrid-disponivel-para-encomenda-em-portugal\\\/\"]}]},{\"@type\":\"ImageObject\",\"inLanguage\":\"en-US\",\"@id\":\"https:\\\/\\\/motorpor.pt\\\/renault-rafale-e-tech-full-hybrid-disponivel-para-encomenda-em-portugal\\\/#primaryimage\",\"url\":\"https:\\\/\\\/motorpor.pt\\\/wp-content\\\/uploads\\\/2024\\\/02\\\/Novo-Renault-Rafale-2-1.jpg\",\"contentUrl\":\"https:\\\/\\\/motorpor.pt\\\/wp-content\\\/uploads\\\/2024\\\/02\\\/Novo-Renault-Rafale-2-1.jpg\",\"width\":1920,\"height\":1080},{\"@type\":\"BreadcrumbList\",\"@id\":\"https:\\\/\\\/motorpor.pt\\\/renault-rafale-e-tech-full-hybrid-disponivel-para-encomenda-em-portugal\\\/#breadcrumb\",\"itemListElement\":[{\"@type\":\"ListItem\",\"position\":1,\"name\":\"In\u00edcio\",\"item\":\"https:\\\/\\\/motorpor.pt\\\/\"},{\"@type\":\"ListItem\",\"position\":2,\"name\":\"Renault Rafale E-Tech Full Hybrid: Dispon\u00edvel para encomenda em Portugal\"}]},{\"@type\":\"WebSite\",\"@id\":\"https:\\\/\\\/motorpor.pt\\\/#website\",\"url\":\"https:\\\/\\\/motorpor.pt\\\/\",\"name\":\"Motorpor\",\"description\":\"Comercio de Autom\u00f3veis Multimarcas\",\"publisher\":{\"@id\":\"https:\\\/\\\/motorpor.pt\\\/#organization\"},\"potentialAction\":[{\"@type\":\"SearchAction\",\"target\":{\"@type\":\"EntryPoint\",\"urlTemplate\":\"https:\\\/\\\/motorpor.pt\\\/?s={search_term_string}\"},\"query-input\":{\"@type\":\"PropertyValueSpecification\",\"valueRequired\":true,\"valueName\":\"search_term_string\"}}],\"inLanguage\":\"en-US\"},{\"@type\":\"Organization\",\"@id\":\"https:\\\/\\\/motorpor.pt\\\/#organization\",\"name\":\"Motorpor\",\"alternateName\":\"Motorpor\",\"url\":\"https:\\\/\\\/motorpor.pt\\\/\",\"logo\":{\"@type\":\"ImageObject\",\"inLanguage\":\"en-US\",\"@id\":\"https:\\\/\\\/motorpor.pt\\\/#\\\/schema\\\/logo\\\/image\\\/\",\"url\":\"https:\\\/\\\/motorpor.pt\\\/wp-content\\\/uploads\\\/2024\\\/07\\\/Logo-Motorpor-Preto.svg\",\"contentUrl\":\"https:\\\/\\\/motorpor.pt\\\/wp-content\\\/uploads\\\/2024\\\/07\\\/Logo-Motorpor-Preto.svg\",\"width\":493,\"height\":93,\"caption\":\"Motorpor\"},\"image\":{\"@id\":\"https:\\\/\\\/motorpor.pt\\\/#\\\/schema\\\/logo\\\/image\\\/\"},\"sameAs\":[\"https:\\\/\\\/www.linkedin.com\\\/company\\\/grupo-motorpor\"]},{\"@type\":\"Person\",\"@id\":\"https:\\\/\\\/motorpor.pt\\\/#\\\/schema\\\/person\\\/b4bf07144e88efed7388a5af30522db7\",\"name\":\"mktmotorpor\",\"image\":{\"@type\":\"ImageObject\",\"inLanguage\":\"en-US\",\"@id\":\"https:\\\/\\\/secure.gravatar.com\\\/avatar\\\/8418b61b3175dbba0a8744cf0ee6bb5c7a9f6c67f1dbc4f41a62d7b9738259a2?s=96&d=mm&r=g\",\"url\":\"https:\\\/\\\/secure.gravatar.com\\\/avatar\\\/8418b61b3175dbba0a8744cf0ee6bb5c7a9f6c67f1dbc4f41a62d7b9738259a2?s=96&d=mm&r=g\",\"contentUrl\":\"https:\\\/\\\/secure.gravatar.com\\\/avatar\\\/8418b61b3175dbba0a8744cf0ee6bb5c7a9f6c67f1dbc4f41a62d7b9738259a2?s=96&d=mm&r=g\",\"caption\":\"mktmotorpor\"},\"url\":\"https:\\\/\\\/motorpor.pt\\\/en\\\/user\\\/mktmotorpor\\\/\"}]}<\/script>\n<!-- \/ Yoast SEO plugin. -->","yoast_head_json":{"title":"Renault Rafale E-Tech Full Hybrid: Dispon\u00edvel para encomenda em Portugal - Motorpor","robots":{"index":"index","follow":"follow","max-snippet":"max-snippet:-1","max-image-preview":"max-image-preview:large","max-video-preview":"max-video-preview:-1"},"canonical":"https:\/\/motorpor.pt\/en\/renault-rafale-e-tech-full-hybrid-disponivel-para-encomenda-em-portugal\/","og_locale":"en_US","og_type":"article","og_title":"Renault Rafale E-Tech Full Hybrid: Dispon\u00edvel para encomenda em Portugal - Motorpor","og_description":"As encomendas do SUV coup\u00e9 topo de gama da Renault j\u00e1 est\u00e3o abertas O novo Renault Rafale E-Tech Full Hybrid \u00e9 um dos destaques da Renaulution, um s\u00edmbolo da evolu\u00e7\u00e3o da marca e a prova de que a Renault tem o autom\u00f3vel certo para os todos os clientes. Este novo modelo promete experi\u00eancias intensas ao [&hellip;]","og_url":"https:\/\/motorpor.pt\/en\/renault-rafale-e-tech-full-hybrid-disponivel-para-encomenda-em-portugal\/","og_site_name":"Motorpor","article_published_time":"2024-02-14T15:40:02+00:00","article_modified_time":"2024-02-14T16:46:26+00:00","og_image":[{"width":1920,"height":1080,"url":"https:\/\/motorpor.pt\/wp-content\/uploads\/2024\/02\/Novo-Renault-Rafale-2-1.jpg","type":"image\/jpeg"}],"author":"mktmotorpor","twitter_card":"summary_large_image","twitter_misc":{"Written by":"mktmotorpor","Est. reading time":"1 minute"},"schema":{"@context":"https:\/\/schema.org","@graph":[{"@type":"Article","@id":"https:\/\/motorpor.pt\/renault-rafale-e-tech-full-hybrid-disponivel-para-encomenda-em-portugal\/#article","isPartOf":{"@id":"https:\/\/motorpor.pt\/renault-rafale-e-tech-full-hybrid-disponivel-para-encomenda-em-portugal\/"},"author":{"name":"mktmotorpor","@id":"https:\/\/motorpor.pt\/#\/schema\/person\/b4bf07144e88efed7388a5af30522db7"},"headline":"Renault Rafale E-Tech Full Hybrid: Dispon\u00edvel para encomenda em Portugal","datePublished":"2024-02-14T15:40:02+00:00","dateModified":"2024-02-14T16:46:26+00:00","mainEntityOfPage":{"@id":"https:\/\/motorpor.pt\/renault-rafale-e-tech-full-hybrid-disponivel-para-encomenda-em-portugal\/"},"wordCount":230,"publisher":{"@id":"https:\/\/motorpor.pt\/#organization"},"image":{"@id":"https:\/\/motorpor.pt\/renault-rafale-e-tech-full-hybrid-disponivel-para-encomenda-em-portugal\/#primaryimage"},"thumbnailUrl":"https:\/\/motorpor.pt\/wp-content\/uploads\/2024\/02\/Novo-Renault-Rafale-2-1.jpg","articleSection":["Atualidade","Not\u00edcias"],"inLanguage":"en-US"},{"@type":"WebPage","@id":"https:\/\/motorpor.pt\/renault-rafale-e-tech-full-hybrid-disponivel-para-encomenda-em-portugal\/","url":"https:\/\/motorpor.pt\/renault-rafale-e-tech-full-hybrid-disponivel-para-encomenda-em-portugal\/","name":"Renault Rafale E-Tech Full Hybrid: Dispon\u00edvel para encomenda em Portugal - Motorpor","isPartOf":{"@id":"https:\/\/motorpor.pt\/#website"},"primaryImageOfPage":{"@id":"https:\/\/motorpor.pt\/renault-rafale-e-tech-full-hybrid-disponivel-para-encomenda-em-portugal\/#primaryimage"},"image":{"@id":"https:\/\/motorpor.pt\/renault-rafale-e-tech-full-hybrid-disponivel-para-encomenda-em-portugal\/#primaryimage"},"thumbnailUrl":"https:\/\/motorpor.pt\/wp-content\/uploads\/2024\/02\/Novo-Renault-Rafale-2-1.jpg","datePublished":"2024-02-14T15:40:02+00:00","dateModified":"2024-02-14T16:46:26+00:00","breadcrumb":{"@id":"https:\/\/motorpor.pt\/renault-rafale-e-tech-full-hybrid-disponivel-para-encomenda-em-portugal\/#breadcrumb"},"inLanguage":"en-US","potentialAction":[{"@type":"ReadAction","target":["https:\/\/motorpor.pt\/renault-rafale-e-tech-full-hybrid-disponivel-para-encomenda-em-portugal\/"]}]},{"@type":"ImageObject","inLanguage":"en-US","@id":"https:\/\/motorpor.pt\/renault-rafale-e-tech-full-hybrid-disponivel-para-encomenda-em-portugal\/#primaryimage","url":"https:\/\/motorpor.pt\/wp-content\/uploads\/2024\/02\/Novo-Renault-Rafale-2-1.jpg","contentUrl":"https:\/\/motorpor.pt\/wp-content\/uploads\/2024\/02\/Novo-Renault-Rafale-2-1.jpg","width":1920,"height":1080},{"@type":"BreadcrumbList","@id":"https:\/\/motorpor.pt\/renault-rafale-e-tech-full-hybrid-disponivel-para-encomenda-em-portugal\/#breadcrumb","itemListElement":[{"@type":"ListItem","position":1,"name":"In\u00edcio","item":"https:\/\/motorpor.pt\/"},{"@type":"ListItem","position":2,"name":"Renault Rafale E-Tech Full Hybrid: Dispon\u00edvel para encomenda em Portugal"}]},{"@type":"WebSite","@id":"https:\/\/motorpor.pt\/#website","url":"https:\/\/motorpor.pt\/","name":"motorpor","description":"Comercio de Autom\u00f3veis Multimarcas","publisher":{"@id":"https:\/\/motorpor.pt\/#organization"},"potentialAction":[{"@type":"SearchAction","target":{"@type":"EntryPoint","urlTemplate":"https:\/\/motorpor.pt\/?s={search_term_string}"},"query-input":{"@type":"PropertyValueSpecification","valueRequired":true,"valueName":"search_term_string"}}],"inLanguage":"en-US"},{"@type":"Organization","@id":"https:\/\/motorpor.pt\/#organization","name":"motorpor","alternateName":"Motorpor","url":"https:\/\/motorpor.pt\/","logo":{"@type":"ImageObject","inLanguage":"en-US","@id":"https:\/\/motorpor.pt\/#\/schema\/logo\/image\/","url":"https:\/\/motorpor.pt\/wp-content\/uploads\/2024\/07\/Logo-Motorpor-Preto.svg","contentUrl":"https:\/\/motorpor.pt\/wp-content\/uploads\/2024\/07\/Logo-Motorpor-Preto.svg","width":493,"height":93,"caption":"Motorpor"},"image":{"@id":"https:\/\/motorpor.pt\/#\/schema\/logo\/image\/"},"sameAs":["https:\/\/www.linkedin.com\/company\/grupo-motorpor"]},{"@type":"Person","@id":"https:\/\/motorpor.pt\/#\/schema\/person\/b4bf07144e88efed7388a5af30522db7","name":"mktmotorpor","image":{"@type":"ImageObject","inLanguage":"en-US","@id":"https:\/\/secure.gravatar.com\/avatar\/8418b61b3175dbba0a8744cf0ee6bb5c7a9f6c67f1dbc4f41a62d7b9738259a2?s=96&d=mm&r=g","url":"https:\/\/secure.gravatar.com\/avatar\/8418b61b3175dbba0a8744cf0ee6bb5c7a9f6c67f1dbc4f41a62d7b9738259a2?s=96&d=mm&r=g","contentUrl":"https:\/\/secure.gravatar.com\/avatar\/8418b61b3175dbba0a8744cf0ee6bb5c7a9f6c67f1dbc4f41a62d7b9738259a2?s=96&d=mm&r=g","caption":"mktmotorpor"},"url":"https:\/\/motorpor.pt\/en\/user\/mktmotorpor\/"}]}},"_links":{"self":[{"href":"https:\/\/motorpor.pt\/en\/wp-json\/wp\/v2\/posts\/77281","targetHints":{"allow":["GET"]}}],"collection":[{"href":"https:\/\/motorpor.pt\/en\/wp-json\/wp\/v2\/posts"}],"about":[{"href":"https:\/\/motorpor.pt\/en\/wp-json\/wp\/v2\/types\/post"}],"author":[{"embeddable":true,"href":"https:\/\/motorpor.pt\/en\/wp-json\/wp\/v2\/users\/85"}],"replies":[{"embeddable":true,"href":"https:\/\/motorpor.pt\/en\/wp-json\/wp\/v2\/comments?post=77281"}],"version-history":[{"count":4,"href":"https:\/\/motorpor.pt\/en\/wp-json\/wp\/v2\/posts\/77281\/revisions"}],"predecessor-version":[{"id":77286,"href":"https:\/\/motorpor.pt\/en\/wp-json\/wp\/v2\/posts\/77281\/revisions\/77286"}],"wp:featuredmedia":[{"embeddable":true,"href":"https:\/\/motorpor.pt\/en\/wp-json\/wp\/v2\/media\/77276"}],"wp:attachment":[{"href":"https:\/\/motorpor.pt\/en\/wp-json\/wp\/v2\/media?parent=77281"}],"wp:term":[{"taxonomy":"category","embeddable":true,"href":"https:\/\/motorpor.pt\/en\/wp-json\/wp\/v2\/categories?post=77281"},{"taxonomy":"post_tag","embeddable":true,"href":"https:\/\/motorpor.pt\/en\/wp-json\/wp\/v2\/tags?post=77281"}],"curies":[{"name":"wp","href":"https:\/\/api.w.org\/{rel}","templated":true}]}}