{"id":77774,"date":"2024-02-21T13:42:52","date_gmt":"2024-02-21T12:42:52","guid":{"rendered":"https:\/\/motorpor.pt\/test-drive-novo-opel-corsa-eccc-cross-country-albufeira-2024\/"},"modified":"2024-02-22T15:09:52","modified_gmt":"2024-02-22T14:09:52","slug":"test-drive-novo-opel-corsa-eccc-cross-country-albufeira-2024","status":"publish","type":"post","link":"https:\/\/motorpor.pt\/en\/test-drive-novo-opel-corsa-eccc-cross-country-albufeira-2024\/","title":{"rendered":"Test-drive Novo Opel Corsa- ECCC Cross Country Albufeira 2024"},"content":{"rendered":"<p>Marque o seu test-drive ao <strong>Novo Opel Corsa<\/strong> no dia 25\/02 no <strong>ECCC Cross Country<\/strong> em Albufeira!<\/p>\n<p><span class=\"font-22\"><span class=\"font-light\">Devolve a divers\u00e3o \u00e0 condu\u00e7\u00e3o! Escolhe entre gasolina, h\u00edbrido e 100% el\u00e9trico.<\/span><\/span><\/p>\n<p><span class=\"font-22\"><span class=\"font-light\">O novo Opel Corsa combina a divers\u00e3o da condu\u00e7\u00e3o quotidiana com um design vencedor, a tecnologia dos carros de segmento superior e op\u00e7\u00f5es de propuls\u00e3o eficientes &#8211; para te surpreender em todas as viagens!<\/span><\/span><\/p>\n<p>\u00a0<\/p>\n<p><img fetchpriority=\"high\" decoding=\"async\" class=\"alignnone size-medium wp-image-77773\" src=\"https:\/\/motorpor.pt\/wp-content\/uploads\/2024\/02\/opel-corsa-ice-partial-design_4x3_cosol23_e01_001-300x225.webp\" alt=\"\" width=\"300\" height=\"225\" srcset=\"https:\/\/motorpor.pt\/wp-content\/uploads\/2024\/02\/opel-corsa-ice-partial-design_4x3_cosol23_e01_001-300x225.webp 300w, https:\/\/motorpor.pt\/wp-content\/uploads\/2024\/02\/opel-corsa-ice-partial-design_4x3_cosol23_e01_001-768x577.webp 768w, https:\/\/motorpor.pt\/wp-content\/uploads\/2024\/02\/opel-corsa-ice-partial-design_4x3_cosol23_e01_001-16x12.webp 16w, https:\/\/motorpor.pt\/wp-content\/uploads\/2024\/02\/opel-corsa-ice-partial-design_4x3_cosol23_e01_001-165x124.webp 165w, https:\/\/motorpor.pt\/wp-content\/uploads\/2024\/02\/opel-corsa-ice-partial-design_4x3_cosol23_e01_001.webp 884w\" sizes=\"(max-width: 300px) 100vw, 300px\" \/><\/p>\n<p>\u00a0<\/p>\n<p><strong>Saiba mais sobre o eventos <a href=\"https:\/\/bit.ly\/3T0Y6RF\">aqui<\/a>!<\/strong><\/p>","protected":false},"excerpt":{"rendered":"<p>Marque o seu test-drive ao Novo Opel Corsa no dia 25\/02 no ECCC Cross Country em Albufeira! Devolve a divers\u00e3o \u00e0 condu\u00e7\u00e3o! Escolhe entre gasolina, h\u00edbrido e 100% el\u00e9trico. O novo Opel Corsa combina a divers\u00e3o da condu\u00e7\u00e3o quotidiana com um design vencedor, a tecnologia dos carros de segmento superior e op\u00e7\u00f5es de propuls\u00e3o eficientes [&hellip;]<\/p>\n","protected":false},"author":85,"featured_media":77772,"comment_status":"closed","ping_status":"open","sticky":false,"template":"","format":"standard","meta":{"_acf_changed":false,"footnotes":""},"categories":[2595,2592],"tags":[],"class_list":["post-77774","post","type-post","status-publish","format-standard","has-post-thumbnail","hentry","category-atualidade","category-noticias"],"acf":[],"yoast_head":"<!-- This site is optimized with the Yoast SEO plugin v27.5 - https:\/\/yoast.com\/product\/yoast-seo-wordpress\/ -->\n<title>Test-drive Novo Opel Corsa- ECCC Cross Country Albufeira 2024 - Motorpor<\/title>\n<meta name=\"robots\" content=\"index, follow, max-snippet:-1, max-image-preview:large, max-video-preview:-1\" \/>\n<link rel=\"canonical\" href=\"https:\/\/motorpor.pt\/en\/test-drive-novo-opel-corsa-eccc-cross-country-albufeira-2024\/\" \/>\n<meta property=\"og:locale\" content=\"en_US\" \/>\n<meta property=\"og:type\" content=\"article\" \/>\n<meta property=\"og:title\" content=\"Test-drive Novo Opel Corsa- ECCC Cross Country Albufeira 2024 - Motorpor\" \/>\n<meta property=\"og:description\" content=\"Marque o seu test-drive ao Novo Opel Corsa no dia 25\/02 no ECCC Cross Country em Albufeira! Devolve a divers\u00e3o \u00e0 condu\u00e7\u00e3o! Escolhe entre gasolina, h\u00edbrido e 100% el\u00e9trico. O novo Opel Corsa combina a divers\u00e3o da condu\u00e7\u00e3o quotidiana com um design vencedor, a tecnologia dos carros de segmento superior e op\u00e7\u00f5es de propuls\u00e3o eficientes [&hellip;]\" \/>\n<meta property=\"og:url\" content=\"https:\/\/motorpor.pt\/en\/test-drive-novo-opel-corsa-eccc-cross-country-albufeira-2024\/\" \/>\n<meta property=\"og:site_name\" content=\"Motorpor\" \/>\n<meta property=\"article:published_time\" content=\"2024-02-21T12:42:52+00:00\" \/>\n<meta property=\"article:modified_time\" content=\"2024-02-22T14:09:52+00:00\" \/>\n<meta property=\"og:image\" content=\"https:\/\/motorpor.pt\/wp-content\/uploads\/2024\/02\/Digital-European-Clubs-Cup-Cross-Country-2024-1024x576-1.png\" \/>\n\t<meta property=\"og:image:width\" content=\"1024\" \/>\n\t<meta property=\"og:image:height\" content=\"576\" \/>\n\t<meta property=\"og:image:type\" content=\"image\/png\" \/>\n<meta name=\"author\" content=\"mktmotorpor\" \/>\n<meta name=\"twitter:card\" content=\"summary_large_image\" \/>\n<meta name=\"twitter:label1\" content=\"Written by\" \/>\n\t<meta name=\"twitter:data1\" content=\"mktmotorpor\" \/>\n<script type=\"application\/ld+json\" class=\"yoast-schema-graph\">{\"@context\":\"https:\\\/\\\/schema.org\",\"@graph\":[{\"@type\":\"Article\",\"@id\":\"https:\\\/\\\/motorpor.pt\\\/test-drive-novo-opel-corsa-eccc-cross-country-albufeira-2024\\\/#article\",\"isPartOf\":{\"@id\":\"https:\\\/\\\/motorpor.pt\\\/test-drive-novo-opel-corsa-eccc-cross-country-albufeira-2024\\\/\"},\"author\":{\"name\":\"mktmotorpor\",\"@id\":\"https:\\\/\\\/motorpor.pt\\\/#\\\/schema\\\/person\\\/b4bf07144e88efed7388a5af30522db7\"},\"headline\":\"Test-drive Novo Opel Corsa- ECCC Cross Country Albufeira 2024\",\"datePublished\":\"2024-02-21T12:42:52+00:00\",\"dateModified\":\"2024-02-22T14:09:52+00:00\",\"mainEntityOfPage\":{\"@id\":\"https:\\\/\\\/motorpor.pt\\\/test-drive-novo-opel-corsa-eccc-cross-country-albufeira-2024\\\/\"},\"wordCount\":82,\"publisher\":{\"@id\":\"https:\\\/\\\/motorpor.pt\\\/#organization\"},\"image\":{\"@id\":\"https:\\\/\\\/motorpor.pt\\\/test-drive-novo-opel-corsa-eccc-cross-country-albufeira-2024\\\/#primaryimage\"},\"thumbnailUrl\":\"https:\\\/\\\/motorpor.pt\\\/wp-content\\\/uploads\\\/2024\\\/02\\\/Digital-European-Clubs-Cup-Cross-Country-2024-1.png\",\"articleSection\":[\"Atualidade\",\"Not\u00edcias\"],\"inLanguage\":\"en-US\"},{\"@type\":\"WebPage\",\"@id\":\"https:\\\/\\\/motorpor.pt\\\/test-drive-novo-opel-corsa-eccc-cross-country-albufeira-2024\\\/\",\"url\":\"https:\\\/\\\/motorpor.pt\\\/test-drive-novo-opel-corsa-eccc-cross-country-albufeira-2024\\\/\",\"name\":\"Test-drive Novo Opel Corsa- ECCC Cross Country Albufeira 2024 - Motorpor\",\"isPartOf\":{\"@id\":\"https:\\\/\\\/motorpor.pt\\\/#website\"},\"primaryImageOfPage\":{\"@id\":\"https:\\\/\\\/motorpor.pt\\\/test-drive-novo-opel-corsa-eccc-cross-country-albufeira-2024\\\/#primaryimage\"},\"image\":{\"@id\":\"https:\\\/\\\/motorpor.pt\\\/test-drive-novo-opel-corsa-eccc-cross-country-albufeira-2024\\\/#primaryimage\"},\"thumbnailUrl\":\"https:\\\/\\\/motorpor.pt\\\/wp-content\\\/uploads\\\/2024\\\/02\\\/Digital-European-Clubs-Cup-Cross-Country-2024-1.png\",\"datePublished\":\"2024-02-21T12:42:52+00:00\",\"dateModified\":\"2024-02-22T14:09:52+00:00\",\"breadcrumb\":{\"@id\":\"https:\\\/\\\/motorpor.pt\\\/test-drive-novo-opel-corsa-eccc-cross-country-albufeira-2024\\\/#breadcrumb\"},\"inLanguage\":\"en-US\",\"potentialAction\":[{\"@type\":\"ReadAction\",\"target\":[\"https:\\\/\\\/motorpor.pt\\\/test-drive-novo-opel-corsa-eccc-cross-country-albufeira-2024\\\/\"]}]},{\"@type\":\"ImageObject\",\"inLanguage\":\"en-US\",\"@id\":\"https:\\\/\\\/motorpor.pt\\\/test-drive-novo-opel-corsa-eccc-cross-country-albufeira-2024\\\/#primaryimage\",\"url\":\"https:\\\/\\\/motorpor.pt\\\/wp-content\\\/uploads\\\/2024\\\/02\\\/Digital-European-Clubs-Cup-Cross-Country-2024-1.png\",\"contentUrl\":\"https:\\\/\\\/motorpor.pt\\\/wp-content\\\/uploads\\\/2024\\\/02\\\/Digital-European-Clubs-Cup-Cross-Country-2024-1.png\",\"width\":1920,\"height\":1080},{\"@type\":\"BreadcrumbList\",\"@id\":\"https:\\\/\\\/motorpor.pt\\\/test-drive-novo-opel-corsa-eccc-cross-country-albufeira-2024\\\/#breadcrumb\",\"itemListElement\":[{\"@type\":\"ListItem\",\"position\":1,\"name\":\"In\u00edcio\",\"item\":\"https:\\\/\\\/motorpor.pt\\\/\"},{\"@type\":\"ListItem\",\"position\":2,\"name\":\"Test-drive Novo Opel Corsa- ECCC Cross Country Albufeira 2024\"}]},{\"@type\":\"WebSite\",\"@id\":\"https:\\\/\\\/motorpor.pt\\\/#website\",\"url\":\"https:\\\/\\\/motorpor.pt\\\/\",\"name\":\"Motorpor\",\"description\":\"Comercio de Autom\u00f3veis Multimarcas\",\"publisher\":{\"@id\":\"https:\\\/\\\/motorpor.pt\\\/#organization\"},\"potentialAction\":[{\"@type\":\"SearchAction\",\"target\":{\"@type\":\"EntryPoint\",\"urlTemplate\":\"https:\\\/\\\/motorpor.pt\\\/?s={search_term_string}\"},\"query-input\":{\"@type\":\"PropertyValueSpecification\",\"valueRequired\":true,\"valueName\":\"search_term_string\"}}],\"inLanguage\":\"en-US\"},{\"@type\":\"Organization\",\"@id\":\"https:\\\/\\\/motorpor.pt\\\/#organization\",\"name\":\"Motorpor\",\"alternateName\":\"Motorpor\",\"url\":\"https:\\\/\\\/motorpor.pt\\\/\",\"logo\":{\"@type\":\"ImageObject\",\"inLanguage\":\"en-US\",\"@id\":\"https:\\\/\\\/motorpor.pt\\\/#\\\/schema\\\/logo\\\/image\\\/\",\"url\":\"https:\\\/\\\/motorpor.pt\\\/wp-content\\\/uploads\\\/2024\\\/07\\\/Logo-Motorpor-Preto.svg\",\"contentUrl\":\"https:\\\/\\\/motorpor.pt\\\/wp-content\\\/uploads\\\/2024\\\/07\\\/Logo-Motorpor-Preto.svg\",\"width\":493,\"height\":93,\"caption\":\"Motorpor\"},\"image\":{\"@id\":\"https:\\\/\\\/motorpor.pt\\\/#\\\/schema\\\/logo\\\/image\\\/\"},\"sameAs\":[\"https:\\\/\\\/www.linkedin.com\\\/company\\\/grupo-motorpor\"]},{\"@type\":\"Person\",\"@id\":\"https:\\\/\\\/motorpor.pt\\\/#\\\/schema\\\/person\\\/b4bf07144e88efed7388a5af30522db7\",\"name\":\"mktmotorpor\",\"image\":{\"@type\":\"ImageObject\",\"inLanguage\":\"en-US\",\"@id\":\"https:\\\/\\\/secure.gravatar.com\\\/avatar\\\/8418b61b3175dbba0a8744cf0ee6bb5c7a9f6c67f1dbc4f41a62d7b9738259a2?s=96&d=mm&r=g\",\"url\":\"https:\\\/\\\/secure.gravatar.com\\\/avatar\\\/8418b61b3175dbba0a8744cf0ee6bb5c7a9f6c67f1dbc4f41a62d7b9738259a2?s=96&d=mm&r=g\",\"contentUrl\":\"https:\\\/\\\/secure.gravatar.com\\\/avatar\\\/8418b61b3175dbba0a8744cf0ee6bb5c7a9f6c67f1dbc4f41a62d7b9738259a2?s=96&d=mm&r=g\",\"caption\":\"mktmotorpor\"},\"url\":\"https:\\\/\\\/motorpor.pt\\\/en\\\/user\\\/mktmotorpor\\\/\"}]}<\/script>\n<!-- \/ Yoast SEO plugin. -->","yoast_head_json":{"title":"Test-drive Novo Opel Corsa- ECCC Cross Country Albufeira 2024 - Motorpor","robots":{"index":"index","follow":"follow","max-snippet":"max-snippet:-1","max-image-preview":"max-image-preview:large","max-video-preview":"max-video-preview:-1"},"canonical":"https:\/\/motorpor.pt\/en\/test-drive-novo-opel-corsa-eccc-cross-country-albufeira-2024\/","og_locale":"en_US","og_type":"article","og_title":"Test-drive Novo Opel Corsa- ECCC Cross Country Albufeira 2024 - Motorpor","og_description":"Marque o seu test-drive ao Novo Opel Corsa no dia 25\/02 no ECCC Cross Country em Albufeira! Devolve a divers\u00e3o \u00e0 condu\u00e7\u00e3o! Escolhe entre gasolina, h\u00edbrido e 100% el\u00e9trico. O novo Opel Corsa combina a divers\u00e3o da condu\u00e7\u00e3o quotidiana com um design vencedor, a tecnologia dos carros de segmento superior e op\u00e7\u00f5es de propuls\u00e3o eficientes [&hellip;]","og_url":"https:\/\/motorpor.pt\/en\/test-drive-novo-opel-corsa-eccc-cross-country-albufeira-2024\/","og_site_name":"Motorpor","article_published_time":"2024-02-21T12:42:52+00:00","article_modified_time":"2024-02-22T14:09:52+00:00","og_image":[{"width":1024,"height":576,"url":"https:\/\/motorpor.pt\/wp-content\/uploads\/2024\/02\/Digital-European-Clubs-Cup-Cross-Country-2024-1024x576-1.png","type":"image\/png"}],"author":"mktmotorpor","twitter_card":"summary_large_image","twitter_misc":{"Written by":"mktmotorpor"},"schema":{"@context":"https:\/\/schema.org","@graph":[{"@type":"Article","@id":"https:\/\/motorpor.pt\/test-drive-novo-opel-corsa-eccc-cross-country-albufeira-2024\/#article","isPartOf":{"@id":"https:\/\/motorpor.pt\/test-drive-novo-opel-corsa-eccc-cross-country-albufeira-2024\/"},"author":{"name":"mktmotorpor","@id":"https:\/\/motorpor.pt\/#\/schema\/person\/b4bf07144e88efed7388a5af30522db7"},"headline":"Test-drive Novo Opel Corsa- ECCC Cross Country Albufeira 2024","datePublished":"2024-02-21T12:42:52+00:00","dateModified":"2024-02-22T14:09:52+00:00","mainEntityOfPage":{"@id":"https:\/\/motorpor.pt\/test-drive-novo-opel-corsa-eccc-cross-country-albufeira-2024\/"},"wordCount":82,"publisher":{"@id":"https:\/\/motorpor.pt\/#organization"},"image":{"@id":"https:\/\/motorpor.pt\/test-drive-novo-opel-corsa-eccc-cross-country-albufeira-2024\/#primaryimage"},"thumbnailUrl":"https:\/\/motorpor.pt\/wp-content\/uploads\/2024\/02\/Digital-European-Clubs-Cup-Cross-Country-2024-1.png","articleSection":["Atualidade","Not\u00edcias"],"inLanguage":"en-US"},{"@type":"WebPage","@id":"https:\/\/motorpor.pt\/test-drive-novo-opel-corsa-eccc-cross-country-albufeira-2024\/","url":"https:\/\/motorpor.pt\/test-drive-novo-opel-corsa-eccc-cross-country-albufeira-2024\/","name":"Test-drive Novo Opel Corsa- ECCC Cross Country Albufeira 2024 - Motorpor","isPartOf":{"@id":"https:\/\/motorpor.pt\/#website"},"primaryImageOfPage":{"@id":"https:\/\/motorpor.pt\/test-drive-novo-opel-corsa-eccc-cross-country-albufeira-2024\/#primaryimage"},"image":{"@id":"https:\/\/motorpor.pt\/test-drive-novo-opel-corsa-eccc-cross-country-albufeira-2024\/#primaryimage"},"thumbnailUrl":"https:\/\/motorpor.pt\/wp-content\/uploads\/2024\/02\/Digital-European-Clubs-Cup-Cross-Country-2024-1.png","datePublished":"2024-02-21T12:42:52+00:00","dateModified":"2024-02-22T14:09:52+00:00","breadcrumb":{"@id":"https:\/\/motorpor.pt\/test-drive-novo-opel-corsa-eccc-cross-country-albufeira-2024\/#breadcrumb"},"inLanguage":"en-US","potentialAction":[{"@type":"ReadAction","target":["https:\/\/motorpor.pt\/test-drive-novo-opel-corsa-eccc-cross-country-albufeira-2024\/"]}]},{"@type":"ImageObject","inLanguage":"en-US","@id":"https:\/\/motorpor.pt\/test-drive-novo-opel-corsa-eccc-cross-country-albufeira-2024\/#primaryimage","url":"https:\/\/motorpor.pt\/wp-content\/uploads\/2024\/02\/Digital-European-Clubs-Cup-Cross-Country-2024-1.png","contentUrl":"https:\/\/motorpor.pt\/wp-content\/uploads\/2024\/02\/Digital-European-Clubs-Cup-Cross-Country-2024-1.png","width":1920,"height":1080},{"@type":"BreadcrumbList","@id":"https:\/\/motorpor.pt\/test-drive-novo-opel-corsa-eccc-cross-country-albufeira-2024\/#breadcrumb","itemListElement":[{"@type":"ListItem","position":1,"name":"In\u00edcio","item":"https:\/\/motorpor.pt\/"},{"@type":"ListItem","position":2,"name":"Test-drive Novo Opel Corsa- ECCC Cross Country Albufeira 2024"}]},{"@type":"WebSite","@id":"https:\/\/motorpor.pt\/#website","url":"https:\/\/motorpor.pt\/","name":"motorpor","description":"Comercio de Autom\u00f3veis Multimarcas","publisher":{"@id":"https:\/\/motorpor.pt\/#organization"},"potentialAction":[{"@type":"SearchAction","target":{"@type":"EntryPoint","urlTemplate":"https:\/\/motorpor.pt\/?s={search_term_string}"},"query-input":{"@type":"PropertyValueSpecification","valueRequired":true,"valueName":"search_term_string"}}],"inLanguage":"en-US"},{"@type":"Organization","@id":"https:\/\/motorpor.pt\/#organization","name":"motorpor","alternateName":"Motorpor","url":"https:\/\/motorpor.pt\/","logo":{"@type":"ImageObject","inLanguage":"en-US","@id":"https:\/\/motorpor.pt\/#\/schema\/logo\/image\/","url":"https:\/\/motorpor.pt\/wp-content\/uploads\/2024\/07\/Logo-Motorpor-Preto.svg","contentUrl":"https:\/\/motorpor.pt\/wp-content\/uploads\/2024\/07\/Logo-Motorpor-Preto.svg","width":493,"height":93,"caption":"Motorpor"},"image":{"@id":"https:\/\/motorpor.pt\/#\/schema\/logo\/image\/"},"sameAs":["https:\/\/www.linkedin.com\/company\/grupo-motorpor"]},{"@type":"Person","@id":"https:\/\/motorpor.pt\/#\/schema\/person\/b4bf07144e88efed7388a5af30522db7","name":"mktmotorpor","image":{"@type":"ImageObject","inLanguage":"en-US","@id":"https:\/\/secure.gravatar.com\/avatar\/8418b61b3175dbba0a8744cf0ee6bb5c7a9f6c67f1dbc4f41a62d7b9738259a2?s=96&d=mm&r=g","url":"https:\/\/secure.gravatar.com\/avatar\/8418b61b3175dbba0a8744cf0ee6bb5c7a9f6c67f1dbc4f41a62d7b9738259a2?s=96&d=mm&r=g","contentUrl":"https:\/\/secure.gravatar.com\/avatar\/8418b61b3175dbba0a8744cf0ee6bb5c7a9f6c67f1dbc4f41a62d7b9738259a2?s=96&d=mm&r=g","caption":"mktmotorpor"},"url":"https:\/\/motorpor.pt\/en\/user\/mktmotorpor\/"}]}},"_links":{"self":[{"href":"https:\/\/motorpor.pt\/en\/wp-json\/wp\/v2\/posts\/77774","targetHints":{"allow":["GET"]}}],"collection":[{"href":"https:\/\/motorpor.pt\/en\/wp-json\/wp\/v2\/posts"}],"about":[{"href":"https:\/\/motorpor.pt\/en\/wp-json\/wp\/v2\/types\/post"}],"author":[{"embeddable":true,"href":"https:\/\/motorpor.pt\/en\/wp-json\/wp\/v2\/users\/85"}],"replies":[{"embeddable":true,"href":"https:\/\/motorpor.pt\/en\/wp-json\/wp\/v2\/comments?post=77774"}],"version-history":[{"count":6,"href":"https:\/\/motorpor.pt\/en\/wp-json\/wp\/v2\/posts\/77774\/revisions"}],"predecessor-version":[{"id":77821,"href":"https:\/\/motorpor.pt\/en\/wp-json\/wp\/v2\/posts\/77774\/revisions\/77821"}],"wp:featuredmedia":[{"embeddable":true,"href":"https:\/\/motorpor.pt\/en\/wp-json\/wp\/v2\/media\/77772"}],"wp:attachment":[{"href":"https:\/\/motorpor.pt\/en\/wp-json\/wp\/v2\/media?parent=77774"}],"wp:term":[{"taxonomy":"category","embeddable":true,"href":"https:\/\/motorpor.pt\/en\/wp-json\/wp\/v2\/categories?post=77774"},{"taxonomy":"post_tag","embeddable":true,"href":"https:\/\/motorpor.pt\/en\/wp-json\/wp\/v2\/tags?post=77774"}],"curies":[{"name":"wp","href":"https:\/\/api.w.org\/{rel}","templated":true}]}}