{"id":80038,"date":"2024-03-08T16:50:37","date_gmt":"2024-03-08T15:50:37","guid":{"rendered":"https:\/\/motorpor.pt\/jeep-praticamente-duplica-as-suas-vendas-nos-primeiros-meses-de-2024\/"},"modified":"2024-07-17T16:30:13","modified_gmt":"2024-07-17T15:30:13","slug":"jeep-praticamente-duplica-as-suas-vendas-nos-primeiros-meses-de-2024","status":"publish","type":"post","link":"https:\/\/motorpor.pt\/en\/jeep-praticamente-duplica-as-suas-vendas-nos-primeiros-meses-de-2024\/","title":{"rendered":"Jeep praticamente duplica as suas vendas nos primeiros meses de 2024"},"content":{"rendered":"<h5>Um crescimento de 95% marca o n\u00famero de vendas da Jeep no in\u00edcio deste ano, em Portugal<\/h5>\n<p>\u00a0<\/p>\n<p>A Jeep finalizou os dois primeiros meses de 2024 com um crescimento de 95% nas suas vendas, em Portugal. A marca dos SUV mais aventureiros come\u00e7ou o novo ano com excelentes resultados financeiros.<\/p>\n<p>O Avenger, eleito &#8220;Carro Europeu do Ano de 2023&#8221;, angaria 80% das vendas e mostra-se o favorito da marca no nosso pa\u00eds. O design arrojado, a versatilidade de utiliza\u00e7\u00e3o e oferta abrangente em equipamento e motoriza\u00e7\u00e3o foram pontos fulcrais para o aumento do n\u00famero de vendas.<\/p>\n<p>\u00a0<\/p>\n<p><img fetchpriority=\"high\" decoding=\"async\" class=\"alignnone size-full wp-image-80019\" src=\"https:\/\/motorpor.pt\/wp-content\/uploads\/2024\/03\/Avenger2-scaled.jpg\" alt=\"\" width=\"2560\" height=\"1707\" srcset=\"https:\/\/motorpor.pt\/wp-content\/uploads\/2024\/03\/Avenger2-scaled.jpg 2560w, https:\/\/motorpor.pt\/wp-content\/uploads\/2024\/03\/Avenger2-300x200.jpg 300w, https:\/\/motorpor.pt\/wp-content\/uploads\/2024\/03\/Avenger2-1024x683.jpg 1024w, https:\/\/motorpor.pt\/wp-content\/uploads\/2024\/03\/Avenger2-768x512.jpg 768w, https:\/\/motorpor.pt\/wp-content\/uploads\/2024\/03\/Avenger2-1536x1024.jpg 1536w, https:\/\/motorpor.pt\/wp-content\/uploads\/2024\/03\/Avenger2-2048x1365.jpg 2048w, https:\/\/motorpor.pt\/wp-content\/uploads\/2024\/03\/Avenger2-18x12.jpg 18w, https:\/\/motorpor.pt\/wp-content\/uploads\/2024\/03\/Avenger2-165x110.jpg 165w\" sizes=\"(max-width: 2560px) 100vw, 2560px\" \/><\/p>\n<p>\u00a0<\/p>\n<p>O mais recente SUV da Jeep garante que todos os condutores encontram, na gama, a op\u00e7\u00e3o que melhor satisfaz as suas exig\u00eancias e necessidades. A possibilidade de escolha entre a motoriza\u00e7\u00e3o 100% el\u00e9trica e e-Hybrid \u00e9 uma das caracter\u00edsticas que coloca o Avenger no topo de vendas e que permite angariar estas excelentes percentagens. Em 2024 os amantes do Avenger podem contar com a chegada do Avenger 4xe, variante que aposta numa inovadora tecnologia\u00a0<em>mild hybrid<\/em> de 48V.<\/p>\n<p>Conhe\u00e7a os <a href=\"https:\/\/motorpor.pt\/en\/novos\/jeep\/\">modelos Jeep dispon\u00edveis<\/a> no nosso site.<\/p>","protected":false},"excerpt":{"rendered":"<p>Um crescimento de 95% marca o n\u00famero de vendas da Jeep no in\u00edcio deste ano, em Portugal \u00a0 A Jeep finalizou os dois primeiros meses de 2024 com um crescimento de 95% nas suas vendas, em Portugal. A marca dos SUV mais aventureiros come\u00e7ou o novo ano com excelentes resultados financeiros. O Avenger, eleito &#8220;Carro [&hellip;]<\/p>\n","protected":false},"author":85,"featured_media":80020,"comment_status":"closed","ping_status":"open","sticky":false,"template":"","format":"standard","meta":{"_acf_changed":false,"footnotes":""},"categories":[2595,2594,2592,3091],"tags":[],"class_list":["post-80038","post","type-post","status-publish","format-standard","has-post-thumbnail","hentry","category-atualidade","category-destaques","category-noticias","category-noticias-jeep"],"acf":[],"yoast_head":"<!-- This site is optimized with the Yoast SEO plugin v27.5 - https:\/\/yoast.com\/product\/yoast-seo-wordpress\/ -->\n<title>Jeep praticamente duplica as suas vendas nos primeiros meses de 2024 - Motorpor<\/title>\n<meta name=\"robots\" content=\"index, follow, max-snippet:-1, max-image-preview:large, max-video-preview:-1\" \/>\n<link rel=\"canonical\" href=\"https:\/\/motorpor.pt\/en\/jeep-praticamente-duplica-as-suas-vendas-nos-primeiros-meses-de-2024\/\" \/>\n<meta property=\"og:locale\" content=\"en_US\" \/>\n<meta property=\"og:type\" content=\"article\" \/>\n<meta property=\"og:title\" content=\"Jeep praticamente duplica as suas vendas nos primeiros meses de 2024 - Motorpor\" \/>\n<meta property=\"og:description\" content=\"Um crescimento de 95% marca o n\u00famero de vendas da Jeep no in\u00edcio deste ano, em Portugal \u00a0 A Jeep finalizou os dois primeiros meses de 2024 com um crescimento de 95% nas suas vendas, em Portugal. A marca dos SUV mais aventureiros come\u00e7ou o novo ano com excelentes resultados financeiros. O Avenger, eleito &#8220;Carro [&hellip;]\" \/>\n<meta property=\"og:url\" content=\"https:\/\/motorpor.pt\/en\/jeep-praticamente-duplica-as-suas-vendas-nos-primeiros-meses-de-2024\/\" \/>\n<meta property=\"og:site_name\" content=\"Motorpor\" \/>\n<meta property=\"article:published_time\" content=\"2024-03-08T15:50:37+00:00\" \/>\n<meta property=\"article:modified_time\" content=\"2024-07-17T15:30:13+00:00\" \/>\n<meta property=\"og:image\" content=\"https:\/\/motorpor.pt\/wp-content\/uploads\/2024\/03\/Avenger1-scaled-1.jpg\" \/>\n\t<meta property=\"og:image:width\" content=\"2560\" \/>\n\t<meta property=\"og:image:height\" content=\"1707\" \/>\n\t<meta property=\"og:image:type\" content=\"image\/jpeg\" \/>\n<meta name=\"author\" content=\"mktmotorpor\" \/>\n<meta name=\"twitter:card\" content=\"summary_large_image\" \/>\n<meta name=\"twitter:label1\" content=\"Written by\" \/>\n\t<meta name=\"twitter:data1\" content=\"mktmotorpor\" \/>\n\t<meta name=\"twitter:label2\" content=\"Est. reading time\" \/>\n\t<meta name=\"twitter:data2\" content=\"1 minute\" \/>\n<script type=\"application\/ld+json\" class=\"yoast-schema-graph\">{\"@context\":\"https:\\\/\\\/schema.org\",\"@graph\":[{\"@type\":\"Article\",\"@id\":\"https:\\\/\\\/motorpor.pt\\\/jeep-praticamente-duplica-as-suas-vendas-nos-primeiros-meses-de-2024\\\/#article\",\"isPartOf\":{\"@id\":\"https:\\\/\\\/motorpor.pt\\\/jeep-praticamente-duplica-as-suas-vendas-nos-primeiros-meses-de-2024\\\/\"},\"author\":{\"name\":\"mktmotorpor\",\"@id\":\"https:\\\/\\\/motorpor.pt\\\/#\\\/schema\\\/person\\\/b4bf07144e88efed7388a5af30522db7\"},\"headline\":\"Jeep praticamente duplica as suas vendas nos primeiros meses de 2024\",\"datePublished\":\"2024-03-08T15:50:37+00:00\",\"dateModified\":\"2024-07-17T15:30:13+00:00\",\"mainEntityOfPage\":{\"@id\":\"https:\\\/\\\/motorpor.pt\\\/jeep-praticamente-duplica-as-suas-vendas-nos-primeiros-meses-de-2024\\\/\"},\"wordCount\":198,\"publisher\":{\"@id\":\"https:\\\/\\\/motorpor.pt\\\/#organization\"},\"image\":{\"@id\":\"https:\\\/\\\/motorpor.pt\\\/jeep-praticamente-duplica-as-suas-vendas-nos-primeiros-meses-de-2024\\\/#primaryimage\"},\"thumbnailUrl\":\"https:\\\/\\\/motorpor.pt\\\/wp-content\\\/uploads\\\/2024\\\/03\\\/Avenger1-scaled-1.jpg\",\"articleSection\":[\"Atualidade\",\"Destaques\",\"Not\u00edcias\",\"Not\u00edcias Jeep\"],\"inLanguage\":\"en-US\"},{\"@type\":\"WebPage\",\"@id\":\"https:\\\/\\\/motorpor.pt\\\/jeep-praticamente-duplica-as-suas-vendas-nos-primeiros-meses-de-2024\\\/\",\"url\":\"https:\\\/\\\/motorpor.pt\\\/jeep-praticamente-duplica-as-suas-vendas-nos-primeiros-meses-de-2024\\\/\",\"name\":\"Jeep praticamente duplica as suas vendas nos primeiros meses de 2024 - Motorpor\",\"isPartOf\":{\"@id\":\"https:\\\/\\\/motorpor.pt\\\/#website\"},\"primaryImageOfPage\":{\"@id\":\"https:\\\/\\\/motorpor.pt\\\/jeep-praticamente-duplica-as-suas-vendas-nos-primeiros-meses-de-2024\\\/#primaryimage\"},\"image\":{\"@id\":\"https:\\\/\\\/motorpor.pt\\\/jeep-praticamente-duplica-as-suas-vendas-nos-primeiros-meses-de-2024\\\/#primaryimage\"},\"thumbnailUrl\":\"https:\\\/\\\/motorpor.pt\\\/wp-content\\\/uploads\\\/2024\\\/03\\\/Avenger1-scaled-1.jpg\",\"datePublished\":\"2024-03-08T15:50:37+00:00\",\"dateModified\":\"2024-07-17T15:30:13+00:00\",\"breadcrumb\":{\"@id\":\"https:\\\/\\\/motorpor.pt\\\/jeep-praticamente-duplica-as-suas-vendas-nos-primeiros-meses-de-2024\\\/#breadcrumb\"},\"inLanguage\":\"en-US\",\"potentialAction\":[{\"@type\":\"ReadAction\",\"target\":[\"https:\\\/\\\/motorpor.pt\\\/jeep-praticamente-duplica-as-suas-vendas-nos-primeiros-meses-de-2024\\\/\"]}]},{\"@type\":\"ImageObject\",\"inLanguage\":\"en-US\",\"@id\":\"https:\\\/\\\/motorpor.pt\\\/jeep-praticamente-duplica-as-suas-vendas-nos-primeiros-meses-de-2024\\\/#primaryimage\",\"url\":\"https:\\\/\\\/motorpor.pt\\\/wp-content\\\/uploads\\\/2024\\\/03\\\/Avenger1-scaled-1.jpg\",\"contentUrl\":\"https:\\\/\\\/motorpor.pt\\\/wp-content\\\/uploads\\\/2024\\\/03\\\/Avenger1-scaled-1.jpg\",\"width\":2560,\"height\":1707},{\"@type\":\"BreadcrumbList\",\"@id\":\"https:\\\/\\\/motorpor.pt\\\/jeep-praticamente-duplica-as-suas-vendas-nos-primeiros-meses-de-2024\\\/#breadcrumb\",\"itemListElement\":[{\"@type\":\"ListItem\",\"position\":1,\"name\":\"In\u00edcio\",\"item\":\"https:\\\/\\\/motorpor.pt\\\/\"},{\"@type\":\"ListItem\",\"position\":2,\"name\":\"Jeep praticamente duplica as suas vendas nos primeiros meses de 2024\"}]},{\"@type\":\"WebSite\",\"@id\":\"https:\\\/\\\/motorpor.pt\\\/#website\",\"url\":\"https:\\\/\\\/motorpor.pt\\\/\",\"name\":\"Motorpor\",\"description\":\"Comercio de Autom\u00f3veis Multimarcas\",\"publisher\":{\"@id\":\"https:\\\/\\\/motorpor.pt\\\/#organization\"},\"potentialAction\":[{\"@type\":\"SearchAction\",\"target\":{\"@type\":\"EntryPoint\",\"urlTemplate\":\"https:\\\/\\\/motorpor.pt\\\/?s={search_term_string}\"},\"query-input\":{\"@type\":\"PropertyValueSpecification\",\"valueRequired\":true,\"valueName\":\"search_term_string\"}}],\"inLanguage\":\"en-US\"},{\"@type\":\"Organization\",\"@id\":\"https:\\\/\\\/motorpor.pt\\\/#organization\",\"name\":\"Motorpor\",\"alternateName\":\"Motorpor\",\"url\":\"https:\\\/\\\/motorpor.pt\\\/\",\"logo\":{\"@type\":\"ImageObject\",\"inLanguage\":\"en-US\",\"@id\":\"https:\\\/\\\/motorpor.pt\\\/#\\\/schema\\\/logo\\\/image\\\/\",\"url\":\"https:\\\/\\\/motorpor.pt\\\/wp-content\\\/uploads\\\/2024\\\/07\\\/Logo-Motorpor-Preto.svg\",\"contentUrl\":\"https:\\\/\\\/motorpor.pt\\\/wp-content\\\/uploads\\\/2024\\\/07\\\/Logo-Motorpor-Preto.svg\",\"width\":493,\"height\":93,\"caption\":\"Motorpor\"},\"image\":{\"@id\":\"https:\\\/\\\/motorpor.pt\\\/#\\\/schema\\\/logo\\\/image\\\/\"},\"sameAs\":[\"https:\\\/\\\/www.linkedin.com\\\/company\\\/grupo-motorpor\"]},{\"@type\":\"Person\",\"@id\":\"https:\\\/\\\/motorpor.pt\\\/#\\\/schema\\\/person\\\/b4bf07144e88efed7388a5af30522db7\",\"name\":\"mktmotorpor\",\"image\":{\"@type\":\"ImageObject\",\"inLanguage\":\"en-US\",\"@id\":\"https:\\\/\\\/secure.gravatar.com\\\/avatar\\\/8418b61b3175dbba0a8744cf0ee6bb5c7a9f6c67f1dbc4f41a62d7b9738259a2?s=96&d=mm&r=g\",\"url\":\"https:\\\/\\\/secure.gravatar.com\\\/avatar\\\/8418b61b3175dbba0a8744cf0ee6bb5c7a9f6c67f1dbc4f41a62d7b9738259a2?s=96&d=mm&r=g\",\"contentUrl\":\"https:\\\/\\\/secure.gravatar.com\\\/avatar\\\/8418b61b3175dbba0a8744cf0ee6bb5c7a9f6c67f1dbc4f41a62d7b9738259a2?s=96&d=mm&r=g\",\"caption\":\"mktmotorpor\"},\"url\":\"https:\\\/\\\/motorpor.pt\\\/en\\\/user\\\/mktmotorpor\\\/\"}]}<\/script>\n<!-- \/ Yoast SEO plugin. -->","yoast_head_json":{"title":"Jeep praticamente duplica as suas vendas nos primeiros meses de 2024 - Motorpor","robots":{"index":"index","follow":"follow","max-snippet":"max-snippet:-1","max-image-preview":"max-image-preview:large","max-video-preview":"max-video-preview:-1"},"canonical":"https:\/\/motorpor.pt\/en\/jeep-praticamente-duplica-as-suas-vendas-nos-primeiros-meses-de-2024\/","og_locale":"en_US","og_type":"article","og_title":"Jeep praticamente duplica as suas vendas nos primeiros meses de 2024 - Motorpor","og_description":"Um crescimento de 95% marca o n\u00famero de vendas da Jeep no in\u00edcio deste ano, em Portugal \u00a0 A Jeep finalizou os dois primeiros meses de 2024 com um crescimento de 95% nas suas vendas, em Portugal. A marca dos SUV mais aventureiros come\u00e7ou o novo ano com excelentes resultados financeiros. O Avenger, eleito &#8220;Carro [&hellip;]","og_url":"https:\/\/motorpor.pt\/en\/jeep-praticamente-duplica-as-suas-vendas-nos-primeiros-meses-de-2024\/","og_site_name":"Motorpor","article_published_time":"2024-03-08T15:50:37+00:00","article_modified_time":"2024-07-17T15:30:13+00:00","og_image":[{"width":2560,"height":1707,"url":"https:\/\/motorpor.pt\/wp-content\/uploads\/2024\/03\/Avenger1-scaled-1.jpg","type":"image\/jpeg"}],"author":"mktmotorpor","twitter_card":"summary_large_image","twitter_misc":{"Written by":"mktmotorpor","Est. reading time":"1 minute"},"schema":{"@context":"https:\/\/schema.org","@graph":[{"@type":"Article","@id":"https:\/\/motorpor.pt\/jeep-praticamente-duplica-as-suas-vendas-nos-primeiros-meses-de-2024\/#article","isPartOf":{"@id":"https:\/\/motorpor.pt\/jeep-praticamente-duplica-as-suas-vendas-nos-primeiros-meses-de-2024\/"},"author":{"name":"mktmotorpor","@id":"https:\/\/motorpor.pt\/#\/schema\/person\/b4bf07144e88efed7388a5af30522db7"},"headline":"Jeep praticamente duplica as suas vendas nos primeiros meses de 2024","datePublished":"2024-03-08T15:50:37+00:00","dateModified":"2024-07-17T15:30:13+00:00","mainEntityOfPage":{"@id":"https:\/\/motorpor.pt\/jeep-praticamente-duplica-as-suas-vendas-nos-primeiros-meses-de-2024\/"},"wordCount":198,"publisher":{"@id":"https:\/\/motorpor.pt\/#organization"},"image":{"@id":"https:\/\/motorpor.pt\/jeep-praticamente-duplica-as-suas-vendas-nos-primeiros-meses-de-2024\/#primaryimage"},"thumbnailUrl":"https:\/\/motorpor.pt\/wp-content\/uploads\/2024\/03\/Avenger1-scaled-1.jpg","articleSection":["Atualidade","Destaques","Not\u00edcias","Not\u00edcias Jeep"],"inLanguage":"en-US"},{"@type":"WebPage","@id":"https:\/\/motorpor.pt\/jeep-praticamente-duplica-as-suas-vendas-nos-primeiros-meses-de-2024\/","url":"https:\/\/motorpor.pt\/jeep-praticamente-duplica-as-suas-vendas-nos-primeiros-meses-de-2024\/","name":"Jeep praticamente duplica as suas vendas nos primeiros meses de 2024 - Motorpor","isPartOf":{"@id":"https:\/\/motorpor.pt\/#website"},"primaryImageOfPage":{"@id":"https:\/\/motorpor.pt\/jeep-praticamente-duplica-as-suas-vendas-nos-primeiros-meses-de-2024\/#primaryimage"},"image":{"@id":"https:\/\/motorpor.pt\/jeep-praticamente-duplica-as-suas-vendas-nos-primeiros-meses-de-2024\/#primaryimage"},"thumbnailUrl":"https:\/\/motorpor.pt\/wp-content\/uploads\/2024\/03\/Avenger1-scaled-1.jpg","datePublished":"2024-03-08T15:50:37+00:00","dateModified":"2024-07-17T15:30:13+00:00","breadcrumb":{"@id":"https:\/\/motorpor.pt\/jeep-praticamente-duplica-as-suas-vendas-nos-primeiros-meses-de-2024\/#breadcrumb"},"inLanguage":"en-US","potentialAction":[{"@type":"ReadAction","target":["https:\/\/motorpor.pt\/jeep-praticamente-duplica-as-suas-vendas-nos-primeiros-meses-de-2024\/"]}]},{"@type":"ImageObject","inLanguage":"en-US","@id":"https:\/\/motorpor.pt\/jeep-praticamente-duplica-as-suas-vendas-nos-primeiros-meses-de-2024\/#primaryimage","url":"https:\/\/motorpor.pt\/wp-content\/uploads\/2024\/03\/Avenger1-scaled-1.jpg","contentUrl":"https:\/\/motorpor.pt\/wp-content\/uploads\/2024\/03\/Avenger1-scaled-1.jpg","width":2560,"height":1707},{"@type":"BreadcrumbList","@id":"https:\/\/motorpor.pt\/jeep-praticamente-duplica-as-suas-vendas-nos-primeiros-meses-de-2024\/#breadcrumb","itemListElement":[{"@type":"ListItem","position":1,"name":"In\u00edcio","item":"https:\/\/motorpor.pt\/"},{"@type":"ListItem","position":2,"name":"Jeep praticamente duplica as suas vendas nos primeiros meses de 2024"}]},{"@type":"WebSite","@id":"https:\/\/motorpor.pt\/#website","url":"https:\/\/motorpor.pt\/","name":"motorpor","description":"Comercio de Autom\u00f3veis Multimarcas","publisher":{"@id":"https:\/\/motorpor.pt\/#organization"},"potentialAction":[{"@type":"SearchAction","target":{"@type":"EntryPoint","urlTemplate":"https:\/\/motorpor.pt\/?s={search_term_string}"},"query-input":{"@type":"PropertyValueSpecification","valueRequired":true,"valueName":"search_term_string"}}],"inLanguage":"en-US"},{"@type":"Organization","@id":"https:\/\/motorpor.pt\/#organization","name":"motorpor","alternateName":"Motorpor","url":"https:\/\/motorpor.pt\/","logo":{"@type":"ImageObject","inLanguage":"en-US","@id":"https:\/\/motorpor.pt\/#\/schema\/logo\/image\/","url":"https:\/\/motorpor.pt\/wp-content\/uploads\/2024\/07\/Logo-Motorpor-Preto.svg","contentUrl":"https:\/\/motorpor.pt\/wp-content\/uploads\/2024\/07\/Logo-Motorpor-Preto.svg","width":493,"height":93,"caption":"Motorpor"},"image":{"@id":"https:\/\/motorpor.pt\/#\/schema\/logo\/image\/"},"sameAs":["https:\/\/www.linkedin.com\/company\/grupo-motorpor"]},{"@type":"Person","@id":"https:\/\/motorpor.pt\/#\/schema\/person\/b4bf07144e88efed7388a5af30522db7","name":"mktmotorpor","image":{"@type":"ImageObject","inLanguage":"en-US","@id":"https:\/\/secure.gravatar.com\/avatar\/8418b61b3175dbba0a8744cf0ee6bb5c7a9f6c67f1dbc4f41a62d7b9738259a2?s=96&d=mm&r=g","url":"https:\/\/secure.gravatar.com\/avatar\/8418b61b3175dbba0a8744cf0ee6bb5c7a9f6c67f1dbc4f41a62d7b9738259a2?s=96&d=mm&r=g","contentUrl":"https:\/\/secure.gravatar.com\/avatar\/8418b61b3175dbba0a8744cf0ee6bb5c7a9f6c67f1dbc4f41a62d7b9738259a2?s=96&d=mm&r=g","caption":"mktmotorpor"},"url":"https:\/\/motorpor.pt\/en\/user\/mktmotorpor\/"}]}},"_links":{"self":[{"href":"https:\/\/motorpor.pt\/en\/wp-json\/wp\/v2\/posts\/80038","targetHints":{"allow":["GET"]}}],"collection":[{"href":"https:\/\/motorpor.pt\/en\/wp-json\/wp\/v2\/posts"}],"about":[{"href":"https:\/\/motorpor.pt\/en\/wp-json\/wp\/v2\/types\/post"}],"author":[{"embeddable":true,"href":"https:\/\/motorpor.pt\/en\/wp-json\/wp\/v2\/users\/85"}],"replies":[{"embeddable":true,"href":"https:\/\/motorpor.pt\/en\/wp-json\/wp\/v2\/comments?post=80038"}],"version-history":[{"count":1,"href":"https:\/\/motorpor.pt\/en\/wp-json\/wp\/v2\/posts\/80038\/revisions"}],"predecessor-version":[{"id":90259,"href":"https:\/\/motorpor.pt\/en\/wp-json\/wp\/v2\/posts\/80038\/revisions\/90259"}],"wp:featuredmedia":[{"embeddable":true,"href":"https:\/\/motorpor.pt\/en\/wp-json\/wp\/v2\/media\/80020"}],"wp:attachment":[{"href":"https:\/\/motorpor.pt\/en\/wp-json\/wp\/v2\/media?parent=80038"}],"wp:term":[{"taxonomy":"category","embeddable":true,"href":"https:\/\/motorpor.pt\/en\/wp-json\/wp\/v2\/categories?post=80038"},{"taxonomy":"post_tag","embeddable":true,"href":"https:\/\/motorpor.pt\/en\/wp-json\/wp\/v2\/tags?post=80038"}],"curies":[{"name":"wp","href":"https:\/\/api.w.org\/{rel}","templated":true}]}}