{"id":80220,"date":"2024-03-12T11:34:43","date_gmt":"2024-03-12T10:34:43","guid":{"rendered":"https:\/\/motorpor.pt\/citroen-foi-a-marca-de-veiculos-de-passageiros-que-mais-cresceu-em-fevereiro-no-top-12-nacional\/"},"modified":"2024-03-12T11:34:43","modified_gmt":"2024-03-12T10:34:43","slug":"citroen-foi-a-marca-de-veiculos-de-passageiros-que-mais-cresceu-em-fevereiro-no-top-12-nacional","status":"publish","type":"post","link":"https:\/\/motorpor.pt\/en\/citroen-foi-a-marca-de-veiculos-de-passageiros-que-mais-cresceu-em-fevereiro-no-top-12-nacional\/","title":{"rendered":"Citro\u00ebn foi a marca de ve\u00edculos de passageiros que mais cresceu em fevereiro no TOP 12 Nacional"},"content":{"rendered":"<h5>A Citro\u00ebn registou um aumento de 124,2% nas suas vendas, com mais de 1.679 autom\u00f3veis vendidos no m\u00eas de fevereiro.<\/h5>\n<p>O m\u00eas de fevereiro foi finalizado, de forma impressionante, pela Citro\u00ebn que aumentou as suas vendas em mais de 100% destacando-se entre as doze marcas de Ve\u00edculos de Passageiros.<\/p>\n<p>No que toca \u00e0 venda de Viaturas de Passageiros e Ve\u00edculos Comerciais Ligeiros, a Citro\u00ebn ocupa o terceiro lugar da tabela ao angariar um total de 1.963 unidades vendidas no m\u00eas de fevereiro, em Portugal, registando um crescimento de 76,1% num mercado que subiu 26,4%. No mercado VCL, a Citro\u00ebn comercializou um total de 284 furg\u00f5es no m\u00eas passado, garantindo uma quota de 11,9%.<\/p>\n<p><img fetchpriority=\"high\" decoding=\"async\" class=\"alignnone size-full wp-image-80219\" src=\"https:\/\/motorpor.pt\/wp-content\/uploads\/2024\/03\/Novo-Citroen-e-C3-14.026.036.jpg\" alt=\"\" width=\"2048\" height=\"1024\" srcset=\"https:\/\/motorpor.pt\/wp-content\/uploads\/2024\/03\/Novo-Citroen-e-C3-14.026.036.jpg 2048w, https:\/\/motorpor.pt\/wp-content\/uploads\/2024\/03\/Novo-Citroen-e-C3-14.026.036-300x150.jpg 300w, https:\/\/motorpor.pt\/wp-content\/uploads\/2024\/03\/Novo-Citroen-e-C3-14.026.036-1024x512.jpg 1024w, https:\/\/motorpor.pt\/wp-content\/uploads\/2024\/03\/Novo-Citroen-e-C3-14.026.036-768x384.jpg 768w, https:\/\/motorpor.pt\/wp-content\/uploads\/2024\/03\/Novo-Citroen-e-C3-14.026.036-1536x768.jpg 1536w, https:\/\/motorpor.pt\/wp-content\/uploads\/2024\/03\/Novo-Citroen-e-C3-14.026.036-18x9.jpg 18w, https:\/\/motorpor.pt\/wp-content\/uploads\/2024\/03\/Novo-Citroen-e-C3-14.026.036-165x83.jpg 165w\" sizes=\"(max-width: 2048px) 100vw, 2048px\" \/><\/p>\n<p>O Citro\u00ebn C3 continua a ser o ve\u00edculo favorito dos portugueses, destacando-se, durante o passado m\u00eas de fevereiro, com 677 unidades vendidas. O segundo lugar do p\u00f3dio \u00e9 ocupado pelo c3 Aircross que angariou a venda de 300 unidades. Por fim, no terceiro lugar, temos o Citro\u00ebn c4 com a entrega de 267 viaturas.<\/p>\n<p>Esta \u00e9 mais uma prova de qualidade que os condutores da Citro\u00ebn apresentam \u00e0 marca, argumentos que ser\u00e3o brevemente refor\u00e7ados com a chegada de um novo modelo. O novo Citro\u00ebn \u00eb-C3 registou mais de 620 pr\u00e9-encomendas, em Portugal, at\u00e9 ao final de janeiro e 125 encomendas durante o m\u00eas de fevereiro. A nova viatura da marca est\u00e1 dispon\u00edvel a partir de 23.300\u20ac.<\/p>\n<p>Saiba mais sobre os <a href=\"https:\/\/motorpor.pt\/en\/novos\/citroen\/\">modelos Citro\u00ebn<\/a> que temos dispon\u00edveis no nosso site.<\/p>","protected":false},"excerpt":{"rendered":"<p>A Citro\u00ebn registou um aumento de 124,2% nas suas vendas, com mais de 1.679 autom\u00f3veis vendidos no m\u00eas de fevereiro. O m\u00eas de fevereiro foi finalizado, de forma impressionante, pela Citro\u00ebn que aumentou as suas vendas em mais de 100% destacando-se entre as doze marcas de Ve\u00edculos de Passageiros. No que toca \u00e0 venda de [&hellip;]<\/p>\n","protected":false},"author":85,"featured_media":80218,"comment_status":"","ping_status":"open","sticky":false,"template":"","format":"standard","meta":{"_acf_changed":false,"footnotes":""},"categories":[2595,2594,2592],"tags":[],"class_list":["post-80220","post","type-post","status-publish","format-standard","has-post-thumbnail","hentry","category-atualidade","category-destaques","category-noticias"],"acf":[],"yoast_head":"<!-- This site is optimized with the Yoast SEO plugin v27.5 - https:\/\/yoast.com\/product\/yoast-seo-wordpress\/ -->\n<title>Citro\u00ebn foi a marca de ve\u00edculos de passageiros que mais cresceu em fevereiro no TOP 12 Nacional - Motorpor<\/title>\n<meta name=\"robots\" content=\"index, follow, max-snippet:-1, max-image-preview:large, max-video-preview:-1\" \/>\n<link rel=\"canonical\" href=\"https:\/\/motorpor.pt\/en\/citroen-foi-a-marca-de-veiculos-de-passageiros-que-mais-cresceu-em-fevereiro-no-top-12-nacional\/\" \/>\n<meta property=\"og:locale\" content=\"en_US\" \/>\n<meta property=\"og:type\" content=\"article\" \/>\n<meta property=\"og:title\" content=\"Citro\u00ebn foi a marca de ve\u00edculos de passageiros que mais cresceu em fevereiro no TOP 12 Nacional - Motorpor\" \/>\n<meta property=\"og:description\" content=\"A Citro\u00ebn registou um aumento de 124,2% nas suas vendas, com mais de 1.679 autom\u00f3veis vendidos no m\u00eas de fevereiro. O m\u00eas de fevereiro foi finalizado, de forma impressionante, pela Citro\u00ebn que aumentou as suas vendas em mais de 100% destacando-se entre as doze marcas de Ve\u00edculos de Passageiros. No que toca \u00e0 venda de [&hellip;]\" \/>\n<meta property=\"og:url\" content=\"https:\/\/motorpor.pt\/en\/citroen-foi-a-marca-de-veiculos-de-passageiros-que-mais-cresceu-em-fevereiro-no-top-12-nacional\/\" \/>\n<meta property=\"og:site_name\" content=\"Motorpor\" \/>\n<meta property=\"article:published_time\" content=\"2024-03-12T10:34:43+00:00\" \/>\n<meta property=\"og:image\" content=\"https:\/\/motorpor.pt\/wp-content\/uploads\/2024\/03\/Novo-Citroen-e-C3-14.026.036.jpg\" \/>\n<meta name=\"author\" content=\"mktmotorpor\" \/>\n<meta name=\"twitter:card\" content=\"summary_large_image\" \/>\n<meta name=\"twitter:label1\" content=\"Written by\" \/>\n\t<meta name=\"twitter:data1\" content=\"mktmotorpor\" \/>\n\t<meta name=\"twitter:label2\" content=\"Est. reading time\" \/>\n\t<meta name=\"twitter:data2\" content=\"1 minute\" \/>\n<script type=\"application\/ld+json\" class=\"yoast-schema-graph\">{\"@context\":\"https:\\\/\\\/schema.org\",\"@graph\":[{\"@type\":\"Article\",\"@id\":\"https:\\\/\\\/motorpor.pt\\\/citroen-foi-a-marca-de-veiculos-de-passageiros-que-mais-cresceu-em-fevereiro-no-top-12-nacional\\\/#article\",\"isPartOf\":{\"@id\":\"https:\\\/\\\/motorpor.pt\\\/citroen-foi-a-marca-de-veiculos-de-passageiros-que-mais-cresceu-em-fevereiro-no-top-12-nacional\\\/\"},\"author\":{\"name\":\"mktmotorpor\",\"@id\":\"https:\\\/\\\/motorpor.pt\\\/#\\\/schema\\\/person\\\/b4bf07144e88efed7388a5af30522db7\"},\"headline\":\"Citro\u00ebn foi a marca de ve\u00edculos de passageiros que mais cresceu em fevereiro no TOP 12 Nacional\",\"datePublished\":\"2024-03-12T10:34:43+00:00\",\"mainEntityOfPage\":{\"@id\":\"https:\\\/\\\/motorpor.pt\\\/citroen-foi-a-marca-de-veiculos-de-passageiros-que-mais-cresceu-em-fevereiro-no-top-12-nacional\\\/\"},\"wordCount\":267,\"publisher\":{\"@id\":\"https:\\\/\\\/motorpor.pt\\\/#organization\"},\"image\":{\"@id\":\"https:\\\/\\\/motorpor.pt\\\/citroen-foi-a-marca-de-veiculos-de-passageiros-que-mais-cresceu-em-fevereiro-no-top-12-nacional\\\/#primaryimage\"},\"thumbnailUrl\":\"https:\\\/\\\/motorpor.pt\\\/wp-content\\\/uploads\\\/2024\\\/03\\\/fc5c0b92a208744cc7cdef3e8403a5a7b9892a0d-1.jpeg\",\"articleSection\":[\"Atualidade\",\"Destaques\",\"Not\u00edcias\"],\"inLanguage\":\"en-US\"},{\"@type\":\"WebPage\",\"@id\":\"https:\\\/\\\/motorpor.pt\\\/citroen-foi-a-marca-de-veiculos-de-passageiros-que-mais-cresceu-em-fevereiro-no-top-12-nacional\\\/\",\"url\":\"https:\\\/\\\/motorpor.pt\\\/citroen-foi-a-marca-de-veiculos-de-passageiros-que-mais-cresceu-em-fevereiro-no-top-12-nacional\\\/\",\"name\":\"Citro\u00ebn foi a marca de ve\u00edculos de passageiros que mais cresceu em fevereiro no TOP 12 Nacional - Motorpor\",\"isPartOf\":{\"@id\":\"https:\\\/\\\/motorpor.pt\\\/#website\"},\"primaryImageOfPage\":{\"@id\":\"https:\\\/\\\/motorpor.pt\\\/citroen-foi-a-marca-de-veiculos-de-passageiros-que-mais-cresceu-em-fevereiro-no-top-12-nacional\\\/#primaryimage\"},\"image\":{\"@id\":\"https:\\\/\\\/motorpor.pt\\\/citroen-foi-a-marca-de-veiculos-de-passageiros-que-mais-cresceu-em-fevereiro-no-top-12-nacional\\\/#primaryimage\"},\"thumbnailUrl\":\"https:\\\/\\\/motorpor.pt\\\/wp-content\\\/uploads\\\/2024\\\/03\\\/fc5c0b92a208744cc7cdef3e8403a5a7b9892a0d-1.jpeg\",\"datePublished\":\"2024-03-12T10:34:43+00:00\",\"breadcrumb\":{\"@id\":\"https:\\\/\\\/motorpor.pt\\\/citroen-foi-a-marca-de-veiculos-de-passageiros-que-mais-cresceu-em-fevereiro-no-top-12-nacional\\\/#breadcrumb\"},\"inLanguage\":\"en-US\",\"potentialAction\":[{\"@type\":\"ReadAction\",\"target\":[\"https:\\\/\\\/motorpor.pt\\\/citroen-foi-a-marca-de-veiculos-de-passageiros-que-mais-cresceu-em-fevereiro-no-top-12-nacional\\\/\"]}]},{\"@type\":\"ImageObject\",\"inLanguage\":\"en-US\",\"@id\":\"https:\\\/\\\/motorpor.pt\\\/citroen-foi-a-marca-de-veiculos-de-passageiros-que-mais-cresceu-em-fevereiro-no-top-12-nacional\\\/#primaryimage\",\"url\":\"https:\\\/\\\/motorpor.pt\\\/wp-content\\\/uploads\\\/2024\\\/03\\\/fc5c0b92a208744cc7cdef3e8403a5a7b9892a0d-1.jpeg\",\"contentUrl\":\"https:\\\/\\\/motorpor.pt\\\/wp-content\\\/uploads\\\/2024\\\/03\\\/fc5c0b92a208744cc7cdef3e8403a5a7b9892a0d-1.jpeg\",\"width\":1170,\"height\":740},{\"@type\":\"BreadcrumbList\",\"@id\":\"https:\\\/\\\/motorpor.pt\\\/citroen-foi-a-marca-de-veiculos-de-passageiros-que-mais-cresceu-em-fevereiro-no-top-12-nacional\\\/#breadcrumb\",\"itemListElement\":[{\"@type\":\"ListItem\",\"position\":1,\"name\":\"In\u00edcio\",\"item\":\"https:\\\/\\\/motorpor.pt\\\/\"},{\"@type\":\"ListItem\",\"position\":2,\"name\":\"Citro\u00ebn foi a marca de ve\u00edculos de passageiros que mais cresceu em fevereiro no TOP 12 Nacional\"}]},{\"@type\":\"WebSite\",\"@id\":\"https:\\\/\\\/motorpor.pt\\\/#website\",\"url\":\"https:\\\/\\\/motorpor.pt\\\/\",\"name\":\"Motorpor\",\"description\":\"Comercio de Autom\u00f3veis Multimarcas\",\"publisher\":{\"@id\":\"https:\\\/\\\/motorpor.pt\\\/#organization\"},\"potentialAction\":[{\"@type\":\"SearchAction\",\"target\":{\"@type\":\"EntryPoint\",\"urlTemplate\":\"https:\\\/\\\/motorpor.pt\\\/?s={search_term_string}\"},\"query-input\":{\"@type\":\"PropertyValueSpecification\",\"valueRequired\":true,\"valueName\":\"search_term_string\"}}],\"inLanguage\":\"en-US\"},{\"@type\":\"Organization\",\"@id\":\"https:\\\/\\\/motorpor.pt\\\/#organization\",\"name\":\"Motorpor\",\"alternateName\":\"Motorpor\",\"url\":\"https:\\\/\\\/motorpor.pt\\\/\",\"logo\":{\"@type\":\"ImageObject\",\"inLanguage\":\"en-US\",\"@id\":\"https:\\\/\\\/motorpor.pt\\\/#\\\/schema\\\/logo\\\/image\\\/\",\"url\":\"https:\\\/\\\/motorpor.pt\\\/wp-content\\\/uploads\\\/2024\\\/07\\\/Logo-Motorpor-Preto.svg\",\"contentUrl\":\"https:\\\/\\\/motorpor.pt\\\/wp-content\\\/uploads\\\/2024\\\/07\\\/Logo-Motorpor-Preto.svg\",\"width\":493,\"height\":93,\"caption\":\"Motorpor\"},\"image\":{\"@id\":\"https:\\\/\\\/motorpor.pt\\\/#\\\/schema\\\/logo\\\/image\\\/\"},\"sameAs\":[\"https:\\\/\\\/www.linkedin.com\\\/company\\\/grupo-motorpor\"]},{\"@type\":\"Person\",\"@id\":\"https:\\\/\\\/motorpor.pt\\\/#\\\/schema\\\/person\\\/b4bf07144e88efed7388a5af30522db7\",\"name\":\"mktmotorpor\",\"image\":{\"@type\":\"ImageObject\",\"inLanguage\":\"en-US\",\"@id\":\"https:\\\/\\\/secure.gravatar.com\\\/avatar\\\/8418b61b3175dbba0a8744cf0ee6bb5c7a9f6c67f1dbc4f41a62d7b9738259a2?s=96&d=mm&r=g\",\"url\":\"https:\\\/\\\/secure.gravatar.com\\\/avatar\\\/8418b61b3175dbba0a8744cf0ee6bb5c7a9f6c67f1dbc4f41a62d7b9738259a2?s=96&d=mm&r=g\",\"contentUrl\":\"https:\\\/\\\/secure.gravatar.com\\\/avatar\\\/8418b61b3175dbba0a8744cf0ee6bb5c7a9f6c67f1dbc4f41a62d7b9738259a2?s=96&d=mm&r=g\",\"caption\":\"mktmotorpor\"},\"url\":\"https:\\\/\\\/motorpor.pt\\\/en\\\/user\\\/mktmotorpor\\\/\"}]}<\/script>\n<!-- \/ Yoast SEO plugin. -->","yoast_head_json":{"title":"Citro\u00ebn foi a marca de ve\u00edculos de passageiros que mais cresceu em fevereiro no TOP 12 Nacional - Motorpor","robots":{"index":"index","follow":"follow","max-snippet":"max-snippet:-1","max-image-preview":"max-image-preview:large","max-video-preview":"max-video-preview:-1"},"canonical":"https:\/\/motorpor.pt\/en\/citroen-foi-a-marca-de-veiculos-de-passageiros-que-mais-cresceu-em-fevereiro-no-top-12-nacional\/","og_locale":"en_US","og_type":"article","og_title":"Citro\u00ebn foi a marca de ve\u00edculos de passageiros que mais cresceu em fevereiro no TOP 12 Nacional - Motorpor","og_description":"A Citro\u00ebn registou um aumento de 124,2% nas suas vendas, com mais de 1.679 autom\u00f3veis vendidos no m\u00eas de fevereiro. O m\u00eas de fevereiro foi finalizado, de forma impressionante, pela Citro\u00ebn que aumentou as suas vendas em mais de 100% destacando-se entre as doze marcas de Ve\u00edculos de Passageiros. No que toca \u00e0 venda de [&hellip;]","og_url":"https:\/\/motorpor.pt\/en\/citroen-foi-a-marca-de-veiculos-de-passageiros-que-mais-cresceu-em-fevereiro-no-top-12-nacional\/","og_site_name":"Motorpor","article_published_time":"2024-03-12T10:34:43+00:00","og_image":[{"url":"https:\/\/motorpor.pt\/wp-content\/uploads\/2024\/03\/Novo-Citroen-e-C3-14.026.036.jpg","type":"","width":"","height":""}],"author":"mktmotorpor","twitter_card":"summary_large_image","twitter_misc":{"Written by":"mktmotorpor","Est. reading time":"1 minute"},"schema":{"@context":"https:\/\/schema.org","@graph":[{"@type":"Article","@id":"https:\/\/motorpor.pt\/citroen-foi-a-marca-de-veiculos-de-passageiros-que-mais-cresceu-em-fevereiro-no-top-12-nacional\/#article","isPartOf":{"@id":"https:\/\/motorpor.pt\/citroen-foi-a-marca-de-veiculos-de-passageiros-que-mais-cresceu-em-fevereiro-no-top-12-nacional\/"},"author":{"name":"mktmotorpor","@id":"https:\/\/motorpor.pt\/#\/schema\/person\/b4bf07144e88efed7388a5af30522db7"},"headline":"Citro\u00ebn foi a marca de ve\u00edculos de passageiros que mais cresceu em fevereiro no TOP 12 Nacional","datePublished":"2024-03-12T10:34:43+00:00","mainEntityOfPage":{"@id":"https:\/\/motorpor.pt\/citroen-foi-a-marca-de-veiculos-de-passageiros-que-mais-cresceu-em-fevereiro-no-top-12-nacional\/"},"wordCount":267,"publisher":{"@id":"https:\/\/motorpor.pt\/#organization"},"image":{"@id":"https:\/\/motorpor.pt\/citroen-foi-a-marca-de-veiculos-de-passageiros-que-mais-cresceu-em-fevereiro-no-top-12-nacional\/#primaryimage"},"thumbnailUrl":"https:\/\/motorpor.pt\/wp-content\/uploads\/2024\/03\/fc5c0b92a208744cc7cdef3e8403a5a7b9892a0d-1.jpeg","articleSection":["Atualidade","Destaques","Not\u00edcias"],"inLanguage":"en-US"},{"@type":"WebPage","@id":"https:\/\/motorpor.pt\/citroen-foi-a-marca-de-veiculos-de-passageiros-que-mais-cresceu-em-fevereiro-no-top-12-nacional\/","url":"https:\/\/motorpor.pt\/citroen-foi-a-marca-de-veiculos-de-passageiros-que-mais-cresceu-em-fevereiro-no-top-12-nacional\/","name":"Citro\u00ebn foi a marca de ve\u00edculos de passageiros que mais cresceu em fevereiro no TOP 12 Nacional - Motorpor","isPartOf":{"@id":"https:\/\/motorpor.pt\/#website"},"primaryImageOfPage":{"@id":"https:\/\/motorpor.pt\/citroen-foi-a-marca-de-veiculos-de-passageiros-que-mais-cresceu-em-fevereiro-no-top-12-nacional\/#primaryimage"},"image":{"@id":"https:\/\/motorpor.pt\/citroen-foi-a-marca-de-veiculos-de-passageiros-que-mais-cresceu-em-fevereiro-no-top-12-nacional\/#primaryimage"},"thumbnailUrl":"https:\/\/motorpor.pt\/wp-content\/uploads\/2024\/03\/fc5c0b92a208744cc7cdef3e8403a5a7b9892a0d-1.jpeg","datePublished":"2024-03-12T10:34:43+00:00","breadcrumb":{"@id":"https:\/\/motorpor.pt\/citroen-foi-a-marca-de-veiculos-de-passageiros-que-mais-cresceu-em-fevereiro-no-top-12-nacional\/#breadcrumb"},"inLanguage":"en-US","potentialAction":[{"@type":"ReadAction","target":["https:\/\/motorpor.pt\/citroen-foi-a-marca-de-veiculos-de-passageiros-que-mais-cresceu-em-fevereiro-no-top-12-nacional\/"]}]},{"@type":"ImageObject","inLanguage":"en-US","@id":"https:\/\/motorpor.pt\/citroen-foi-a-marca-de-veiculos-de-passageiros-que-mais-cresceu-em-fevereiro-no-top-12-nacional\/#primaryimage","url":"https:\/\/motorpor.pt\/wp-content\/uploads\/2024\/03\/fc5c0b92a208744cc7cdef3e8403a5a7b9892a0d-1.jpeg","contentUrl":"https:\/\/motorpor.pt\/wp-content\/uploads\/2024\/03\/fc5c0b92a208744cc7cdef3e8403a5a7b9892a0d-1.jpeg","width":1170,"height":740},{"@type":"BreadcrumbList","@id":"https:\/\/motorpor.pt\/citroen-foi-a-marca-de-veiculos-de-passageiros-que-mais-cresceu-em-fevereiro-no-top-12-nacional\/#breadcrumb","itemListElement":[{"@type":"ListItem","position":1,"name":"In\u00edcio","item":"https:\/\/motorpor.pt\/"},{"@type":"ListItem","position":2,"name":"Citro\u00ebn foi a marca de ve\u00edculos de passageiros que mais cresceu em fevereiro no TOP 12 Nacional"}]},{"@type":"WebSite","@id":"https:\/\/motorpor.pt\/#website","url":"https:\/\/motorpor.pt\/","name":"motorpor","description":"Comercio de Autom\u00f3veis Multimarcas","publisher":{"@id":"https:\/\/motorpor.pt\/#organization"},"potentialAction":[{"@type":"SearchAction","target":{"@type":"EntryPoint","urlTemplate":"https:\/\/motorpor.pt\/?s={search_term_string}"},"query-input":{"@type":"PropertyValueSpecification","valueRequired":true,"valueName":"search_term_string"}}],"inLanguage":"en-US"},{"@type":"Organization","@id":"https:\/\/motorpor.pt\/#organization","name":"motorpor","alternateName":"Motorpor","url":"https:\/\/motorpor.pt\/","logo":{"@type":"ImageObject","inLanguage":"en-US","@id":"https:\/\/motorpor.pt\/#\/schema\/logo\/image\/","url":"https:\/\/motorpor.pt\/wp-content\/uploads\/2024\/07\/Logo-Motorpor-Preto.svg","contentUrl":"https:\/\/motorpor.pt\/wp-content\/uploads\/2024\/07\/Logo-Motorpor-Preto.svg","width":493,"height":93,"caption":"Motorpor"},"image":{"@id":"https:\/\/motorpor.pt\/#\/schema\/logo\/image\/"},"sameAs":["https:\/\/www.linkedin.com\/company\/grupo-motorpor"]},{"@type":"Person","@id":"https:\/\/motorpor.pt\/#\/schema\/person\/b4bf07144e88efed7388a5af30522db7","name":"mktmotorpor","image":{"@type":"ImageObject","inLanguage":"en-US","@id":"https:\/\/secure.gravatar.com\/avatar\/8418b61b3175dbba0a8744cf0ee6bb5c7a9f6c67f1dbc4f41a62d7b9738259a2?s=96&d=mm&r=g","url":"https:\/\/secure.gravatar.com\/avatar\/8418b61b3175dbba0a8744cf0ee6bb5c7a9f6c67f1dbc4f41a62d7b9738259a2?s=96&d=mm&r=g","contentUrl":"https:\/\/secure.gravatar.com\/avatar\/8418b61b3175dbba0a8744cf0ee6bb5c7a9f6c67f1dbc4f41a62d7b9738259a2?s=96&d=mm&r=g","caption":"mktmotorpor"},"url":"https:\/\/motorpor.pt\/en\/user\/mktmotorpor\/"}]}},"_links":{"self":[{"href":"https:\/\/motorpor.pt\/en\/wp-json\/wp\/v2\/posts\/80220","targetHints":{"allow":["GET"]}}],"collection":[{"href":"https:\/\/motorpor.pt\/en\/wp-json\/wp\/v2\/posts"}],"about":[{"href":"https:\/\/motorpor.pt\/en\/wp-json\/wp\/v2\/types\/post"}],"author":[{"embeddable":true,"href":"https:\/\/motorpor.pt\/en\/wp-json\/wp\/v2\/users\/85"}],"replies":[{"embeddable":true,"href":"https:\/\/motorpor.pt\/en\/wp-json\/wp\/v2\/comments?post=80220"}],"version-history":[{"count":0,"href":"https:\/\/motorpor.pt\/en\/wp-json\/wp\/v2\/posts\/80220\/revisions"}],"wp:featuredmedia":[{"embeddable":true,"href":"https:\/\/motorpor.pt\/en\/wp-json\/wp\/v2\/media\/80218"}],"wp:attachment":[{"href":"https:\/\/motorpor.pt\/en\/wp-json\/wp\/v2\/media?parent=80220"}],"wp:term":[{"taxonomy":"category","embeddable":true,"href":"https:\/\/motorpor.pt\/en\/wp-json\/wp\/v2\/categories?post=80220"},{"taxonomy":"post_tag","embeddable":true,"href":"https:\/\/motorpor.pt\/en\/wp-json\/wp\/v2\/tags?post=80220"}],"curies":[{"name":"wp","href":"https:\/\/api.w.org\/{rel}","templated":true}]}}