{"id":81410,"date":"2024-03-20T12:19:30","date_gmt":"2024-03-20T11:19:30","guid":{"rendered":"https:\/\/motorpor.pt\/fiat-ducato-desde-390e-mes-iva\/"},"modified":"2024-03-20T12:19:30","modified_gmt":"2024-03-20T11:19:30","slug":"fiat-ducato-desde-390e-mes-iva","status":"publish","type":"post","link":"https:\/\/motorpor.pt\/en\/fiat-ducato-desde-390e-mes-iva\/","title":{"rendered":"Fiat Ducato: desde 390\u20ac\/m\u00eas + iva"},"content":{"rendered":"<h2><b>D\u00ea mais ao seu neg\u00f3cio com o ic\u00f3nico Ducato: desde 390\u20ac\/m\u00eas + iva mais espa\u00e7o, mais tecnologia e mais conforto.<\/b><\/h2>\n<p>\u00a0<\/p>\n<p>Mar\u00e7o \u00e9 o M\u00eas Ducato na Fiat Professional!<\/p>\n<p><b>Desde 390\u20ac\/m\u00eas + iva mais espa\u00e7o com<\/b>\u00a0<strong>oferta Check-Up e lavagem. E ainda com 10% de desconto em oficina.<\/strong><\/p>\n<p>\u00a0<\/p>\n<p>*Exemplo para Ducato 2.2 Multijet 120cv com c\u00e2mara traseira, Roda sobresselente e Suporte de roda e Far\u00f3is de Nevoeiro inclui despesas de legaliza\u00e7\u00e3o, transporte e prepara\u00e7\u00e3o, em Aluguer Operacional de Viaturas a 48 meses\/ 80000 km. , para clientes ENI&#8217;s e empresas. Aluguer mensal inclui manuten\u00e7\u00e3o, viatura de substitui\u00e7\u00e3o, IUC, IPO e Gest\u00e3o de Multas, nos termos do contrato, condicionado \u00e0 aprova\u00e7\u00e3o da Leasys. IVA n\u00e3o inclu\u00eddo. Pre\u00e7o limitado ao stock existente. Condi\u00e7\u00f5es v\u00e1lidas at\u00e9 31\/03\/2024<\/p>","protected":false},"excerpt":{"rendered":"<p>D\u00ea mais ao seu neg\u00f3cio com o ic\u00f3nico Ducato: desde 390\u20ac\/m\u00eas + iva mais espa\u00e7o, mais tecnologia e mais conforto. \u00a0 Mar\u00e7o \u00e9 o M\u00eas Ducato na Fiat Professional! Desde 390\u20ac\/m\u00eas + iva mais espa\u00e7o com\u00a0oferta Check-Up e lavagem. E ainda com 10% de desconto em oficina. \u00a0 *Exemplo para Ducato 2.2 Multijet 120cv com [&hellip;]<\/p>\n","protected":false},"author":85,"featured_media":81409,"comment_status":"","ping_status":"open","sticky":false,"template":"","format":"standard","meta":{"_acf_changed":false,"footnotes":""},"categories":[2495,2586,2996,2584],"tags":[],"class_list":["post-81410","post","type-post","status-publish","format-standard","has-post-thumbnail","hentry","category-campanhas","category-empresas","category-fiat","category-novos"],"acf":[],"yoast_head":"<!-- This site is optimized with the Yoast SEO plugin v27.5 - https:\/\/yoast.com\/product\/yoast-seo-wordpress\/ -->\n<title>Fiat Ducato: desde 390\u20ac\/m\u00eas + iva - Motorpor<\/title>\n<meta name=\"robots\" content=\"index, follow, max-snippet:-1, max-image-preview:large, max-video-preview:-1\" \/>\n<link rel=\"canonical\" href=\"https:\/\/motorpor.pt\/en\/fiat-ducato-desde-390e-mes-iva\/\" \/>\n<meta property=\"og:locale\" content=\"en_US\" \/>\n<meta property=\"og:type\" content=\"article\" \/>\n<meta property=\"og:title\" content=\"Fiat Ducato: desde 390\u20ac\/m\u00eas + iva - Motorpor\" \/>\n<meta property=\"og:description\" content=\"D\u00ea mais ao seu neg\u00f3cio com o ic\u00f3nico Ducato: desde 390\u20ac\/m\u00eas + iva mais espa\u00e7o, mais tecnologia e mais conforto. \u00a0 Mar\u00e7o \u00e9 o M\u00eas Ducato na Fiat Professional! Desde 390\u20ac\/m\u00eas + iva mais espa\u00e7o com\u00a0oferta Check-Up e lavagem. E ainda com 10% de desconto em oficina. \u00a0 *Exemplo para Ducato 2.2 Multijet 120cv com [&hellip;]\" \/>\n<meta property=\"og:url\" content=\"https:\/\/motorpor.pt\/en\/fiat-ducato-desde-390e-mes-iva\/\" \/>\n<meta property=\"og:site_name\" content=\"Motorpor\" \/>\n<meta property=\"article:published_time\" content=\"2024-03-20T11:19:30+00:00\" \/>\n<meta name=\"author\" content=\"mktmotorpor\" \/>\n<meta name=\"twitter:card\" content=\"summary_large_image\" \/>\n<meta name=\"twitter:label1\" content=\"Written by\" \/>\n\t<meta name=\"twitter:data1\" content=\"mktmotorpor\" \/>\n\t<meta name=\"twitter:label2\" content=\"Est. reading time\" \/>\n\t<meta name=\"twitter:data2\" content=\"1 minute\" \/>\n<script type=\"application\/ld+json\" class=\"yoast-schema-graph\">{\"@context\":\"https:\\\/\\\/schema.org\",\"@graph\":[{\"@type\":\"Article\",\"@id\":\"https:\\\/\\\/motorpor.pt\\\/fiat-ducato-desde-390e-mes-iva\\\/#article\",\"isPartOf\":{\"@id\":\"https:\\\/\\\/motorpor.pt\\\/fiat-ducato-desde-390e-mes-iva\\\/\"},\"author\":{\"name\":\"mktmotorpor\",\"@id\":\"https:\\\/\\\/motorpor.pt\\\/#\\\/schema\\\/person\\\/b4bf07144e88efed7388a5af30522db7\"},\"headline\":\"Fiat Ducato: desde 390\u20ac\\\/m\u00eas + iva\",\"datePublished\":\"2024-03-20T11:19:30+00:00\",\"mainEntityOfPage\":{\"@id\":\"https:\\\/\\\/motorpor.pt\\\/fiat-ducato-desde-390e-mes-iva\\\/\"},\"wordCount\":141,\"publisher\":{\"@id\":\"https:\\\/\\\/motorpor.pt\\\/#organization\"},\"image\":{\"@id\":\"https:\\\/\\\/motorpor.pt\\\/fiat-ducato-desde-390e-mes-iva\\\/#primaryimage\"},\"thumbnailUrl\":\"https:\\\/\\\/motorpor.pt\\\/wp-content\\\/uploads\\\/2024\\\/03\\\/APEX_NATIVE_1400x900-1.png\",\"articleSection\":[\"Campanhas\",\"Empresas\",\"Fiat\",\"Novos\"],\"inLanguage\":\"en-US\"},{\"@type\":\"WebPage\",\"@id\":\"https:\\\/\\\/motorpor.pt\\\/fiat-ducato-desde-390e-mes-iva\\\/\",\"url\":\"https:\\\/\\\/motorpor.pt\\\/fiat-ducato-desde-390e-mes-iva\\\/\",\"name\":\"Fiat Ducato: desde 390\u20ac\\\/m\u00eas + iva - Motorpor\",\"isPartOf\":{\"@id\":\"https:\\\/\\\/motorpor.pt\\\/#website\"},\"primaryImageOfPage\":{\"@id\":\"https:\\\/\\\/motorpor.pt\\\/fiat-ducato-desde-390e-mes-iva\\\/#primaryimage\"},\"image\":{\"@id\":\"https:\\\/\\\/motorpor.pt\\\/fiat-ducato-desde-390e-mes-iva\\\/#primaryimage\"},\"thumbnailUrl\":\"https:\\\/\\\/motorpor.pt\\\/wp-content\\\/uploads\\\/2024\\\/03\\\/APEX_NATIVE_1400x900-1.png\",\"datePublished\":\"2024-03-20T11:19:30+00:00\",\"breadcrumb\":{\"@id\":\"https:\\\/\\\/motorpor.pt\\\/fiat-ducato-desde-390e-mes-iva\\\/#breadcrumb\"},\"inLanguage\":\"en-US\",\"potentialAction\":[{\"@type\":\"ReadAction\",\"target\":[\"https:\\\/\\\/motorpor.pt\\\/fiat-ducato-desde-390e-mes-iva\\\/\"]}]},{\"@type\":\"ImageObject\",\"inLanguage\":\"en-US\",\"@id\":\"https:\\\/\\\/motorpor.pt\\\/fiat-ducato-desde-390e-mes-iva\\\/#primaryimage\",\"url\":\"https:\\\/\\\/motorpor.pt\\\/wp-content\\\/uploads\\\/2024\\\/03\\\/APEX_NATIVE_1400x900-1.png\",\"contentUrl\":\"https:\\\/\\\/motorpor.pt\\\/wp-content\\\/uploads\\\/2024\\\/03\\\/APEX_NATIVE_1400x900-1.png\",\"width\":1440,\"height\":900},{\"@type\":\"BreadcrumbList\",\"@id\":\"https:\\\/\\\/motorpor.pt\\\/fiat-ducato-desde-390e-mes-iva\\\/#breadcrumb\",\"itemListElement\":[{\"@type\":\"ListItem\",\"position\":1,\"name\":\"In\u00edcio\",\"item\":\"https:\\\/\\\/motorpor.pt\\\/\"},{\"@type\":\"ListItem\",\"position\":2,\"name\":\"Fiat Ducato: desde 390\u20ac\\\/m\u00eas + iva\"}]},{\"@type\":\"WebSite\",\"@id\":\"https:\\\/\\\/motorpor.pt\\\/#website\",\"url\":\"https:\\\/\\\/motorpor.pt\\\/\",\"name\":\"Motorpor\",\"description\":\"Comercio de Autom\u00f3veis Multimarcas\",\"publisher\":{\"@id\":\"https:\\\/\\\/motorpor.pt\\\/#organization\"},\"potentialAction\":[{\"@type\":\"SearchAction\",\"target\":{\"@type\":\"EntryPoint\",\"urlTemplate\":\"https:\\\/\\\/motorpor.pt\\\/?s={search_term_string}\"},\"query-input\":{\"@type\":\"PropertyValueSpecification\",\"valueRequired\":true,\"valueName\":\"search_term_string\"}}],\"inLanguage\":\"en-US\"},{\"@type\":\"Organization\",\"@id\":\"https:\\\/\\\/motorpor.pt\\\/#organization\",\"name\":\"Motorpor\",\"alternateName\":\"Motorpor\",\"url\":\"https:\\\/\\\/motorpor.pt\\\/\",\"logo\":{\"@type\":\"ImageObject\",\"inLanguage\":\"en-US\",\"@id\":\"https:\\\/\\\/motorpor.pt\\\/#\\\/schema\\\/logo\\\/image\\\/\",\"url\":\"https:\\\/\\\/motorpor.pt\\\/wp-content\\\/uploads\\\/2024\\\/07\\\/Logo-Motorpor-Preto.svg\",\"contentUrl\":\"https:\\\/\\\/motorpor.pt\\\/wp-content\\\/uploads\\\/2024\\\/07\\\/Logo-Motorpor-Preto.svg\",\"width\":493,\"height\":93,\"caption\":\"Motorpor\"},\"image\":{\"@id\":\"https:\\\/\\\/motorpor.pt\\\/#\\\/schema\\\/logo\\\/image\\\/\"},\"sameAs\":[\"https:\\\/\\\/www.linkedin.com\\\/company\\\/grupo-motorpor\"]},{\"@type\":\"Person\",\"@id\":\"https:\\\/\\\/motorpor.pt\\\/#\\\/schema\\\/person\\\/b4bf07144e88efed7388a5af30522db7\",\"name\":\"mktmotorpor\",\"image\":{\"@type\":\"ImageObject\",\"inLanguage\":\"en-US\",\"@id\":\"https:\\\/\\\/secure.gravatar.com\\\/avatar\\\/8418b61b3175dbba0a8744cf0ee6bb5c7a9f6c67f1dbc4f41a62d7b9738259a2?s=96&d=mm&r=g\",\"url\":\"https:\\\/\\\/secure.gravatar.com\\\/avatar\\\/8418b61b3175dbba0a8744cf0ee6bb5c7a9f6c67f1dbc4f41a62d7b9738259a2?s=96&d=mm&r=g\",\"contentUrl\":\"https:\\\/\\\/secure.gravatar.com\\\/avatar\\\/8418b61b3175dbba0a8744cf0ee6bb5c7a9f6c67f1dbc4f41a62d7b9738259a2?s=96&d=mm&r=g\",\"caption\":\"mktmotorpor\"},\"url\":\"https:\\\/\\\/motorpor.pt\\\/en\\\/user\\\/mktmotorpor\\\/\"}]}<\/script>\n<!-- \/ Yoast SEO plugin. -->","yoast_head_json":{"title":"Fiat Ducato: desde 390\u20ac\/m\u00eas + iva - Motorpor","robots":{"index":"index","follow":"follow","max-snippet":"max-snippet:-1","max-image-preview":"max-image-preview:large","max-video-preview":"max-video-preview:-1"},"canonical":"https:\/\/motorpor.pt\/en\/fiat-ducato-desde-390e-mes-iva\/","og_locale":"en_US","og_type":"article","og_title":"Fiat Ducato: desde 390\u20ac\/m\u00eas + iva - Motorpor","og_description":"D\u00ea mais ao seu neg\u00f3cio com o ic\u00f3nico Ducato: desde 390\u20ac\/m\u00eas + iva mais espa\u00e7o, mais tecnologia e mais conforto. \u00a0 Mar\u00e7o \u00e9 o M\u00eas Ducato na Fiat Professional! Desde 390\u20ac\/m\u00eas + iva mais espa\u00e7o com\u00a0oferta Check-Up e lavagem. E ainda com 10% de desconto em oficina. \u00a0 *Exemplo para Ducato 2.2 Multijet 120cv com [&hellip;]","og_url":"https:\/\/motorpor.pt\/en\/fiat-ducato-desde-390e-mes-iva\/","og_site_name":"Motorpor","article_published_time":"2024-03-20T11:19:30+00:00","author":"mktmotorpor","twitter_card":"summary_large_image","twitter_misc":{"Written by":"mktmotorpor","Est. reading time":"1 minute"},"schema":{"@context":"https:\/\/schema.org","@graph":[{"@type":"Article","@id":"https:\/\/motorpor.pt\/fiat-ducato-desde-390e-mes-iva\/#article","isPartOf":{"@id":"https:\/\/motorpor.pt\/fiat-ducato-desde-390e-mes-iva\/"},"author":{"name":"mktmotorpor","@id":"https:\/\/motorpor.pt\/#\/schema\/person\/b4bf07144e88efed7388a5af30522db7"},"headline":"Fiat Ducato: desde 390\u20ac\/m\u00eas + iva","datePublished":"2024-03-20T11:19:30+00:00","mainEntityOfPage":{"@id":"https:\/\/motorpor.pt\/fiat-ducato-desde-390e-mes-iva\/"},"wordCount":141,"publisher":{"@id":"https:\/\/motorpor.pt\/#organization"},"image":{"@id":"https:\/\/motorpor.pt\/fiat-ducato-desde-390e-mes-iva\/#primaryimage"},"thumbnailUrl":"https:\/\/motorpor.pt\/wp-content\/uploads\/2024\/03\/APEX_NATIVE_1400x900-1.png","articleSection":["Campanhas","Empresas","Fiat","Novos"],"inLanguage":"en-US"},{"@type":"WebPage","@id":"https:\/\/motorpor.pt\/fiat-ducato-desde-390e-mes-iva\/","url":"https:\/\/motorpor.pt\/fiat-ducato-desde-390e-mes-iva\/","name":"Fiat Ducato: desde 390\u20ac\/m\u00eas + iva - Motorpor","isPartOf":{"@id":"https:\/\/motorpor.pt\/#website"},"primaryImageOfPage":{"@id":"https:\/\/motorpor.pt\/fiat-ducato-desde-390e-mes-iva\/#primaryimage"},"image":{"@id":"https:\/\/motorpor.pt\/fiat-ducato-desde-390e-mes-iva\/#primaryimage"},"thumbnailUrl":"https:\/\/motorpor.pt\/wp-content\/uploads\/2024\/03\/APEX_NATIVE_1400x900-1.png","datePublished":"2024-03-20T11:19:30+00:00","breadcrumb":{"@id":"https:\/\/motorpor.pt\/fiat-ducato-desde-390e-mes-iva\/#breadcrumb"},"inLanguage":"en-US","potentialAction":[{"@type":"ReadAction","target":["https:\/\/motorpor.pt\/fiat-ducato-desde-390e-mes-iva\/"]}]},{"@type":"ImageObject","inLanguage":"en-US","@id":"https:\/\/motorpor.pt\/fiat-ducato-desde-390e-mes-iva\/#primaryimage","url":"https:\/\/motorpor.pt\/wp-content\/uploads\/2024\/03\/APEX_NATIVE_1400x900-1.png","contentUrl":"https:\/\/motorpor.pt\/wp-content\/uploads\/2024\/03\/APEX_NATIVE_1400x900-1.png","width":1440,"height":900},{"@type":"BreadcrumbList","@id":"https:\/\/motorpor.pt\/fiat-ducato-desde-390e-mes-iva\/#breadcrumb","itemListElement":[{"@type":"ListItem","position":1,"name":"In\u00edcio","item":"https:\/\/motorpor.pt\/"},{"@type":"ListItem","position":2,"name":"Fiat Ducato: desde 390\u20ac\/m\u00eas + iva"}]},{"@type":"WebSite","@id":"https:\/\/motorpor.pt\/#website","url":"https:\/\/motorpor.pt\/","name":"motorpor","description":"Comercio de Autom\u00f3veis Multimarcas","publisher":{"@id":"https:\/\/motorpor.pt\/#organization"},"potentialAction":[{"@type":"SearchAction","target":{"@type":"EntryPoint","urlTemplate":"https:\/\/motorpor.pt\/?s={search_term_string}"},"query-input":{"@type":"PropertyValueSpecification","valueRequired":true,"valueName":"search_term_string"}}],"inLanguage":"en-US"},{"@type":"Organization","@id":"https:\/\/motorpor.pt\/#organization","name":"motorpor","alternateName":"Motorpor","url":"https:\/\/motorpor.pt\/","logo":{"@type":"ImageObject","inLanguage":"en-US","@id":"https:\/\/motorpor.pt\/#\/schema\/logo\/image\/","url":"https:\/\/motorpor.pt\/wp-content\/uploads\/2024\/07\/Logo-Motorpor-Preto.svg","contentUrl":"https:\/\/motorpor.pt\/wp-content\/uploads\/2024\/07\/Logo-Motorpor-Preto.svg","width":493,"height":93,"caption":"Motorpor"},"image":{"@id":"https:\/\/motorpor.pt\/#\/schema\/logo\/image\/"},"sameAs":["https:\/\/www.linkedin.com\/company\/grupo-motorpor"]},{"@type":"Person","@id":"https:\/\/motorpor.pt\/#\/schema\/person\/b4bf07144e88efed7388a5af30522db7","name":"mktmotorpor","image":{"@type":"ImageObject","inLanguage":"en-US","@id":"https:\/\/secure.gravatar.com\/avatar\/8418b61b3175dbba0a8744cf0ee6bb5c7a9f6c67f1dbc4f41a62d7b9738259a2?s=96&d=mm&r=g","url":"https:\/\/secure.gravatar.com\/avatar\/8418b61b3175dbba0a8744cf0ee6bb5c7a9f6c67f1dbc4f41a62d7b9738259a2?s=96&d=mm&r=g","contentUrl":"https:\/\/secure.gravatar.com\/avatar\/8418b61b3175dbba0a8744cf0ee6bb5c7a9f6c67f1dbc4f41a62d7b9738259a2?s=96&d=mm&r=g","caption":"mktmotorpor"},"url":"https:\/\/motorpor.pt\/en\/user\/mktmotorpor\/"}]}},"_links":{"self":[{"href":"https:\/\/motorpor.pt\/en\/wp-json\/wp\/v2\/posts\/81410","targetHints":{"allow":["GET"]}}],"collection":[{"href":"https:\/\/motorpor.pt\/en\/wp-json\/wp\/v2\/posts"}],"about":[{"href":"https:\/\/motorpor.pt\/en\/wp-json\/wp\/v2\/types\/post"}],"author":[{"embeddable":true,"href":"https:\/\/motorpor.pt\/en\/wp-json\/wp\/v2\/users\/85"}],"replies":[{"embeddable":true,"href":"https:\/\/motorpor.pt\/en\/wp-json\/wp\/v2\/comments?post=81410"}],"version-history":[{"count":0,"href":"https:\/\/motorpor.pt\/en\/wp-json\/wp\/v2\/posts\/81410\/revisions"}],"wp:featuredmedia":[{"embeddable":true,"href":"https:\/\/motorpor.pt\/en\/wp-json\/wp\/v2\/media\/81409"}],"wp:attachment":[{"href":"https:\/\/motorpor.pt\/en\/wp-json\/wp\/v2\/media?parent=81410"}],"wp:term":[{"taxonomy":"category","embeddable":true,"href":"https:\/\/motorpor.pt\/en\/wp-json\/wp\/v2\/categories?post=81410"},{"taxonomy":"post_tag","embeddable":true,"href":"https:\/\/motorpor.pt\/en\/wp-json\/wp\/v2\/tags?post=81410"}],"curies":[{"name":"wp","href":"https:\/\/api.w.org\/{rel}","templated":true}]}}