{"id":81652,"date":"2024-03-22T14:31:09","date_gmt":"2024-03-22T13:31:09","guid":{"rendered":"https:\/\/motorpor.pt\/motorpor-car-days-faro-de-4-a-14-de-abril\/"},"modified":"2024-04-01T09:57:04","modified_gmt":"2024-04-01T08:57:04","slug":"motorpor-car-days-faro-de-4-a-14-de-abril","status":"publish","type":"post","link":"https:\/\/motorpor.pt\/en\/motorpor-car-days-faro-de-4-a-14-de-abril\/","title":{"rendered":"Motorpor Car Days Faro: De 4 a 14 de abril"},"content":{"rendered":"<h2><strong>Visite-nos de 4 a 14 de abril durante o Motorpor Car Days Faro no Parque de Lazer das Figuras junto ao Forum Algarve!<\/strong><\/h2>\n<p>\u00a0<\/p>\n<ul>\n<li>Com <strong>+500 viaturas<\/strong> em stock<\/li>\n<li>Descontos at\u00e9 <strong>4.500\u20ac<\/strong><\/li>\n<li><strong>Oferta de 200\u20ac*<\/strong> em combust\u00edvel<\/li>\n<li>At\u00e9<strong> 36 meses<\/strong> de garantia<\/li>\n<\/ul>\n<p>\u00a0<\/p>\n<p><strong>PVP:<\/strong> 18000\u20ac<\/p>\n<p><strong>Presta\u00e7\u00e3o:<\/strong>213,22\u20ac x 120 meses<\/p>\n<p><strong>TAEG: <\/strong>8,9% |<strong> TAN:<\/strong>7,166%<\/p>\n<p>*Exemplo para um financiamento Cr\u00e9dito Autom\u00f3vel Usado. Taxa Fixa. PVP: 18000\u20ac. Montante Financiado: 18000\u20ac. Prazo: 120 meses. TAN:7,166%. TAEG: 8,9%.Presta\u00e7\u00e3o: 213,22\u20ac. Acresce comiss\u00e3o de abertura de contrato de 550\u20ac, Despesas de Legaliza\u00e7\u00e3o da Viatura de 138,2\u20ac , e Imposto de Selo de Utiliza\u00e7\u00e3o de Cr\u00e9dito de 316,8\u20ac. Montante Total Imputado ao Consumidor (MTIC) 26591,4\u20ac.<\/p>\n<p>Cr\u00e9dito sujeito a aprova\u00e7\u00e3o. A Motorpor\u2013 Com\u00e9rcio de Autom\u00f3veis, S.A. atua como intermedi\u00e1rio de cr\u00e9dito, registado no Banco de Portugal com o n\u00ba0000438\u00a0 a t\u00edtulo acess\u00f3rio, em regime de n\u00e3o exclusividade, estando autorizado a apresentar ou propor contratos de cr\u00e9dito a consumidores. Informe-se no Montepio Credito<\/p>","protected":false},"excerpt":{"rendered":"<p>Visite-nos de 4 a 14 de abril durante o Motorpor Car Days Faro no Parque de Lazer das Figuras junto ao Forum Algarve! \u00a0 Com +500 viaturas em stock Descontos at\u00e9 4.500\u20ac Oferta de 200\u20ac* em combust\u00edvel At\u00e9 36 meses de garantia \u00a0 PVP: 18000\u20ac Presta\u00e7\u00e3o:213,22\u20ac x 120 meses TAEG: 8,9% | TAN:7,166% *Exemplo para [&hellip;]<\/p>\n","protected":false},"author":85,"featured_media":81728,"comment_status":"closed","ping_status":"open","sticky":false,"template":"","format":"standard","meta":{"_acf_changed":false,"footnotes":""},"categories":[2495,2585],"tags":[],"class_list":["post-81652","post","type-post","status-publish","format-standard","has-post-thumbnail","hentry","category-campanhas","category-usados"],"acf":[],"yoast_head":"<!-- This site is optimized with the Yoast SEO plugin v27.5 - https:\/\/yoast.com\/product\/yoast-seo-wordpress\/ -->\n<title>Motorpor Car Days Faro: De 4 a 14 de abril - Motorpor<\/title>\n<meta name=\"robots\" content=\"index, follow, max-snippet:-1, max-image-preview:large, max-video-preview:-1\" \/>\n<link rel=\"canonical\" href=\"https:\/\/motorpor.pt\/en\/motorpor-car-days-faro-de-4-a-14-de-abril\/\" \/>\n<meta property=\"og:locale\" content=\"en_US\" \/>\n<meta property=\"og:type\" content=\"article\" \/>\n<meta property=\"og:title\" content=\"Motorpor Car Days Faro: De 4 a 14 de abril - Motorpor\" \/>\n<meta property=\"og:description\" content=\"Visite-nos de 4 a 14 de abril durante o Motorpor Car Days Faro no Parque de Lazer das Figuras junto ao Forum Algarve! \u00a0 Com +500 viaturas em stock Descontos at\u00e9 4.500\u20ac Oferta de 200\u20ac* em combust\u00edvel At\u00e9 36 meses de garantia \u00a0 PVP: 18000\u20ac Presta\u00e7\u00e3o:213,22\u20ac x 120 meses TAEG: 8,9% | TAN:7,166% *Exemplo para [&hellip;]\" \/>\n<meta property=\"og:url\" content=\"https:\/\/motorpor.pt\/en\/motorpor-car-days-faro-de-4-a-14-de-abril\/\" \/>\n<meta property=\"og:site_name\" content=\"Motorpor\" \/>\n<meta property=\"article:published_time\" content=\"2024-03-22T13:31:09+00:00\" \/>\n<meta property=\"article:modified_time\" content=\"2024-04-01T08:57:04+00:00\" \/>\n<meta property=\"og:image\" content=\"https:\/\/motorpor.pt\/wp-content\/uploads\/2024\/03\/Car-Days-Faro-1950x1050-1-1.png\" \/>\n\t<meta property=\"og:image:width\" content=\"1950\" \/>\n\t<meta property=\"og:image:height\" content=\"1050\" \/>\n\t<meta property=\"og:image:type\" content=\"image\/png\" \/>\n<meta name=\"author\" content=\"mktmotorpor\" \/>\n<meta name=\"twitter:card\" content=\"summary_large_image\" \/>\n<meta name=\"twitter:label1\" content=\"Written by\" \/>\n\t<meta name=\"twitter:data1\" content=\"mktmotorpor\" \/>\n\t<meta name=\"twitter:label2\" content=\"Est. reading time\" \/>\n\t<meta name=\"twitter:data2\" content=\"1 minute\" \/>\n<script type=\"application\/ld+json\" class=\"yoast-schema-graph\">{\"@context\":\"https:\\\/\\\/schema.org\",\"@graph\":[{\"@type\":\"Article\",\"@id\":\"https:\\\/\\\/motorpor.pt\\\/motorpor-car-days-faro-de-4-a-14-de-abril\\\/#article\",\"isPartOf\":{\"@id\":\"https:\\\/\\\/motorpor.pt\\\/motorpor-car-days-faro-de-4-a-14-de-abril\\\/\"},\"author\":{\"name\":\"mktmotorpor\",\"@id\":\"https:\\\/\\\/motorpor.pt\\\/#\\\/schema\\\/person\\\/b4bf07144e88efed7388a5af30522db7\"},\"headline\":\"Motorpor Car Days Faro: De 4 a 14 de abril\",\"datePublished\":\"2024-03-22T13:31:09+00:00\",\"dateModified\":\"2024-04-01T08:57:04+00:00\",\"mainEntityOfPage\":{\"@id\":\"https:\\\/\\\/motorpor.pt\\\/motorpor-car-days-faro-de-4-a-14-de-abril\\\/\"},\"wordCount\":160,\"publisher\":{\"@id\":\"https:\\\/\\\/motorpor.pt\\\/#organization\"},\"image\":{\"@id\":\"https:\\\/\\\/motorpor.pt\\\/motorpor-car-days-faro-de-4-a-14-de-abril\\\/#primaryimage\"},\"thumbnailUrl\":\"https:\\\/\\\/motorpor.pt\\\/wp-content\\\/uploads\\\/2024\\\/03\\\/Car-Days-Faro-1950x1050-1-1.png\",\"articleSection\":[\"Campanhas\",\"Usados\"],\"inLanguage\":\"en-US\"},{\"@type\":\"WebPage\",\"@id\":\"https:\\\/\\\/motorpor.pt\\\/motorpor-car-days-faro-de-4-a-14-de-abril\\\/\",\"url\":\"https:\\\/\\\/motorpor.pt\\\/motorpor-car-days-faro-de-4-a-14-de-abril\\\/\",\"name\":\"Motorpor Car Days Faro: De 4 a 14 de abril - Motorpor\",\"isPartOf\":{\"@id\":\"https:\\\/\\\/motorpor.pt\\\/#website\"},\"primaryImageOfPage\":{\"@id\":\"https:\\\/\\\/motorpor.pt\\\/motorpor-car-days-faro-de-4-a-14-de-abril\\\/#primaryimage\"},\"image\":{\"@id\":\"https:\\\/\\\/motorpor.pt\\\/motorpor-car-days-faro-de-4-a-14-de-abril\\\/#primaryimage\"},\"thumbnailUrl\":\"https:\\\/\\\/motorpor.pt\\\/wp-content\\\/uploads\\\/2024\\\/03\\\/Car-Days-Faro-1950x1050-1-1.png\",\"datePublished\":\"2024-03-22T13:31:09+00:00\",\"dateModified\":\"2024-04-01T08:57:04+00:00\",\"breadcrumb\":{\"@id\":\"https:\\\/\\\/motorpor.pt\\\/motorpor-car-days-faro-de-4-a-14-de-abril\\\/#breadcrumb\"},\"inLanguage\":\"en-US\",\"potentialAction\":[{\"@type\":\"ReadAction\",\"target\":[\"https:\\\/\\\/motorpor.pt\\\/motorpor-car-days-faro-de-4-a-14-de-abril\\\/\"]}]},{\"@type\":\"ImageObject\",\"inLanguage\":\"en-US\",\"@id\":\"https:\\\/\\\/motorpor.pt\\\/motorpor-car-days-faro-de-4-a-14-de-abril\\\/#primaryimage\",\"url\":\"https:\\\/\\\/motorpor.pt\\\/wp-content\\\/uploads\\\/2024\\\/03\\\/Car-Days-Faro-1950x1050-1-1.png\",\"contentUrl\":\"https:\\\/\\\/motorpor.pt\\\/wp-content\\\/uploads\\\/2024\\\/03\\\/Car-Days-Faro-1950x1050-1-1.png\",\"width\":1950,\"height\":1050},{\"@type\":\"BreadcrumbList\",\"@id\":\"https:\\\/\\\/motorpor.pt\\\/motorpor-car-days-faro-de-4-a-14-de-abril\\\/#breadcrumb\",\"itemListElement\":[{\"@type\":\"ListItem\",\"position\":1,\"name\":\"In\u00edcio\",\"item\":\"https:\\\/\\\/motorpor.pt\\\/\"},{\"@type\":\"ListItem\",\"position\":2,\"name\":\"Motorpor Car Days Faro: De 4 a 14 de abril\"}]},{\"@type\":\"WebSite\",\"@id\":\"https:\\\/\\\/motorpor.pt\\\/#website\",\"url\":\"https:\\\/\\\/motorpor.pt\\\/\",\"name\":\"Motorpor\",\"description\":\"Comercio de Autom\u00f3veis Multimarcas\",\"publisher\":{\"@id\":\"https:\\\/\\\/motorpor.pt\\\/#organization\"},\"potentialAction\":[{\"@type\":\"SearchAction\",\"target\":{\"@type\":\"EntryPoint\",\"urlTemplate\":\"https:\\\/\\\/motorpor.pt\\\/?s={search_term_string}\"},\"query-input\":{\"@type\":\"PropertyValueSpecification\",\"valueRequired\":true,\"valueName\":\"search_term_string\"}}],\"inLanguage\":\"en-US\"},{\"@type\":\"Organization\",\"@id\":\"https:\\\/\\\/motorpor.pt\\\/#organization\",\"name\":\"Motorpor\",\"alternateName\":\"Motorpor\",\"url\":\"https:\\\/\\\/motorpor.pt\\\/\",\"logo\":{\"@type\":\"ImageObject\",\"inLanguage\":\"en-US\",\"@id\":\"https:\\\/\\\/motorpor.pt\\\/#\\\/schema\\\/logo\\\/image\\\/\",\"url\":\"https:\\\/\\\/motorpor.pt\\\/wp-content\\\/uploads\\\/2024\\\/07\\\/Logo-Motorpor-Preto.svg\",\"contentUrl\":\"https:\\\/\\\/motorpor.pt\\\/wp-content\\\/uploads\\\/2024\\\/07\\\/Logo-Motorpor-Preto.svg\",\"width\":493,\"height\":93,\"caption\":\"Motorpor\"},\"image\":{\"@id\":\"https:\\\/\\\/motorpor.pt\\\/#\\\/schema\\\/logo\\\/image\\\/\"},\"sameAs\":[\"https:\\\/\\\/www.linkedin.com\\\/company\\\/grupo-motorpor\"]},{\"@type\":\"Person\",\"@id\":\"https:\\\/\\\/motorpor.pt\\\/#\\\/schema\\\/person\\\/b4bf07144e88efed7388a5af30522db7\",\"name\":\"mktmotorpor\",\"image\":{\"@type\":\"ImageObject\",\"inLanguage\":\"en-US\",\"@id\":\"https:\\\/\\\/secure.gravatar.com\\\/avatar\\\/8418b61b3175dbba0a8744cf0ee6bb5c7a9f6c67f1dbc4f41a62d7b9738259a2?s=96&d=mm&r=g\",\"url\":\"https:\\\/\\\/secure.gravatar.com\\\/avatar\\\/8418b61b3175dbba0a8744cf0ee6bb5c7a9f6c67f1dbc4f41a62d7b9738259a2?s=96&d=mm&r=g\",\"contentUrl\":\"https:\\\/\\\/secure.gravatar.com\\\/avatar\\\/8418b61b3175dbba0a8744cf0ee6bb5c7a9f6c67f1dbc4f41a62d7b9738259a2?s=96&d=mm&r=g\",\"caption\":\"mktmotorpor\"},\"url\":\"https:\\\/\\\/motorpor.pt\\\/en\\\/user\\\/mktmotorpor\\\/\"}]}<\/script>\n<!-- \/ Yoast SEO plugin. -->","yoast_head_json":{"title":"Motorpor Car Days Faro: De 4 a 14 de abril - Motorpor","robots":{"index":"index","follow":"follow","max-snippet":"max-snippet:-1","max-image-preview":"max-image-preview:large","max-video-preview":"max-video-preview:-1"},"canonical":"https:\/\/motorpor.pt\/en\/motorpor-car-days-faro-de-4-a-14-de-abril\/","og_locale":"en_US","og_type":"article","og_title":"Motorpor Car Days Faro: De 4 a 14 de abril - Motorpor","og_description":"Visite-nos de 4 a 14 de abril durante o Motorpor Car Days Faro no Parque de Lazer das Figuras junto ao Forum Algarve! \u00a0 Com +500 viaturas em stock Descontos at\u00e9 4.500\u20ac Oferta de 200\u20ac* em combust\u00edvel At\u00e9 36 meses de garantia \u00a0 PVP: 18000\u20ac Presta\u00e7\u00e3o:213,22\u20ac x 120 meses TAEG: 8,9% | TAN:7,166% *Exemplo para [&hellip;]","og_url":"https:\/\/motorpor.pt\/en\/motorpor-car-days-faro-de-4-a-14-de-abril\/","og_site_name":"Motorpor","article_published_time":"2024-03-22T13:31:09+00:00","article_modified_time":"2024-04-01T08:57:04+00:00","og_image":[{"width":1950,"height":1050,"url":"https:\/\/motorpor.pt\/wp-content\/uploads\/2024\/03\/Car-Days-Faro-1950x1050-1-1.png","type":"image\/png"}],"author":"mktmotorpor","twitter_card":"summary_large_image","twitter_misc":{"Written by":"mktmotorpor","Est. reading time":"1 minute"},"schema":{"@context":"https:\/\/schema.org","@graph":[{"@type":"Article","@id":"https:\/\/motorpor.pt\/motorpor-car-days-faro-de-4-a-14-de-abril\/#article","isPartOf":{"@id":"https:\/\/motorpor.pt\/motorpor-car-days-faro-de-4-a-14-de-abril\/"},"author":{"name":"mktmotorpor","@id":"https:\/\/motorpor.pt\/#\/schema\/person\/b4bf07144e88efed7388a5af30522db7"},"headline":"Motorpor Car Days Faro: De 4 a 14 de abril","datePublished":"2024-03-22T13:31:09+00:00","dateModified":"2024-04-01T08:57:04+00:00","mainEntityOfPage":{"@id":"https:\/\/motorpor.pt\/motorpor-car-days-faro-de-4-a-14-de-abril\/"},"wordCount":160,"publisher":{"@id":"https:\/\/motorpor.pt\/#organization"},"image":{"@id":"https:\/\/motorpor.pt\/motorpor-car-days-faro-de-4-a-14-de-abril\/#primaryimage"},"thumbnailUrl":"https:\/\/motorpor.pt\/wp-content\/uploads\/2024\/03\/Car-Days-Faro-1950x1050-1-1.png","articleSection":["Campanhas","Usados"],"inLanguage":"en-US"},{"@type":"WebPage","@id":"https:\/\/motorpor.pt\/motorpor-car-days-faro-de-4-a-14-de-abril\/","url":"https:\/\/motorpor.pt\/motorpor-car-days-faro-de-4-a-14-de-abril\/","name":"Motorpor Car Days Faro: De 4 a 14 de abril - Motorpor","isPartOf":{"@id":"https:\/\/motorpor.pt\/#website"},"primaryImageOfPage":{"@id":"https:\/\/motorpor.pt\/motorpor-car-days-faro-de-4-a-14-de-abril\/#primaryimage"},"image":{"@id":"https:\/\/motorpor.pt\/motorpor-car-days-faro-de-4-a-14-de-abril\/#primaryimage"},"thumbnailUrl":"https:\/\/motorpor.pt\/wp-content\/uploads\/2024\/03\/Car-Days-Faro-1950x1050-1-1.png","datePublished":"2024-03-22T13:31:09+00:00","dateModified":"2024-04-01T08:57:04+00:00","breadcrumb":{"@id":"https:\/\/motorpor.pt\/motorpor-car-days-faro-de-4-a-14-de-abril\/#breadcrumb"},"inLanguage":"en-US","potentialAction":[{"@type":"ReadAction","target":["https:\/\/motorpor.pt\/motorpor-car-days-faro-de-4-a-14-de-abril\/"]}]},{"@type":"ImageObject","inLanguage":"en-US","@id":"https:\/\/motorpor.pt\/motorpor-car-days-faro-de-4-a-14-de-abril\/#primaryimage","url":"https:\/\/motorpor.pt\/wp-content\/uploads\/2024\/03\/Car-Days-Faro-1950x1050-1-1.png","contentUrl":"https:\/\/motorpor.pt\/wp-content\/uploads\/2024\/03\/Car-Days-Faro-1950x1050-1-1.png","width":1950,"height":1050},{"@type":"BreadcrumbList","@id":"https:\/\/motorpor.pt\/motorpor-car-days-faro-de-4-a-14-de-abril\/#breadcrumb","itemListElement":[{"@type":"ListItem","position":1,"name":"In\u00edcio","item":"https:\/\/motorpor.pt\/"},{"@type":"ListItem","position":2,"name":"Motorpor Car Days Faro: De 4 a 14 de abril"}]},{"@type":"WebSite","@id":"https:\/\/motorpor.pt\/#website","url":"https:\/\/motorpor.pt\/","name":"motorpor","description":"Comercio de Autom\u00f3veis Multimarcas","publisher":{"@id":"https:\/\/motorpor.pt\/#organization"},"potentialAction":[{"@type":"SearchAction","target":{"@type":"EntryPoint","urlTemplate":"https:\/\/motorpor.pt\/?s={search_term_string}"},"query-input":{"@type":"PropertyValueSpecification","valueRequired":true,"valueName":"search_term_string"}}],"inLanguage":"en-US"},{"@type":"Organization","@id":"https:\/\/motorpor.pt\/#organization","name":"motorpor","alternateName":"Motorpor","url":"https:\/\/motorpor.pt\/","logo":{"@type":"ImageObject","inLanguage":"en-US","@id":"https:\/\/motorpor.pt\/#\/schema\/logo\/image\/","url":"https:\/\/motorpor.pt\/wp-content\/uploads\/2024\/07\/Logo-Motorpor-Preto.svg","contentUrl":"https:\/\/motorpor.pt\/wp-content\/uploads\/2024\/07\/Logo-Motorpor-Preto.svg","width":493,"height":93,"caption":"Motorpor"},"image":{"@id":"https:\/\/motorpor.pt\/#\/schema\/logo\/image\/"},"sameAs":["https:\/\/www.linkedin.com\/company\/grupo-motorpor"]},{"@type":"Person","@id":"https:\/\/motorpor.pt\/#\/schema\/person\/b4bf07144e88efed7388a5af30522db7","name":"mktmotorpor","image":{"@type":"ImageObject","inLanguage":"en-US","@id":"https:\/\/secure.gravatar.com\/avatar\/8418b61b3175dbba0a8744cf0ee6bb5c7a9f6c67f1dbc4f41a62d7b9738259a2?s=96&d=mm&r=g","url":"https:\/\/secure.gravatar.com\/avatar\/8418b61b3175dbba0a8744cf0ee6bb5c7a9f6c67f1dbc4f41a62d7b9738259a2?s=96&d=mm&r=g","contentUrl":"https:\/\/secure.gravatar.com\/avatar\/8418b61b3175dbba0a8744cf0ee6bb5c7a9f6c67f1dbc4f41a62d7b9738259a2?s=96&d=mm&r=g","caption":"mktmotorpor"},"url":"https:\/\/motorpor.pt\/en\/user\/mktmotorpor\/"}]}},"_links":{"self":[{"href":"https:\/\/motorpor.pt\/en\/wp-json\/wp\/v2\/posts\/81652","targetHints":{"allow":["GET"]}}],"collection":[{"href":"https:\/\/motorpor.pt\/en\/wp-json\/wp\/v2\/posts"}],"about":[{"href":"https:\/\/motorpor.pt\/en\/wp-json\/wp\/v2\/types\/post"}],"author":[{"embeddable":true,"href":"https:\/\/motorpor.pt\/en\/wp-json\/wp\/v2\/users\/85"}],"replies":[{"embeddable":true,"href":"https:\/\/motorpor.pt\/en\/wp-json\/wp\/v2\/comments?post=81652"}],"version-history":[{"count":4,"href":"https:\/\/motorpor.pt\/en\/wp-json\/wp\/v2\/posts\/81652\/revisions"}],"predecessor-version":[{"id":82080,"href":"https:\/\/motorpor.pt\/en\/wp-json\/wp\/v2\/posts\/81652\/revisions\/82080"}],"wp:featuredmedia":[{"embeddable":true,"href":"https:\/\/motorpor.pt\/en\/wp-json\/wp\/v2\/media\/81728"}],"wp:attachment":[{"href":"https:\/\/motorpor.pt\/en\/wp-json\/wp\/v2\/media?parent=81652"}],"wp:term":[{"taxonomy":"category","embeddable":true,"href":"https:\/\/motorpor.pt\/en\/wp-json\/wp\/v2\/categories?post=81652"},{"taxonomy":"post_tag","embeddable":true,"href":"https:\/\/motorpor.pt\/en\/wp-json\/wp\/v2\/tags?post=81652"}],"curies":[{"name":"wp","href":"https:\/\/api.w.org\/{rel}","templated":true}]}}