{"id":81773,"date":"2024-03-26T15:49:51","date_gmt":"2024-03-26T14:49:51","guid":{"rendered":"https:\/\/motorpor.pt\/o-bestseller-opel-astra-agora-tambem-disponivel-com-tecnologia-hibrida-de-48-volts\/"},"modified":"2024-07-17T14:38:03","modified_gmt":"2024-07-17T13:38:03","slug":"o-bestseller-opel-astra-agora-tambem-disponivel-com-tecnologia-hibrida-de-48-volts","status":"publish","type":"post","link":"https:\/\/motorpor.pt\/en\/o-bestseller-opel-astra-agora-tambem-disponivel-com-tecnologia-hibrida-de-48-volts\/","title":{"rendered":"O bestseller Opel Astra agora dispon\u00edvel com tecnologia h\u00edbrida de 48 Volts"},"content":{"rendered":"<h5>Eficientemente eletrificado: O Astra e o Astra Sports Tourer juntam-se \u00e0 crescente gama de modelos com tecnologia h\u00edbrida de 48 Volts.<\/h5>\n<p>\u00a0<\/p>\n<p>El\u00e9trico a bateria, h\u00edbrido plug-in ou com um motor de combust\u00e3o altamente eficiente. O Astra aumenta a sua gama com mais uma adi\u00e7\u00e3o: o Opel Astra e o Opel Astra Sports Tourer que agora podem ser encomendados como um h\u00edbrido com tecnologia de 48 Volts.<\/p>\n<p>O bestseller da classe dos compactos da Opel oferece, assim, um portef\u00f3lio de unidades de propuls\u00e3o como nenhum outro modelo da Opel at\u00e9 \u00e0 data. Um ve\u00edculo dispon\u00edvel com cinco portas ou como uma espa\u00e7osa station wagon Sports Tourer.<\/p>\n<p>\u00a0<\/p>\n<p><img fetchpriority=\"high\" decoding=\"async\" class=\"alignnone size-full wp-image-81771\" src=\"https:\/\/motorpor.pt\/wp-content\/uploads\/2024\/03\/Opel-Astra-Sports-Tourer-Hybrid_Astra-Hybrid.jpg\" alt=\"\" width=\"2000\" height=\"1241\" srcset=\"https:\/\/motorpor.pt\/wp-content\/uploads\/2024\/03\/Opel-Astra-Sports-Tourer-Hybrid_Astra-Hybrid.jpg 2000w, https:\/\/motorpor.pt\/wp-content\/uploads\/2024\/03\/Opel-Astra-Sports-Tourer-Hybrid_Astra-Hybrid-300x186.jpg 300w, https:\/\/motorpor.pt\/wp-content\/uploads\/2024\/03\/Opel-Astra-Sports-Tourer-Hybrid_Astra-Hybrid-1024x635.jpg 1024w, https:\/\/motorpor.pt\/wp-content\/uploads\/2024\/03\/Opel-Astra-Sports-Tourer-Hybrid_Astra-Hybrid-768x477.jpg 768w, https:\/\/motorpor.pt\/wp-content\/uploads\/2024\/03\/Opel-Astra-Sports-Tourer-Hybrid_Astra-Hybrid-1536x953.jpg 1536w, https:\/\/motorpor.pt\/wp-content\/uploads\/2024\/03\/Opel-Astra-Sports-Tourer-Hybrid_Astra-Hybrid-18x12.jpg 18w, https:\/\/motorpor.pt\/wp-content\/uploads\/2024\/03\/Opel-Astra-Sports-Tourer-Hybrid_Astra-Hybrid-165x102.jpg 165w\" sizes=\"(max-width: 2000px) 100vw, 2000px\" \/><\/p>\n<p>\u00a0<\/p>\n<p><em>&#8220;Os novos Astra e Astra Sports Tourer Hybrid com tecnologia de 48 Volts s\u00e3o a alternativa econ\u00f3mica ideal para quem quer reduzir o consumo e as emiss\u00f5es sem ter de depender de uma fonte de alimenta\u00e7\u00e3o externa. Ao mesmo tempo, com o novo Astra Hybrid, \u00e9 poss\u00edvel deslocar-se temporariamente de forma totalmente el\u00e9trica e, portanto, sem emiss\u00f5es locais. Esta combina\u00e7\u00e3o representa um conjunto interessante a um pre\u00e7o de entrada de gama atrativo&#8221;<\/em>, afirmou Vincent Lehoucq, diretor da marca Opel em Portugal e Espanha.<\/p>\n<p>O consumo de combust\u00edvel e as emiss\u00f5es de CO2 no novo Astra Hybrid s\u00e3o reduzidos em cerca de 14%. A baixas velocidades, na cidade, os clientes podem mesmo conduzir de forma puramente el\u00e9trica e, portanto, sem emiss\u00f5es locais. Al\u00e9m destas vantagens, o Astra Hybrid \u00e9 recarregada durante a desacelera\u00e7\u00e3o e por isso n\u00e3o \u00e9 necess\u00e1ria uma tomada ou esta\u00e7\u00e3o de carregamento para o fornecimento de energia.<\/p>\n<p>Completamente equipado, os pre\u00e7os do novo Astra Hybrid come\u00e7am nos atrativos 32.705 euros (PVP, incluindo IVA). Conhe\u00e7a os <a href=\"https:\/\/motorpor.pt\/en\/novos\/opel\/\">modelos Opel dispon\u00edveis no nosso site<\/a>.<\/p>","protected":false},"excerpt":{"rendered":"<p>Eficientemente eletrificado: O Astra e o Astra Sports Tourer juntam-se \u00e0 crescente gama de modelos com tecnologia h\u00edbrida de 48 Volts. \u00a0 El\u00e9trico a bateria, h\u00edbrido plug-in ou com um motor de combust\u00e3o altamente eficiente. O Astra aumenta a sua gama com mais uma adi\u00e7\u00e3o: o Opel Astra e o Opel Astra Sports Tourer que [&hellip;]<\/p>\n","protected":false},"author":85,"featured_media":81772,"comment_status":"closed","ping_status":"open","sticky":false,"template":"","format":"standard","meta":{"_acf_changed":false,"footnotes":""},"categories":[2595,2594,2592,3093],"tags":[],"class_list":["post-81773","post","type-post","status-publish","format-standard","has-post-thumbnail","hentry","category-atualidade","category-destaques","category-noticias","category-noticias-opel"],"acf":[],"yoast_head":"<!-- This site is optimized with the Yoast SEO plugin v27.5 - https:\/\/yoast.com\/product\/yoast-seo-wordpress\/ -->\n<title>O bestseller Opel Astra agora dispon\u00edvel com tecnologia h\u00edbrida de 48 Volts - Motorpor<\/title>\n<meta name=\"robots\" content=\"index, follow, max-snippet:-1, max-image-preview:large, max-video-preview:-1\" \/>\n<link rel=\"canonical\" href=\"https:\/\/motorpor.pt\/en\/o-bestseller-opel-astra-agora-tambem-disponivel-com-tecnologia-hibrida-de-48-volts\/\" \/>\n<meta property=\"og:locale\" content=\"en_US\" \/>\n<meta property=\"og:type\" content=\"article\" \/>\n<meta property=\"og:title\" content=\"O bestseller Opel Astra agora dispon\u00edvel com tecnologia h\u00edbrida de 48 Volts - Motorpor\" \/>\n<meta property=\"og:description\" content=\"Eficientemente eletrificado: O Astra e o Astra Sports Tourer juntam-se \u00e0 crescente gama de modelos com tecnologia h\u00edbrida de 48 Volts. \u00a0 El\u00e9trico a bateria, h\u00edbrido plug-in ou com um motor de combust\u00e3o altamente eficiente. O Astra aumenta a sua gama com mais uma adi\u00e7\u00e3o: o Opel Astra e o Opel Astra Sports Tourer que [&hellip;]\" \/>\n<meta property=\"og:url\" content=\"https:\/\/motorpor.pt\/en\/o-bestseller-opel-astra-agora-tambem-disponivel-com-tecnologia-hibrida-de-48-volts\/\" \/>\n<meta property=\"og:site_name\" content=\"Motorpor\" \/>\n<meta property=\"article:published_time\" content=\"2024-03-26T14:49:51+00:00\" \/>\n<meta property=\"article:modified_time\" content=\"2024-07-17T13:38:03+00:00\" \/>\n<meta property=\"og:image\" content=\"https:\/\/motorpor.pt\/wp-content\/uploads\/2024\/03\/Opel-Astra-Hybrid-1.jpg\" \/>\n\t<meta property=\"og:image:width\" content=\"2000\" \/>\n\t<meta property=\"og:image:height\" content=\"1220\" \/>\n\t<meta property=\"og:image:type\" content=\"image\/jpeg\" \/>\n<meta name=\"author\" content=\"mktmotorpor\" \/>\n<meta name=\"twitter:card\" content=\"summary_large_image\" \/>\n<meta name=\"twitter:label1\" content=\"Written by\" \/>\n\t<meta name=\"twitter:data1\" content=\"mktmotorpor\" \/>\n\t<meta name=\"twitter:label2\" content=\"Est. reading time\" \/>\n\t<meta name=\"twitter:data2\" content=\"2 minutes\" \/>\n<script type=\"application\/ld+json\" class=\"yoast-schema-graph\">{\"@context\":\"https:\\\/\\\/schema.org\",\"@graph\":[{\"@type\":\"Article\",\"@id\":\"https:\\\/\\\/motorpor.pt\\\/o-bestseller-opel-astra-agora-tambem-disponivel-com-tecnologia-hibrida-de-48-volts\\\/#article\",\"isPartOf\":{\"@id\":\"https:\\\/\\\/motorpor.pt\\\/o-bestseller-opel-astra-agora-tambem-disponivel-com-tecnologia-hibrida-de-48-volts\\\/\"},\"author\":{\"name\":\"mktmotorpor\",\"@id\":\"https:\\\/\\\/motorpor.pt\\\/#\\\/schema\\\/person\\\/b4bf07144e88efed7388a5af30522db7\"},\"headline\":\"O bestseller Opel Astra agora dispon\u00edvel com tecnologia h\u00edbrida de 48 Volts\",\"datePublished\":\"2024-03-26T14:49:51+00:00\",\"dateModified\":\"2024-07-17T13:38:03+00:00\",\"mainEntityOfPage\":{\"@id\":\"https:\\\/\\\/motorpor.pt\\\/o-bestseller-opel-astra-agora-tambem-disponivel-com-tecnologia-hibrida-de-48-volts\\\/\"},\"wordCount\":315,\"publisher\":{\"@id\":\"https:\\\/\\\/motorpor.pt\\\/#organization\"},\"image\":{\"@id\":\"https:\\\/\\\/motorpor.pt\\\/o-bestseller-opel-astra-agora-tambem-disponivel-com-tecnologia-hibrida-de-48-volts\\\/#primaryimage\"},\"thumbnailUrl\":\"https:\\\/\\\/motorpor.pt\\\/wp-content\\\/uploads\\\/2024\\\/03\\\/Opel-Astra-Hybrid-1.jpg\",\"articleSection\":[\"Atualidade\",\"Destaques\",\"Not\u00edcias\",\"Not\u00edcias Opel\"],\"inLanguage\":\"en-US\"},{\"@type\":\"WebPage\",\"@id\":\"https:\\\/\\\/motorpor.pt\\\/o-bestseller-opel-astra-agora-tambem-disponivel-com-tecnologia-hibrida-de-48-volts\\\/\",\"url\":\"https:\\\/\\\/motorpor.pt\\\/o-bestseller-opel-astra-agora-tambem-disponivel-com-tecnologia-hibrida-de-48-volts\\\/\",\"name\":\"O bestseller Opel Astra agora dispon\u00edvel com tecnologia h\u00edbrida de 48 Volts - Motorpor\",\"isPartOf\":{\"@id\":\"https:\\\/\\\/motorpor.pt\\\/#website\"},\"primaryImageOfPage\":{\"@id\":\"https:\\\/\\\/motorpor.pt\\\/o-bestseller-opel-astra-agora-tambem-disponivel-com-tecnologia-hibrida-de-48-volts\\\/#primaryimage\"},\"image\":{\"@id\":\"https:\\\/\\\/motorpor.pt\\\/o-bestseller-opel-astra-agora-tambem-disponivel-com-tecnologia-hibrida-de-48-volts\\\/#primaryimage\"},\"thumbnailUrl\":\"https:\\\/\\\/motorpor.pt\\\/wp-content\\\/uploads\\\/2024\\\/03\\\/Opel-Astra-Hybrid-1.jpg\",\"datePublished\":\"2024-03-26T14:49:51+00:00\",\"dateModified\":\"2024-07-17T13:38:03+00:00\",\"breadcrumb\":{\"@id\":\"https:\\\/\\\/motorpor.pt\\\/o-bestseller-opel-astra-agora-tambem-disponivel-com-tecnologia-hibrida-de-48-volts\\\/#breadcrumb\"},\"inLanguage\":\"en-US\",\"potentialAction\":[{\"@type\":\"ReadAction\",\"target\":[\"https:\\\/\\\/motorpor.pt\\\/o-bestseller-opel-astra-agora-tambem-disponivel-com-tecnologia-hibrida-de-48-volts\\\/\"]}]},{\"@type\":\"ImageObject\",\"inLanguage\":\"en-US\",\"@id\":\"https:\\\/\\\/motorpor.pt\\\/o-bestseller-opel-astra-agora-tambem-disponivel-com-tecnologia-hibrida-de-48-volts\\\/#primaryimage\",\"url\":\"https:\\\/\\\/motorpor.pt\\\/wp-content\\\/uploads\\\/2024\\\/03\\\/Opel-Astra-Hybrid-1.jpg\",\"contentUrl\":\"https:\\\/\\\/motorpor.pt\\\/wp-content\\\/uploads\\\/2024\\\/03\\\/Opel-Astra-Hybrid-1.jpg\",\"width\":2000,\"height\":1220},{\"@type\":\"BreadcrumbList\",\"@id\":\"https:\\\/\\\/motorpor.pt\\\/o-bestseller-opel-astra-agora-tambem-disponivel-com-tecnologia-hibrida-de-48-volts\\\/#breadcrumb\",\"itemListElement\":[{\"@type\":\"ListItem\",\"position\":1,\"name\":\"In\u00edcio\",\"item\":\"https:\\\/\\\/motorpor.pt\\\/\"},{\"@type\":\"ListItem\",\"position\":2,\"name\":\"O bestseller Opel Astra agora dispon\u00edvel com tecnologia h\u00edbrida de 48 Volts\"}]},{\"@type\":\"WebSite\",\"@id\":\"https:\\\/\\\/motorpor.pt\\\/#website\",\"url\":\"https:\\\/\\\/motorpor.pt\\\/\",\"name\":\"Motorpor\",\"description\":\"Comercio de Autom\u00f3veis Multimarcas\",\"publisher\":{\"@id\":\"https:\\\/\\\/motorpor.pt\\\/#organization\"},\"potentialAction\":[{\"@type\":\"SearchAction\",\"target\":{\"@type\":\"EntryPoint\",\"urlTemplate\":\"https:\\\/\\\/motorpor.pt\\\/?s={search_term_string}\"},\"query-input\":{\"@type\":\"PropertyValueSpecification\",\"valueRequired\":true,\"valueName\":\"search_term_string\"}}],\"inLanguage\":\"en-US\"},{\"@type\":\"Organization\",\"@id\":\"https:\\\/\\\/motorpor.pt\\\/#organization\",\"name\":\"Motorpor\",\"alternateName\":\"Motorpor\",\"url\":\"https:\\\/\\\/motorpor.pt\\\/\",\"logo\":{\"@type\":\"ImageObject\",\"inLanguage\":\"en-US\",\"@id\":\"https:\\\/\\\/motorpor.pt\\\/#\\\/schema\\\/logo\\\/image\\\/\",\"url\":\"https:\\\/\\\/motorpor.pt\\\/wp-content\\\/uploads\\\/2024\\\/07\\\/Logo-Motorpor-Preto.svg\",\"contentUrl\":\"https:\\\/\\\/motorpor.pt\\\/wp-content\\\/uploads\\\/2024\\\/07\\\/Logo-Motorpor-Preto.svg\",\"width\":493,\"height\":93,\"caption\":\"Motorpor\"},\"image\":{\"@id\":\"https:\\\/\\\/motorpor.pt\\\/#\\\/schema\\\/logo\\\/image\\\/\"},\"sameAs\":[\"https:\\\/\\\/www.linkedin.com\\\/company\\\/grupo-motorpor\"]},{\"@type\":\"Person\",\"@id\":\"https:\\\/\\\/motorpor.pt\\\/#\\\/schema\\\/person\\\/b4bf07144e88efed7388a5af30522db7\",\"name\":\"mktmotorpor\",\"image\":{\"@type\":\"ImageObject\",\"inLanguage\":\"en-US\",\"@id\":\"https:\\\/\\\/secure.gravatar.com\\\/avatar\\\/8418b61b3175dbba0a8744cf0ee6bb5c7a9f6c67f1dbc4f41a62d7b9738259a2?s=96&d=mm&r=g\",\"url\":\"https:\\\/\\\/secure.gravatar.com\\\/avatar\\\/8418b61b3175dbba0a8744cf0ee6bb5c7a9f6c67f1dbc4f41a62d7b9738259a2?s=96&d=mm&r=g\",\"contentUrl\":\"https:\\\/\\\/secure.gravatar.com\\\/avatar\\\/8418b61b3175dbba0a8744cf0ee6bb5c7a9f6c67f1dbc4f41a62d7b9738259a2?s=96&d=mm&r=g\",\"caption\":\"mktmotorpor\"},\"url\":\"https:\\\/\\\/motorpor.pt\\\/en\\\/user\\\/mktmotorpor\\\/\"}]}<\/script>\n<!-- \/ Yoast SEO plugin. -->","yoast_head_json":{"title":"O bestseller Opel Astra agora dispon\u00edvel com tecnologia h\u00edbrida de 48 Volts - Motorpor","robots":{"index":"index","follow":"follow","max-snippet":"max-snippet:-1","max-image-preview":"max-image-preview:large","max-video-preview":"max-video-preview:-1"},"canonical":"https:\/\/motorpor.pt\/en\/o-bestseller-opel-astra-agora-tambem-disponivel-com-tecnologia-hibrida-de-48-volts\/","og_locale":"en_US","og_type":"article","og_title":"O bestseller Opel Astra agora dispon\u00edvel com tecnologia h\u00edbrida de 48 Volts - Motorpor","og_description":"Eficientemente eletrificado: O Astra e o Astra Sports Tourer juntam-se \u00e0 crescente gama de modelos com tecnologia h\u00edbrida de 48 Volts. \u00a0 El\u00e9trico a bateria, h\u00edbrido plug-in ou com um motor de combust\u00e3o altamente eficiente. O Astra aumenta a sua gama com mais uma adi\u00e7\u00e3o: o Opel Astra e o Opel Astra Sports Tourer que [&hellip;]","og_url":"https:\/\/motorpor.pt\/en\/o-bestseller-opel-astra-agora-tambem-disponivel-com-tecnologia-hibrida-de-48-volts\/","og_site_name":"Motorpor","article_published_time":"2024-03-26T14:49:51+00:00","article_modified_time":"2024-07-17T13:38:03+00:00","og_image":[{"width":2000,"height":1220,"url":"https:\/\/motorpor.pt\/wp-content\/uploads\/2024\/03\/Opel-Astra-Hybrid-1.jpg","type":"image\/jpeg"}],"author":"mktmotorpor","twitter_card":"summary_large_image","twitter_misc":{"Written by":"mktmotorpor","Est. reading time":"2 minutes"},"schema":{"@context":"https:\/\/schema.org","@graph":[{"@type":"Article","@id":"https:\/\/motorpor.pt\/o-bestseller-opel-astra-agora-tambem-disponivel-com-tecnologia-hibrida-de-48-volts\/#article","isPartOf":{"@id":"https:\/\/motorpor.pt\/o-bestseller-opel-astra-agora-tambem-disponivel-com-tecnologia-hibrida-de-48-volts\/"},"author":{"name":"mktmotorpor","@id":"https:\/\/motorpor.pt\/#\/schema\/person\/b4bf07144e88efed7388a5af30522db7"},"headline":"O bestseller Opel Astra agora dispon\u00edvel com tecnologia h\u00edbrida de 48 Volts","datePublished":"2024-03-26T14:49:51+00:00","dateModified":"2024-07-17T13:38:03+00:00","mainEntityOfPage":{"@id":"https:\/\/motorpor.pt\/o-bestseller-opel-astra-agora-tambem-disponivel-com-tecnologia-hibrida-de-48-volts\/"},"wordCount":315,"publisher":{"@id":"https:\/\/motorpor.pt\/#organization"},"image":{"@id":"https:\/\/motorpor.pt\/o-bestseller-opel-astra-agora-tambem-disponivel-com-tecnologia-hibrida-de-48-volts\/#primaryimage"},"thumbnailUrl":"https:\/\/motorpor.pt\/wp-content\/uploads\/2024\/03\/Opel-Astra-Hybrid-1.jpg","articleSection":["Atualidade","Destaques","Not\u00edcias","Not\u00edcias Opel"],"inLanguage":"en-US"},{"@type":"WebPage","@id":"https:\/\/motorpor.pt\/o-bestseller-opel-astra-agora-tambem-disponivel-com-tecnologia-hibrida-de-48-volts\/","url":"https:\/\/motorpor.pt\/o-bestseller-opel-astra-agora-tambem-disponivel-com-tecnologia-hibrida-de-48-volts\/","name":"O bestseller Opel Astra agora dispon\u00edvel com tecnologia h\u00edbrida de 48 Volts - Motorpor","isPartOf":{"@id":"https:\/\/motorpor.pt\/#website"},"primaryImageOfPage":{"@id":"https:\/\/motorpor.pt\/o-bestseller-opel-astra-agora-tambem-disponivel-com-tecnologia-hibrida-de-48-volts\/#primaryimage"},"image":{"@id":"https:\/\/motorpor.pt\/o-bestseller-opel-astra-agora-tambem-disponivel-com-tecnologia-hibrida-de-48-volts\/#primaryimage"},"thumbnailUrl":"https:\/\/motorpor.pt\/wp-content\/uploads\/2024\/03\/Opel-Astra-Hybrid-1.jpg","datePublished":"2024-03-26T14:49:51+00:00","dateModified":"2024-07-17T13:38:03+00:00","breadcrumb":{"@id":"https:\/\/motorpor.pt\/o-bestseller-opel-astra-agora-tambem-disponivel-com-tecnologia-hibrida-de-48-volts\/#breadcrumb"},"inLanguage":"en-US","potentialAction":[{"@type":"ReadAction","target":["https:\/\/motorpor.pt\/o-bestseller-opel-astra-agora-tambem-disponivel-com-tecnologia-hibrida-de-48-volts\/"]}]},{"@type":"ImageObject","inLanguage":"en-US","@id":"https:\/\/motorpor.pt\/o-bestseller-opel-astra-agora-tambem-disponivel-com-tecnologia-hibrida-de-48-volts\/#primaryimage","url":"https:\/\/motorpor.pt\/wp-content\/uploads\/2024\/03\/Opel-Astra-Hybrid-1.jpg","contentUrl":"https:\/\/motorpor.pt\/wp-content\/uploads\/2024\/03\/Opel-Astra-Hybrid-1.jpg","width":2000,"height":1220},{"@type":"BreadcrumbList","@id":"https:\/\/motorpor.pt\/o-bestseller-opel-astra-agora-tambem-disponivel-com-tecnologia-hibrida-de-48-volts\/#breadcrumb","itemListElement":[{"@type":"ListItem","position":1,"name":"In\u00edcio","item":"https:\/\/motorpor.pt\/"},{"@type":"ListItem","position":2,"name":"O bestseller Opel Astra agora dispon\u00edvel com tecnologia h\u00edbrida de 48 Volts"}]},{"@type":"WebSite","@id":"https:\/\/motorpor.pt\/#website","url":"https:\/\/motorpor.pt\/","name":"motorpor","description":"Comercio de Autom\u00f3veis Multimarcas","publisher":{"@id":"https:\/\/motorpor.pt\/#organization"},"potentialAction":[{"@type":"SearchAction","target":{"@type":"EntryPoint","urlTemplate":"https:\/\/motorpor.pt\/?s={search_term_string}"},"query-input":{"@type":"PropertyValueSpecification","valueRequired":true,"valueName":"search_term_string"}}],"inLanguage":"en-US"},{"@type":"Organization","@id":"https:\/\/motorpor.pt\/#organization","name":"motorpor","alternateName":"Motorpor","url":"https:\/\/motorpor.pt\/","logo":{"@type":"ImageObject","inLanguage":"en-US","@id":"https:\/\/motorpor.pt\/#\/schema\/logo\/image\/","url":"https:\/\/motorpor.pt\/wp-content\/uploads\/2024\/07\/Logo-Motorpor-Preto.svg","contentUrl":"https:\/\/motorpor.pt\/wp-content\/uploads\/2024\/07\/Logo-Motorpor-Preto.svg","width":493,"height":93,"caption":"Motorpor"},"image":{"@id":"https:\/\/motorpor.pt\/#\/schema\/logo\/image\/"},"sameAs":["https:\/\/www.linkedin.com\/company\/grupo-motorpor"]},{"@type":"Person","@id":"https:\/\/motorpor.pt\/#\/schema\/person\/b4bf07144e88efed7388a5af30522db7","name":"mktmotorpor","image":{"@type":"ImageObject","inLanguage":"en-US","@id":"https:\/\/secure.gravatar.com\/avatar\/8418b61b3175dbba0a8744cf0ee6bb5c7a9f6c67f1dbc4f41a62d7b9738259a2?s=96&d=mm&r=g","url":"https:\/\/secure.gravatar.com\/avatar\/8418b61b3175dbba0a8744cf0ee6bb5c7a9f6c67f1dbc4f41a62d7b9738259a2?s=96&d=mm&r=g","contentUrl":"https:\/\/secure.gravatar.com\/avatar\/8418b61b3175dbba0a8744cf0ee6bb5c7a9f6c67f1dbc4f41a62d7b9738259a2?s=96&d=mm&r=g","caption":"mktmotorpor"},"url":"https:\/\/motorpor.pt\/en\/user\/mktmotorpor\/"}]}},"_links":{"self":[{"href":"https:\/\/motorpor.pt\/en\/wp-json\/wp\/v2\/posts\/81773","targetHints":{"allow":["GET"]}}],"collection":[{"href":"https:\/\/motorpor.pt\/en\/wp-json\/wp\/v2\/posts"}],"about":[{"href":"https:\/\/motorpor.pt\/en\/wp-json\/wp\/v2\/types\/post"}],"author":[{"embeddable":true,"href":"https:\/\/motorpor.pt\/en\/wp-json\/wp\/v2\/users\/85"}],"replies":[{"embeddable":true,"href":"https:\/\/motorpor.pt\/en\/wp-json\/wp\/v2\/comments?post=81773"}],"version-history":[{"count":3,"href":"https:\/\/motorpor.pt\/en\/wp-json\/wp\/v2\/posts\/81773\/revisions"}],"predecessor-version":[{"id":90218,"href":"https:\/\/motorpor.pt\/en\/wp-json\/wp\/v2\/posts\/81773\/revisions\/90218"}],"wp:featuredmedia":[{"embeddable":true,"href":"https:\/\/motorpor.pt\/en\/wp-json\/wp\/v2\/media\/81772"}],"wp:attachment":[{"href":"https:\/\/motorpor.pt\/en\/wp-json\/wp\/v2\/media?parent=81773"}],"wp:term":[{"taxonomy":"category","embeddable":true,"href":"https:\/\/motorpor.pt\/en\/wp-json\/wp\/v2\/categories?post=81773"},{"taxonomy":"post_tag","embeddable":true,"href":"https:\/\/motorpor.pt\/en\/wp-json\/wp\/v2\/tags?post=81773"}],"curies":[{"name":"wp","href":"https:\/\/api.w.org\/{rel}","templated":true}]}}