{"id":82240,"date":"2024-04-04T10:04:55","date_gmt":"2024-04-04T09:04:55","guid":{"rendered":"https:\/\/motorpor.pt\/foi-apresentado-o-automovel-do-segmento-b-para-ser-vivido-novo-renault-captur\/"},"modified":"2024-04-04T11:20:17","modified_gmt":"2024-04-04T10:20:17","slug":"foi-apresentado-o-automovel-do-segmento-b-para-ser-vivido-novo-renault-captur","status":"publish","type":"post","link":"https:\/\/motorpor.pt\/en\/foi-apresentado-o-automovel-do-segmento-b-para-ser-vivido-novo-renault-captur\/","title":{"rendered":"Apresentado o autom\u00f3vel do segmento B para ser vivido: Novo Renault Captur"},"content":{"rendered":"<h5>A Renault apresentou um novo ve\u00edculo do segmento B: Renault Captur, o autom\u00f3vel para ser vivido.<\/h5>\n<p>O Novo Renault Captur \u00e9 vers\u00e1til e polivalente, simultaneamente compacto no exterior e espa\u00e7oso no interior. Esta \u00e9 uma viatura que se adapta \u00e0s diferentes utiliza\u00e7\u00f5es dos clientes bem como \u00e0 experi\u00eancia de conduzir na cidade ou fora dela. A sua posi\u00e7\u00e3o de condu\u00e7\u00e3o elevada \u00e9 apreciada pelos clientes, permitindo um acesso f\u00e1cil ao autom\u00f3vel e uma boa visibilidade da estrada.<\/p>\n<p>A nova viatura da marca mant\u00e9m a versatilidade, a carro\u00e7aria bicolor e o generoso espa\u00e7o interior, bem como uma gama de equipamentos engenhosos e de alta tecnologia. A nova gera\u00e7\u00e3o do Captur ganha tamb\u00e9m, uma s\u00e9rie de novas funcionalidades. Mais expressivo por dentro e por fora, com o novo n\u00edvel de equipamento Esprit Alpine, o estilo do Novo Captur oferece um toque \u00fanico de eleg\u00e2ncia e esp\u00edrito desportivo.<\/p>\n<p>&#8220;Mantendo os pontos fortes que o tornaram um sucesso at\u00e9 \u00e0 data, o Novo Captur afirma a sua personalidade com novas propor\u00e7\u00f5es, mais atl\u00e9ticas e din\u00e2micas. A frente horizontal, completamente redesenhada, \u00e9 simultaneamente gr\u00e1fica e tecnol\u00f3gica, conferindo-lhe uma forte identidade estil\u00edstica.&#8221; Informa Paula Fabregat, Diretora de Projetos de Design na Renault.<\/p>\n<div id='gallery-1' class='gallery galleryid-82240 gallery-columns-3 gallery-size-full'><figure class='gallery-item'>\n\t\t\t<div class='gallery-icon landscape'>\n\t\t\t\t<a href='https:\/\/motorpor.pt\/en\/novo-renault-captur_3\/'><img fetchpriority=\"high\" decoding=\"async\" width=\"2560\" height=\"1703\" src=\"https:\/\/motorpor.pt\/wp-content\/uploads\/2024\/04\/Novo-Renault-Captur_3-scaled.jpg\" class=\"attachment-full size-full\" alt=\"\" srcset=\"https:\/\/motorpor.pt\/wp-content\/uploads\/2024\/04\/Novo-Renault-Captur_3-scaled.jpg 2560w, https:\/\/motorpor.pt\/wp-content\/uploads\/2024\/04\/Novo-Renault-Captur_3-300x200.jpg 300w, https:\/\/motorpor.pt\/wp-content\/uploads\/2024\/04\/Novo-Renault-Captur_3-1024x681.jpg 1024w, https:\/\/motorpor.pt\/wp-content\/uploads\/2024\/04\/Novo-Renault-Captur_3-768x511.jpg 768w, https:\/\/motorpor.pt\/wp-content\/uploads\/2024\/04\/Novo-Renault-Captur_3-1536x1022.jpg 1536w, https:\/\/motorpor.pt\/wp-content\/uploads\/2024\/04\/Novo-Renault-Captur_3-2048x1362.jpg 2048w, https:\/\/motorpor.pt\/wp-content\/uploads\/2024\/04\/Novo-Renault-Captur_3-18x12.jpg 18w, https:\/\/motorpor.pt\/wp-content\/uploads\/2024\/04\/Novo-Renault-Captur_3-165x110.jpg 165w\" sizes=\"(max-width: 2560px) 100vw, 2560px\" \/><\/a>\n\t\t\t<\/div><\/figure><figure class='gallery-item'>\n\t\t\t<div class='gallery-icon landscape'>\n\t\t\t\t<a href='https:\/\/motorpor.pt\/en\/novo-renault-captur_1\/'><img decoding=\"async\" width=\"2560\" height=\"1704\" src=\"https:\/\/motorpor.pt\/wp-content\/uploads\/2024\/04\/Novo-Renault-Captur_1-scaled.jpg\" class=\"attachment-full size-full\" alt=\"\" srcset=\"https:\/\/motorpor.pt\/wp-content\/uploads\/2024\/04\/Novo-Renault-Captur_1-scaled.jpg 2560w, https:\/\/motorpor.pt\/wp-content\/uploads\/2024\/04\/Novo-Renault-Captur_1-300x200.jpg 300w, https:\/\/motorpor.pt\/wp-content\/uploads\/2024\/04\/Novo-Renault-Captur_1-1024x682.jpg 1024w, https:\/\/motorpor.pt\/wp-content\/uploads\/2024\/04\/Novo-Renault-Captur_1-768x511.jpg 768w, https:\/\/motorpor.pt\/wp-content\/uploads\/2024\/04\/Novo-Renault-Captur_1-1536x1022.jpg 1536w, https:\/\/motorpor.pt\/wp-content\/uploads\/2024\/04\/Novo-Renault-Captur_1-2048x1363.jpg 2048w, https:\/\/motorpor.pt\/wp-content\/uploads\/2024\/04\/Novo-Renault-Captur_1-18x12.jpg 18w, https:\/\/motorpor.pt\/wp-content\/uploads\/2024\/04\/Novo-Renault-Captur_1-165x110.jpg 165w\" sizes=\"(max-width: 2560px) 100vw, 2560px\" \/><\/a>\n\t\t\t<\/div><\/figure><figure class='gallery-item'>\n\t\t\t<div class='gallery-icon landscape'>\n\t\t\t\t<a href='https:\/\/motorpor.pt\/en\/novo-renault-captur_2\/'><img decoding=\"async\" width=\"2560\" height=\"1709\" src=\"https:\/\/motorpor.pt\/wp-content\/uploads\/2024\/04\/Novo-Renault-Captur_2-scaled.jpg\" class=\"attachment-full size-full\" alt=\"\" srcset=\"https:\/\/motorpor.pt\/wp-content\/uploads\/2024\/04\/Novo-Renault-Captur_2-scaled.jpg 2560w, https:\/\/motorpor.pt\/wp-content\/uploads\/2024\/04\/Novo-Renault-Captur_2-300x200.jpg 300w, https:\/\/motorpor.pt\/wp-content\/uploads\/2024\/04\/Novo-Renault-Captur_2-1024x684.jpg 1024w, https:\/\/motorpor.pt\/wp-content\/uploads\/2024\/04\/Novo-Renault-Captur_2-768x513.jpg 768w, https:\/\/motorpor.pt\/wp-content\/uploads\/2024\/04\/Novo-Renault-Captur_2-1536x1025.jpg 1536w, https:\/\/motorpor.pt\/wp-content\/uploads\/2024\/04\/Novo-Renault-Captur_2-2048x1367.jpg 2048w, https:\/\/motorpor.pt\/wp-content\/uploads\/2024\/04\/Novo-Renault-Captur_2-18x12.jpg 18w, https:\/\/motorpor.pt\/wp-content\/uploads\/2024\/04\/Novo-Renault-Captur_2-165x110.jpg 165w\" sizes=\"(max-width: 2560px) 100vw, 2560px\" \/><\/a>\n\t\t\t<\/div><\/figure>\n\t\t<\/div>\n\n<p>Todas estas qualidades explicam o sucesso de um autom\u00f3vel que, desde que foi lan\u00e7ado h\u00e1 dez anos, j\u00e1 vendeu mais de dois milh\u00f5es de unidades, em 90 pa\u00edses do mundo. &#8220;<em>Na sequ\u00eancia do seu sucesso, com mais de 2 milh\u00f5es de unidades vendidas, o Captur continua a distinguir-se da concorr\u00eancia. Est\u00e1 ainda mais em sintonia com os tempos que correm, com um novo design mais assertivo, um motor E-Tech full hybrid e o sistema OpenR Link com Google integrado. Todas estas tecnologias s\u00e3o \u00fateis e est\u00e3o a ser reconhecidas pelos nossos clientes.<\/em>&#8221; Avan\u00e7a Fabrice Cambolive, CEO da marca Renault.<\/p>\n<p><img loading=\"lazy\" decoding=\"async\" class=\"alignnone size-full wp-image-82237\" src=\"https:\/\/motorpor.pt\/wp-content\/uploads\/2024\/04\/Novo-Renault-Captur_4-scaled.jpg\" alt=\"\" width=\"2560\" height=\"1443\" srcset=\"https:\/\/motorpor.pt\/wp-content\/uploads\/2024\/04\/Novo-Renault-Captur_4-scaled.jpg 2560w, https:\/\/motorpor.pt\/wp-content\/uploads\/2024\/04\/Novo-Renault-Captur_4-300x169.jpg 300w, https:\/\/motorpor.pt\/wp-content\/uploads\/2024\/04\/Novo-Renault-Captur_4-1024x577.jpg 1024w, https:\/\/motorpor.pt\/wp-content\/uploads\/2024\/04\/Novo-Renault-Captur_4-768x433.jpg 768w, https:\/\/motorpor.pt\/wp-content\/uploads\/2024\/04\/Novo-Renault-Captur_4-1536x866.jpg 1536w, https:\/\/motorpor.pt\/wp-content\/uploads\/2024\/04\/Novo-Renault-Captur_4-2048x1154.jpg 2048w, https:\/\/motorpor.pt\/wp-content\/uploads\/2024\/04\/Novo-Renault-Captur_4-18x10.jpg 18w, https:\/\/motorpor.pt\/wp-content\/uploads\/2024\/04\/Novo-Renault-Captur_4-167x93.jpg 167w, https:\/\/motorpor.pt\/wp-content\/uploads\/2024\/04\/Novo-Renault-Captur_4-165x93.jpg 165w\" sizes=\"(max-width: 2560px) 100vw, 2560px\" \/><\/p>\n<p>Em Portugal, o Novo Renault Captur vai estar dispon\u00edvel com uma gama de quatro motoriza\u00e7\u00f5es, entre as quais a op\u00e7\u00e3o E-Tech full hybrid de 145 cv. Consoante a vers\u00e3o, o sistema Extended Grip otimiza a tra\u00e7\u00e3o em todas as condi\u00e7\u00f5es de condu\u00e7\u00e3o. Conhe\u00e7a as <a href=\"https:\/\/motorpor.pt\/en\/novos\/renault\/\">viaturas Renault dispon\u00edveis<\/a> no nosso site.<\/p>","protected":false},"excerpt":{"rendered":"<p>A Renault apresentou um novo ve\u00edculo do segmento B: Renault Captur, o autom\u00f3vel para ser vivido. O Novo Renault Captur \u00e9 vers\u00e1til e polivalente, simultaneamente compacto no exterior e espa\u00e7oso no interior. Esta \u00e9 uma viatura que se adapta \u00e0s diferentes utiliza\u00e7\u00f5es dos clientes bem como \u00e0 experi\u00eancia de conduzir na cidade ou fora dela. [&hellip;]<\/p>\n","protected":false},"author":85,"featured_media":82235,"comment_status":"closed","ping_status":"open","sticky":false,"template":"","format":"standard","meta":{"_acf_changed":false,"footnotes":""},"categories":[2595,2594,2592],"tags":[],"class_list":["post-82240","post","type-post","status-publish","format-standard","has-post-thumbnail","hentry","category-atualidade","category-destaques","category-noticias"],"acf":[],"yoast_head":"<!-- This site is optimized with the Yoast SEO plugin v27.5 - https:\/\/yoast.com\/product\/yoast-seo-wordpress\/ -->\n<title>Apresentado o autom\u00f3vel do segmento B para ser vivido: Novo Renault Captur - Motorpor<\/title>\n<meta name=\"robots\" content=\"index, follow, max-snippet:-1, max-image-preview:large, max-video-preview:-1\" \/>\n<link rel=\"canonical\" href=\"https:\/\/motorpor.pt\/en\/foi-apresentado-o-automovel-do-segmento-b-para-ser-vivido-novo-renault-captur\/\" \/>\n<meta property=\"og:locale\" content=\"en_US\" \/>\n<meta property=\"og:type\" content=\"article\" \/>\n<meta property=\"og:title\" content=\"Apresentado o autom\u00f3vel do segmento B para ser vivido: Novo Renault Captur - Motorpor\" \/>\n<meta property=\"og:description\" content=\"A Renault apresentou um novo ve\u00edculo do segmento B: Renault Captur, o autom\u00f3vel para ser vivido. O Novo Renault Captur \u00e9 vers\u00e1til e polivalente, simultaneamente compacto no exterior e espa\u00e7oso no interior. Esta \u00e9 uma viatura que se adapta \u00e0s diferentes utiliza\u00e7\u00f5es dos clientes bem como \u00e0 experi\u00eancia de conduzir na cidade ou fora dela. [&hellip;]\" \/>\n<meta property=\"og:url\" content=\"https:\/\/motorpor.pt\/en\/foi-apresentado-o-automovel-do-segmento-b-para-ser-vivido-novo-renault-captur\/\" \/>\n<meta property=\"og:site_name\" content=\"Motorpor\" \/>\n<meta property=\"article:published_time\" content=\"2024-04-04T09:04:55+00:00\" \/>\n<meta property=\"article:modified_time\" content=\"2024-04-04T10:20:17+00:00\" \/>\n<meta property=\"og:image\" content=\"https:\/\/motorpor.pt\/wp-content\/uploads\/2024\/04\/Novo-Renault-Captur-scaled-1.jpg\" \/>\n\t<meta property=\"og:image:width\" content=\"2560\" \/>\n\t<meta property=\"og:image:height\" content=\"1446\" \/>\n\t<meta property=\"og:image:type\" content=\"image\/jpeg\" \/>\n<meta name=\"author\" content=\"mktmotorpor\" \/>\n<meta name=\"twitter:card\" content=\"summary_large_image\" \/>\n<meta name=\"twitter:label1\" content=\"Written by\" \/>\n\t<meta name=\"twitter:data1\" content=\"mktmotorpor\" \/>\n\t<meta name=\"twitter:label2\" content=\"Est. reading time\" \/>\n\t<meta name=\"twitter:data2\" content=\"2 minutes\" \/>\n<script type=\"application\/ld+json\" class=\"yoast-schema-graph\">{\"@context\":\"https:\\\/\\\/schema.org\",\"@graph\":[{\"@type\":\"Article\",\"@id\":\"https:\\\/\\\/motorpor.pt\\\/foi-apresentado-o-automovel-do-segmento-b-para-ser-vivido-novo-renault-captur\\\/#article\",\"isPartOf\":{\"@id\":\"https:\\\/\\\/motorpor.pt\\\/foi-apresentado-o-automovel-do-segmento-b-para-ser-vivido-novo-renault-captur\\\/\"},\"author\":{\"name\":\"mktmotorpor\",\"@id\":\"https:\\\/\\\/motorpor.pt\\\/#\\\/schema\\\/person\\\/b4bf07144e88efed7388a5af30522db7\"},\"headline\":\"Apresentado o autom\u00f3vel do segmento B para ser vivido: Novo Renault Captur\",\"datePublished\":\"2024-04-04T09:04:55+00:00\",\"dateModified\":\"2024-04-04T10:20:17+00:00\",\"mainEntityOfPage\":{\"@id\":\"https:\\\/\\\/motorpor.pt\\\/foi-apresentado-o-automovel-do-segmento-b-para-ser-vivido-novo-renault-captur\\\/\"},\"wordCount\":397,\"publisher\":{\"@id\":\"https:\\\/\\\/motorpor.pt\\\/#organization\"},\"image\":{\"@id\":\"https:\\\/\\\/motorpor.pt\\\/foi-apresentado-o-automovel-do-segmento-b-para-ser-vivido-novo-renault-captur\\\/#primaryimage\"},\"thumbnailUrl\":\"https:\\\/\\\/motorpor.pt\\\/wp-content\\\/uploads\\\/2024\\\/04\\\/Novo-Renault-Captur-scaled-1.jpg\",\"articleSection\":[\"Atualidade\",\"Destaques\",\"Not\u00edcias\"],\"inLanguage\":\"en-US\"},{\"@type\":\"WebPage\",\"@id\":\"https:\\\/\\\/motorpor.pt\\\/foi-apresentado-o-automovel-do-segmento-b-para-ser-vivido-novo-renault-captur\\\/\",\"url\":\"https:\\\/\\\/motorpor.pt\\\/foi-apresentado-o-automovel-do-segmento-b-para-ser-vivido-novo-renault-captur\\\/\",\"name\":\"Apresentado o autom\u00f3vel do segmento B para ser vivido: Novo Renault Captur - Motorpor\",\"isPartOf\":{\"@id\":\"https:\\\/\\\/motorpor.pt\\\/#website\"},\"primaryImageOfPage\":{\"@id\":\"https:\\\/\\\/motorpor.pt\\\/foi-apresentado-o-automovel-do-segmento-b-para-ser-vivido-novo-renault-captur\\\/#primaryimage\"},\"image\":{\"@id\":\"https:\\\/\\\/motorpor.pt\\\/foi-apresentado-o-automovel-do-segmento-b-para-ser-vivido-novo-renault-captur\\\/#primaryimage\"},\"thumbnailUrl\":\"https:\\\/\\\/motorpor.pt\\\/wp-content\\\/uploads\\\/2024\\\/04\\\/Novo-Renault-Captur-scaled-1.jpg\",\"datePublished\":\"2024-04-04T09:04:55+00:00\",\"dateModified\":\"2024-04-04T10:20:17+00:00\",\"breadcrumb\":{\"@id\":\"https:\\\/\\\/motorpor.pt\\\/foi-apresentado-o-automovel-do-segmento-b-para-ser-vivido-novo-renault-captur\\\/#breadcrumb\"},\"inLanguage\":\"en-US\",\"potentialAction\":[{\"@type\":\"ReadAction\",\"target\":[\"https:\\\/\\\/motorpor.pt\\\/foi-apresentado-o-automovel-do-segmento-b-para-ser-vivido-novo-renault-captur\\\/\"]}]},{\"@type\":\"ImageObject\",\"inLanguage\":\"en-US\",\"@id\":\"https:\\\/\\\/motorpor.pt\\\/foi-apresentado-o-automovel-do-segmento-b-para-ser-vivido-novo-renault-captur\\\/#primaryimage\",\"url\":\"https:\\\/\\\/motorpor.pt\\\/wp-content\\\/uploads\\\/2024\\\/04\\\/Novo-Renault-Captur-scaled-1.jpg\",\"contentUrl\":\"https:\\\/\\\/motorpor.pt\\\/wp-content\\\/uploads\\\/2024\\\/04\\\/Novo-Renault-Captur-scaled-1.jpg\",\"width\":2560,\"height\":1446},{\"@type\":\"BreadcrumbList\",\"@id\":\"https:\\\/\\\/motorpor.pt\\\/foi-apresentado-o-automovel-do-segmento-b-para-ser-vivido-novo-renault-captur\\\/#breadcrumb\",\"itemListElement\":[{\"@type\":\"ListItem\",\"position\":1,\"name\":\"In\u00edcio\",\"item\":\"https:\\\/\\\/motorpor.pt\\\/\"},{\"@type\":\"ListItem\",\"position\":2,\"name\":\"Apresentado o autom\u00f3vel do segmento B para ser vivido: Novo Renault Captur\"}]},{\"@type\":\"WebSite\",\"@id\":\"https:\\\/\\\/motorpor.pt\\\/#website\",\"url\":\"https:\\\/\\\/motorpor.pt\\\/\",\"name\":\"Motorpor\",\"description\":\"Comercio de Autom\u00f3veis Multimarcas\",\"publisher\":{\"@id\":\"https:\\\/\\\/motorpor.pt\\\/#organization\"},\"potentialAction\":[{\"@type\":\"SearchAction\",\"target\":{\"@type\":\"EntryPoint\",\"urlTemplate\":\"https:\\\/\\\/motorpor.pt\\\/?s={search_term_string}\"},\"query-input\":{\"@type\":\"PropertyValueSpecification\",\"valueRequired\":true,\"valueName\":\"search_term_string\"}}],\"inLanguage\":\"en-US\"},{\"@type\":\"Organization\",\"@id\":\"https:\\\/\\\/motorpor.pt\\\/#organization\",\"name\":\"Motorpor\",\"alternateName\":\"Motorpor\",\"url\":\"https:\\\/\\\/motorpor.pt\\\/\",\"logo\":{\"@type\":\"ImageObject\",\"inLanguage\":\"en-US\",\"@id\":\"https:\\\/\\\/motorpor.pt\\\/#\\\/schema\\\/logo\\\/image\\\/\",\"url\":\"https:\\\/\\\/motorpor.pt\\\/wp-content\\\/uploads\\\/2024\\\/07\\\/Logo-Motorpor-Preto.svg\",\"contentUrl\":\"https:\\\/\\\/motorpor.pt\\\/wp-content\\\/uploads\\\/2024\\\/07\\\/Logo-Motorpor-Preto.svg\",\"width\":493,\"height\":93,\"caption\":\"Motorpor\"},\"image\":{\"@id\":\"https:\\\/\\\/motorpor.pt\\\/#\\\/schema\\\/logo\\\/image\\\/\"},\"sameAs\":[\"https:\\\/\\\/www.linkedin.com\\\/company\\\/grupo-motorpor\"]},{\"@type\":\"Person\",\"@id\":\"https:\\\/\\\/motorpor.pt\\\/#\\\/schema\\\/person\\\/b4bf07144e88efed7388a5af30522db7\",\"name\":\"mktmotorpor\",\"image\":{\"@type\":\"ImageObject\",\"inLanguage\":\"en-US\",\"@id\":\"https:\\\/\\\/secure.gravatar.com\\\/avatar\\\/8418b61b3175dbba0a8744cf0ee6bb5c7a9f6c67f1dbc4f41a62d7b9738259a2?s=96&d=mm&r=g\",\"url\":\"https:\\\/\\\/secure.gravatar.com\\\/avatar\\\/8418b61b3175dbba0a8744cf0ee6bb5c7a9f6c67f1dbc4f41a62d7b9738259a2?s=96&d=mm&r=g\",\"contentUrl\":\"https:\\\/\\\/secure.gravatar.com\\\/avatar\\\/8418b61b3175dbba0a8744cf0ee6bb5c7a9f6c67f1dbc4f41a62d7b9738259a2?s=96&d=mm&r=g\",\"caption\":\"mktmotorpor\"},\"url\":\"https:\\\/\\\/motorpor.pt\\\/en\\\/user\\\/mktmotorpor\\\/\"}]}<\/script>\n<!-- \/ Yoast SEO plugin. -->","yoast_head_json":{"title":"Apresentado o autom\u00f3vel do segmento B para ser vivido: Novo Renault Captur - Motorpor","robots":{"index":"index","follow":"follow","max-snippet":"max-snippet:-1","max-image-preview":"max-image-preview:large","max-video-preview":"max-video-preview:-1"},"canonical":"https:\/\/motorpor.pt\/en\/foi-apresentado-o-automovel-do-segmento-b-para-ser-vivido-novo-renault-captur\/","og_locale":"en_US","og_type":"article","og_title":"Apresentado o autom\u00f3vel do segmento B para ser vivido: Novo Renault Captur - Motorpor","og_description":"A Renault apresentou um novo ve\u00edculo do segmento B: Renault Captur, o autom\u00f3vel para ser vivido. O Novo Renault Captur \u00e9 vers\u00e1til e polivalente, simultaneamente compacto no exterior e espa\u00e7oso no interior. Esta \u00e9 uma viatura que se adapta \u00e0s diferentes utiliza\u00e7\u00f5es dos clientes bem como \u00e0 experi\u00eancia de conduzir na cidade ou fora dela. [&hellip;]","og_url":"https:\/\/motorpor.pt\/en\/foi-apresentado-o-automovel-do-segmento-b-para-ser-vivido-novo-renault-captur\/","og_site_name":"Motorpor","article_published_time":"2024-04-04T09:04:55+00:00","article_modified_time":"2024-04-04T10:20:17+00:00","og_image":[{"width":2560,"height":1446,"url":"https:\/\/motorpor.pt\/wp-content\/uploads\/2024\/04\/Novo-Renault-Captur-scaled-1.jpg","type":"image\/jpeg"}],"author":"mktmotorpor","twitter_card":"summary_large_image","twitter_misc":{"Written by":"mktmotorpor","Est. reading time":"2 minutes"},"schema":{"@context":"https:\/\/schema.org","@graph":[{"@type":"Article","@id":"https:\/\/motorpor.pt\/foi-apresentado-o-automovel-do-segmento-b-para-ser-vivido-novo-renault-captur\/#article","isPartOf":{"@id":"https:\/\/motorpor.pt\/foi-apresentado-o-automovel-do-segmento-b-para-ser-vivido-novo-renault-captur\/"},"author":{"name":"mktmotorpor","@id":"https:\/\/motorpor.pt\/#\/schema\/person\/b4bf07144e88efed7388a5af30522db7"},"headline":"Apresentado o autom\u00f3vel do segmento B para ser vivido: Novo Renault Captur","datePublished":"2024-04-04T09:04:55+00:00","dateModified":"2024-04-04T10:20:17+00:00","mainEntityOfPage":{"@id":"https:\/\/motorpor.pt\/foi-apresentado-o-automovel-do-segmento-b-para-ser-vivido-novo-renault-captur\/"},"wordCount":397,"publisher":{"@id":"https:\/\/motorpor.pt\/#organization"},"image":{"@id":"https:\/\/motorpor.pt\/foi-apresentado-o-automovel-do-segmento-b-para-ser-vivido-novo-renault-captur\/#primaryimage"},"thumbnailUrl":"https:\/\/motorpor.pt\/wp-content\/uploads\/2024\/04\/Novo-Renault-Captur-scaled-1.jpg","articleSection":["Atualidade","Destaques","Not\u00edcias"],"inLanguage":"en-US"},{"@type":"WebPage","@id":"https:\/\/motorpor.pt\/foi-apresentado-o-automovel-do-segmento-b-para-ser-vivido-novo-renault-captur\/","url":"https:\/\/motorpor.pt\/foi-apresentado-o-automovel-do-segmento-b-para-ser-vivido-novo-renault-captur\/","name":"Apresentado o autom\u00f3vel do segmento B para ser vivido: Novo Renault Captur - Motorpor","isPartOf":{"@id":"https:\/\/motorpor.pt\/#website"},"primaryImageOfPage":{"@id":"https:\/\/motorpor.pt\/foi-apresentado-o-automovel-do-segmento-b-para-ser-vivido-novo-renault-captur\/#primaryimage"},"image":{"@id":"https:\/\/motorpor.pt\/foi-apresentado-o-automovel-do-segmento-b-para-ser-vivido-novo-renault-captur\/#primaryimage"},"thumbnailUrl":"https:\/\/motorpor.pt\/wp-content\/uploads\/2024\/04\/Novo-Renault-Captur-scaled-1.jpg","datePublished":"2024-04-04T09:04:55+00:00","dateModified":"2024-04-04T10:20:17+00:00","breadcrumb":{"@id":"https:\/\/motorpor.pt\/foi-apresentado-o-automovel-do-segmento-b-para-ser-vivido-novo-renault-captur\/#breadcrumb"},"inLanguage":"en-US","potentialAction":[{"@type":"ReadAction","target":["https:\/\/motorpor.pt\/foi-apresentado-o-automovel-do-segmento-b-para-ser-vivido-novo-renault-captur\/"]}]},{"@type":"ImageObject","inLanguage":"en-US","@id":"https:\/\/motorpor.pt\/foi-apresentado-o-automovel-do-segmento-b-para-ser-vivido-novo-renault-captur\/#primaryimage","url":"https:\/\/motorpor.pt\/wp-content\/uploads\/2024\/04\/Novo-Renault-Captur-scaled-1.jpg","contentUrl":"https:\/\/motorpor.pt\/wp-content\/uploads\/2024\/04\/Novo-Renault-Captur-scaled-1.jpg","width":2560,"height":1446},{"@type":"BreadcrumbList","@id":"https:\/\/motorpor.pt\/foi-apresentado-o-automovel-do-segmento-b-para-ser-vivido-novo-renault-captur\/#breadcrumb","itemListElement":[{"@type":"ListItem","position":1,"name":"In\u00edcio","item":"https:\/\/motorpor.pt\/"},{"@type":"ListItem","position":2,"name":"Apresentado o autom\u00f3vel do segmento B para ser vivido: Novo Renault Captur"}]},{"@type":"WebSite","@id":"https:\/\/motorpor.pt\/#website","url":"https:\/\/motorpor.pt\/","name":"motorpor","description":"Comercio de Autom\u00f3veis Multimarcas","publisher":{"@id":"https:\/\/motorpor.pt\/#organization"},"potentialAction":[{"@type":"SearchAction","target":{"@type":"EntryPoint","urlTemplate":"https:\/\/motorpor.pt\/?s={search_term_string}"},"query-input":{"@type":"PropertyValueSpecification","valueRequired":true,"valueName":"search_term_string"}}],"inLanguage":"en-US"},{"@type":"Organization","@id":"https:\/\/motorpor.pt\/#organization","name":"motorpor","alternateName":"Motorpor","url":"https:\/\/motorpor.pt\/","logo":{"@type":"ImageObject","inLanguage":"en-US","@id":"https:\/\/motorpor.pt\/#\/schema\/logo\/image\/","url":"https:\/\/motorpor.pt\/wp-content\/uploads\/2024\/07\/Logo-Motorpor-Preto.svg","contentUrl":"https:\/\/motorpor.pt\/wp-content\/uploads\/2024\/07\/Logo-Motorpor-Preto.svg","width":493,"height":93,"caption":"Motorpor"},"image":{"@id":"https:\/\/motorpor.pt\/#\/schema\/logo\/image\/"},"sameAs":["https:\/\/www.linkedin.com\/company\/grupo-motorpor"]},{"@type":"Person","@id":"https:\/\/motorpor.pt\/#\/schema\/person\/b4bf07144e88efed7388a5af30522db7","name":"mktmotorpor","image":{"@type":"ImageObject","inLanguage":"en-US","@id":"https:\/\/secure.gravatar.com\/avatar\/8418b61b3175dbba0a8744cf0ee6bb5c7a9f6c67f1dbc4f41a62d7b9738259a2?s=96&d=mm&r=g","url":"https:\/\/secure.gravatar.com\/avatar\/8418b61b3175dbba0a8744cf0ee6bb5c7a9f6c67f1dbc4f41a62d7b9738259a2?s=96&d=mm&r=g","contentUrl":"https:\/\/secure.gravatar.com\/avatar\/8418b61b3175dbba0a8744cf0ee6bb5c7a9f6c67f1dbc4f41a62d7b9738259a2?s=96&d=mm&r=g","caption":"mktmotorpor"},"url":"https:\/\/motorpor.pt\/en\/user\/mktmotorpor\/"}]}},"_links":{"self":[{"href":"https:\/\/motorpor.pt\/en\/wp-json\/wp\/v2\/posts\/82240","targetHints":{"allow":["GET"]}}],"collection":[{"href":"https:\/\/motorpor.pt\/en\/wp-json\/wp\/v2\/posts"}],"about":[{"href":"https:\/\/motorpor.pt\/en\/wp-json\/wp\/v2\/types\/post"}],"author":[{"embeddable":true,"href":"https:\/\/motorpor.pt\/en\/wp-json\/wp\/v2\/users\/85"}],"replies":[{"embeddable":true,"href":"https:\/\/motorpor.pt\/en\/wp-json\/wp\/v2\/comments?post=82240"}],"version-history":[{"count":3,"href":"https:\/\/motorpor.pt\/en\/wp-json\/wp\/v2\/posts\/82240\/revisions"}],"predecessor-version":[{"id":82243,"href":"https:\/\/motorpor.pt\/en\/wp-json\/wp\/v2\/posts\/82240\/revisions\/82243"}],"wp:featuredmedia":[{"embeddable":true,"href":"https:\/\/motorpor.pt\/en\/wp-json\/wp\/v2\/media\/82235"}],"wp:attachment":[{"href":"https:\/\/motorpor.pt\/en\/wp-json\/wp\/v2\/media?parent=82240"}],"wp:term":[{"taxonomy":"category","embeddable":true,"href":"https:\/\/motorpor.pt\/en\/wp-json\/wp\/v2\/categories?post=82240"},{"taxonomy":"post_tag","embeddable":true,"href":"https:\/\/motorpor.pt\/en\/wp-json\/wp\/v2\/tags?post=82240"}],"curies":[{"name":"wp","href":"https:\/\/api.w.org\/{rel}","templated":true}]}}