{"id":82731,"date":"2024-04-15T14:47:42","date_gmt":"2024-04-15T13:47:42","guid":{"rendered":"https:\/\/motorpor.pt\/abarth-695-75-anniversario-e-a-estrela-principal-da-exposicao-heritage-hub\/"},"modified":"2024-07-17T14:36:36","modified_gmt":"2024-07-17T13:36:36","slug":"abarth-695-75-anniversario-e-a-estrela-principal-da-exposicao-heritage-hub","status":"publish","type":"post","link":"https:\/\/motorpor.pt\/en\/abarth-695-75-anniversario-e-a-estrela-principal-da-exposicao-heritage-hub\/","title":{"rendered":"Abarth 695 75\u00b0 Anniversario \u00e9 a estrela principal da exposi\u00e7\u00e3o Heritage Hub"},"content":{"rendered":"<h5>A nova edi\u00e7\u00e3o limitada 695 75\u00b0 Anniversario, \u00e9 a estrela da exposi\u00e7\u00e3o especial realizada no Heritage Hub, por ocasi\u00e3o do 75\u00ba anivers\u00e1rio da Abarth.<\/h5>\n<p>\u00a0<\/p>\n<p>Um dos mais recentes lan\u00e7amentos da marca, a nova edi\u00e7\u00e3o limitada\u00a0695 75\u00b0 Anniversario, com apenas 1.368 unidades dispon\u00edveis, pode ser vista na exposi\u00e7\u00e3o no Heritage Hub. Fruto da combina\u00e7\u00e3o de uma est\u00e9tica moderna e apelativa com caracter\u00edsticas mec\u00e2nicas e tecnol\u00f3gicas avan\u00e7adas e equipado com um potente motor 1.4 T-Jet, o Abarth 695 75\u00b0 Anniversario destaca-se entre os ve\u00edculos que fizeram a hist\u00f3ria da marca.<\/p>\n<p>Um dos destaques do novo lan\u00e7amento da Abarth \u00e9 a pintura totalmente preta, que contrasta de forma atraente com um log\u00f3tipo Abarth dourado que combina com o conjunto exclusivo de jantes de liga leve de 17 polegadas, igualmente douradas, para uma apar\u00eancia geral simples mas requintada. Quanto aos interiores, os bancos em carbono Sabelt e o painel de instrumentos e as inser\u00e7\u00f5es em Alcantara preto conferem ao autom\u00f3vel uma est\u00e9tica desportiva.<\/p>\n<p>\u00a0<\/p>\n<p><img fetchpriority=\"high\" decoding=\"async\" class=\"alignnone size-full wp-image-82729\" src=\"https:\/\/motorpor.pt\/wp-content\/uploads\/2024\/04\/Abarth75Anniversario-1-scaled.jpg\" alt=\"\" width=\"2560\" height=\"1705\" srcset=\"https:\/\/motorpor.pt\/wp-content\/uploads\/2024\/04\/Abarth75Anniversario-1-scaled.jpg 2560w, https:\/\/motorpor.pt\/wp-content\/uploads\/2024\/04\/Abarth75Anniversario-1-300x200.jpg 300w, https:\/\/motorpor.pt\/wp-content\/uploads\/2024\/04\/Abarth75Anniversario-1-1024x682.jpg 1024w, https:\/\/motorpor.pt\/wp-content\/uploads\/2024\/04\/Abarth75Anniversario-1-768x512.jpg 768w, https:\/\/motorpor.pt\/wp-content\/uploads\/2024\/04\/Abarth75Anniversario-1-1536x1023.jpg 1536w, https:\/\/motorpor.pt\/wp-content\/uploads\/2024\/04\/Abarth75Anniversario-1-2048x1364.jpg 2048w, https:\/\/motorpor.pt\/wp-content\/uploads\/2024\/04\/Abarth75Anniversario-1-18x12.jpg 18w, https:\/\/motorpor.pt\/wp-content\/uploads\/2024\/04\/Abarth75Anniversario-1-200x133.jpg 200w, https:\/\/motorpor.pt\/wp-content\/uploads\/2024\/04\/Abarth75Anniversario-1-165x110.jpg 165w\" sizes=\"(max-width: 2560px) 100vw, 2560px\" \/><\/p>\n<p>\u00a0<\/p>\n<p>A experi\u00eancia de condu\u00e7\u00e3o \u00e9 enriquecida por um elevado n\u00edvel de conetividade, resultante das funcionalidades Mopar Connect e das liga\u00e7\u00f5es Carplay e Android Auto. A viatura que conta com 1.368 c.c \u00e9 sobrealimentado com um turbocompressor Garret GT 1446, que permite uma pot\u00eancia de 180 CV e um bin\u00e1rio de 250 Nm \u00e0s 3.000 rpm, o motor oferece um excelente desempenho, garantindo uma acelera\u00e7\u00e3o dos 0 aos 100 km\/h em apenas 6,7 segundos e uma velocidade m\u00e1xima de 225 km\/h.<\/p>\n<p>Todos os detalhes da nova edi\u00e7\u00e3o limitada 695 75\u00b0 Anniversario podem ser apreciados, em Turim, na exposi\u00e7\u00e3o que celebra o 75\u00ba anivers\u00e1rio da Abarth. Conhe\u00e7a todas as <a href=\"https:\/\/motorpor.pt\/en\/novos\/abarth\/\">viaturas da marca dispon\u00edveis no nosso site<\/a>.<\/p>","protected":false},"excerpt":{"rendered":"<p>A nova edi\u00e7\u00e3o limitada 695 75\u00b0 Anniversario, \u00e9 a estrela da exposi\u00e7\u00e3o especial realizada no Heritage Hub, por ocasi\u00e3o do 75\u00ba anivers\u00e1rio da Abarth. \u00a0 Um dos mais recentes lan\u00e7amentos da marca, a nova edi\u00e7\u00e3o limitada\u00a0695 75\u00b0 Anniversario, com apenas 1.368 unidades dispon\u00edveis, pode ser vista na exposi\u00e7\u00e3o no Heritage Hub. Fruto da combina\u00e7\u00e3o de [&hellip;]<\/p>\n","protected":false},"author":85,"featured_media":82730,"comment_status":"closed","ping_status":"open","sticky":false,"template":"","format":"standard","meta":{"_acf_changed":false,"footnotes":""},"categories":[2595,2594,2592,3086],"tags":[],"class_list":["post-82731","post","type-post","status-publish","format-standard","has-post-thumbnail","hentry","category-atualidade","category-destaques","category-noticias","category-noticias-abarth"],"acf":[],"yoast_head":"<!-- This site is optimized with the Yoast SEO plugin v27.5 - https:\/\/yoast.com\/product\/yoast-seo-wordpress\/ -->\n<title>Abarth 695 75\u00b0 Anniversario \u00e9 a estrela principal da exposi\u00e7\u00e3o Heritage Hub - Motorpor<\/title>\n<meta name=\"robots\" content=\"index, follow, max-snippet:-1, max-image-preview:large, max-video-preview:-1\" \/>\n<link rel=\"canonical\" href=\"https:\/\/motorpor.pt\/en\/abarth-695-75-anniversario-e-a-estrela-principal-da-exposicao-heritage-hub\/\" \/>\n<meta property=\"og:locale\" content=\"en_US\" \/>\n<meta property=\"og:type\" content=\"article\" \/>\n<meta property=\"og:title\" content=\"Abarth 695 75\u00b0 Anniversario \u00e9 a estrela principal da exposi\u00e7\u00e3o Heritage Hub - Motorpor\" \/>\n<meta property=\"og:description\" content=\"A nova edi\u00e7\u00e3o limitada 695 75\u00b0 Anniversario, \u00e9 a estrela da exposi\u00e7\u00e3o especial realizada no Heritage Hub, por ocasi\u00e3o do 75\u00ba anivers\u00e1rio da Abarth. \u00a0 Um dos mais recentes lan\u00e7amentos da marca, a nova edi\u00e7\u00e3o limitada\u00a0695 75\u00b0 Anniversario, com apenas 1.368 unidades dispon\u00edveis, pode ser vista na exposi\u00e7\u00e3o no Heritage Hub. Fruto da combina\u00e7\u00e3o de [&hellip;]\" \/>\n<meta property=\"og:url\" content=\"https:\/\/motorpor.pt\/en\/abarth-695-75-anniversario-e-a-estrela-principal-da-exposicao-heritage-hub\/\" \/>\n<meta property=\"og:site_name\" content=\"Motorpor\" \/>\n<meta property=\"article:published_time\" content=\"2024-04-15T13:47:42+00:00\" \/>\n<meta property=\"article:modified_time\" content=\"2024-07-17T13:36:36+00:00\" \/>\n<meta property=\"og:image\" content=\"https:\/\/motorpor.pt\/wp-content\/uploads\/2024\/04\/Abarth75Anniversario-scaled-1.jpg\" \/>\n\t<meta property=\"og:image:width\" content=\"2560\" \/>\n\t<meta property=\"og:image:height\" content=\"1707\" \/>\n\t<meta property=\"og:image:type\" content=\"image\/jpeg\" \/>\n<meta name=\"author\" content=\"mktmotorpor\" \/>\n<meta name=\"twitter:card\" content=\"summary_large_image\" \/>\n<meta name=\"twitter:label1\" content=\"Written by\" \/>\n\t<meta name=\"twitter:data1\" content=\"mktmotorpor\" \/>\n\t<meta name=\"twitter:label2\" content=\"Est. reading time\" \/>\n\t<meta name=\"twitter:data2\" content=\"1 minute\" \/>\n<script type=\"application\/ld+json\" class=\"yoast-schema-graph\">{\"@context\":\"https:\\\/\\\/schema.org\",\"@graph\":[{\"@type\":\"Article\",\"@id\":\"https:\\\/\\\/motorpor.pt\\\/abarth-695-75-anniversario-e-a-estrela-principal-da-exposicao-heritage-hub\\\/#article\",\"isPartOf\":{\"@id\":\"https:\\\/\\\/motorpor.pt\\\/abarth-695-75-anniversario-e-a-estrela-principal-da-exposicao-heritage-hub\\\/\"},\"author\":{\"name\":\"mktmotorpor\",\"@id\":\"https:\\\/\\\/motorpor.pt\\\/#\\\/schema\\\/person\\\/b4bf07144e88efed7388a5af30522db7\"},\"headline\":\"Abarth 695 75\u00b0 Anniversario \u00e9 a estrela principal da exposi\u00e7\u00e3o Heritage Hub\",\"datePublished\":\"2024-04-15T13:47:42+00:00\",\"dateModified\":\"2024-07-17T13:36:36+00:00\",\"mainEntityOfPage\":{\"@id\":\"https:\\\/\\\/motorpor.pt\\\/abarth-695-75-anniversario-e-a-estrela-principal-da-exposicao-heritage-hub\\\/\"},\"wordCount\":296,\"publisher\":{\"@id\":\"https:\\\/\\\/motorpor.pt\\\/#organization\"},\"image\":{\"@id\":\"https:\\\/\\\/motorpor.pt\\\/abarth-695-75-anniversario-e-a-estrela-principal-da-exposicao-heritage-hub\\\/#primaryimage\"},\"thumbnailUrl\":\"https:\\\/\\\/motorpor.pt\\\/wp-content\\\/uploads\\\/2024\\\/04\\\/Abarth75Anniversario-scaled-1.jpg\",\"articleSection\":[\"Atualidade\",\"Destaques\",\"Not\u00edcias\",\"Not\u00edcias Abarth\"],\"inLanguage\":\"en-US\"},{\"@type\":\"WebPage\",\"@id\":\"https:\\\/\\\/motorpor.pt\\\/abarth-695-75-anniversario-e-a-estrela-principal-da-exposicao-heritage-hub\\\/\",\"url\":\"https:\\\/\\\/motorpor.pt\\\/abarth-695-75-anniversario-e-a-estrela-principal-da-exposicao-heritage-hub\\\/\",\"name\":\"Abarth 695 75\u00b0 Anniversario \u00e9 a estrela principal da exposi\u00e7\u00e3o Heritage Hub - Motorpor\",\"isPartOf\":{\"@id\":\"https:\\\/\\\/motorpor.pt\\\/#website\"},\"primaryImageOfPage\":{\"@id\":\"https:\\\/\\\/motorpor.pt\\\/abarth-695-75-anniversario-e-a-estrela-principal-da-exposicao-heritage-hub\\\/#primaryimage\"},\"image\":{\"@id\":\"https:\\\/\\\/motorpor.pt\\\/abarth-695-75-anniversario-e-a-estrela-principal-da-exposicao-heritage-hub\\\/#primaryimage\"},\"thumbnailUrl\":\"https:\\\/\\\/motorpor.pt\\\/wp-content\\\/uploads\\\/2024\\\/04\\\/Abarth75Anniversario-scaled-1.jpg\",\"datePublished\":\"2024-04-15T13:47:42+00:00\",\"dateModified\":\"2024-07-17T13:36:36+00:00\",\"breadcrumb\":{\"@id\":\"https:\\\/\\\/motorpor.pt\\\/abarth-695-75-anniversario-e-a-estrela-principal-da-exposicao-heritage-hub\\\/#breadcrumb\"},\"inLanguage\":\"en-US\",\"potentialAction\":[{\"@type\":\"ReadAction\",\"target\":[\"https:\\\/\\\/motorpor.pt\\\/abarth-695-75-anniversario-e-a-estrela-principal-da-exposicao-heritage-hub\\\/\"]}]},{\"@type\":\"ImageObject\",\"inLanguage\":\"en-US\",\"@id\":\"https:\\\/\\\/motorpor.pt\\\/abarth-695-75-anniversario-e-a-estrela-principal-da-exposicao-heritage-hub\\\/#primaryimage\",\"url\":\"https:\\\/\\\/motorpor.pt\\\/wp-content\\\/uploads\\\/2024\\\/04\\\/Abarth75Anniversario-scaled-1.jpg\",\"contentUrl\":\"https:\\\/\\\/motorpor.pt\\\/wp-content\\\/uploads\\\/2024\\\/04\\\/Abarth75Anniversario-scaled-1.jpg\",\"width\":2560,\"height\":1707},{\"@type\":\"BreadcrumbList\",\"@id\":\"https:\\\/\\\/motorpor.pt\\\/abarth-695-75-anniversario-e-a-estrela-principal-da-exposicao-heritage-hub\\\/#breadcrumb\",\"itemListElement\":[{\"@type\":\"ListItem\",\"position\":1,\"name\":\"In\u00edcio\",\"item\":\"https:\\\/\\\/motorpor.pt\\\/\"},{\"@type\":\"ListItem\",\"position\":2,\"name\":\"Abarth 695 75\u00b0 Anniversario \u00e9 a estrela principal da exposi\u00e7\u00e3o Heritage Hub\"}]},{\"@type\":\"WebSite\",\"@id\":\"https:\\\/\\\/motorpor.pt\\\/#website\",\"url\":\"https:\\\/\\\/motorpor.pt\\\/\",\"name\":\"Motorpor\",\"description\":\"Comercio de Autom\u00f3veis Multimarcas\",\"publisher\":{\"@id\":\"https:\\\/\\\/motorpor.pt\\\/#organization\"},\"potentialAction\":[{\"@type\":\"SearchAction\",\"target\":{\"@type\":\"EntryPoint\",\"urlTemplate\":\"https:\\\/\\\/motorpor.pt\\\/?s={search_term_string}\"},\"query-input\":{\"@type\":\"PropertyValueSpecification\",\"valueRequired\":true,\"valueName\":\"search_term_string\"}}],\"inLanguage\":\"en-US\"},{\"@type\":\"Organization\",\"@id\":\"https:\\\/\\\/motorpor.pt\\\/#organization\",\"name\":\"Motorpor\",\"alternateName\":\"Motorpor\",\"url\":\"https:\\\/\\\/motorpor.pt\\\/\",\"logo\":{\"@type\":\"ImageObject\",\"inLanguage\":\"en-US\",\"@id\":\"https:\\\/\\\/motorpor.pt\\\/#\\\/schema\\\/logo\\\/image\\\/\",\"url\":\"https:\\\/\\\/motorpor.pt\\\/wp-content\\\/uploads\\\/2024\\\/07\\\/Logo-Motorpor-Preto.svg\",\"contentUrl\":\"https:\\\/\\\/motorpor.pt\\\/wp-content\\\/uploads\\\/2024\\\/07\\\/Logo-Motorpor-Preto.svg\",\"width\":493,\"height\":93,\"caption\":\"Motorpor\"},\"image\":{\"@id\":\"https:\\\/\\\/motorpor.pt\\\/#\\\/schema\\\/logo\\\/image\\\/\"},\"sameAs\":[\"https:\\\/\\\/www.linkedin.com\\\/company\\\/grupo-motorpor\"]},{\"@type\":\"Person\",\"@id\":\"https:\\\/\\\/motorpor.pt\\\/#\\\/schema\\\/person\\\/b4bf07144e88efed7388a5af30522db7\",\"name\":\"mktmotorpor\",\"image\":{\"@type\":\"ImageObject\",\"inLanguage\":\"en-US\",\"@id\":\"https:\\\/\\\/secure.gravatar.com\\\/avatar\\\/8418b61b3175dbba0a8744cf0ee6bb5c7a9f6c67f1dbc4f41a62d7b9738259a2?s=96&d=mm&r=g\",\"url\":\"https:\\\/\\\/secure.gravatar.com\\\/avatar\\\/8418b61b3175dbba0a8744cf0ee6bb5c7a9f6c67f1dbc4f41a62d7b9738259a2?s=96&d=mm&r=g\",\"contentUrl\":\"https:\\\/\\\/secure.gravatar.com\\\/avatar\\\/8418b61b3175dbba0a8744cf0ee6bb5c7a9f6c67f1dbc4f41a62d7b9738259a2?s=96&d=mm&r=g\",\"caption\":\"mktmotorpor\"},\"url\":\"https:\\\/\\\/motorpor.pt\\\/en\\\/user\\\/mktmotorpor\\\/\"}]}<\/script>\n<!-- \/ Yoast SEO plugin. -->","yoast_head_json":{"title":"Abarth 695 75\u00b0 Anniversario \u00e9 a estrela principal da exposi\u00e7\u00e3o Heritage Hub - Motorpor","robots":{"index":"index","follow":"follow","max-snippet":"max-snippet:-1","max-image-preview":"max-image-preview:large","max-video-preview":"max-video-preview:-1"},"canonical":"https:\/\/motorpor.pt\/en\/abarth-695-75-anniversario-e-a-estrela-principal-da-exposicao-heritage-hub\/","og_locale":"en_US","og_type":"article","og_title":"Abarth 695 75\u00b0 Anniversario \u00e9 a estrela principal da exposi\u00e7\u00e3o Heritage Hub - Motorpor","og_description":"A nova edi\u00e7\u00e3o limitada 695 75\u00b0 Anniversario, \u00e9 a estrela da exposi\u00e7\u00e3o especial realizada no Heritage Hub, por ocasi\u00e3o do 75\u00ba anivers\u00e1rio da Abarth. \u00a0 Um dos mais recentes lan\u00e7amentos da marca, a nova edi\u00e7\u00e3o limitada\u00a0695 75\u00b0 Anniversario, com apenas 1.368 unidades dispon\u00edveis, pode ser vista na exposi\u00e7\u00e3o no Heritage Hub. Fruto da combina\u00e7\u00e3o de [&hellip;]","og_url":"https:\/\/motorpor.pt\/en\/abarth-695-75-anniversario-e-a-estrela-principal-da-exposicao-heritage-hub\/","og_site_name":"Motorpor","article_published_time":"2024-04-15T13:47:42+00:00","article_modified_time":"2024-07-17T13:36:36+00:00","og_image":[{"width":2560,"height":1707,"url":"https:\/\/motorpor.pt\/wp-content\/uploads\/2024\/04\/Abarth75Anniversario-scaled-1.jpg","type":"image\/jpeg"}],"author":"mktmotorpor","twitter_card":"summary_large_image","twitter_misc":{"Written by":"mktmotorpor","Est. reading time":"1 minute"},"schema":{"@context":"https:\/\/schema.org","@graph":[{"@type":"Article","@id":"https:\/\/motorpor.pt\/abarth-695-75-anniversario-e-a-estrela-principal-da-exposicao-heritage-hub\/#article","isPartOf":{"@id":"https:\/\/motorpor.pt\/abarth-695-75-anniversario-e-a-estrela-principal-da-exposicao-heritage-hub\/"},"author":{"name":"mktmotorpor","@id":"https:\/\/motorpor.pt\/#\/schema\/person\/b4bf07144e88efed7388a5af30522db7"},"headline":"Abarth 695 75\u00b0 Anniversario \u00e9 a estrela principal da exposi\u00e7\u00e3o Heritage Hub","datePublished":"2024-04-15T13:47:42+00:00","dateModified":"2024-07-17T13:36:36+00:00","mainEntityOfPage":{"@id":"https:\/\/motorpor.pt\/abarth-695-75-anniversario-e-a-estrela-principal-da-exposicao-heritage-hub\/"},"wordCount":296,"publisher":{"@id":"https:\/\/motorpor.pt\/#organization"},"image":{"@id":"https:\/\/motorpor.pt\/abarth-695-75-anniversario-e-a-estrela-principal-da-exposicao-heritage-hub\/#primaryimage"},"thumbnailUrl":"https:\/\/motorpor.pt\/wp-content\/uploads\/2024\/04\/Abarth75Anniversario-scaled-1.jpg","articleSection":["Atualidade","Destaques","Not\u00edcias","Not\u00edcias Abarth"],"inLanguage":"en-US"},{"@type":"WebPage","@id":"https:\/\/motorpor.pt\/abarth-695-75-anniversario-e-a-estrela-principal-da-exposicao-heritage-hub\/","url":"https:\/\/motorpor.pt\/abarth-695-75-anniversario-e-a-estrela-principal-da-exposicao-heritage-hub\/","name":"Abarth 695 75\u00b0 Anniversario \u00e9 a estrela principal da exposi\u00e7\u00e3o Heritage Hub - Motorpor","isPartOf":{"@id":"https:\/\/motorpor.pt\/#website"},"primaryImageOfPage":{"@id":"https:\/\/motorpor.pt\/abarth-695-75-anniversario-e-a-estrela-principal-da-exposicao-heritage-hub\/#primaryimage"},"image":{"@id":"https:\/\/motorpor.pt\/abarth-695-75-anniversario-e-a-estrela-principal-da-exposicao-heritage-hub\/#primaryimage"},"thumbnailUrl":"https:\/\/motorpor.pt\/wp-content\/uploads\/2024\/04\/Abarth75Anniversario-scaled-1.jpg","datePublished":"2024-04-15T13:47:42+00:00","dateModified":"2024-07-17T13:36:36+00:00","breadcrumb":{"@id":"https:\/\/motorpor.pt\/abarth-695-75-anniversario-e-a-estrela-principal-da-exposicao-heritage-hub\/#breadcrumb"},"inLanguage":"en-US","potentialAction":[{"@type":"ReadAction","target":["https:\/\/motorpor.pt\/abarth-695-75-anniversario-e-a-estrela-principal-da-exposicao-heritage-hub\/"]}]},{"@type":"ImageObject","inLanguage":"en-US","@id":"https:\/\/motorpor.pt\/abarth-695-75-anniversario-e-a-estrela-principal-da-exposicao-heritage-hub\/#primaryimage","url":"https:\/\/motorpor.pt\/wp-content\/uploads\/2024\/04\/Abarth75Anniversario-scaled-1.jpg","contentUrl":"https:\/\/motorpor.pt\/wp-content\/uploads\/2024\/04\/Abarth75Anniversario-scaled-1.jpg","width":2560,"height":1707},{"@type":"BreadcrumbList","@id":"https:\/\/motorpor.pt\/abarth-695-75-anniversario-e-a-estrela-principal-da-exposicao-heritage-hub\/#breadcrumb","itemListElement":[{"@type":"ListItem","position":1,"name":"In\u00edcio","item":"https:\/\/motorpor.pt\/"},{"@type":"ListItem","position":2,"name":"Abarth 695 75\u00b0 Anniversario \u00e9 a estrela principal da exposi\u00e7\u00e3o Heritage Hub"}]},{"@type":"WebSite","@id":"https:\/\/motorpor.pt\/#website","url":"https:\/\/motorpor.pt\/","name":"motorpor","description":"Comercio de Autom\u00f3veis Multimarcas","publisher":{"@id":"https:\/\/motorpor.pt\/#organization"},"potentialAction":[{"@type":"SearchAction","target":{"@type":"EntryPoint","urlTemplate":"https:\/\/motorpor.pt\/?s={search_term_string}"},"query-input":{"@type":"PropertyValueSpecification","valueRequired":true,"valueName":"search_term_string"}}],"inLanguage":"en-US"},{"@type":"Organization","@id":"https:\/\/motorpor.pt\/#organization","name":"motorpor","alternateName":"Motorpor","url":"https:\/\/motorpor.pt\/","logo":{"@type":"ImageObject","inLanguage":"en-US","@id":"https:\/\/motorpor.pt\/#\/schema\/logo\/image\/","url":"https:\/\/motorpor.pt\/wp-content\/uploads\/2024\/07\/Logo-Motorpor-Preto.svg","contentUrl":"https:\/\/motorpor.pt\/wp-content\/uploads\/2024\/07\/Logo-Motorpor-Preto.svg","width":493,"height":93,"caption":"Motorpor"},"image":{"@id":"https:\/\/motorpor.pt\/#\/schema\/logo\/image\/"},"sameAs":["https:\/\/www.linkedin.com\/company\/grupo-motorpor"]},{"@type":"Person","@id":"https:\/\/motorpor.pt\/#\/schema\/person\/b4bf07144e88efed7388a5af30522db7","name":"mktmotorpor","image":{"@type":"ImageObject","inLanguage":"en-US","@id":"https:\/\/secure.gravatar.com\/avatar\/8418b61b3175dbba0a8744cf0ee6bb5c7a9f6c67f1dbc4f41a62d7b9738259a2?s=96&d=mm&r=g","url":"https:\/\/secure.gravatar.com\/avatar\/8418b61b3175dbba0a8744cf0ee6bb5c7a9f6c67f1dbc4f41a62d7b9738259a2?s=96&d=mm&r=g","contentUrl":"https:\/\/secure.gravatar.com\/avatar\/8418b61b3175dbba0a8744cf0ee6bb5c7a9f6c67f1dbc4f41a62d7b9738259a2?s=96&d=mm&r=g","caption":"mktmotorpor"},"url":"https:\/\/motorpor.pt\/en\/user\/mktmotorpor\/"}]}},"_links":{"self":[{"href":"https:\/\/motorpor.pt\/en\/wp-json\/wp\/v2\/posts\/82731","targetHints":{"allow":["GET"]}}],"collection":[{"href":"https:\/\/motorpor.pt\/en\/wp-json\/wp\/v2\/posts"}],"about":[{"href":"https:\/\/motorpor.pt\/en\/wp-json\/wp\/v2\/types\/post"}],"author":[{"embeddable":true,"href":"https:\/\/motorpor.pt\/en\/wp-json\/wp\/v2\/users\/85"}],"replies":[{"embeddable":true,"href":"https:\/\/motorpor.pt\/en\/wp-json\/wp\/v2\/comments?post=82731"}],"version-history":[{"count":2,"href":"https:\/\/motorpor.pt\/en\/wp-json\/wp\/v2\/posts\/82731\/revisions"}],"predecessor-version":[{"id":90217,"href":"https:\/\/motorpor.pt\/en\/wp-json\/wp\/v2\/posts\/82731\/revisions\/90217"}],"wp:featuredmedia":[{"embeddable":true,"href":"https:\/\/motorpor.pt\/en\/wp-json\/wp\/v2\/media\/82730"}],"wp:attachment":[{"href":"https:\/\/motorpor.pt\/en\/wp-json\/wp\/v2\/media?parent=82731"}],"wp:term":[{"taxonomy":"category","embeddable":true,"href":"https:\/\/motorpor.pt\/en\/wp-json\/wp\/v2\/categories?post=82731"},{"taxonomy":"post_tag","embeddable":true,"href":"https:\/\/motorpor.pt\/en\/wp-json\/wp\/v2\/tags?post=82731"}],"curies":[{"name":"wp","href":"https:\/\/api.w.org\/{rel}","templated":true}]}}