{"id":82968,"date":"2024-04-18T11:09:04","date_gmt":"2024-04-18T10:09:04","guid":{"rendered":"https:\/\/motorpor.pt\/novo-opel-frontera-suv-espacoso-e-divertido-tambem-disponivel-em-versao-eletrica\/"},"modified":"2024-04-18T12:12:40","modified_gmt":"2024-04-18T11:12:40","slug":"novo-opel-frontera-suv-espacoso-e-divertido-tambem-disponivel-em-versao-eletrica","status":"publish","type":"post","link":"https:\/\/motorpor.pt\/en\/novo-opel-frontera-suv-espacoso-e-divertido-tambem-disponivel-em-versao-eletrica\/","title":{"rendered":"Novo Opel Frontera: SUV espa\u00e7oso e divertido tamb\u00e9m dispon\u00edvel em vers\u00e3o el\u00e9trica"},"content":{"rendered":"<h5>A Opel est\u00e1 a anunciar o in\u00edcio de um novo cap\u00edtulo com as primeiras imagens do novo Opel Frontera. O divertido e espa\u00e7oso novo SUV estar\u00e1 dispon\u00edvel como uma variante el\u00e9trica a bateria.<\/h5>\n<p>O fabricante de autom\u00f3veis sediado em R\u00fcsselsheim revelou as primeiras imagens do novo Opel Frontera. O divertido e espa\u00e7oso novo SUV estar\u00e1 dispon\u00edvel como uma variante el\u00e9trica a bateria desde o in\u00edcio, podendo os clientes optar tamb\u00e9m por variantes com tecnologia h\u00edbrida de 48 volts.<\/p>\n<p>&#8220;<em>Com a sua combina\u00e7\u00e3o de design robusto, espa\u00e7o, solu\u00e7\u00f5es inteligentes e unidades de propuls\u00e3o eficientes, o nosso novo Opel Frontera ir\u00e1 agradar a uma vasta gama de clientes que pretendem destacar-se da multid\u00e3o. \u00c9 ideal para o ambiente urbano e suburbano, oferecendo simultaneamente uma experi\u00eancia de rejuvenescimento aos nossos clientes<\/em>&#8220;, afirmou o CEO da Opel, Florian Huettl.<\/p>\n<div id='gallery-1' class='gallery galleryid-82968 gallery-columns-3 gallery-size-full'><figure class='gallery-item'>\n\t\t\t<div class='gallery-icon landscape'>\n\t\t\t\t<a href='https:\/\/motorpor.pt\/en\/newopelfrontera-2-1\/'><img fetchpriority=\"high\" decoding=\"async\" width=\"2560\" height=\"1440\" src=\"https:\/\/motorpor.pt\/wp-content\/uploads\/2024\/04\/NewOpelFrontera-2-1-scaled.jpg\" class=\"attachment-full size-full\" alt=\"\" srcset=\"https:\/\/motorpor.pt\/wp-content\/uploads\/2024\/04\/NewOpelFrontera-2-1-scaled.jpg 2560w, https:\/\/motorpor.pt\/wp-content\/uploads\/2024\/04\/NewOpelFrontera-2-1-300x169.jpg 300w, https:\/\/motorpor.pt\/wp-content\/uploads\/2024\/04\/NewOpelFrontera-2-1-1024x576.jpg 1024w, https:\/\/motorpor.pt\/wp-content\/uploads\/2024\/04\/NewOpelFrontera-2-1-768x432.jpg 768w, https:\/\/motorpor.pt\/wp-content\/uploads\/2024\/04\/NewOpelFrontera-2-1-1536x864.jpg 1536w, https:\/\/motorpor.pt\/wp-content\/uploads\/2024\/04\/NewOpelFrontera-2-1-2048x1152.jpg 2048w, https:\/\/motorpor.pt\/wp-content\/uploads\/2024\/04\/NewOpelFrontera-2-1-18x10.jpg 18w, https:\/\/motorpor.pt\/wp-content\/uploads\/2024\/04\/NewOpelFrontera-2-1-200x113.jpg 200w, https:\/\/motorpor.pt\/wp-content\/uploads\/2024\/04\/NewOpelFrontera-2-1-167x93.jpg 167w, https:\/\/motorpor.pt\/wp-content\/uploads\/2024\/04\/NewOpelFrontera-2-1-165x93.jpg 165w\" sizes=\"(max-width: 2560px) 100vw, 2560px\" \/><\/a>\n\t\t\t<\/div><\/figure><figure class='gallery-item'>\n\t\t\t<div class='gallery-icon landscape'>\n\t\t\t\t<a href='https:\/\/motorpor.pt\/en\/newopelfrontera-3-1\/'><img decoding=\"async\" width=\"2560\" height=\"1440\" src=\"https:\/\/motorpor.pt\/wp-content\/uploads\/2024\/04\/NewOpelFrontera-3-1-scaled.jpg\" class=\"attachment-full size-full\" alt=\"\" srcset=\"https:\/\/motorpor.pt\/wp-content\/uploads\/2024\/04\/NewOpelFrontera-3-1-scaled.jpg 2560w, https:\/\/motorpor.pt\/wp-content\/uploads\/2024\/04\/NewOpelFrontera-3-1-300x169.jpg 300w, https:\/\/motorpor.pt\/wp-content\/uploads\/2024\/04\/NewOpelFrontera-3-1-1024x576.jpg 1024w, https:\/\/motorpor.pt\/wp-content\/uploads\/2024\/04\/NewOpelFrontera-3-1-768x432.jpg 768w, https:\/\/motorpor.pt\/wp-content\/uploads\/2024\/04\/NewOpelFrontera-3-1-1536x864.jpg 1536w, https:\/\/motorpor.pt\/wp-content\/uploads\/2024\/04\/NewOpelFrontera-3-1-2048x1152.jpg 2048w, https:\/\/motorpor.pt\/wp-content\/uploads\/2024\/04\/NewOpelFrontera-3-1-18x10.jpg 18w, https:\/\/motorpor.pt\/wp-content\/uploads\/2024\/04\/NewOpelFrontera-3-1-200x112.jpg 200w, https:\/\/motorpor.pt\/wp-content\/uploads\/2024\/04\/NewOpelFrontera-3-1-167x93.jpg 167w, https:\/\/motorpor.pt\/wp-content\/uploads\/2024\/04\/NewOpelFrontera-3-1-165x93.jpg 165w\" sizes=\"(max-width: 2560px) 100vw, 2560px\" \/><\/a>\n\t\t\t<\/div><\/figure><figure class='gallery-item'>\n\t\t\t<div class='gallery-icon landscape'>\n\t\t\t\t<a href='https:\/\/motorpor.pt\/en\/newopelfrontera-1-1\/'><img decoding=\"async\" width=\"2560\" height=\"1440\" src=\"https:\/\/motorpor.pt\/wp-content\/uploads\/2024\/04\/NewOpelFrontera-1-1-scaled.jpg\" class=\"attachment-full size-full\" alt=\"\" srcset=\"https:\/\/motorpor.pt\/wp-content\/uploads\/2024\/04\/NewOpelFrontera-1-1-scaled.jpg 2560w, https:\/\/motorpor.pt\/wp-content\/uploads\/2024\/04\/NewOpelFrontera-1-1-300x169.jpg 300w, https:\/\/motorpor.pt\/wp-content\/uploads\/2024\/04\/NewOpelFrontera-1-1-1024x576.jpg 1024w, https:\/\/motorpor.pt\/wp-content\/uploads\/2024\/04\/NewOpelFrontera-1-1-768x432.jpg 768w, https:\/\/motorpor.pt\/wp-content\/uploads\/2024\/04\/NewOpelFrontera-1-1-1536x864.jpg 1536w, https:\/\/motorpor.pt\/wp-content\/uploads\/2024\/04\/NewOpelFrontera-1-1-2048x1152.jpg 2048w, https:\/\/motorpor.pt\/wp-content\/uploads\/2024\/04\/NewOpelFrontera-1-1-18x10.jpg 18w, https:\/\/motorpor.pt\/wp-content\/uploads\/2024\/04\/NewOpelFrontera-1-1-200x113.jpg 200w, https:\/\/motorpor.pt\/wp-content\/uploads\/2024\/04\/NewOpelFrontera-1-1-167x93.jpg 167w, https:\/\/motorpor.pt\/wp-content\/uploads\/2024\/04\/NewOpelFrontera-1-1-165x93.jpg 165w\" sizes=\"(max-width: 2560px) 100vw, 2560px\" \/><\/a>\n\t\t\t<\/div><\/figure>\n\t\t<\/div>\n\n<p>O novo Frontera j\u00e1 encanta \u00e0 primeira vista com a sua interpreta\u00e7\u00e3o robusta do design arrojado e puro da Opel. A silhueta frontal vertical e as propor\u00e7\u00f5es dianteiras \u00fanicas do novo SUV combinam um volume de habit\u00e1culo funcional e espa\u00e7oso com um visual moderno e expressivo.\u00a0 O novo emblema &#8220;Blitz&#8221; da Opel celebra a sua estreia num modelo de s\u00e9rie e est\u00e1 orgulhosamente colocado no centro do Opel Vizor\u00a0 preto que confere \u00e0 frente do Frontera uma identidade \u00fanica. O Vizor \u00e9 suportado por uma abertura de arrefecimento trapezoidal no ter\u00e7o inferior e real\u00e7a a postura s\u00f3lida e robusta do autom\u00f3vel.<\/p>\n<p>A conhecida &#8220;assinatura em asa&#8221; da Opel brilha numa interpreta\u00e7\u00e3o moderna com tr\u00eas blocos de ilumina\u00e7\u00e3o separados por inser\u00e7\u00f5es na cor da carro\u00e7aria. A vista lateral revela um pilar C distinto, que divide visualmente o espa\u00e7oso habit\u00e1culo. Por outro lado, as cavas das rodas e os guarda-lamas pronunciados posicionam o autom\u00f3vel firmemente na estrada, ao mesmo tempo que conferem ao rec\u00e9m-chegado modelo um aspeto s\u00f3lido e moderno.<\/p>\n<p>O Frontera est\u00e1 acompanhado por uma esta\u00e7\u00e3o para smartphone, Intelli-Seat, a solu\u00e7\u00f5es inteligentes para conetividade e conforto. Al\u00e9m disso, este \u00e9 o companheiro ideal para um estilo de vida ativo e sustent\u00e1vel, visto que \u00e9 espa\u00e7oso, eficiente e inteligente. Verifique as <a href=\"https:\/\/motorpor.pt\/en\/novos\/opel\/\">viaturas Opel dispon\u00edveis no nosso site<\/a>.<\/p>","protected":false},"excerpt":{"rendered":"<p>A Opel est\u00e1 a anunciar o in\u00edcio de um novo cap\u00edtulo com as primeiras imagens do novo Opel Frontera. O divertido e espa\u00e7oso novo SUV estar\u00e1 dispon\u00edvel como uma variante el\u00e9trica a bateria. O fabricante de autom\u00f3veis sediado em R\u00fcsselsheim revelou as primeiras imagens do novo Opel Frontera. O divertido e espa\u00e7oso novo SUV estar\u00e1 [&hellip;]<\/p>\n","protected":false},"author":85,"featured_media":82967,"comment_status":"closed","ping_status":"open","sticky":false,"template":"","format":"standard","meta":{"_acf_changed":false,"footnotes":""},"categories":[2595,2594,2592],"tags":[],"class_list":["post-82968","post","type-post","status-publish","format-standard","has-post-thumbnail","hentry","category-atualidade","category-destaques","category-noticias"],"acf":[],"yoast_head":"<!-- This site is optimized with the Yoast SEO plugin v27.5 - https:\/\/yoast.com\/product\/yoast-seo-wordpress\/ -->\n<title>Novo Opel Frontera: SUV espa\u00e7oso e divertido tamb\u00e9m dispon\u00edvel em vers\u00e3o el\u00e9trica - Motorpor<\/title>\n<meta name=\"robots\" content=\"index, follow, max-snippet:-1, max-image-preview:large, max-video-preview:-1\" \/>\n<link rel=\"canonical\" href=\"https:\/\/motorpor.pt\/en\/novo-opel-frontera-suv-espacoso-e-divertido-tambem-disponivel-em-versao-eletrica\/\" \/>\n<meta property=\"og:locale\" content=\"en_US\" \/>\n<meta property=\"og:type\" content=\"article\" \/>\n<meta property=\"og:title\" content=\"Novo Opel Frontera: SUV espa\u00e7oso e divertido tamb\u00e9m dispon\u00edvel em vers\u00e3o el\u00e9trica - Motorpor\" \/>\n<meta property=\"og:description\" content=\"A Opel est\u00e1 a anunciar o in\u00edcio de um novo cap\u00edtulo com as primeiras imagens do novo Opel Frontera. O divertido e espa\u00e7oso novo SUV estar\u00e1 dispon\u00edvel como uma variante el\u00e9trica a bateria. O fabricante de autom\u00f3veis sediado em R\u00fcsselsheim revelou as primeiras imagens do novo Opel Frontera. O divertido e espa\u00e7oso novo SUV estar\u00e1 [&hellip;]\" \/>\n<meta property=\"og:url\" content=\"https:\/\/motorpor.pt\/en\/novo-opel-frontera-suv-espacoso-e-divertido-tambem-disponivel-em-versao-eletrica\/\" \/>\n<meta property=\"og:site_name\" content=\"Motorpor\" \/>\n<meta property=\"article:published_time\" content=\"2024-04-18T10:09:04+00:00\" \/>\n<meta property=\"article:modified_time\" content=\"2024-04-18T11:12:40+00:00\" \/>\n<meta property=\"og:image\" content=\"https:\/\/motorpor.pt\/wp-content\/uploads\/2024\/04\/NewOpelFrontera-4-scaled-1.jpg\" \/>\n\t<meta property=\"og:image:width\" content=\"2560\" \/>\n\t<meta property=\"og:image:height\" content=\"1440\" \/>\n\t<meta property=\"og:image:type\" content=\"image\/jpeg\" \/>\n<meta name=\"author\" content=\"mktmotorpor\" \/>\n<meta name=\"twitter:card\" content=\"summary_large_image\" \/>\n<meta name=\"twitter:label1\" content=\"Written by\" \/>\n\t<meta name=\"twitter:data1\" content=\"mktmotorpor\" \/>\n\t<meta name=\"twitter:label2\" content=\"Est. reading time\" \/>\n\t<meta name=\"twitter:data2\" content=\"2 minutes\" \/>\n<script type=\"application\/ld+json\" class=\"yoast-schema-graph\">{\"@context\":\"https:\\\/\\\/schema.org\",\"@graph\":[{\"@type\":\"Article\",\"@id\":\"https:\\\/\\\/motorpor.pt\\\/novo-opel-frontera-suv-espacoso-e-divertido-tambem-disponivel-em-versao-eletrica\\\/#article\",\"isPartOf\":{\"@id\":\"https:\\\/\\\/motorpor.pt\\\/novo-opel-frontera-suv-espacoso-e-divertido-tambem-disponivel-em-versao-eletrica\\\/\"},\"author\":{\"name\":\"mktmotorpor\",\"@id\":\"https:\\\/\\\/motorpor.pt\\\/#\\\/schema\\\/person\\\/b4bf07144e88efed7388a5af30522db7\"},\"headline\":\"Novo Opel Frontera: SUV espa\u00e7oso e divertido tamb\u00e9m dispon\u00edvel em vers\u00e3o el\u00e9trica\",\"datePublished\":\"2024-04-18T10:09:04+00:00\",\"dateModified\":\"2024-04-18T11:12:40+00:00\",\"mainEntityOfPage\":{\"@id\":\"https:\\\/\\\/motorpor.pt\\\/novo-opel-frontera-suv-espacoso-e-divertido-tambem-disponivel-em-versao-eletrica\\\/\"},\"wordCount\":408,\"publisher\":{\"@id\":\"https:\\\/\\\/motorpor.pt\\\/#organization\"},\"image\":{\"@id\":\"https:\\\/\\\/motorpor.pt\\\/novo-opel-frontera-suv-espacoso-e-divertido-tambem-disponivel-em-versao-eletrica\\\/#primaryimage\"},\"thumbnailUrl\":\"https:\\\/\\\/motorpor.pt\\\/wp-content\\\/uploads\\\/2024\\\/04\\\/NewOpelFrontera-4-scaled-1.jpg\",\"articleSection\":[\"Atualidade\",\"Destaques\",\"Not\u00edcias\"],\"inLanguage\":\"en-US\"},{\"@type\":\"WebPage\",\"@id\":\"https:\\\/\\\/motorpor.pt\\\/novo-opel-frontera-suv-espacoso-e-divertido-tambem-disponivel-em-versao-eletrica\\\/\",\"url\":\"https:\\\/\\\/motorpor.pt\\\/novo-opel-frontera-suv-espacoso-e-divertido-tambem-disponivel-em-versao-eletrica\\\/\",\"name\":\"Novo Opel Frontera: SUV espa\u00e7oso e divertido tamb\u00e9m dispon\u00edvel em vers\u00e3o el\u00e9trica - Motorpor\",\"isPartOf\":{\"@id\":\"https:\\\/\\\/motorpor.pt\\\/#website\"},\"primaryImageOfPage\":{\"@id\":\"https:\\\/\\\/motorpor.pt\\\/novo-opel-frontera-suv-espacoso-e-divertido-tambem-disponivel-em-versao-eletrica\\\/#primaryimage\"},\"image\":{\"@id\":\"https:\\\/\\\/motorpor.pt\\\/novo-opel-frontera-suv-espacoso-e-divertido-tambem-disponivel-em-versao-eletrica\\\/#primaryimage\"},\"thumbnailUrl\":\"https:\\\/\\\/motorpor.pt\\\/wp-content\\\/uploads\\\/2024\\\/04\\\/NewOpelFrontera-4-scaled-1.jpg\",\"datePublished\":\"2024-04-18T10:09:04+00:00\",\"dateModified\":\"2024-04-18T11:12:40+00:00\",\"breadcrumb\":{\"@id\":\"https:\\\/\\\/motorpor.pt\\\/novo-opel-frontera-suv-espacoso-e-divertido-tambem-disponivel-em-versao-eletrica\\\/#breadcrumb\"},\"inLanguage\":\"en-US\",\"potentialAction\":[{\"@type\":\"ReadAction\",\"target\":[\"https:\\\/\\\/motorpor.pt\\\/novo-opel-frontera-suv-espacoso-e-divertido-tambem-disponivel-em-versao-eletrica\\\/\"]}]},{\"@type\":\"ImageObject\",\"inLanguage\":\"en-US\",\"@id\":\"https:\\\/\\\/motorpor.pt\\\/novo-opel-frontera-suv-espacoso-e-divertido-tambem-disponivel-em-versao-eletrica\\\/#primaryimage\",\"url\":\"https:\\\/\\\/motorpor.pt\\\/wp-content\\\/uploads\\\/2024\\\/04\\\/NewOpelFrontera-4-scaled-1.jpg\",\"contentUrl\":\"https:\\\/\\\/motorpor.pt\\\/wp-content\\\/uploads\\\/2024\\\/04\\\/NewOpelFrontera-4-scaled-1.jpg\",\"width\":2560,\"height\":1440},{\"@type\":\"BreadcrumbList\",\"@id\":\"https:\\\/\\\/motorpor.pt\\\/novo-opel-frontera-suv-espacoso-e-divertido-tambem-disponivel-em-versao-eletrica\\\/#breadcrumb\",\"itemListElement\":[{\"@type\":\"ListItem\",\"position\":1,\"name\":\"In\u00edcio\",\"item\":\"https:\\\/\\\/motorpor.pt\\\/\"},{\"@type\":\"ListItem\",\"position\":2,\"name\":\"Novo Opel Frontera: SUV espa\u00e7oso e divertido tamb\u00e9m dispon\u00edvel em vers\u00e3o el\u00e9trica\"}]},{\"@type\":\"WebSite\",\"@id\":\"https:\\\/\\\/motorpor.pt\\\/#website\",\"url\":\"https:\\\/\\\/motorpor.pt\\\/\",\"name\":\"Motorpor\",\"description\":\"Comercio de Autom\u00f3veis Multimarcas\",\"publisher\":{\"@id\":\"https:\\\/\\\/motorpor.pt\\\/#organization\"},\"potentialAction\":[{\"@type\":\"SearchAction\",\"target\":{\"@type\":\"EntryPoint\",\"urlTemplate\":\"https:\\\/\\\/motorpor.pt\\\/?s={search_term_string}\"},\"query-input\":{\"@type\":\"PropertyValueSpecification\",\"valueRequired\":true,\"valueName\":\"search_term_string\"}}],\"inLanguage\":\"en-US\"},{\"@type\":\"Organization\",\"@id\":\"https:\\\/\\\/motorpor.pt\\\/#organization\",\"name\":\"Motorpor\",\"alternateName\":\"Motorpor\",\"url\":\"https:\\\/\\\/motorpor.pt\\\/\",\"logo\":{\"@type\":\"ImageObject\",\"inLanguage\":\"en-US\",\"@id\":\"https:\\\/\\\/motorpor.pt\\\/#\\\/schema\\\/logo\\\/image\\\/\",\"url\":\"https:\\\/\\\/motorpor.pt\\\/wp-content\\\/uploads\\\/2024\\\/07\\\/Logo-Motorpor-Preto.svg\",\"contentUrl\":\"https:\\\/\\\/motorpor.pt\\\/wp-content\\\/uploads\\\/2024\\\/07\\\/Logo-Motorpor-Preto.svg\",\"width\":493,\"height\":93,\"caption\":\"Motorpor\"},\"image\":{\"@id\":\"https:\\\/\\\/motorpor.pt\\\/#\\\/schema\\\/logo\\\/image\\\/\"},\"sameAs\":[\"https:\\\/\\\/www.linkedin.com\\\/company\\\/grupo-motorpor\"]},{\"@type\":\"Person\",\"@id\":\"https:\\\/\\\/motorpor.pt\\\/#\\\/schema\\\/person\\\/b4bf07144e88efed7388a5af30522db7\",\"name\":\"mktmotorpor\",\"image\":{\"@type\":\"ImageObject\",\"inLanguage\":\"en-US\",\"@id\":\"https:\\\/\\\/secure.gravatar.com\\\/avatar\\\/8418b61b3175dbba0a8744cf0ee6bb5c7a9f6c67f1dbc4f41a62d7b9738259a2?s=96&d=mm&r=g\",\"url\":\"https:\\\/\\\/secure.gravatar.com\\\/avatar\\\/8418b61b3175dbba0a8744cf0ee6bb5c7a9f6c67f1dbc4f41a62d7b9738259a2?s=96&d=mm&r=g\",\"contentUrl\":\"https:\\\/\\\/secure.gravatar.com\\\/avatar\\\/8418b61b3175dbba0a8744cf0ee6bb5c7a9f6c67f1dbc4f41a62d7b9738259a2?s=96&d=mm&r=g\",\"caption\":\"mktmotorpor\"},\"url\":\"https:\\\/\\\/motorpor.pt\\\/en\\\/user\\\/mktmotorpor\\\/\"}]}<\/script>\n<!-- \/ Yoast SEO plugin. -->","yoast_head_json":{"title":"Novo Opel Frontera: SUV espa\u00e7oso e divertido tamb\u00e9m dispon\u00edvel em vers\u00e3o el\u00e9trica - Motorpor","robots":{"index":"index","follow":"follow","max-snippet":"max-snippet:-1","max-image-preview":"max-image-preview:large","max-video-preview":"max-video-preview:-1"},"canonical":"https:\/\/motorpor.pt\/en\/novo-opel-frontera-suv-espacoso-e-divertido-tambem-disponivel-em-versao-eletrica\/","og_locale":"en_US","og_type":"article","og_title":"Novo Opel Frontera: SUV espa\u00e7oso e divertido tamb\u00e9m dispon\u00edvel em vers\u00e3o el\u00e9trica - Motorpor","og_description":"A Opel est\u00e1 a anunciar o in\u00edcio de um novo cap\u00edtulo com as primeiras imagens do novo Opel Frontera. O divertido e espa\u00e7oso novo SUV estar\u00e1 dispon\u00edvel como uma variante el\u00e9trica a bateria. O fabricante de autom\u00f3veis sediado em R\u00fcsselsheim revelou as primeiras imagens do novo Opel Frontera. O divertido e espa\u00e7oso novo SUV estar\u00e1 [&hellip;]","og_url":"https:\/\/motorpor.pt\/en\/novo-opel-frontera-suv-espacoso-e-divertido-tambem-disponivel-em-versao-eletrica\/","og_site_name":"Motorpor","article_published_time":"2024-04-18T10:09:04+00:00","article_modified_time":"2024-04-18T11:12:40+00:00","og_image":[{"width":2560,"height":1440,"url":"https:\/\/motorpor.pt\/wp-content\/uploads\/2024\/04\/NewOpelFrontera-4-scaled-1.jpg","type":"image\/jpeg"}],"author":"mktmotorpor","twitter_card":"summary_large_image","twitter_misc":{"Written by":"mktmotorpor","Est. reading time":"2 minutes"},"schema":{"@context":"https:\/\/schema.org","@graph":[{"@type":"Article","@id":"https:\/\/motorpor.pt\/novo-opel-frontera-suv-espacoso-e-divertido-tambem-disponivel-em-versao-eletrica\/#article","isPartOf":{"@id":"https:\/\/motorpor.pt\/novo-opel-frontera-suv-espacoso-e-divertido-tambem-disponivel-em-versao-eletrica\/"},"author":{"name":"mktmotorpor","@id":"https:\/\/motorpor.pt\/#\/schema\/person\/b4bf07144e88efed7388a5af30522db7"},"headline":"Novo Opel Frontera: SUV espa\u00e7oso e divertido tamb\u00e9m dispon\u00edvel em vers\u00e3o el\u00e9trica","datePublished":"2024-04-18T10:09:04+00:00","dateModified":"2024-04-18T11:12:40+00:00","mainEntityOfPage":{"@id":"https:\/\/motorpor.pt\/novo-opel-frontera-suv-espacoso-e-divertido-tambem-disponivel-em-versao-eletrica\/"},"wordCount":408,"publisher":{"@id":"https:\/\/motorpor.pt\/#organization"},"image":{"@id":"https:\/\/motorpor.pt\/novo-opel-frontera-suv-espacoso-e-divertido-tambem-disponivel-em-versao-eletrica\/#primaryimage"},"thumbnailUrl":"https:\/\/motorpor.pt\/wp-content\/uploads\/2024\/04\/NewOpelFrontera-4-scaled-1.jpg","articleSection":["Atualidade","Destaques","Not\u00edcias"],"inLanguage":"en-US"},{"@type":"WebPage","@id":"https:\/\/motorpor.pt\/novo-opel-frontera-suv-espacoso-e-divertido-tambem-disponivel-em-versao-eletrica\/","url":"https:\/\/motorpor.pt\/novo-opel-frontera-suv-espacoso-e-divertido-tambem-disponivel-em-versao-eletrica\/","name":"Novo Opel Frontera: SUV espa\u00e7oso e divertido tamb\u00e9m dispon\u00edvel em vers\u00e3o el\u00e9trica - Motorpor","isPartOf":{"@id":"https:\/\/motorpor.pt\/#website"},"primaryImageOfPage":{"@id":"https:\/\/motorpor.pt\/novo-opel-frontera-suv-espacoso-e-divertido-tambem-disponivel-em-versao-eletrica\/#primaryimage"},"image":{"@id":"https:\/\/motorpor.pt\/novo-opel-frontera-suv-espacoso-e-divertido-tambem-disponivel-em-versao-eletrica\/#primaryimage"},"thumbnailUrl":"https:\/\/motorpor.pt\/wp-content\/uploads\/2024\/04\/NewOpelFrontera-4-scaled-1.jpg","datePublished":"2024-04-18T10:09:04+00:00","dateModified":"2024-04-18T11:12:40+00:00","breadcrumb":{"@id":"https:\/\/motorpor.pt\/novo-opel-frontera-suv-espacoso-e-divertido-tambem-disponivel-em-versao-eletrica\/#breadcrumb"},"inLanguage":"en-US","potentialAction":[{"@type":"ReadAction","target":["https:\/\/motorpor.pt\/novo-opel-frontera-suv-espacoso-e-divertido-tambem-disponivel-em-versao-eletrica\/"]}]},{"@type":"ImageObject","inLanguage":"en-US","@id":"https:\/\/motorpor.pt\/novo-opel-frontera-suv-espacoso-e-divertido-tambem-disponivel-em-versao-eletrica\/#primaryimage","url":"https:\/\/motorpor.pt\/wp-content\/uploads\/2024\/04\/NewOpelFrontera-4-scaled-1.jpg","contentUrl":"https:\/\/motorpor.pt\/wp-content\/uploads\/2024\/04\/NewOpelFrontera-4-scaled-1.jpg","width":2560,"height":1440},{"@type":"BreadcrumbList","@id":"https:\/\/motorpor.pt\/novo-opel-frontera-suv-espacoso-e-divertido-tambem-disponivel-em-versao-eletrica\/#breadcrumb","itemListElement":[{"@type":"ListItem","position":1,"name":"In\u00edcio","item":"https:\/\/motorpor.pt\/"},{"@type":"ListItem","position":2,"name":"Novo Opel Frontera: SUV espa\u00e7oso e divertido tamb\u00e9m dispon\u00edvel em vers\u00e3o el\u00e9trica"}]},{"@type":"WebSite","@id":"https:\/\/motorpor.pt\/#website","url":"https:\/\/motorpor.pt\/","name":"motorpor","description":"Comercio de Autom\u00f3veis Multimarcas","publisher":{"@id":"https:\/\/motorpor.pt\/#organization"},"potentialAction":[{"@type":"SearchAction","target":{"@type":"EntryPoint","urlTemplate":"https:\/\/motorpor.pt\/?s={search_term_string}"},"query-input":{"@type":"PropertyValueSpecification","valueRequired":true,"valueName":"search_term_string"}}],"inLanguage":"en-US"},{"@type":"Organization","@id":"https:\/\/motorpor.pt\/#organization","name":"motorpor","alternateName":"Motorpor","url":"https:\/\/motorpor.pt\/","logo":{"@type":"ImageObject","inLanguage":"en-US","@id":"https:\/\/motorpor.pt\/#\/schema\/logo\/image\/","url":"https:\/\/motorpor.pt\/wp-content\/uploads\/2024\/07\/Logo-Motorpor-Preto.svg","contentUrl":"https:\/\/motorpor.pt\/wp-content\/uploads\/2024\/07\/Logo-Motorpor-Preto.svg","width":493,"height":93,"caption":"Motorpor"},"image":{"@id":"https:\/\/motorpor.pt\/#\/schema\/logo\/image\/"},"sameAs":["https:\/\/www.linkedin.com\/company\/grupo-motorpor"]},{"@type":"Person","@id":"https:\/\/motorpor.pt\/#\/schema\/person\/b4bf07144e88efed7388a5af30522db7","name":"mktmotorpor","image":{"@type":"ImageObject","inLanguage":"en-US","@id":"https:\/\/secure.gravatar.com\/avatar\/8418b61b3175dbba0a8744cf0ee6bb5c7a9f6c67f1dbc4f41a62d7b9738259a2?s=96&d=mm&r=g","url":"https:\/\/secure.gravatar.com\/avatar\/8418b61b3175dbba0a8744cf0ee6bb5c7a9f6c67f1dbc4f41a62d7b9738259a2?s=96&d=mm&r=g","contentUrl":"https:\/\/secure.gravatar.com\/avatar\/8418b61b3175dbba0a8744cf0ee6bb5c7a9f6c67f1dbc4f41a62d7b9738259a2?s=96&d=mm&r=g","caption":"mktmotorpor"},"url":"https:\/\/motorpor.pt\/en\/user\/mktmotorpor\/"}]}},"_links":{"self":[{"href":"https:\/\/motorpor.pt\/en\/wp-json\/wp\/v2\/posts\/82968","targetHints":{"allow":["GET"]}}],"collection":[{"href":"https:\/\/motorpor.pt\/en\/wp-json\/wp\/v2\/posts"}],"about":[{"href":"https:\/\/motorpor.pt\/en\/wp-json\/wp\/v2\/types\/post"}],"author":[{"embeddable":true,"href":"https:\/\/motorpor.pt\/en\/wp-json\/wp\/v2\/users\/85"}],"replies":[{"embeddable":true,"href":"https:\/\/motorpor.pt\/en\/wp-json\/wp\/v2\/comments?post=82968"}],"version-history":[{"count":1,"href":"https:\/\/motorpor.pt\/en\/wp-json\/wp\/v2\/posts\/82968\/revisions"}],"predecessor-version":[{"id":82969,"href":"https:\/\/motorpor.pt\/en\/wp-json\/wp\/v2\/posts\/82968\/revisions\/82969"}],"wp:featuredmedia":[{"embeddable":true,"href":"https:\/\/motorpor.pt\/en\/wp-json\/wp\/v2\/media\/82967"}],"wp:attachment":[{"href":"https:\/\/motorpor.pt\/en\/wp-json\/wp\/v2\/media?parent=82968"}],"wp:term":[{"taxonomy":"category","embeddable":true,"href":"https:\/\/motorpor.pt\/en\/wp-json\/wp\/v2\/categories?post=82968"},{"taxonomy":"post_tag","embeddable":true,"href":"https:\/\/motorpor.pt\/en\/wp-json\/wp\/v2\/tags?post=82968"}],"curies":[{"name":"wp","href":"https:\/\/api.w.org\/{rel}","templated":true}]}}