{"id":83268,"date":"2024-04-22T11:19:27","date_gmt":"2024-04-22T10:19:27","guid":{"rendered":"https:\/\/motorpor.pt\/citroen-lanca-novo-c3-aircross-com-7-lugares\/"},"modified":"2024-07-17T14:29:01","modified_gmt":"2024-07-17T13:29:01","slug":"citroen-lanca-novo-c3-aircross-com-7-lugares","status":"publish","type":"post","link":"https:\/\/motorpor.pt\/en\/citroen-lanca-novo-c3-aircross-com-7-lugares\/","title":{"rendered":"Citro\u00ebn lan\u00e7a novo C3 Aircross com 7 lugares"},"content":{"rendered":"<h5>A Citro\u00ebn desvenda as primeiras imagens do novo C3 Aircross, que recebe uma altera\u00e7\u00e3o radical e entra numa nova dimens\u00e3o, com a ambi\u00e7\u00e3o de refor\u00e7ar a sua posi\u00e7\u00e3o num territ\u00f3rio muito competitivo.<\/h5>\n<p>\u00a0<\/p>\n<p>Com 4,39 metros de comprimento, o C3 Aircross cresceu para oferecer mais espa\u00e7o a bordo e uma lota\u00e7\u00e3o at\u00e9 7 lugares, mantendo-se compacto, pr\u00e1tico e \u00e1gil. O seu design exterior revela um SUV mais robusto e mais musculado, combinado, ainda assim, com um posicionamento de pre\u00e7os altamente competitivo.<\/p>\n<p>Racional, vers\u00e1til e tranquilizador: O C3 Aircross \u00e9 um SUV f\u00e1cil de utilizar. Recheado de pormenores para facilitar a vida em fam\u00edlia, o novo SUV da marca casa a grande flexibilidade de utiliza\u00e7\u00e3o com o estilo compacto que facilita as manobras e o estacionamento.<\/p>\n<p>\u00a0<\/p>\n<p><img fetchpriority=\"high\" decoding=\"async\" class=\"alignnone size-full wp-image-83266\" src=\"https:\/\/motorpor.pt\/wp-content\/uploads\/2024\/04\/NewCitronC3AIRCROSS_Side_Full.png\" alt=\"\" width=\"4000\" height=\"4000\" srcset=\"https:\/\/motorpor.pt\/wp-content\/uploads\/2024\/04\/NewCitronC3AIRCROSS_Side_Full.png 4000w, https:\/\/motorpor.pt\/wp-content\/uploads\/2024\/04\/NewCitronC3AIRCROSS_Side_Full-300x300.png 300w, https:\/\/motorpor.pt\/wp-content\/uploads\/2024\/04\/NewCitronC3AIRCROSS_Side_Full-1024x1024.png 1024w, https:\/\/motorpor.pt\/wp-content\/uploads\/2024\/04\/NewCitronC3AIRCROSS_Side_Full-150x150.png 150w, https:\/\/motorpor.pt\/wp-content\/uploads\/2024\/04\/NewCitronC3AIRCROSS_Side_Full-768x768.png 768w, https:\/\/motorpor.pt\/wp-content\/uploads\/2024\/04\/NewCitronC3AIRCROSS_Side_Full-1536x1536.png 1536w, https:\/\/motorpor.pt\/wp-content\/uploads\/2024\/04\/NewCitronC3AIRCROSS_Side_Full-2048x2048.png 2048w, https:\/\/motorpor.pt\/wp-content\/uploads\/2024\/04\/NewCitronC3AIRCROSS_Side_Full-12x12.png 12w, https:\/\/motorpor.pt\/wp-content\/uploads\/2024\/04\/NewCitronC3AIRCROSS_Side_Full-200x200.png 200w, https:\/\/motorpor.pt\/wp-content\/uploads\/2024\/04\/NewCitronC3AIRCROSS_Side_Full-100x100.png 100w, https:\/\/motorpor.pt\/wp-content\/uploads\/2024\/04\/NewCitronC3AIRCROSS_Side_Full-165x165.png 165w\" sizes=\"(max-width: 4000px) 100vw, 4000px\" \/><\/p>\n<p>\u00a0<\/p>\n<p>O novo B-SUV partilha a plataforma Smart Car com a berlina C3, introduzida pela Citro\u00ebn e concebida desde o in\u00edcio para acolher, da melhor forma, uma oferta el\u00e9trica. Pela primeira vez, o C3 Aircross proporciona, a par de uma oferta t\u00e9rmica tradicional, uma op\u00e7\u00e3o h\u00edbrida que facilita o acesso \u00e0 eletrifica\u00e7\u00e3o, de versatilidade perfeitamente adaptada a este tipo de silhueta. A marca vai mais longe e disponibiliza um grupo propulsor totalmente el\u00e9trico acess\u00edvel, produzido na Europa.<\/p>\n<p>Uma mudan\u00e7a de paradigma. Com lan\u00e7amento previsto no final do ver\u00e3o, o novo C3 Aircross oferece uma nova vis\u00e3o do SUV compacto europeu num importante segmento de mercado. O novo modelo da marca chega ao mercado completamente reinventado para responder \u00e0s expectativas das fam\u00edlias, numa dimens\u00e3o completamente nova de estilo poderoso e assertivo, com mais espa\u00e7o a bordo e modularidade com capacidade para acolher at\u00e9 7 pessoas, motoriza\u00e7\u00f5es eletrificadas desde o h\u00edbrido ao 100% el\u00e9trico, bem como conforto e conectividade a bordo. Conhe\u00e7a os <a href=\"https:\/\/motorpor.pt\/en\/novos\/citroen\/\">modelos Citro\u00ebn dispon\u00edveis no nosso site<\/a>.<\/p>","protected":false},"excerpt":{"rendered":"<p>A Citro\u00ebn desvenda as primeiras imagens do novo C3 Aircross, que recebe uma altera\u00e7\u00e3o radical e entra numa nova dimens\u00e3o, com a ambi\u00e7\u00e3o de refor\u00e7ar a sua posi\u00e7\u00e3o num territ\u00f3rio muito competitivo. \u00a0 Com 4,39 metros de comprimento, o C3 Aircross cresceu para oferecer mais espa\u00e7o a bordo e uma lota\u00e7\u00e3o at\u00e9 7 lugares, mantendo-se [&hellip;]<\/p>\n","protected":false},"author":85,"featured_media":83267,"comment_status":"closed","ping_status":"open","sticky":false,"template":"","format":"standard","meta":{"_acf_changed":false,"footnotes":""},"categories":[2595,2594,2592,3087],"tags":[],"class_list":["post-83268","post","type-post","status-publish","format-standard","has-post-thumbnail","hentry","category-atualidade","category-destaques","category-noticias","category-noticias-citroen"],"acf":[],"yoast_head":"<!-- This site is optimized with the Yoast SEO plugin v27.5 - https:\/\/yoast.com\/product\/yoast-seo-wordpress\/ -->\n<title>Citro\u00ebn lan\u00e7a novo C3 Aircross com 7 lugares - Motorpor<\/title>\n<meta name=\"robots\" content=\"index, follow, max-snippet:-1, max-image-preview:large, max-video-preview:-1\" \/>\n<link rel=\"canonical\" href=\"https:\/\/motorpor.pt\/en\/citroen-lanca-novo-c3-aircross-com-7-lugares\/\" \/>\n<meta property=\"og:locale\" content=\"en_US\" \/>\n<meta property=\"og:type\" content=\"article\" \/>\n<meta property=\"og:title\" content=\"Citro\u00ebn lan\u00e7a novo C3 Aircross com 7 lugares - Motorpor\" \/>\n<meta property=\"og:description\" content=\"A Citro\u00ebn desvenda as primeiras imagens do novo C3 Aircross, que recebe uma altera\u00e7\u00e3o radical e entra numa nova dimens\u00e3o, com a ambi\u00e7\u00e3o de refor\u00e7ar a sua posi\u00e7\u00e3o num territ\u00f3rio muito competitivo. \u00a0 Com 4,39 metros de comprimento, o C3 Aircross cresceu para oferecer mais espa\u00e7o a bordo e uma lota\u00e7\u00e3o at\u00e9 7 lugares, mantendo-se [&hellip;]\" \/>\n<meta property=\"og:url\" content=\"https:\/\/motorpor.pt\/en\/citroen-lanca-novo-c3-aircross-com-7-lugares\/\" \/>\n<meta property=\"og:site_name\" content=\"Motorpor\" \/>\n<meta property=\"article:published_time\" content=\"2024-04-22T10:19:27+00:00\" \/>\n<meta property=\"article:modified_time\" content=\"2024-07-17T13:29:01+00:00\" \/>\n<meta property=\"og:image\" content=\"https:\/\/motorpor.pt\/wp-content\/uploads\/2024\/04\/NewCitronC3AIRCROSS_34Front_Full-1024x1024-1.png\" \/>\n\t<meta property=\"og:image:width\" content=\"1024\" \/>\n\t<meta property=\"og:image:height\" content=\"1024\" \/>\n\t<meta property=\"og:image:type\" content=\"image\/png\" \/>\n<meta name=\"author\" content=\"mktmotorpor\" \/>\n<meta name=\"twitter:card\" content=\"summary_large_image\" \/>\n<meta name=\"twitter:label1\" content=\"Written by\" \/>\n\t<meta name=\"twitter:data1\" content=\"mktmotorpor\" \/>\n\t<meta name=\"twitter:label2\" content=\"Est. reading time\" \/>\n\t<meta name=\"twitter:data2\" content=\"2 minutes\" \/>\n<script type=\"application\/ld+json\" class=\"yoast-schema-graph\">{\"@context\":\"https:\\\/\\\/schema.org\",\"@graph\":[{\"@type\":\"Article\",\"@id\":\"https:\\\/\\\/motorpor.pt\\\/citroen-lanca-novo-c3-aircross-com-7-lugares\\\/#article\",\"isPartOf\":{\"@id\":\"https:\\\/\\\/motorpor.pt\\\/citroen-lanca-novo-c3-aircross-com-7-lugares\\\/\"},\"author\":{\"name\":\"mktmotorpor\",\"@id\":\"https:\\\/\\\/motorpor.pt\\\/#\\\/schema\\\/person\\\/b4bf07144e88efed7388a5af30522db7\"},\"headline\":\"Citro\u00ebn lan\u00e7a novo C3 Aircross com 7 lugares\",\"datePublished\":\"2024-04-22T10:19:27+00:00\",\"dateModified\":\"2024-07-17T13:29:01+00:00\",\"mainEntityOfPage\":{\"@id\":\"https:\\\/\\\/motorpor.pt\\\/citroen-lanca-novo-c3-aircross-com-7-lugares\\\/\"},\"wordCount\":330,\"publisher\":{\"@id\":\"https:\\\/\\\/motorpor.pt\\\/#organization\"},\"image\":{\"@id\":\"https:\\\/\\\/motorpor.pt\\\/citroen-lanca-novo-c3-aircross-com-7-lugares\\\/#primaryimage\"},\"thumbnailUrl\":\"https:\\\/\\\/motorpor.pt\\\/wp-content\\\/uploads\\\/2024\\\/04\\\/NewCitronC3AIRCROSS_34Front_Full-1.png\",\"articleSection\":[\"Atualidade\",\"Destaques\",\"Not\u00edcias\",\"Not\u00edcias Citro\u00ebn\"],\"inLanguage\":\"en-US\"},{\"@type\":\"WebPage\",\"@id\":\"https:\\\/\\\/motorpor.pt\\\/citroen-lanca-novo-c3-aircross-com-7-lugares\\\/\",\"url\":\"https:\\\/\\\/motorpor.pt\\\/citroen-lanca-novo-c3-aircross-com-7-lugares\\\/\",\"name\":\"Citro\u00ebn lan\u00e7a novo C3 Aircross com 7 lugares - Motorpor\",\"isPartOf\":{\"@id\":\"https:\\\/\\\/motorpor.pt\\\/#website\"},\"primaryImageOfPage\":{\"@id\":\"https:\\\/\\\/motorpor.pt\\\/citroen-lanca-novo-c3-aircross-com-7-lugares\\\/#primaryimage\"},\"image\":{\"@id\":\"https:\\\/\\\/motorpor.pt\\\/citroen-lanca-novo-c3-aircross-com-7-lugares\\\/#primaryimage\"},\"thumbnailUrl\":\"https:\\\/\\\/motorpor.pt\\\/wp-content\\\/uploads\\\/2024\\\/04\\\/NewCitronC3AIRCROSS_34Front_Full-1.png\",\"datePublished\":\"2024-04-22T10:19:27+00:00\",\"dateModified\":\"2024-07-17T13:29:01+00:00\",\"breadcrumb\":{\"@id\":\"https:\\\/\\\/motorpor.pt\\\/citroen-lanca-novo-c3-aircross-com-7-lugares\\\/#breadcrumb\"},\"inLanguage\":\"en-US\",\"potentialAction\":[{\"@type\":\"ReadAction\",\"target\":[\"https:\\\/\\\/motorpor.pt\\\/citroen-lanca-novo-c3-aircross-com-7-lugares\\\/\"]}]},{\"@type\":\"ImageObject\",\"inLanguage\":\"en-US\",\"@id\":\"https:\\\/\\\/motorpor.pt\\\/citroen-lanca-novo-c3-aircross-com-7-lugares\\\/#primaryimage\",\"url\":\"https:\\\/\\\/motorpor.pt\\\/wp-content\\\/uploads\\\/2024\\\/04\\\/NewCitronC3AIRCROSS_34Front_Full-1.png\",\"contentUrl\":\"https:\\\/\\\/motorpor.pt\\\/wp-content\\\/uploads\\\/2024\\\/04\\\/NewCitronC3AIRCROSS_34Front_Full-1.png\",\"width\":4000,\"height\":4000},{\"@type\":\"BreadcrumbList\",\"@id\":\"https:\\\/\\\/motorpor.pt\\\/citroen-lanca-novo-c3-aircross-com-7-lugares\\\/#breadcrumb\",\"itemListElement\":[{\"@type\":\"ListItem\",\"position\":1,\"name\":\"In\u00edcio\",\"item\":\"https:\\\/\\\/motorpor.pt\\\/\"},{\"@type\":\"ListItem\",\"position\":2,\"name\":\"Citro\u00ebn lan\u00e7a novo C3 Aircross com 7 lugares\"}]},{\"@type\":\"WebSite\",\"@id\":\"https:\\\/\\\/motorpor.pt\\\/#website\",\"url\":\"https:\\\/\\\/motorpor.pt\\\/\",\"name\":\"Motorpor\",\"description\":\"Comercio de Autom\u00f3veis Multimarcas\",\"publisher\":{\"@id\":\"https:\\\/\\\/motorpor.pt\\\/#organization\"},\"potentialAction\":[{\"@type\":\"SearchAction\",\"target\":{\"@type\":\"EntryPoint\",\"urlTemplate\":\"https:\\\/\\\/motorpor.pt\\\/?s={search_term_string}\"},\"query-input\":{\"@type\":\"PropertyValueSpecification\",\"valueRequired\":true,\"valueName\":\"search_term_string\"}}],\"inLanguage\":\"en-US\"},{\"@type\":\"Organization\",\"@id\":\"https:\\\/\\\/motorpor.pt\\\/#organization\",\"name\":\"Motorpor\",\"alternateName\":\"Motorpor\",\"url\":\"https:\\\/\\\/motorpor.pt\\\/\",\"logo\":{\"@type\":\"ImageObject\",\"inLanguage\":\"en-US\",\"@id\":\"https:\\\/\\\/motorpor.pt\\\/#\\\/schema\\\/logo\\\/image\\\/\",\"url\":\"https:\\\/\\\/motorpor.pt\\\/wp-content\\\/uploads\\\/2024\\\/07\\\/Logo-Motorpor-Preto.svg\",\"contentUrl\":\"https:\\\/\\\/motorpor.pt\\\/wp-content\\\/uploads\\\/2024\\\/07\\\/Logo-Motorpor-Preto.svg\",\"width\":493,\"height\":93,\"caption\":\"Motorpor\"},\"image\":{\"@id\":\"https:\\\/\\\/motorpor.pt\\\/#\\\/schema\\\/logo\\\/image\\\/\"},\"sameAs\":[\"https:\\\/\\\/www.linkedin.com\\\/company\\\/grupo-motorpor\"]},{\"@type\":\"Person\",\"@id\":\"https:\\\/\\\/motorpor.pt\\\/#\\\/schema\\\/person\\\/b4bf07144e88efed7388a5af30522db7\",\"name\":\"mktmotorpor\",\"image\":{\"@type\":\"ImageObject\",\"inLanguage\":\"en-US\",\"@id\":\"https:\\\/\\\/secure.gravatar.com\\\/avatar\\\/8418b61b3175dbba0a8744cf0ee6bb5c7a9f6c67f1dbc4f41a62d7b9738259a2?s=96&d=mm&r=g\",\"url\":\"https:\\\/\\\/secure.gravatar.com\\\/avatar\\\/8418b61b3175dbba0a8744cf0ee6bb5c7a9f6c67f1dbc4f41a62d7b9738259a2?s=96&d=mm&r=g\",\"contentUrl\":\"https:\\\/\\\/secure.gravatar.com\\\/avatar\\\/8418b61b3175dbba0a8744cf0ee6bb5c7a9f6c67f1dbc4f41a62d7b9738259a2?s=96&d=mm&r=g\",\"caption\":\"mktmotorpor\"},\"url\":\"https:\\\/\\\/motorpor.pt\\\/en\\\/user\\\/mktmotorpor\\\/\"}]}<\/script>\n<!-- \/ Yoast SEO plugin. -->","yoast_head_json":{"title":"Citro\u00ebn lan\u00e7a novo C3 Aircross com 7 lugares - Motorpor","robots":{"index":"index","follow":"follow","max-snippet":"max-snippet:-1","max-image-preview":"max-image-preview:large","max-video-preview":"max-video-preview:-1"},"canonical":"https:\/\/motorpor.pt\/en\/citroen-lanca-novo-c3-aircross-com-7-lugares\/","og_locale":"en_US","og_type":"article","og_title":"Citro\u00ebn lan\u00e7a novo C3 Aircross com 7 lugares - Motorpor","og_description":"A Citro\u00ebn desvenda as primeiras imagens do novo C3 Aircross, que recebe uma altera\u00e7\u00e3o radical e entra numa nova dimens\u00e3o, com a ambi\u00e7\u00e3o de refor\u00e7ar a sua posi\u00e7\u00e3o num territ\u00f3rio muito competitivo. \u00a0 Com 4,39 metros de comprimento, o C3 Aircross cresceu para oferecer mais espa\u00e7o a bordo e uma lota\u00e7\u00e3o at\u00e9 7 lugares, mantendo-se [&hellip;]","og_url":"https:\/\/motorpor.pt\/en\/citroen-lanca-novo-c3-aircross-com-7-lugares\/","og_site_name":"Motorpor","article_published_time":"2024-04-22T10:19:27+00:00","article_modified_time":"2024-07-17T13:29:01+00:00","og_image":[{"width":1024,"height":1024,"url":"https:\/\/motorpor.pt\/wp-content\/uploads\/2024\/04\/NewCitronC3AIRCROSS_34Front_Full-1024x1024-1.png","type":"image\/png"}],"author":"mktmotorpor","twitter_card":"summary_large_image","twitter_misc":{"Written by":"mktmotorpor","Est. reading time":"2 minutes"},"schema":{"@context":"https:\/\/schema.org","@graph":[{"@type":"Article","@id":"https:\/\/motorpor.pt\/citroen-lanca-novo-c3-aircross-com-7-lugares\/#article","isPartOf":{"@id":"https:\/\/motorpor.pt\/citroen-lanca-novo-c3-aircross-com-7-lugares\/"},"author":{"name":"mktmotorpor","@id":"https:\/\/motorpor.pt\/#\/schema\/person\/b4bf07144e88efed7388a5af30522db7"},"headline":"Citro\u00ebn lan\u00e7a novo C3 Aircross com 7 lugares","datePublished":"2024-04-22T10:19:27+00:00","dateModified":"2024-07-17T13:29:01+00:00","mainEntityOfPage":{"@id":"https:\/\/motorpor.pt\/citroen-lanca-novo-c3-aircross-com-7-lugares\/"},"wordCount":330,"publisher":{"@id":"https:\/\/motorpor.pt\/#organization"},"image":{"@id":"https:\/\/motorpor.pt\/citroen-lanca-novo-c3-aircross-com-7-lugares\/#primaryimage"},"thumbnailUrl":"https:\/\/motorpor.pt\/wp-content\/uploads\/2024\/04\/NewCitronC3AIRCROSS_34Front_Full-1.png","articleSection":["Atualidade","Destaques","Not\u00edcias","Not\u00edcias Citro\u00ebn"],"inLanguage":"en-US"},{"@type":"WebPage","@id":"https:\/\/motorpor.pt\/citroen-lanca-novo-c3-aircross-com-7-lugares\/","url":"https:\/\/motorpor.pt\/citroen-lanca-novo-c3-aircross-com-7-lugares\/","name":"Citro\u00ebn lan\u00e7a novo C3 Aircross com 7 lugares - Motorpor","isPartOf":{"@id":"https:\/\/motorpor.pt\/#website"},"primaryImageOfPage":{"@id":"https:\/\/motorpor.pt\/citroen-lanca-novo-c3-aircross-com-7-lugares\/#primaryimage"},"image":{"@id":"https:\/\/motorpor.pt\/citroen-lanca-novo-c3-aircross-com-7-lugares\/#primaryimage"},"thumbnailUrl":"https:\/\/motorpor.pt\/wp-content\/uploads\/2024\/04\/NewCitronC3AIRCROSS_34Front_Full-1.png","datePublished":"2024-04-22T10:19:27+00:00","dateModified":"2024-07-17T13:29:01+00:00","breadcrumb":{"@id":"https:\/\/motorpor.pt\/citroen-lanca-novo-c3-aircross-com-7-lugares\/#breadcrumb"},"inLanguage":"en-US","potentialAction":[{"@type":"ReadAction","target":["https:\/\/motorpor.pt\/citroen-lanca-novo-c3-aircross-com-7-lugares\/"]}]},{"@type":"ImageObject","inLanguage":"en-US","@id":"https:\/\/motorpor.pt\/citroen-lanca-novo-c3-aircross-com-7-lugares\/#primaryimage","url":"https:\/\/motorpor.pt\/wp-content\/uploads\/2024\/04\/NewCitronC3AIRCROSS_34Front_Full-1.png","contentUrl":"https:\/\/motorpor.pt\/wp-content\/uploads\/2024\/04\/NewCitronC3AIRCROSS_34Front_Full-1.png","width":4000,"height":4000},{"@type":"BreadcrumbList","@id":"https:\/\/motorpor.pt\/citroen-lanca-novo-c3-aircross-com-7-lugares\/#breadcrumb","itemListElement":[{"@type":"ListItem","position":1,"name":"In\u00edcio","item":"https:\/\/motorpor.pt\/"},{"@type":"ListItem","position":2,"name":"Citro\u00ebn lan\u00e7a novo C3 Aircross com 7 lugares"}]},{"@type":"WebSite","@id":"https:\/\/motorpor.pt\/#website","url":"https:\/\/motorpor.pt\/","name":"motorpor","description":"Comercio de Autom\u00f3veis Multimarcas","publisher":{"@id":"https:\/\/motorpor.pt\/#organization"},"potentialAction":[{"@type":"SearchAction","target":{"@type":"EntryPoint","urlTemplate":"https:\/\/motorpor.pt\/?s={search_term_string}"},"query-input":{"@type":"PropertyValueSpecification","valueRequired":true,"valueName":"search_term_string"}}],"inLanguage":"en-US"},{"@type":"Organization","@id":"https:\/\/motorpor.pt\/#organization","name":"motorpor","alternateName":"Motorpor","url":"https:\/\/motorpor.pt\/","logo":{"@type":"ImageObject","inLanguage":"en-US","@id":"https:\/\/motorpor.pt\/#\/schema\/logo\/image\/","url":"https:\/\/motorpor.pt\/wp-content\/uploads\/2024\/07\/Logo-Motorpor-Preto.svg","contentUrl":"https:\/\/motorpor.pt\/wp-content\/uploads\/2024\/07\/Logo-Motorpor-Preto.svg","width":493,"height":93,"caption":"Motorpor"},"image":{"@id":"https:\/\/motorpor.pt\/#\/schema\/logo\/image\/"},"sameAs":["https:\/\/www.linkedin.com\/company\/grupo-motorpor"]},{"@type":"Person","@id":"https:\/\/motorpor.pt\/#\/schema\/person\/b4bf07144e88efed7388a5af30522db7","name":"mktmotorpor","image":{"@type":"ImageObject","inLanguage":"en-US","@id":"https:\/\/secure.gravatar.com\/avatar\/8418b61b3175dbba0a8744cf0ee6bb5c7a9f6c67f1dbc4f41a62d7b9738259a2?s=96&d=mm&r=g","url":"https:\/\/secure.gravatar.com\/avatar\/8418b61b3175dbba0a8744cf0ee6bb5c7a9f6c67f1dbc4f41a62d7b9738259a2?s=96&d=mm&r=g","contentUrl":"https:\/\/secure.gravatar.com\/avatar\/8418b61b3175dbba0a8744cf0ee6bb5c7a9f6c67f1dbc4f41a62d7b9738259a2?s=96&d=mm&r=g","caption":"mktmotorpor"},"url":"https:\/\/motorpor.pt\/en\/user\/mktmotorpor\/"}]}},"_links":{"self":[{"href":"https:\/\/motorpor.pt\/en\/wp-json\/wp\/v2\/posts\/83268","targetHints":{"allow":["GET"]}}],"collection":[{"href":"https:\/\/motorpor.pt\/en\/wp-json\/wp\/v2\/posts"}],"about":[{"href":"https:\/\/motorpor.pt\/en\/wp-json\/wp\/v2\/types\/post"}],"author":[{"embeddable":true,"href":"https:\/\/motorpor.pt\/en\/wp-json\/wp\/v2\/users\/85"}],"replies":[{"embeddable":true,"href":"https:\/\/motorpor.pt\/en\/wp-json\/wp\/v2\/comments?post=83268"}],"version-history":[{"count":2,"href":"https:\/\/motorpor.pt\/en\/wp-json\/wp\/v2\/posts\/83268\/revisions"}],"predecessor-version":[{"id":90216,"href":"https:\/\/motorpor.pt\/en\/wp-json\/wp\/v2\/posts\/83268\/revisions\/90216"}],"wp:featuredmedia":[{"embeddable":true,"href":"https:\/\/motorpor.pt\/en\/wp-json\/wp\/v2\/media\/83267"}],"wp:attachment":[{"href":"https:\/\/motorpor.pt\/en\/wp-json\/wp\/v2\/media?parent=83268"}],"wp:term":[{"taxonomy":"category","embeddable":true,"href":"https:\/\/motorpor.pt\/en\/wp-json\/wp\/v2\/categories?post=83268"},{"taxonomy":"post_tag","embeddable":true,"href":"https:\/\/motorpor.pt\/en\/wp-json\/wp\/v2\/tags?post=83268"}],"curies":[{"name":"wp","href":"https:\/\/api.w.org\/{rel}","templated":true}]}}