{"id":83641,"date":"2024-04-29T00:00:00","date_gmt":"2024-04-28T23:00:00","guid":{"rendered":"https:\/\/motorpor.pt\/mais-espaco-mais-tecnologia-mais-barato-citroen-c3\/"},"modified":"2024-07-17T14:26:10","modified_gmt":"2024-07-17T13:26:10","slug":"mais-espaco-mais-tecnologia-mais-barato-citroen-c3","status":"publish","type":"post","link":"https:\/\/motorpor.pt\/en\/mais-espaco-mais-tecnologia-mais-barato-citroen-c3\/","title":{"rendered":"Citro\u00ebn C3: Mais espa\u00e7o, mais tecnologia, mais barato"},"content":{"rendered":"<h5>A nova gera\u00e7\u00e3o do C3 aplica conceitos de simplicidade sem prescindir da tecnologia e est\u00e1 dispon\u00edvel a partir de 14.990\u20ac.<\/h5>\n<p>\u00a0<\/p>\n<p>O Citro\u00ebn C3 \u00e9 apresentado com mais espa\u00e7o, mais tecnologia e mais barato. Os 14.990\u20ac, pre\u00e7o inicial de venda, correspondem \u00e0 mec\u00e2nica assente num bloco a gasolina de 1,2 litros a debitar 100cv acompanhados de uma caixa de velocidades manual, na vers\u00e3o de equipamento You. Para quem valoriza a conectividade, \u00e9 importante saber que o modelo da marca traz o novo Citro\u00ebn Head Up Display e a Smartphone Station.<\/p>\n<p>A maior aposta foi feita no conforto, com a suspens\u00e3o Citro\u00ebn Advanced Comfort, de duplo batente hidr\u00e1ulico progressivo que ajuda, afirma a empresa, a \u201cneutralizar as irregularidades da estrada e na transposi\u00e7\u00e3o de lombas\u201d. A acrescentar bem-estar, h\u00e1 novos bancos, redesenhados e com melhor apoio lateral, al\u00e9m de espuma adicional.<\/p>\n<p>A vers\u00e3o Max, dispon\u00edvel desde 19.200\u20ac, est\u00e1 equipada com um ecr\u00e3 t\u00e1ctil de 10,25 polegadas, que d\u00e1 acesso ao sistema de infoentretenimento da marca. O modelo inclui, ainda, pintura bitom, barras de tejadilho decorativas, jantes de liga leve de 17\u2019\u2019, luzes traseiras LED e vidros traseiros escurecidos.<\/p>\n<p>\u00a0<\/p>\n<p><img fetchpriority=\"high\" decoding=\"async\" class=\"size-full wp-image-83639\" src=\"https:\/\/motorpor.pt\/wp-content\/uploads\/2024\/04\/1898882.jpeg\" alt=\"\" width=\"1850\" height=\"1237\" srcset=\"https:\/\/motorpor.pt\/wp-content\/uploads\/2024\/04\/1898882.jpeg 1850w, https:\/\/motorpor.pt\/wp-content\/uploads\/2024\/04\/1898882-300x201.jpeg 300w, https:\/\/motorpor.pt\/wp-content\/uploads\/2024\/04\/1898882-1024x685.jpeg 1024w, https:\/\/motorpor.pt\/wp-content\/uploads\/2024\/04\/1898882-768x514.jpeg 768w, https:\/\/motorpor.pt\/wp-content\/uploads\/2024\/04\/1898882-1536x1027.jpeg 1536w, https:\/\/motorpor.pt\/wp-content\/uploads\/2024\/04\/1898882-18x12.jpeg 18w, https:\/\/motorpor.pt\/wp-content\/uploads\/2024\/04\/1898882-200x134.jpeg 200w, https:\/\/motorpor.pt\/wp-content\/uploads\/2024\/04\/1898882-165x110.jpeg 165w\" sizes=\"(max-width: 1850px) 100vw, 1850px\" \/><\/p>\n<p>\u00a0<\/p>\n<p>A maior novidade assenta no grupo propulsor h\u00edbrido, o Hybrid 100. Com motor a gasolina tricil\u00edndrico e sistema h\u00edbrido de 48V, a debitar 100cv, este modelo distingue-se por estrear uma nova caixa de velocidades electrificada de dupla embraiagem, a \u00eb-DCS6, que integra um motor el\u00e9ctrico de 21 kW. As encomendas deste novo modelo dever\u00e3o arrancar no fim do ano, sem que tenham sido comunicados pre\u00e7os.<\/p>\n<p>Descubra as <a href=\"https:\/\/motorpor.pt\/en\/novos\/citroen\/\">viaturas Citro\u00ebn dispon\u00edveis no<\/a> nosso site.<\/p>","protected":false},"excerpt":{"rendered":"<p>A nova gera\u00e7\u00e3o do C3 aplica conceitos de simplicidade sem prescindir da tecnologia e est\u00e1 dispon\u00edvel a partir de 14.990\u20ac. \u00a0 O Citro\u00ebn C3 \u00e9 apresentado com mais espa\u00e7o, mais tecnologia e mais barato. Os 14.990\u20ac, pre\u00e7o inicial de venda, correspondem \u00e0 mec\u00e2nica assente num bloco a gasolina de 1,2 litros a debitar 100cv acompanhados [&hellip;]<\/p>\n","protected":false},"author":85,"featured_media":83640,"comment_status":"closed","ping_status":"open","sticky":false,"template":"","format":"standard","meta":{"_acf_changed":false,"footnotes":""},"categories":[2595,2594,2592,3087],"tags":[],"class_list":["post-83641","post","type-post","status-publish","format-standard","has-post-thumbnail","hentry","category-atualidade","category-destaques","category-noticias","category-noticias-citroen"],"acf":[],"yoast_head":"<!-- This site is optimized with the Yoast SEO plugin v27.5 - https:\/\/yoast.com\/product\/yoast-seo-wordpress\/ -->\n<title>Citro\u00ebn C3: Mais espa\u00e7o, mais tecnologia, mais barato - Motorpor<\/title>\n<meta name=\"robots\" content=\"index, follow, max-snippet:-1, max-image-preview:large, max-video-preview:-1\" \/>\n<link rel=\"canonical\" href=\"https:\/\/motorpor.pt\/en\/mais-espaco-mais-tecnologia-mais-barato-citroen-c3\/\" \/>\n<meta property=\"og:locale\" content=\"en_US\" \/>\n<meta property=\"og:type\" content=\"article\" \/>\n<meta property=\"og:title\" content=\"Citro\u00ebn C3: Mais espa\u00e7o, mais tecnologia, mais barato - Motorpor\" \/>\n<meta property=\"og:description\" content=\"A nova gera\u00e7\u00e3o do C3 aplica conceitos de simplicidade sem prescindir da tecnologia e est\u00e1 dispon\u00edvel a partir de 14.990\u20ac. \u00a0 O Citro\u00ebn C3 \u00e9 apresentado com mais espa\u00e7o, mais tecnologia e mais barato. Os 14.990\u20ac, pre\u00e7o inicial de venda, correspondem \u00e0 mec\u00e2nica assente num bloco a gasolina de 1,2 litros a debitar 100cv acompanhados [&hellip;]\" \/>\n<meta property=\"og:url\" content=\"https:\/\/motorpor.pt\/en\/mais-espaco-mais-tecnologia-mais-barato-citroen-c3\/\" \/>\n<meta property=\"og:site_name\" content=\"Motorpor\" \/>\n<meta property=\"article:published_time\" content=\"2024-04-28T23:00:00+00:00\" \/>\n<meta property=\"article:modified_time\" content=\"2024-07-17T13:26:10+00:00\" \/>\n<meta property=\"og:image\" content=\"https:\/\/motorpor.pt\/wp-content\/uploads\/2024\/04\/1898881-1.jpeg\" \/>\n\t<meta property=\"og:image:width\" content=\"1850\" \/>\n\t<meta property=\"og:image:height\" content=\"1087\" \/>\n\t<meta property=\"og:image:type\" content=\"image\/jpeg\" \/>\n<meta name=\"author\" content=\"mktmotorpor\" \/>\n<meta name=\"twitter:card\" content=\"summary_large_image\" \/>\n<meta name=\"twitter:label1\" content=\"Written by\" \/>\n\t<meta name=\"twitter:data1\" content=\"mktmotorpor\" \/>\n\t<meta name=\"twitter:label2\" content=\"Est. reading time\" \/>\n\t<meta name=\"twitter:data2\" content=\"1 minute\" \/>\n<script type=\"application\/ld+json\" class=\"yoast-schema-graph\">{\"@context\":\"https:\\\/\\\/schema.org\",\"@graph\":[{\"@type\":\"Article\",\"@id\":\"https:\\\/\\\/motorpor.pt\\\/mais-espaco-mais-tecnologia-mais-barato-citroen-c3\\\/#article\",\"isPartOf\":{\"@id\":\"https:\\\/\\\/motorpor.pt\\\/mais-espaco-mais-tecnologia-mais-barato-citroen-c3\\\/\"},\"author\":{\"name\":\"mktmotorpor\",\"@id\":\"https:\\\/\\\/motorpor.pt\\\/#\\\/schema\\\/person\\\/b4bf07144e88efed7388a5af30522db7\"},\"headline\":\"Citro\u00ebn C3: Mais espa\u00e7o, mais tecnologia, mais barato\",\"datePublished\":\"2024-04-28T23:00:00+00:00\",\"dateModified\":\"2024-07-17T13:26:10+00:00\",\"mainEntityOfPage\":{\"@id\":\"https:\\\/\\\/motorpor.pt\\\/mais-espaco-mais-tecnologia-mais-barato-citroen-c3\\\/\"},\"wordCount\":282,\"publisher\":{\"@id\":\"https:\\\/\\\/motorpor.pt\\\/#organization\"},\"image\":{\"@id\":\"https:\\\/\\\/motorpor.pt\\\/mais-espaco-mais-tecnologia-mais-barato-citroen-c3\\\/#primaryimage\"},\"thumbnailUrl\":\"https:\\\/\\\/motorpor.pt\\\/wp-content\\\/uploads\\\/2024\\\/04\\\/1898881-1.jpeg\",\"articleSection\":[\"Atualidade\",\"Destaques\",\"Not\u00edcias\",\"Not\u00edcias Citro\u00ebn\"],\"inLanguage\":\"en-US\"},{\"@type\":\"WebPage\",\"@id\":\"https:\\\/\\\/motorpor.pt\\\/mais-espaco-mais-tecnologia-mais-barato-citroen-c3\\\/\",\"url\":\"https:\\\/\\\/motorpor.pt\\\/mais-espaco-mais-tecnologia-mais-barato-citroen-c3\\\/\",\"name\":\"Citro\u00ebn C3: Mais espa\u00e7o, mais tecnologia, mais barato - Motorpor\",\"isPartOf\":{\"@id\":\"https:\\\/\\\/motorpor.pt\\\/#website\"},\"primaryImageOfPage\":{\"@id\":\"https:\\\/\\\/motorpor.pt\\\/mais-espaco-mais-tecnologia-mais-barato-citroen-c3\\\/#primaryimage\"},\"image\":{\"@id\":\"https:\\\/\\\/motorpor.pt\\\/mais-espaco-mais-tecnologia-mais-barato-citroen-c3\\\/#primaryimage\"},\"thumbnailUrl\":\"https:\\\/\\\/motorpor.pt\\\/wp-content\\\/uploads\\\/2024\\\/04\\\/1898881-1.jpeg\",\"datePublished\":\"2024-04-28T23:00:00+00:00\",\"dateModified\":\"2024-07-17T13:26:10+00:00\",\"breadcrumb\":{\"@id\":\"https:\\\/\\\/motorpor.pt\\\/mais-espaco-mais-tecnologia-mais-barato-citroen-c3\\\/#breadcrumb\"},\"inLanguage\":\"en-US\",\"potentialAction\":[{\"@type\":\"ReadAction\",\"target\":[\"https:\\\/\\\/motorpor.pt\\\/mais-espaco-mais-tecnologia-mais-barato-citroen-c3\\\/\"]}]},{\"@type\":\"ImageObject\",\"inLanguage\":\"en-US\",\"@id\":\"https:\\\/\\\/motorpor.pt\\\/mais-espaco-mais-tecnologia-mais-barato-citroen-c3\\\/#primaryimage\",\"url\":\"https:\\\/\\\/motorpor.pt\\\/wp-content\\\/uploads\\\/2024\\\/04\\\/1898881-1.jpeg\",\"contentUrl\":\"https:\\\/\\\/motorpor.pt\\\/wp-content\\\/uploads\\\/2024\\\/04\\\/1898881-1.jpeg\",\"width\":1850,\"height\":1087,\"caption\":\"Copyright William Crozes @ Continental Productions\"},{\"@type\":\"BreadcrumbList\",\"@id\":\"https:\\\/\\\/motorpor.pt\\\/mais-espaco-mais-tecnologia-mais-barato-citroen-c3\\\/#breadcrumb\",\"itemListElement\":[{\"@type\":\"ListItem\",\"position\":1,\"name\":\"In\u00edcio\",\"item\":\"https:\\\/\\\/motorpor.pt\\\/\"},{\"@type\":\"ListItem\",\"position\":2,\"name\":\"Citro\u00ebn C3: Mais espa\u00e7o, mais tecnologia, mais barato\"}]},{\"@type\":\"WebSite\",\"@id\":\"https:\\\/\\\/motorpor.pt\\\/#website\",\"url\":\"https:\\\/\\\/motorpor.pt\\\/\",\"name\":\"Motorpor\",\"description\":\"Comercio de Autom\u00f3veis Multimarcas\",\"publisher\":{\"@id\":\"https:\\\/\\\/motorpor.pt\\\/#organization\"},\"potentialAction\":[{\"@type\":\"SearchAction\",\"target\":{\"@type\":\"EntryPoint\",\"urlTemplate\":\"https:\\\/\\\/motorpor.pt\\\/?s={search_term_string}\"},\"query-input\":{\"@type\":\"PropertyValueSpecification\",\"valueRequired\":true,\"valueName\":\"search_term_string\"}}],\"inLanguage\":\"en-US\"},{\"@type\":\"Organization\",\"@id\":\"https:\\\/\\\/motorpor.pt\\\/#organization\",\"name\":\"Motorpor\",\"alternateName\":\"Motorpor\",\"url\":\"https:\\\/\\\/motorpor.pt\\\/\",\"logo\":{\"@type\":\"ImageObject\",\"inLanguage\":\"en-US\",\"@id\":\"https:\\\/\\\/motorpor.pt\\\/#\\\/schema\\\/logo\\\/image\\\/\",\"url\":\"https:\\\/\\\/motorpor.pt\\\/wp-content\\\/uploads\\\/2024\\\/07\\\/Logo-Motorpor-Preto.svg\",\"contentUrl\":\"https:\\\/\\\/motorpor.pt\\\/wp-content\\\/uploads\\\/2024\\\/07\\\/Logo-Motorpor-Preto.svg\",\"width\":493,\"height\":93,\"caption\":\"Motorpor\"},\"image\":{\"@id\":\"https:\\\/\\\/motorpor.pt\\\/#\\\/schema\\\/logo\\\/image\\\/\"},\"sameAs\":[\"https:\\\/\\\/www.linkedin.com\\\/company\\\/grupo-motorpor\"]},{\"@type\":\"Person\",\"@id\":\"https:\\\/\\\/motorpor.pt\\\/#\\\/schema\\\/person\\\/b4bf07144e88efed7388a5af30522db7\",\"name\":\"mktmotorpor\",\"image\":{\"@type\":\"ImageObject\",\"inLanguage\":\"en-US\",\"@id\":\"https:\\\/\\\/secure.gravatar.com\\\/avatar\\\/8418b61b3175dbba0a8744cf0ee6bb5c7a9f6c67f1dbc4f41a62d7b9738259a2?s=96&d=mm&r=g\",\"url\":\"https:\\\/\\\/secure.gravatar.com\\\/avatar\\\/8418b61b3175dbba0a8744cf0ee6bb5c7a9f6c67f1dbc4f41a62d7b9738259a2?s=96&d=mm&r=g\",\"contentUrl\":\"https:\\\/\\\/secure.gravatar.com\\\/avatar\\\/8418b61b3175dbba0a8744cf0ee6bb5c7a9f6c67f1dbc4f41a62d7b9738259a2?s=96&d=mm&r=g\",\"caption\":\"mktmotorpor\"},\"url\":\"https:\\\/\\\/motorpor.pt\\\/en\\\/user\\\/mktmotorpor\\\/\"}]}<\/script>\n<!-- \/ Yoast SEO plugin. -->","yoast_head_json":{"title":"Citro\u00ebn C3: Mais espa\u00e7o, mais tecnologia, mais barato - Motorpor","robots":{"index":"index","follow":"follow","max-snippet":"max-snippet:-1","max-image-preview":"max-image-preview:large","max-video-preview":"max-video-preview:-1"},"canonical":"https:\/\/motorpor.pt\/en\/mais-espaco-mais-tecnologia-mais-barato-citroen-c3\/","og_locale":"en_US","og_type":"article","og_title":"Citro\u00ebn C3: Mais espa\u00e7o, mais tecnologia, mais barato - Motorpor","og_description":"A nova gera\u00e7\u00e3o do C3 aplica conceitos de simplicidade sem prescindir da tecnologia e est\u00e1 dispon\u00edvel a partir de 14.990\u20ac. \u00a0 O Citro\u00ebn C3 \u00e9 apresentado com mais espa\u00e7o, mais tecnologia e mais barato. Os 14.990\u20ac, pre\u00e7o inicial de venda, correspondem \u00e0 mec\u00e2nica assente num bloco a gasolina de 1,2 litros a debitar 100cv acompanhados [&hellip;]","og_url":"https:\/\/motorpor.pt\/en\/mais-espaco-mais-tecnologia-mais-barato-citroen-c3\/","og_site_name":"Motorpor","article_published_time":"2024-04-28T23:00:00+00:00","article_modified_time":"2024-07-17T13:26:10+00:00","og_image":[{"width":1850,"height":1087,"url":"https:\/\/motorpor.pt\/wp-content\/uploads\/2024\/04\/1898881-1.jpeg","type":"image\/jpeg"}],"author":"mktmotorpor","twitter_card":"summary_large_image","twitter_misc":{"Written by":"mktmotorpor","Est. reading time":"1 minute"},"schema":{"@context":"https:\/\/schema.org","@graph":[{"@type":"Article","@id":"https:\/\/motorpor.pt\/mais-espaco-mais-tecnologia-mais-barato-citroen-c3\/#article","isPartOf":{"@id":"https:\/\/motorpor.pt\/mais-espaco-mais-tecnologia-mais-barato-citroen-c3\/"},"author":{"name":"mktmotorpor","@id":"https:\/\/motorpor.pt\/#\/schema\/person\/b4bf07144e88efed7388a5af30522db7"},"headline":"Citro\u00ebn C3: Mais espa\u00e7o, mais tecnologia, mais barato","datePublished":"2024-04-28T23:00:00+00:00","dateModified":"2024-07-17T13:26:10+00:00","mainEntityOfPage":{"@id":"https:\/\/motorpor.pt\/mais-espaco-mais-tecnologia-mais-barato-citroen-c3\/"},"wordCount":282,"publisher":{"@id":"https:\/\/motorpor.pt\/#organization"},"image":{"@id":"https:\/\/motorpor.pt\/mais-espaco-mais-tecnologia-mais-barato-citroen-c3\/#primaryimage"},"thumbnailUrl":"https:\/\/motorpor.pt\/wp-content\/uploads\/2024\/04\/1898881-1.jpeg","articleSection":["Atualidade","Destaques","Not\u00edcias","Not\u00edcias Citro\u00ebn"],"inLanguage":"en-US"},{"@type":"WebPage","@id":"https:\/\/motorpor.pt\/mais-espaco-mais-tecnologia-mais-barato-citroen-c3\/","url":"https:\/\/motorpor.pt\/mais-espaco-mais-tecnologia-mais-barato-citroen-c3\/","name":"Citro\u00ebn C3: Mais espa\u00e7o, mais tecnologia, mais barato - Motorpor","isPartOf":{"@id":"https:\/\/motorpor.pt\/#website"},"primaryImageOfPage":{"@id":"https:\/\/motorpor.pt\/mais-espaco-mais-tecnologia-mais-barato-citroen-c3\/#primaryimage"},"image":{"@id":"https:\/\/motorpor.pt\/mais-espaco-mais-tecnologia-mais-barato-citroen-c3\/#primaryimage"},"thumbnailUrl":"https:\/\/motorpor.pt\/wp-content\/uploads\/2024\/04\/1898881-1.jpeg","datePublished":"2024-04-28T23:00:00+00:00","dateModified":"2024-07-17T13:26:10+00:00","breadcrumb":{"@id":"https:\/\/motorpor.pt\/mais-espaco-mais-tecnologia-mais-barato-citroen-c3\/#breadcrumb"},"inLanguage":"en-US","potentialAction":[{"@type":"ReadAction","target":["https:\/\/motorpor.pt\/mais-espaco-mais-tecnologia-mais-barato-citroen-c3\/"]}]},{"@type":"ImageObject","inLanguage":"en-US","@id":"https:\/\/motorpor.pt\/mais-espaco-mais-tecnologia-mais-barato-citroen-c3\/#primaryimage","url":"https:\/\/motorpor.pt\/wp-content\/uploads\/2024\/04\/1898881-1.jpeg","contentUrl":"https:\/\/motorpor.pt\/wp-content\/uploads\/2024\/04\/1898881-1.jpeg","width":1850,"height":1087,"caption":"Copyright William Crozes @ Continental Productions"},{"@type":"BreadcrumbList","@id":"https:\/\/motorpor.pt\/mais-espaco-mais-tecnologia-mais-barato-citroen-c3\/#breadcrumb","itemListElement":[{"@type":"ListItem","position":1,"name":"In\u00edcio","item":"https:\/\/motorpor.pt\/"},{"@type":"ListItem","position":2,"name":"Citro\u00ebn C3: Mais espa\u00e7o, mais tecnologia, mais barato"}]},{"@type":"WebSite","@id":"https:\/\/motorpor.pt\/#website","url":"https:\/\/motorpor.pt\/","name":"motorpor","description":"Comercio de Autom\u00f3veis Multimarcas","publisher":{"@id":"https:\/\/motorpor.pt\/#organization"},"potentialAction":[{"@type":"SearchAction","target":{"@type":"EntryPoint","urlTemplate":"https:\/\/motorpor.pt\/?s={search_term_string}"},"query-input":{"@type":"PropertyValueSpecification","valueRequired":true,"valueName":"search_term_string"}}],"inLanguage":"en-US"},{"@type":"Organization","@id":"https:\/\/motorpor.pt\/#organization","name":"motorpor","alternateName":"Motorpor","url":"https:\/\/motorpor.pt\/","logo":{"@type":"ImageObject","inLanguage":"en-US","@id":"https:\/\/motorpor.pt\/#\/schema\/logo\/image\/","url":"https:\/\/motorpor.pt\/wp-content\/uploads\/2024\/07\/Logo-Motorpor-Preto.svg","contentUrl":"https:\/\/motorpor.pt\/wp-content\/uploads\/2024\/07\/Logo-Motorpor-Preto.svg","width":493,"height":93,"caption":"Motorpor"},"image":{"@id":"https:\/\/motorpor.pt\/#\/schema\/logo\/image\/"},"sameAs":["https:\/\/www.linkedin.com\/company\/grupo-motorpor"]},{"@type":"Person","@id":"https:\/\/motorpor.pt\/#\/schema\/person\/b4bf07144e88efed7388a5af30522db7","name":"mktmotorpor","image":{"@type":"ImageObject","inLanguage":"en-US","@id":"https:\/\/secure.gravatar.com\/avatar\/8418b61b3175dbba0a8744cf0ee6bb5c7a9f6c67f1dbc4f41a62d7b9738259a2?s=96&d=mm&r=g","url":"https:\/\/secure.gravatar.com\/avatar\/8418b61b3175dbba0a8744cf0ee6bb5c7a9f6c67f1dbc4f41a62d7b9738259a2?s=96&d=mm&r=g","contentUrl":"https:\/\/secure.gravatar.com\/avatar\/8418b61b3175dbba0a8744cf0ee6bb5c7a9f6c67f1dbc4f41a62d7b9738259a2?s=96&d=mm&r=g","caption":"mktmotorpor"},"url":"https:\/\/motorpor.pt\/en\/user\/mktmotorpor\/"}]}},"_links":{"self":[{"href":"https:\/\/motorpor.pt\/en\/wp-json\/wp\/v2\/posts\/83641","targetHints":{"allow":["GET"]}}],"collection":[{"href":"https:\/\/motorpor.pt\/en\/wp-json\/wp\/v2\/posts"}],"about":[{"href":"https:\/\/motorpor.pt\/en\/wp-json\/wp\/v2\/types\/post"}],"author":[{"embeddable":true,"href":"https:\/\/motorpor.pt\/en\/wp-json\/wp\/v2\/users\/85"}],"replies":[{"embeddable":true,"href":"https:\/\/motorpor.pt\/en\/wp-json\/wp\/v2\/comments?post=83641"}],"version-history":[{"count":3,"href":"https:\/\/motorpor.pt\/en\/wp-json\/wp\/v2\/posts\/83641\/revisions"}],"predecessor-version":[{"id":90215,"href":"https:\/\/motorpor.pt\/en\/wp-json\/wp\/v2\/posts\/83641\/revisions\/90215"}],"wp:featuredmedia":[{"embeddable":true,"href":"https:\/\/motorpor.pt\/en\/wp-json\/wp\/v2\/media\/83640"}],"wp:attachment":[{"href":"https:\/\/motorpor.pt\/en\/wp-json\/wp\/v2\/media?parent=83641"}],"wp:term":[{"taxonomy":"category","embeddable":true,"href":"https:\/\/motorpor.pt\/en\/wp-json\/wp\/v2\/categories?post=83641"},{"taxonomy":"post_tag","embeddable":true,"href":"https:\/\/motorpor.pt\/en\/wp-json\/wp\/v2\/tags?post=83641"}],"curies":[{"name":"wp","href":"https:\/\/api.w.org\/{rel}","templated":true}]}}