{"id":84558,"date":"2024-05-13T17:30:30","date_gmt":"2024-05-13T16:30:30","guid":{"rendered":"https:\/\/motorpor.pt\/citroen-rally-team-garante-segundo-lugar-do-cpr-no-rally-de-portugal\/"},"modified":"2024-05-14T10:01:52","modified_gmt":"2024-05-14T09:01:52","slug":"citroen-rally-team-garante-segundo-lugar-do-cpr-no-rally-de-portugal","status":"publish","type":"post","link":"https:\/\/motorpor.pt\/en\/citroen-rally-team-garante-segundo-lugar-do-cpr-no-rally-de-portugal\/","title":{"rendered":"Citro\u00ebn Rally Team garante segundo lugar do CPR no Rally de Portugal."},"content":{"rendered":"<h5>Jos\u00e9 Pedro Fontes e In\u00eas Ponte foram os melhores portugueses do Campeonato Nacional no Rally de Portugal<\/h5>\n<p>A dupla Jos\u00e9 Pedro Fontes e In\u00eas Ponte terminou no p\u00f3dio, e na lideran\u00e7a da classifica\u00e7\u00e3o dos portugueses no CPR, a etapa que compunha a quarta jornada pontu\u00e1vel para o Campeonato de Portugal de Ralis. Sempre com um andamento muito forte, que os colocou invariavelmente entre os mais r\u00e1pidos no CPR, a dupla conseguiu ultrapassar os mais duros obst\u00e1culos que o Rally de Portugal lhes proporcionou.<\/p>\n<p>O Citro\u00ebn C3 Rally2 esteve \u00e0 altura das maiores exig\u00eancias e a equipa regressou ao Porto com a sensa\u00e7\u00e3o de &#8220;dever cumprido&#8221;. A luta pelos lugares do p\u00f3dio esteve bem viva durante toda a etapa e foi com um ataque forte nos cerca de 18 quil\u00f3metros da derradeira especial (segunda volta no tro\u00e7o de Mort\u00e1gua) que Jos\u00e9 Pedro Fontes garantiu o segundo posto na etapa da prova do CPR.<\/p>\n<div id='gallery-1' class='gallery galleryid-84558 gallery-columns-3 gallery-size-full'><figure class='gallery-item'>\n\t\t\t<div class='gallery-icon landscape'>\n\t\t\t\t<a href='https:\/\/motorpor.pt\/en\/r6jg5965\/'><img fetchpriority=\"high\" decoding=\"async\" width=\"2560\" height=\"1707\" src=\"https:\/\/motorpor.pt\/wp-content\/uploads\/2024\/05\/R6JG5965-scaled.jpg\" class=\"attachment-full size-full\" alt=\"\" srcset=\"https:\/\/motorpor.pt\/wp-content\/uploads\/2024\/05\/R6JG5965-scaled.jpg 2560w, https:\/\/motorpor.pt\/wp-content\/uploads\/2024\/05\/R6JG5965-300x200.jpg 300w, https:\/\/motorpor.pt\/wp-content\/uploads\/2024\/05\/R6JG5965-1024x683.jpg 1024w, https:\/\/motorpor.pt\/wp-content\/uploads\/2024\/05\/R6JG5965-768x512.jpg 768w, https:\/\/motorpor.pt\/wp-content\/uploads\/2024\/05\/R6JG5965-1536x1024.jpg 1536w, https:\/\/motorpor.pt\/wp-content\/uploads\/2024\/05\/R6JG5965-2048x1365.jpg 2048w, https:\/\/motorpor.pt\/wp-content\/uploads\/2024\/05\/R6JG5965-18x12.jpg 18w, https:\/\/motorpor.pt\/wp-content\/uploads\/2024\/05\/R6JG5965-200x133.jpg 200w, https:\/\/motorpor.pt\/wp-content\/uploads\/2024\/05\/R6JG5965-165x110.jpg 165w\" sizes=\"(max-width: 2560px) 100vw, 2560px\" \/><\/a>\n\t\t\t<\/div><\/figure><figure class='gallery-item'>\n\t\t\t<div class='gallery-icon landscape'>\n\t\t\t\t<a href='https:\/\/motorpor.pt\/en\/r7jg6269\/'><img decoding=\"async\" width=\"2560\" height=\"1707\" src=\"https:\/\/motorpor.pt\/wp-content\/uploads\/2024\/05\/R7JG6269-scaled.jpg\" class=\"attachment-full size-full\" alt=\"\" srcset=\"https:\/\/motorpor.pt\/wp-content\/uploads\/2024\/05\/R7JG6269-scaled.jpg 2560w, https:\/\/motorpor.pt\/wp-content\/uploads\/2024\/05\/R7JG6269-300x200.jpg 300w, https:\/\/motorpor.pt\/wp-content\/uploads\/2024\/05\/R7JG6269-1024x683.jpg 1024w, https:\/\/motorpor.pt\/wp-content\/uploads\/2024\/05\/R7JG6269-768x512.jpg 768w, https:\/\/motorpor.pt\/wp-content\/uploads\/2024\/05\/R7JG6269-1536x1024.jpg 1536w, https:\/\/motorpor.pt\/wp-content\/uploads\/2024\/05\/R7JG6269-2048x1365.jpg 2048w, https:\/\/motorpor.pt\/wp-content\/uploads\/2024\/05\/R7JG6269-18x12.jpg 18w, https:\/\/motorpor.pt\/wp-content\/uploads\/2024\/05\/R7JG6269-200x133.jpg 200w, https:\/\/motorpor.pt\/wp-content\/uploads\/2024\/05\/R7JG6269-165x110.jpg 165w\" sizes=\"(max-width: 2560px) 100vw, 2560px\" \/><\/a>\n\t\t\t<\/div><\/figure><figure class='gallery-item'>\n\t\t\t<div class='gallery-icon landscape'>\n\t\t\t\t<a href='https:\/\/motorpor.pt\/en\/onp_8566\/'><img decoding=\"async\" width=\"2560\" height=\"1705\" src=\"https:\/\/motorpor.pt\/wp-content\/uploads\/2024\/05\/ONP_8566-scaled.jpg\" class=\"attachment-full size-full\" alt=\"\" srcset=\"https:\/\/motorpor.pt\/wp-content\/uploads\/2024\/05\/ONP_8566-scaled.jpg 2560w, https:\/\/motorpor.pt\/wp-content\/uploads\/2024\/05\/ONP_8566-300x200.jpg 300w, https:\/\/motorpor.pt\/wp-content\/uploads\/2024\/05\/ONP_8566-1024x682.jpg 1024w, https:\/\/motorpor.pt\/wp-content\/uploads\/2024\/05\/ONP_8566-768x511.jpg 768w, https:\/\/motorpor.pt\/wp-content\/uploads\/2024\/05\/ONP_8566-1536x1023.jpg 1536w, https:\/\/motorpor.pt\/wp-content\/uploads\/2024\/05\/ONP_8566-2048x1364.jpg 2048w, https:\/\/motorpor.pt\/wp-content\/uploads\/2024\/05\/ONP_8566-18x12.jpg 18w, https:\/\/motorpor.pt\/wp-content\/uploads\/2024\/05\/ONP_8566-200x133.jpg 200w, https:\/\/motorpor.pt\/wp-content\/uploads\/2024\/05\/ONP_8566-165x110.jpg 165w\" sizes=\"(max-width: 2560px) 100vw, 2560px\" \/><\/a>\n\t\t\t<\/div><\/figure>\n\t\t<\/div>\n\n<p>\u201cHoje encontr\u00e1mos tro\u00e7os muito menos duros e menos cavados do que em edi\u00e7\u00f5es anteriores do Rally de Portugal. Est\u00e1vamos preparados para pior, mas, acima de tudo, confiantes na capacidade do carro e mostr\u00e1mos, desde cedo, ter condi\u00e7\u00f5es para lutar pelos lugares cimeiros. Este segundo lugar \u00e9 um excelente pr\u00e9mio para toda a equipa. \u00c9 sabido que o arranque da temporada n\u00e3o foi favor\u00e1vel para n\u00f3s, mas hoje demos uma excelente mostra do nosso valor. Venha o pr\u00f3ximo&#8230;\u201d afirmou o piloto do Citro\u00ebn Vodafone Team.<\/p>\n<p>Conhe\u00e7a as <a href=\"https:\/\/motorpor.pt\/en\/novos\/citroen\/\">viaturas Citro\u00ebn dispon\u00edveis no nosso site.\u00a0<\/a><\/p>","protected":false},"excerpt":{"rendered":"<p>Jos\u00e9 Pedro Fontes e In\u00eas Ponte foram os melhores portugueses do Campeonato Nacional no Rally de Portugal A dupla Jos\u00e9 Pedro Fontes e In\u00eas Ponte terminou no p\u00f3dio, e na lideran\u00e7a da classifica\u00e7\u00e3o dos portugueses no CPR, a etapa que compunha a quarta jornada pontu\u00e1vel para o Campeonato de Portugal de Ralis. Sempre com um [&hellip;]<\/p>\n","protected":false},"author":85,"featured_media":84557,"comment_status":"closed","ping_status":"open","sticky":false,"template":"","format":"standard","meta":{"_acf_changed":false,"footnotes":""},"categories":[2595,2594,2592],"tags":[],"class_list":["post-84558","post","type-post","status-publish","format-standard","has-post-thumbnail","hentry","category-atualidade","category-destaques","category-noticias"],"acf":[],"yoast_head":"<!-- This site is optimized with the Yoast SEO plugin v27.5 - https:\/\/yoast.com\/product\/yoast-seo-wordpress\/ -->\n<title>Citro\u00ebn Rally Team garante segundo lugar do CPR no Rally de Portugal. - Motorpor<\/title>\n<meta name=\"robots\" content=\"index, follow, max-snippet:-1, max-image-preview:large, max-video-preview:-1\" \/>\n<link rel=\"canonical\" href=\"https:\/\/motorpor.pt\/en\/citroen-rally-team-garante-segundo-lugar-do-cpr-no-rally-de-portugal\/\" \/>\n<meta property=\"og:locale\" content=\"en_US\" \/>\n<meta property=\"og:type\" content=\"article\" \/>\n<meta property=\"og:title\" content=\"Citro\u00ebn Rally Team garante segundo lugar do CPR no Rally de Portugal. - Motorpor\" \/>\n<meta property=\"og:description\" content=\"Jos\u00e9 Pedro Fontes e In\u00eas Ponte foram os melhores portugueses do Campeonato Nacional no Rally de Portugal A dupla Jos\u00e9 Pedro Fontes e In\u00eas Ponte terminou no p\u00f3dio, e na lideran\u00e7a da classifica\u00e7\u00e3o dos portugueses no CPR, a etapa que compunha a quarta jornada pontu\u00e1vel para o Campeonato de Portugal de Ralis. Sempre com um [&hellip;]\" \/>\n<meta property=\"og:url\" content=\"https:\/\/motorpor.pt\/en\/citroen-rally-team-garante-segundo-lugar-do-cpr-no-rally-de-portugal\/\" \/>\n<meta property=\"og:site_name\" content=\"Motorpor\" \/>\n<meta property=\"article:published_time\" content=\"2024-05-13T16:30:30+00:00\" \/>\n<meta property=\"article:modified_time\" content=\"2024-05-14T09:01:52+00:00\" \/>\n<meta property=\"og:image\" content=\"https:\/\/motorpor.pt\/wp-content\/uploads\/2024\/05\/R6JG4301-scaled-1.jpg\" \/>\n\t<meta property=\"og:image:width\" content=\"2560\" \/>\n\t<meta property=\"og:image:height\" content=\"1707\" \/>\n\t<meta property=\"og:image:type\" content=\"image\/jpeg\" \/>\n<meta name=\"author\" content=\"mktmotorpor\" \/>\n<meta name=\"twitter:card\" content=\"summary_large_image\" \/>\n<meta name=\"twitter:label1\" content=\"Written by\" \/>\n\t<meta name=\"twitter:data1\" content=\"mktmotorpor\" \/>\n\t<meta name=\"twitter:label2\" content=\"Est. reading time\" \/>\n\t<meta name=\"twitter:data2\" content=\"1 minute\" \/>\n<script type=\"application\/ld+json\" class=\"yoast-schema-graph\">{\"@context\":\"https:\\\/\\\/schema.org\",\"@graph\":[{\"@type\":\"Article\",\"@id\":\"https:\\\/\\\/motorpor.pt\\\/citroen-rally-team-garante-segundo-lugar-do-cpr-no-rally-de-portugal\\\/#article\",\"isPartOf\":{\"@id\":\"https:\\\/\\\/motorpor.pt\\\/citroen-rally-team-garante-segundo-lugar-do-cpr-no-rally-de-portugal\\\/\"},\"author\":{\"name\":\"mktmotorpor\",\"@id\":\"https:\\\/\\\/motorpor.pt\\\/#\\\/schema\\\/person\\\/b4bf07144e88efed7388a5af30522db7\"},\"headline\":\"Citro\u00ebn Rally Team garante segundo lugar do CPR no Rally de Portugal.\",\"datePublished\":\"2024-05-13T16:30:30+00:00\",\"dateModified\":\"2024-05-14T09:01:52+00:00\",\"mainEntityOfPage\":{\"@id\":\"https:\\\/\\\/motorpor.pt\\\/citroen-rally-team-garante-segundo-lugar-do-cpr-no-rally-de-portugal\\\/\"},\"wordCount\":287,\"publisher\":{\"@id\":\"https:\\\/\\\/motorpor.pt\\\/#organization\"},\"image\":{\"@id\":\"https:\\\/\\\/motorpor.pt\\\/citroen-rally-team-garante-segundo-lugar-do-cpr-no-rally-de-portugal\\\/#primaryimage\"},\"thumbnailUrl\":\"https:\\\/\\\/motorpor.pt\\\/wp-content\\\/uploads\\\/2024\\\/05\\\/R6JG4301-scaled-1.jpg\",\"articleSection\":[\"Atualidade\",\"Destaques\",\"Not\u00edcias\"],\"inLanguage\":\"en-US\"},{\"@type\":\"WebPage\",\"@id\":\"https:\\\/\\\/motorpor.pt\\\/citroen-rally-team-garante-segundo-lugar-do-cpr-no-rally-de-portugal\\\/\",\"url\":\"https:\\\/\\\/motorpor.pt\\\/citroen-rally-team-garante-segundo-lugar-do-cpr-no-rally-de-portugal\\\/\",\"name\":\"Citro\u00ebn Rally Team garante segundo lugar do CPR no Rally de Portugal. - Motorpor\",\"isPartOf\":{\"@id\":\"https:\\\/\\\/motorpor.pt\\\/#website\"},\"primaryImageOfPage\":{\"@id\":\"https:\\\/\\\/motorpor.pt\\\/citroen-rally-team-garante-segundo-lugar-do-cpr-no-rally-de-portugal\\\/#primaryimage\"},\"image\":{\"@id\":\"https:\\\/\\\/motorpor.pt\\\/citroen-rally-team-garante-segundo-lugar-do-cpr-no-rally-de-portugal\\\/#primaryimage\"},\"thumbnailUrl\":\"https:\\\/\\\/motorpor.pt\\\/wp-content\\\/uploads\\\/2024\\\/05\\\/R6JG4301-scaled-1.jpg\",\"datePublished\":\"2024-05-13T16:30:30+00:00\",\"dateModified\":\"2024-05-14T09:01:52+00:00\",\"breadcrumb\":{\"@id\":\"https:\\\/\\\/motorpor.pt\\\/citroen-rally-team-garante-segundo-lugar-do-cpr-no-rally-de-portugal\\\/#breadcrumb\"},\"inLanguage\":\"en-US\",\"potentialAction\":[{\"@type\":\"ReadAction\",\"target\":[\"https:\\\/\\\/motorpor.pt\\\/citroen-rally-team-garante-segundo-lugar-do-cpr-no-rally-de-portugal\\\/\"]}]},{\"@type\":\"ImageObject\",\"inLanguage\":\"en-US\",\"@id\":\"https:\\\/\\\/motorpor.pt\\\/citroen-rally-team-garante-segundo-lugar-do-cpr-no-rally-de-portugal\\\/#primaryimage\",\"url\":\"https:\\\/\\\/motorpor.pt\\\/wp-content\\\/uploads\\\/2024\\\/05\\\/R6JG4301-scaled-1.jpg\",\"contentUrl\":\"https:\\\/\\\/motorpor.pt\\\/wp-content\\\/uploads\\\/2024\\\/05\\\/R6JG4301-scaled-1.jpg\",\"width\":2560,\"height\":1707},{\"@type\":\"BreadcrumbList\",\"@id\":\"https:\\\/\\\/motorpor.pt\\\/citroen-rally-team-garante-segundo-lugar-do-cpr-no-rally-de-portugal\\\/#breadcrumb\",\"itemListElement\":[{\"@type\":\"ListItem\",\"position\":1,\"name\":\"In\u00edcio\",\"item\":\"https:\\\/\\\/motorpor.pt\\\/\"},{\"@type\":\"ListItem\",\"position\":2,\"name\":\"Citro\u00ebn Rally Team garante segundo lugar do CPR no Rally de Portugal.\"}]},{\"@type\":\"WebSite\",\"@id\":\"https:\\\/\\\/motorpor.pt\\\/#website\",\"url\":\"https:\\\/\\\/motorpor.pt\\\/\",\"name\":\"Motorpor\",\"description\":\"Comercio de Autom\u00f3veis Multimarcas\",\"publisher\":{\"@id\":\"https:\\\/\\\/motorpor.pt\\\/#organization\"},\"potentialAction\":[{\"@type\":\"SearchAction\",\"target\":{\"@type\":\"EntryPoint\",\"urlTemplate\":\"https:\\\/\\\/motorpor.pt\\\/?s={search_term_string}\"},\"query-input\":{\"@type\":\"PropertyValueSpecification\",\"valueRequired\":true,\"valueName\":\"search_term_string\"}}],\"inLanguage\":\"en-US\"},{\"@type\":\"Organization\",\"@id\":\"https:\\\/\\\/motorpor.pt\\\/#organization\",\"name\":\"Motorpor\",\"alternateName\":\"Motorpor\",\"url\":\"https:\\\/\\\/motorpor.pt\\\/\",\"logo\":{\"@type\":\"ImageObject\",\"inLanguage\":\"en-US\",\"@id\":\"https:\\\/\\\/motorpor.pt\\\/#\\\/schema\\\/logo\\\/image\\\/\",\"url\":\"https:\\\/\\\/motorpor.pt\\\/wp-content\\\/uploads\\\/2024\\\/07\\\/Logo-Motorpor-Preto.svg\",\"contentUrl\":\"https:\\\/\\\/motorpor.pt\\\/wp-content\\\/uploads\\\/2024\\\/07\\\/Logo-Motorpor-Preto.svg\",\"width\":493,\"height\":93,\"caption\":\"Motorpor\"},\"image\":{\"@id\":\"https:\\\/\\\/motorpor.pt\\\/#\\\/schema\\\/logo\\\/image\\\/\"},\"sameAs\":[\"https:\\\/\\\/www.linkedin.com\\\/company\\\/grupo-motorpor\"]},{\"@type\":\"Person\",\"@id\":\"https:\\\/\\\/motorpor.pt\\\/#\\\/schema\\\/person\\\/b4bf07144e88efed7388a5af30522db7\",\"name\":\"mktmotorpor\",\"image\":{\"@type\":\"ImageObject\",\"inLanguage\":\"en-US\",\"@id\":\"https:\\\/\\\/secure.gravatar.com\\\/avatar\\\/8418b61b3175dbba0a8744cf0ee6bb5c7a9f6c67f1dbc4f41a62d7b9738259a2?s=96&d=mm&r=g\",\"url\":\"https:\\\/\\\/secure.gravatar.com\\\/avatar\\\/8418b61b3175dbba0a8744cf0ee6bb5c7a9f6c67f1dbc4f41a62d7b9738259a2?s=96&d=mm&r=g\",\"contentUrl\":\"https:\\\/\\\/secure.gravatar.com\\\/avatar\\\/8418b61b3175dbba0a8744cf0ee6bb5c7a9f6c67f1dbc4f41a62d7b9738259a2?s=96&d=mm&r=g\",\"caption\":\"mktmotorpor\"},\"url\":\"https:\\\/\\\/motorpor.pt\\\/en\\\/user\\\/mktmotorpor\\\/\"}]}<\/script>\n<!-- \/ Yoast SEO plugin. -->","yoast_head_json":{"title":"Citro\u00ebn Rally Team garante segundo lugar do CPR no Rally de Portugal. - Motorpor","robots":{"index":"index","follow":"follow","max-snippet":"max-snippet:-1","max-image-preview":"max-image-preview:large","max-video-preview":"max-video-preview:-1"},"canonical":"https:\/\/motorpor.pt\/en\/citroen-rally-team-garante-segundo-lugar-do-cpr-no-rally-de-portugal\/","og_locale":"en_US","og_type":"article","og_title":"Citro\u00ebn Rally Team garante segundo lugar do CPR no Rally de Portugal. - Motorpor","og_description":"Jos\u00e9 Pedro Fontes e In\u00eas Ponte foram os melhores portugueses do Campeonato Nacional no Rally de Portugal A dupla Jos\u00e9 Pedro Fontes e In\u00eas Ponte terminou no p\u00f3dio, e na lideran\u00e7a da classifica\u00e7\u00e3o dos portugueses no CPR, a etapa que compunha a quarta jornada pontu\u00e1vel para o Campeonato de Portugal de Ralis. Sempre com um [&hellip;]","og_url":"https:\/\/motorpor.pt\/en\/citroen-rally-team-garante-segundo-lugar-do-cpr-no-rally-de-portugal\/","og_site_name":"Motorpor","article_published_time":"2024-05-13T16:30:30+00:00","article_modified_time":"2024-05-14T09:01:52+00:00","og_image":[{"width":2560,"height":1707,"url":"https:\/\/motorpor.pt\/wp-content\/uploads\/2024\/05\/R6JG4301-scaled-1.jpg","type":"image\/jpeg"}],"author":"mktmotorpor","twitter_card":"summary_large_image","twitter_misc":{"Written by":"mktmotorpor","Est. reading time":"1 minute"},"schema":{"@context":"https:\/\/schema.org","@graph":[{"@type":"Article","@id":"https:\/\/motorpor.pt\/citroen-rally-team-garante-segundo-lugar-do-cpr-no-rally-de-portugal\/#article","isPartOf":{"@id":"https:\/\/motorpor.pt\/citroen-rally-team-garante-segundo-lugar-do-cpr-no-rally-de-portugal\/"},"author":{"name":"mktmotorpor","@id":"https:\/\/motorpor.pt\/#\/schema\/person\/b4bf07144e88efed7388a5af30522db7"},"headline":"Citro\u00ebn Rally Team garante segundo lugar do CPR no Rally de Portugal.","datePublished":"2024-05-13T16:30:30+00:00","dateModified":"2024-05-14T09:01:52+00:00","mainEntityOfPage":{"@id":"https:\/\/motorpor.pt\/citroen-rally-team-garante-segundo-lugar-do-cpr-no-rally-de-portugal\/"},"wordCount":287,"publisher":{"@id":"https:\/\/motorpor.pt\/#organization"},"image":{"@id":"https:\/\/motorpor.pt\/citroen-rally-team-garante-segundo-lugar-do-cpr-no-rally-de-portugal\/#primaryimage"},"thumbnailUrl":"https:\/\/motorpor.pt\/wp-content\/uploads\/2024\/05\/R6JG4301-scaled-1.jpg","articleSection":["Atualidade","Destaques","Not\u00edcias"],"inLanguage":"en-US"},{"@type":"WebPage","@id":"https:\/\/motorpor.pt\/citroen-rally-team-garante-segundo-lugar-do-cpr-no-rally-de-portugal\/","url":"https:\/\/motorpor.pt\/citroen-rally-team-garante-segundo-lugar-do-cpr-no-rally-de-portugal\/","name":"Citro\u00ebn Rally Team garante segundo lugar do CPR no Rally de Portugal. - Motorpor","isPartOf":{"@id":"https:\/\/motorpor.pt\/#website"},"primaryImageOfPage":{"@id":"https:\/\/motorpor.pt\/citroen-rally-team-garante-segundo-lugar-do-cpr-no-rally-de-portugal\/#primaryimage"},"image":{"@id":"https:\/\/motorpor.pt\/citroen-rally-team-garante-segundo-lugar-do-cpr-no-rally-de-portugal\/#primaryimage"},"thumbnailUrl":"https:\/\/motorpor.pt\/wp-content\/uploads\/2024\/05\/R6JG4301-scaled-1.jpg","datePublished":"2024-05-13T16:30:30+00:00","dateModified":"2024-05-14T09:01:52+00:00","breadcrumb":{"@id":"https:\/\/motorpor.pt\/citroen-rally-team-garante-segundo-lugar-do-cpr-no-rally-de-portugal\/#breadcrumb"},"inLanguage":"en-US","potentialAction":[{"@type":"ReadAction","target":["https:\/\/motorpor.pt\/citroen-rally-team-garante-segundo-lugar-do-cpr-no-rally-de-portugal\/"]}]},{"@type":"ImageObject","inLanguage":"en-US","@id":"https:\/\/motorpor.pt\/citroen-rally-team-garante-segundo-lugar-do-cpr-no-rally-de-portugal\/#primaryimage","url":"https:\/\/motorpor.pt\/wp-content\/uploads\/2024\/05\/R6JG4301-scaled-1.jpg","contentUrl":"https:\/\/motorpor.pt\/wp-content\/uploads\/2024\/05\/R6JG4301-scaled-1.jpg","width":2560,"height":1707},{"@type":"BreadcrumbList","@id":"https:\/\/motorpor.pt\/citroen-rally-team-garante-segundo-lugar-do-cpr-no-rally-de-portugal\/#breadcrumb","itemListElement":[{"@type":"ListItem","position":1,"name":"In\u00edcio","item":"https:\/\/motorpor.pt\/"},{"@type":"ListItem","position":2,"name":"Citro\u00ebn Rally Team garante segundo lugar do CPR no Rally de Portugal."}]},{"@type":"WebSite","@id":"https:\/\/motorpor.pt\/#website","url":"https:\/\/motorpor.pt\/","name":"motorpor","description":"Comercio de Autom\u00f3veis Multimarcas","publisher":{"@id":"https:\/\/motorpor.pt\/#organization"},"potentialAction":[{"@type":"SearchAction","target":{"@type":"EntryPoint","urlTemplate":"https:\/\/motorpor.pt\/?s={search_term_string}"},"query-input":{"@type":"PropertyValueSpecification","valueRequired":true,"valueName":"search_term_string"}}],"inLanguage":"en-US"},{"@type":"Organization","@id":"https:\/\/motorpor.pt\/#organization","name":"motorpor","alternateName":"Motorpor","url":"https:\/\/motorpor.pt\/","logo":{"@type":"ImageObject","inLanguage":"en-US","@id":"https:\/\/motorpor.pt\/#\/schema\/logo\/image\/","url":"https:\/\/motorpor.pt\/wp-content\/uploads\/2024\/07\/Logo-Motorpor-Preto.svg","contentUrl":"https:\/\/motorpor.pt\/wp-content\/uploads\/2024\/07\/Logo-Motorpor-Preto.svg","width":493,"height":93,"caption":"Motorpor"},"image":{"@id":"https:\/\/motorpor.pt\/#\/schema\/logo\/image\/"},"sameAs":["https:\/\/www.linkedin.com\/company\/grupo-motorpor"]},{"@type":"Person","@id":"https:\/\/motorpor.pt\/#\/schema\/person\/b4bf07144e88efed7388a5af30522db7","name":"mktmotorpor","image":{"@type":"ImageObject","inLanguage":"en-US","@id":"https:\/\/secure.gravatar.com\/avatar\/8418b61b3175dbba0a8744cf0ee6bb5c7a9f6c67f1dbc4f41a62d7b9738259a2?s=96&d=mm&r=g","url":"https:\/\/secure.gravatar.com\/avatar\/8418b61b3175dbba0a8744cf0ee6bb5c7a9f6c67f1dbc4f41a62d7b9738259a2?s=96&d=mm&r=g","contentUrl":"https:\/\/secure.gravatar.com\/avatar\/8418b61b3175dbba0a8744cf0ee6bb5c7a9f6c67f1dbc4f41a62d7b9738259a2?s=96&d=mm&r=g","caption":"mktmotorpor"},"url":"https:\/\/motorpor.pt\/en\/user\/mktmotorpor\/"}]}},"_links":{"self":[{"href":"https:\/\/motorpor.pt\/en\/wp-json\/wp\/v2\/posts\/84558","targetHints":{"allow":["GET"]}}],"collection":[{"href":"https:\/\/motorpor.pt\/en\/wp-json\/wp\/v2\/posts"}],"about":[{"href":"https:\/\/motorpor.pt\/en\/wp-json\/wp\/v2\/types\/post"}],"author":[{"embeddable":true,"href":"https:\/\/motorpor.pt\/en\/wp-json\/wp\/v2\/users\/85"}],"replies":[{"embeddable":true,"href":"https:\/\/motorpor.pt\/en\/wp-json\/wp\/v2\/comments?post=84558"}],"version-history":[{"count":1,"href":"https:\/\/motorpor.pt\/en\/wp-json\/wp\/v2\/posts\/84558\/revisions"}],"predecessor-version":[{"id":84559,"href":"https:\/\/motorpor.pt\/en\/wp-json\/wp\/v2\/posts\/84558\/revisions\/84559"}],"wp:featuredmedia":[{"embeddable":true,"href":"https:\/\/motorpor.pt\/en\/wp-json\/wp\/v2\/media\/84557"}],"wp:attachment":[{"href":"https:\/\/motorpor.pt\/en\/wp-json\/wp\/v2\/media?parent=84558"}],"wp:term":[{"taxonomy":"category","embeddable":true,"href":"https:\/\/motorpor.pt\/en\/wp-json\/wp\/v2\/categories?post=84558"},{"taxonomy":"post_tag","embeddable":true,"href":"https:\/\/motorpor.pt\/en\/wp-json\/wp\/v2\/tags?post=84558"}],"curies":[{"name":"wp","href":"https:\/\/api.w.org\/{rel}","templated":true}]}}