{"id":84586,"date":"2024-05-15T09:34:29","date_gmt":"2024-05-15T08:34:29","guid":{"rendered":"https:\/\/motorpor.pt\/estreia-mundial-do-novo-suv-totalmente-eletrico-opel-frontera\/"},"modified":"2024-07-17T14:24:10","modified_gmt":"2024-07-17T13:24:10","slug":"estreia-mundial-do-novo-suv-totalmente-eletrico-opel-frontera","status":"publish","type":"post","link":"https:\/\/motorpor.pt\/en\/estreia-mundial-do-novo-suv-totalmente-eletrico-opel-frontera\/","title":{"rendered":"Estreia mundial do Novo SUV totalmente El\u00e9trico: Opel Frontera"},"content":{"rendered":"<h5>O novo SUV compacto, espa\u00e7oso e confort\u00e1vel, celebra a sua estreia mundial, em Istambul.<\/h5>\n<p>\u00a0<\/p>\n<p>O CEO da Opel, Florian Huettl, em conjunto com Mark Adams, Vice-Presidente de Design, e Tobias A. Gubitz, Vice-Presidente S\u00e9nior de Produto e Pre\u00e7o, apresentaram, no dia 14 de maio, o novo Opel Frontera a uma audi\u00eancia internacional e a in\u00fameros jornalistas. Al\u00e9m dos detalhes da viatura, a marca revela o segredo que, em breve, o novo Frontera poder\u00e1 estar dispon\u00edvel, no futuro, com 7 lugares.<\/p>\n<p>&#8220;Este ano estamos a celebrar 125 anos de produ\u00e7\u00e3o autom\u00f3vel na Opel. 125 anos em que avan\u00e7\u00e1mos sempre, oferecendo aos clientes uma mobilidade inovadora e pr\u00e1tica. O novo Opel Frontera faz uma afirma\u00e7\u00e3o particularmente forte a este respeito: altamente flex\u00edvel, espa\u00e7oso e eletrificado, o nosso novo SUV ir\u00e1 conquistar novos grupos de clientes&#8221;, avan\u00e7a o CEO da marca.<\/p>\n<p>\u00a0<\/p>\n<p><img fetchpriority=\"high\" decoding=\"async\" class=\"alignnone size-full wp-image-84585\" src=\"https:\/\/motorpor.pt\/wp-content\/uploads\/2024\/05\/OpelFrontera-1-scaled.jpg\" alt=\"\" width=\"2560\" height=\"1440\" srcset=\"https:\/\/motorpor.pt\/wp-content\/uploads\/2024\/05\/OpelFrontera-1-scaled.jpg 2560w, https:\/\/motorpor.pt\/wp-content\/uploads\/2024\/05\/OpelFrontera-1-300x169.jpg 300w, https:\/\/motorpor.pt\/wp-content\/uploads\/2024\/05\/OpelFrontera-1-1024x576.jpg 1024w, https:\/\/motorpor.pt\/wp-content\/uploads\/2024\/05\/OpelFrontera-1-768x432.jpg 768w, https:\/\/motorpor.pt\/wp-content\/uploads\/2024\/05\/OpelFrontera-1-1536x864.jpg 1536w, https:\/\/motorpor.pt\/wp-content\/uploads\/2024\/05\/OpelFrontera-1-2048x1152.jpg 2048w, https:\/\/motorpor.pt\/wp-content\/uploads\/2024\/05\/OpelFrontera-1-18x10.jpg 18w, https:\/\/motorpor.pt\/wp-content\/uploads\/2024\/05\/OpelFrontera-1-200x112.jpg 200w, https:\/\/motorpor.pt\/wp-content\/uploads\/2024\/05\/OpelFrontera-1-167x93.jpg 167w, https:\/\/motorpor.pt\/wp-content\/uploads\/2024\/05\/OpelFrontera-1-165x93.jpg 165w\" sizes=\"(max-width: 2560px) 100vw, 2560px\" \/><\/p>\n<p>\u00a0<\/p>\n<p>O design marcante do novo Opel Frontera faz com que se destaque imediatamente. Todas as variantes da viatura ostentam orgulhosamente o novo emblema Blitz da Opel. Al\u00e9m disso, a marca apresenta um carro intuitivo, acess\u00edvel e focado no essencial, requisitos que cumpre em todos os aspectos com o novo Frontera.<\/p>\n<p>Esta novidade est\u00e1 dispon\u00edvel como h\u00edbrido com tecnologia de 48 Volts ou como puramente el\u00e9trico. Os clientes que pretendam viajar localmente sem emiss\u00f5es podem encomendar em breve o Frontera Electric com uma autonomia de mais de 300 quil\u00f3metros. O modelo rec\u00e9m-chegado estar\u00e1 dispon\u00edvel como Frontera ou como Frontera GS.<\/p>\n<p>Conhe\u00e7a as <a href=\"https:\/\/motorpor.pt\/en\/novos\/opel\/\">viaturas Opel dispon\u00edveis no nosso site<\/a>.<\/p>","protected":false},"excerpt":{"rendered":"<p>O novo SUV compacto, espa\u00e7oso e confort\u00e1vel, celebra a sua estreia mundial, em Istambul. \u00a0 O CEO da Opel, Florian Huettl, em conjunto com Mark Adams, Vice-Presidente de Design, e Tobias A. Gubitz, Vice-Presidente S\u00e9nior de Produto e Pre\u00e7o, apresentaram, no dia 14 de maio, o novo Opel Frontera a uma audi\u00eancia internacional e a [&hellip;]<\/p>\n","protected":false},"author":85,"featured_media":84584,"comment_status":"closed","ping_status":"open","sticky":false,"template":"","format":"standard","meta":{"_acf_changed":false,"footnotes":""},"categories":[2595,2594,2592,3093],"tags":[],"class_list":["post-84586","post","type-post","status-publish","format-standard","has-post-thumbnail","hentry","category-atualidade","category-destaques","category-noticias","category-noticias-opel"],"acf":[],"yoast_head":"<!-- This site is optimized with the Yoast SEO plugin v27.5 - https:\/\/yoast.com\/product\/yoast-seo-wordpress\/ -->\n<title>Estreia mundial do Novo SUV totalmente El\u00e9trico: Opel Frontera - Motorpor<\/title>\n<meta name=\"robots\" content=\"index, follow, max-snippet:-1, max-image-preview:large, max-video-preview:-1\" \/>\n<link rel=\"canonical\" href=\"https:\/\/motorpor.pt\/en\/estreia-mundial-do-novo-suv-totalmente-eletrico-opel-frontera\/\" \/>\n<meta property=\"og:locale\" content=\"en_US\" \/>\n<meta property=\"og:type\" content=\"article\" \/>\n<meta property=\"og:title\" content=\"Estreia mundial do Novo SUV totalmente El\u00e9trico: Opel Frontera - Motorpor\" \/>\n<meta property=\"og:description\" content=\"O novo SUV compacto, espa\u00e7oso e confort\u00e1vel, celebra a sua estreia mundial, em Istambul. \u00a0 O CEO da Opel, Florian Huettl, em conjunto com Mark Adams, Vice-Presidente de Design, e Tobias A. Gubitz, Vice-Presidente S\u00e9nior de Produto e Pre\u00e7o, apresentaram, no dia 14 de maio, o novo Opel Frontera a uma audi\u00eancia internacional e a [&hellip;]\" \/>\n<meta property=\"og:url\" content=\"https:\/\/motorpor.pt\/en\/estreia-mundial-do-novo-suv-totalmente-eletrico-opel-frontera\/\" \/>\n<meta property=\"og:site_name\" content=\"Motorpor\" \/>\n<meta property=\"article:published_time\" content=\"2024-05-15T08:34:29+00:00\" \/>\n<meta property=\"article:modified_time\" content=\"2024-07-17T13:24:10+00:00\" \/>\n<meta property=\"og:image\" content=\"https:\/\/motorpor.pt\/wp-content\/uploads\/2024\/05\/OpelFrontera-scaled-1.jpg\" \/>\n\t<meta property=\"og:image:width\" content=\"2560\" \/>\n\t<meta property=\"og:image:height\" content=\"1440\" \/>\n\t<meta property=\"og:image:type\" content=\"image\/jpeg\" \/>\n<meta name=\"author\" content=\"mktmotorpor\" \/>\n<meta name=\"twitter:card\" content=\"summary_large_image\" \/>\n<meta name=\"twitter:label1\" content=\"Written by\" \/>\n\t<meta name=\"twitter:data1\" content=\"mktmotorpor\" \/>\n\t<meta name=\"twitter:label2\" content=\"Est. reading time\" \/>\n\t<meta name=\"twitter:data2\" content=\"1 minute\" \/>\n<script type=\"application\/ld+json\" class=\"yoast-schema-graph\">{\"@context\":\"https:\\\/\\\/schema.org\",\"@graph\":[{\"@type\":\"Article\",\"@id\":\"https:\\\/\\\/motorpor.pt\\\/estreia-mundial-do-novo-suv-totalmente-eletrico-opel-frontera\\\/#article\",\"isPartOf\":{\"@id\":\"https:\\\/\\\/motorpor.pt\\\/estreia-mundial-do-novo-suv-totalmente-eletrico-opel-frontera\\\/\"},\"author\":{\"name\":\"mktmotorpor\",\"@id\":\"https:\\\/\\\/motorpor.pt\\\/#\\\/schema\\\/person\\\/b4bf07144e88efed7388a5af30522db7\"},\"headline\":\"Estreia mundial do Novo SUV totalmente El\u00e9trico: Opel Frontera\",\"datePublished\":\"2024-05-15T08:34:29+00:00\",\"dateModified\":\"2024-07-17T13:24:10+00:00\",\"mainEntityOfPage\":{\"@id\":\"https:\\\/\\\/motorpor.pt\\\/estreia-mundial-do-novo-suv-totalmente-eletrico-opel-frontera\\\/\"},\"wordCount\":276,\"publisher\":{\"@id\":\"https:\\\/\\\/motorpor.pt\\\/#organization\"},\"image\":{\"@id\":\"https:\\\/\\\/motorpor.pt\\\/estreia-mundial-do-novo-suv-totalmente-eletrico-opel-frontera\\\/#primaryimage\"},\"thumbnailUrl\":\"https:\\\/\\\/motorpor.pt\\\/wp-content\\\/uploads\\\/2024\\\/05\\\/OpelFrontera-scaled-1.jpg\",\"articleSection\":[\"Atualidade\",\"Destaques\",\"Not\u00edcias\",\"Not\u00edcias Opel\"],\"inLanguage\":\"en-US\"},{\"@type\":\"WebPage\",\"@id\":\"https:\\\/\\\/motorpor.pt\\\/estreia-mundial-do-novo-suv-totalmente-eletrico-opel-frontera\\\/\",\"url\":\"https:\\\/\\\/motorpor.pt\\\/estreia-mundial-do-novo-suv-totalmente-eletrico-opel-frontera\\\/\",\"name\":\"Estreia mundial do Novo SUV totalmente El\u00e9trico: Opel Frontera - Motorpor\",\"isPartOf\":{\"@id\":\"https:\\\/\\\/motorpor.pt\\\/#website\"},\"primaryImageOfPage\":{\"@id\":\"https:\\\/\\\/motorpor.pt\\\/estreia-mundial-do-novo-suv-totalmente-eletrico-opel-frontera\\\/#primaryimage\"},\"image\":{\"@id\":\"https:\\\/\\\/motorpor.pt\\\/estreia-mundial-do-novo-suv-totalmente-eletrico-opel-frontera\\\/#primaryimage\"},\"thumbnailUrl\":\"https:\\\/\\\/motorpor.pt\\\/wp-content\\\/uploads\\\/2024\\\/05\\\/OpelFrontera-scaled-1.jpg\",\"datePublished\":\"2024-05-15T08:34:29+00:00\",\"dateModified\":\"2024-07-17T13:24:10+00:00\",\"breadcrumb\":{\"@id\":\"https:\\\/\\\/motorpor.pt\\\/estreia-mundial-do-novo-suv-totalmente-eletrico-opel-frontera\\\/#breadcrumb\"},\"inLanguage\":\"en-US\",\"potentialAction\":[{\"@type\":\"ReadAction\",\"target\":[\"https:\\\/\\\/motorpor.pt\\\/estreia-mundial-do-novo-suv-totalmente-eletrico-opel-frontera\\\/\"]}]},{\"@type\":\"ImageObject\",\"inLanguage\":\"en-US\",\"@id\":\"https:\\\/\\\/motorpor.pt\\\/estreia-mundial-do-novo-suv-totalmente-eletrico-opel-frontera\\\/#primaryimage\",\"url\":\"https:\\\/\\\/motorpor.pt\\\/wp-content\\\/uploads\\\/2024\\\/05\\\/OpelFrontera-scaled-1.jpg\",\"contentUrl\":\"https:\\\/\\\/motorpor.pt\\\/wp-content\\\/uploads\\\/2024\\\/05\\\/OpelFrontera-scaled-1.jpg\",\"width\":2560,\"height\":1440},{\"@type\":\"BreadcrumbList\",\"@id\":\"https:\\\/\\\/motorpor.pt\\\/estreia-mundial-do-novo-suv-totalmente-eletrico-opel-frontera\\\/#breadcrumb\",\"itemListElement\":[{\"@type\":\"ListItem\",\"position\":1,\"name\":\"In\u00edcio\",\"item\":\"https:\\\/\\\/motorpor.pt\\\/\"},{\"@type\":\"ListItem\",\"position\":2,\"name\":\"Estreia mundial do Novo SUV totalmente El\u00e9trico: Opel Frontera\"}]},{\"@type\":\"WebSite\",\"@id\":\"https:\\\/\\\/motorpor.pt\\\/#website\",\"url\":\"https:\\\/\\\/motorpor.pt\\\/\",\"name\":\"Motorpor\",\"description\":\"Comercio de Autom\u00f3veis Multimarcas\",\"publisher\":{\"@id\":\"https:\\\/\\\/motorpor.pt\\\/#organization\"},\"potentialAction\":[{\"@type\":\"SearchAction\",\"target\":{\"@type\":\"EntryPoint\",\"urlTemplate\":\"https:\\\/\\\/motorpor.pt\\\/?s={search_term_string}\"},\"query-input\":{\"@type\":\"PropertyValueSpecification\",\"valueRequired\":true,\"valueName\":\"search_term_string\"}}],\"inLanguage\":\"en-US\"},{\"@type\":\"Organization\",\"@id\":\"https:\\\/\\\/motorpor.pt\\\/#organization\",\"name\":\"Motorpor\",\"alternateName\":\"Motorpor\",\"url\":\"https:\\\/\\\/motorpor.pt\\\/\",\"logo\":{\"@type\":\"ImageObject\",\"inLanguage\":\"en-US\",\"@id\":\"https:\\\/\\\/motorpor.pt\\\/#\\\/schema\\\/logo\\\/image\\\/\",\"url\":\"https:\\\/\\\/motorpor.pt\\\/wp-content\\\/uploads\\\/2024\\\/07\\\/Logo-Motorpor-Preto.svg\",\"contentUrl\":\"https:\\\/\\\/motorpor.pt\\\/wp-content\\\/uploads\\\/2024\\\/07\\\/Logo-Motorpor-Preto.svg\",\"width\":493,\"height\":93,\"caption\":\"Motorpor\"},\"image\":{\"@id\":\"https:\\\/\\\/motorpor.pt\\\/#\\\/schema\\\/logo\\\/image\\\/\"},\"sameAs\":[\"https:\\\/\\\/www.linkedin.com\\\/company\\\/grupo-motorpor\"]},{\"@type\":\"Person\",\"@id\":\"https:\\\/\\\/motorpor.pt\\\/#\\\/schema\\\/person\\\/b4bf07144e88efed7388a5af30522db7\",\"name\":\"mktmotorpor\",\"image\":{\"@type\":\"ImageObject\",\"inLanguage\":\"en-US\",\"@id\":\"https:\\\/\\\/secure.gravatar.com\\\/avatar\\\/8418b61b3175dbba0a8744cf0ee6bb5c7a9f6c67f1dbc4f41a62d7b9738259a2?s=96&d=mm&r=g\",\"url\":\"https:\\\/\\\/secure.gravatar.com\\\/avatar\\\/8418b61b3175dbba0a8744cf0ee6bb5c7a9f6c67f1dbc4f41a62d7b9738259a2?s=96&d=mm&r=g\",\"contentUrl\":\"https:\\\/\\\/secure.gravatar.com\\\/avatar\\\/8418b61b3175dbba0a8744cf0ee6bb5c7a9f6c67f1dbc4f41a62d7b9738259a2?s=96&d=mm&r=g\",\"caption\":\"mktmotorpor\"},\"url\":\"https:\\\/\\\/motorpor.pt\\\/en\\\/user\\\/mktmotorpor\\\/\"}]}<\/script>\n<!-- \/ Yoast SEO plugin. -->","yoast_head_json":{"title":"Estreia mundial do Novo SUV totalmente El\u00e9trico: Opel Frontera - Motorpor","robots":{"index":"index","follow":"follow","max-snippet":"max-snippet:-1","max-image-preview":"max-image-preview:large","max-video-preview":"max-video-preview:-1"},"canonical":"https:\/\/motorpor.pt\/en\/estreia-mundial-do-novo-suv-totalmente-eletrico-opel-frontera\/","og_locale":"en_US","og_type":"article","og_title":"Estreia mundial do Novo SUV totalmente El\u00e9trico: Opel Frontera - Motorpor","og_description":"O novo SUV compacto, espa\u00e7oso e confort\u00e1vel, celebra a sua estreia mundial, em Istambul. \u00a0 O CEO da Opel, Florian Huettl, em conjunto com Mark Adams, Vice-Presidente de Design, e Tobias A. Gubitz, Vice-Presidente S\u00e9nior de Produto e Pre\u00e7o, apresentaram, no dia 14 de maio, o novo Opel Frontera a uma audi\u00eancia internacional e a [&hellip;]","og_url":"https:\/\/motorpor.pt\/en\/estreia-mundial-do-novo-suv-totalmente-eletrico-opel-frontera\/","og_site_name":"Motorpor","article_published_time":"2024-05-15T08:34:29+00:00","article_modified_time":"2024-07-17T13:24:10+00:00","og_image":[{"width":2560,"height":1440,"url":"https:\/\/motorpor.pt\/wp-content\/uploads\/2024\/05\/OpelFrontera-scaled-1.jpg","type":"image\/jpeg"}],"author":"mktmotorpor","twitter_card":"summary_large_image","twitter_misc":{"Written by":"mktmotorpor","Est. reading time":"1 minute"},"schema":{"@context":"https:\/\/schema.org","@graph":[{"@type":"Article","@id":"https:\/\/motorpor.pt\/estreia-mundial-do-novo-suv-totalmente-eletrico-opel-frontera\/#article","isPartOf":{"@id":"https:\/\/motorpor.pt\/estreia-mundial-do-novo-suv-totalmente-eletrico-opel-frontera\/"},"author":{"name":"mktmotorpor","@id":"https:\/\/motorpor.pt\/#\/schema\/person\/b4bf07144e88efed7388a5af30522db7"},"headline":"Estreia mundial do Novo SUV totalmente El\u00e9trico: Opel Frontera","datePublished":"2024-05-15T08:34:29+00:00","dateModified":"2024-07-17T13:24:10+00:00","mainEntityOfPage":{"@id":"https:\/\/motorpor.pt\/estreia-mundial-do-novo-suv-totalmente-eletrico-opel-frontera\/"},"wordCount":276,"publisher":{"@id":"https:\/\/motorpor.pt\/#organization"},"image":{"@id":"https:\/\/motorpor.pt\/estreia-mundial-do-novo-suv-totalmente-eletrico-opel-frontera\/#primaryimage"},"thumbnailUrl":"https:\/\/motorpor.pt\/wp-content\/uploads\/2024\/05\/OpelFrontera-scaled-1.jpg","articleSection":["Atualidade","Destaques","Not\u00edcias","Not\u00edcias Opel"],"inLanguage":"en-US"},{"@type":"WebPage","@id":"https:\/\/motorpor.pt\/estreia-mundial-do-novo-suv-totalmente-eletrico-opel-frontera\/","url":"https:\/\/motorpor.pt\/estreia-mundial-do-novo-suv-totalmente-eletrico-opel-frontera\/","name":"Estreia mundial do Novo SUV totalmente El\u00e9trico: Opel Frontera - Motorpor","isPartOf":{"@id":"https:\/\/motorpor.pt\/#website"},"primaryImageOfPage":{"@id":"https:\/\/motorpor.pt\/estreia-mundial-do-novo-suv-totalmente-eletrico-opel-frontera\/#primaryimage"},"image":{"@id":"https:\/\/motorpor.pt\/estreia-mundial-do-novo-suv-totalmente-eletrico-opel-frontera\/#primaryimage"},"thumbnailUrl":"https:\/\/motorpor.pt\/wp-content\/uploads\/2024\/05\/OpelFrontera-scaled-1.jpg","datePublished":"2024-05-15T08:34:29+00:00","dateModified":"2024-07-17T13:24:10+00:00","breadcrumb":{"@id":"https:\/\/motorpor.pt\/estreia-mundial-do-novo-suv-totalmente-eletrico-opel-frontera\/#breadcrumb"},"inLanguage":"en-US","potentialAction":[{"@type":"ReadAction","target":["https:\/\/motorpor.pt\/estreia-mundial-do-novo-suv-totalmente-eletrico-opel-frontera\/"]}]},{"@type":"ImageObject","inLanguage":"en-US","@id":"https:\/\/motorpor.pt\/estreia-mundial-do-novo-suv-totalmente-eletrico-opel-frontera\/#primaryimage","url":"https:\/\/motorpor.pt\/wp-content\/uploads\/2024\/05\/OpelFrontera-scaled-1.jpg","contentUrl":"https:\/\/motorpor.pt\/wp-content\/uploads\/2024\/05\/OpelFrontera-scaled-1.jpg","width":2560,"height":1440},{"@type":"BreadcrumbList","@id":"https:\/\/motorpor.pt\/estreia-mundial-do-novo-suv-totalmente-eletrico-opel-frontera\/#breadcrumb","itemListElement":[{"@type":"ListItem","position":1,"name":"In\u00edcio","item":"https:\/\/motorpor.pt\/"},{"@type":"ListItem","position":2,"name":"Estreia mundial do Novo SUV totalmente El\u00e9trico: Opel Frontera"}]},{"@type":"WebSite","@id":"https:\/\/motorpor.pt\/#website","url":"https:\/\/motorpor.pt\/","name":"motorpor","description":"Comercio de Autom\u00f3veis Multimarcas","publisher":{"@id":"https:\/\/motorpor.pt\/#organization"},"potentialAction":[{"@type":"SearchAction","target":{"@type":"EntryPoint","urlTemplate":"https:\/\/motorpor.pt\/?s={search_term_string}"},"query-input":{"@type":"PropertyValueSpecification","valueRequired":true,"valueName":"search_term_string"}}],"inLanguage":"en-US"},{"@type":"Organization","@id":"https:\/\/motorpor.pt\/#organization","name":"motorpor","alternateName":"Motorpor","url":"https:\/\/motorpor.pt\/","logo":{"@type":"ImageObject","inLanguage":"en-US","@id":"https:\/\/motorpor.pt\/#\/schema\/logo\/image\/","url":"https:\/\/motorpor.pt\/wp-content\/uploads\/2024\/07\/Logo-Motorpor-Preto.svg","contentUrl":"https:\/\/motorpor.pt\/wp-content\/uploads\/2024\/07\/Logo-Motorpor-Preto.svg","width":493,"height":93,"caption":"Motorpor"},"image":{"@id":"https:\/\/motorpor.pt\/#\/schema\/logo\/image\/"},"sameAs":["https:\/\/www.linkedin.com\/company\/grupo-motorpor"]},{"@type":"Person","@id":"https:\/\/motorpor.pt\/#\/schema\/person\/b4bf07144e88efed7388a5af30522db7","name":"mktmotorpor","image":{"@type":"ImageObject","inLanguage":"en-US","@id":"https:\/\/secure.gravatar.com\/avatar\/8418b61b3175dbba0a8744cf0ee6bb5c7a9f6c67f1dbc4f41a62d7b9738259a2?s=96&d=mm&r=g","url":"https:\/\/secure.gravatar.com\/avatar\/8418b61b3175dbba0a8744cf0ee6bb5c7a9f6c67f1dbc4f41a62d7b9738259a2?s=96&d=mm&r=g","contentUrl":"https:\/\/secure.gravatar.com\/avatar\/8418b61b3175dbba0a8744cf0ee6bb5c7a9f6c67f1dbc4f41a62d7b9738259a2?s=96&d=mm&r=g","caption":"mktmotorpor"},"url":"https:\/\/motorpor.pt\/en\/user\/mktmotorpor\/"}]}},"_links":{"self":[{"href":"https:\/\/motorpor.pt\/en\/wp-json\/wp\/v2\/posts\/84586","targetHints":{"allow":["GET"]}}],"collection":[{"href":"https:\/\/motorpor.pt\/en\/wp-json\/wp\/v2\/posts"}],"about":[{"href":"https:\/\/motorpor.pt\/en\/wp-json\/wp\/v2\/types\/post"}],"author":[{"embeddable":true,"href":"https:\/\/motorpor.pt\/en\/wp-json\/wp\/v2\/users\/85"}],"replies":[{"embeddable":true,"href":"https:\/\/motorpor.pt\/en\/wp-json\/wp\/v2\/comments?post=84586"}],"version-history":[{"count":2,"href":"https:\/\/motorpor.pt\/en\/wp-json\/wp\/v2\/posts\/84586\/revisions"}],"predecessor-version":[{"id":90213,"href":"https:\/\/motorpor.pt\/en\/wp-json\/wp\/v2\/posts\/84586\/revisions\/90213"}],"wp:featuredmedia":[{"embeddable":true,"href":"https:\/\/motorpor.pt\/en\/wp-json\/wp\/v2\/media\/84584"}],"wp:attachment":[{"href":"https:\/\/motorpor.pt\/en\/wp-json\/wp\/v2\/media?parent=84586"}],"wp:term":[{"taxonomy":"category","embeddable":true,"href":"https:\/\/motorpor.pt\/en\/wp-json\/wp\/v2\/categories?post=84586"},{"taxonomy":"post_tag","embeddable":true,"href":"https:\/\/motorpor.pt\/en\/wp-json\/wp\/v2\/tags?post=84586"}],"curies":[{"name":"wp","href":"https:\/\/api.w.org\/{rel}","templated":true}]}}