{"id":84756,"date":"2024-05-22T00:10:00","date_gmt":"2024-05-17T15:21:45","guid":{"rendered":"https:\/\/motorpor.pt\/a-experiencia-da-renault-elevada-pela-alpine-renault-rafale-e-tech-4x4\/"},"modified":"2024-07-17T13:12:09","modified_gmt":"2024-07-17T12:12:09","slug":"a-experiencia-da-renault-elevada-pela-alpine-renault-rafale-e-tech-4x4","status":"publish","type":"post","link":"https:\/\/motorpor.pt\/en\/a-experiencia-da-renault-elevada-pela-alpine-renault-rafale-e-tech-4x4\/","title":{"rendered":"A experi\u00eancia da Renault elevada pela Alpine: Renault Rafale E-Tech 4X4"},"content":{"rendered":"<h5>A Renault revela a vers\u00e3o de alto desempenho do Rafale: o Renault Rafale E-Tech 4&#215;4 300 cv, o novo motor h\u00edbrido plug-in oferece o melhor dos dois mundos: o da combust\u00e3o e o da eletricidade.<\/h5>\n<p>\u00a0<\/p>\n<p>O Renault Rafale E-Tech 4&#215;4 300 cv n\u00e3o se diferencia apenas pelo motor de alto desempenho, mas tamb\u00e9m por ser ultra-eficiente, e ter uma autonomia de at\u00e9 1.000 km. O novo Renault com\u00a0300 cv possui not\u00e1veis caracter\u00edsticas tecnol\u00f3gicas e de seguran\u00e7a, bem como uma \u00f3tima tra\u00e7\u00e3o e ader\u00eancia \u00e0 estrada, em qualquer circunst\u00e2ncia.<\/p>\n<p>A motoriza\u00e7\u00e3o E-Tech 4&#215;4 de 300 cv do Rafale foi concebida sobre a base t\u00e9cnica do grupo propulsor h\u00edbrido E-Tech de 200 cv, com a adi\u00e7\u00e3o de um motor el\u00e9trico no eixo traseiro e de uma bateria recarreg\u00e1vel com uma acrescida capacidade de 22 kWh. Isto permite ao Rafale assegurar uma autonomia de at\u00e9 100 quil\u00f3metros, em modo totalmente el\u00e9trico.<\/p>\n<p>\u00a0<\/p>\n<div id='gallery-1' class='gallery galleryid-84756 gallery-columns-3 gallery-size-full'><figure class='gallery-item'>\n\t\t\t<div class='gallery-icon landscape'>\n\t\t\t\t<a href='https:\/\/motorpor.pt\/en\/r-dam_1561214\/'><img fetchpriority=\"high\" decoding=\"async\" width=\"2560\" height=\"1427\" src=\"https:\/\/motorpor.pt\/wp-content\/uploads\/2024\/05\/R-DAM_1561214-scaled.jpg\" class=\"attachment-full size-full\" alt=\"\" srcset=\"https:\/\/motorpor.pt\/wp-content\/uploads\/2024\/05\/R-DAM_1561214-scaled.jpg 2560w, https:\/\/motorpor.pt\/wp-content\/uploads\/2024\/05\/R-DAM_1561214-300x167.jpg 300w, https:\/\/motorpor.pt\/wp-content\/uploads\/2024\/05\/R-DAM_1561214-1024x571.jpg 1024w, https:\/\/motorpor.pt\/wp-content\/uploads\/2024\/05\/R-DAM_1561214-768x428.jpg 768w, https:\/\/motorpor.pt\/wp-content\/uploads\/2024\/05\/R-DAM_1561214-1536x856.jpg 1536w, https:\/\/motorpor.pt\/wp-content\/uploads\/2024\/05\/R-DAM_1561214-2048x1142.jpg 2048w, https:\/\/motorpor.pt\/wp-content\/uploads\/2024\/05\/R-DAM_1561214-18x10.jpg 18w, https:\/\/motorpor.pt\/wp-content\/uploads\/2024\/05\/R-DAM_1561214-200x111.jpg 200w, https:\/\/motorpor.pt\/wp-content\/uploads\/2024\/05\/R-DAM_1561214-167x93.jpg 167w, https:\/\/motorpor.pt\/wp-content\/uploads\/2024\/05\/R-DAM_1561214-335x186.jpg 335w, https:\/\/motorpor.pt\/wp-content\/uploads\/2024\/05\/R-DAM_1561214-670x372.jpg 670w, https:\/\/motorpor.pt\/wp-content\/uploads\/2024\/05\/R-DAM_1561214-165x92.jpg 165w\" sizes=\"(max-width: 2560px) 100vw, 2560px\" \/><\/a>\n\t\t\t<\/div><\/figure><figure class='gallery-item'>\n\t\t\t<div class='gallery-icon landscape'>\n\t\t\t\t<a href='https:\/\/motorpor.pt\/en\/r-dam_1558223\/'><img decoding=\"async\" width=\"2560\" height=\"1440\" src=\"https:\/\/motorpor.pt\/wp-content\/uploads\/2024\/05\/R-DAM_1558223-scaled.jpg\" class=\"attachment-full size-full\" alt=\"\" srcset=\"https:\/\/motorpor.pt\/wp-content\/uploads\/2024\/05\/R-DAM_1558223-scaled.jpg 2560w, https:\/\/motorpor.pt\/wp-content\/uploads\/2024\/05\/R-DAM_1558223-300x169.jpg 300w, https:\/\/motorpor.pt\/wp-content\/uploads\/2024\/05\/R-DAM_1558223-1024x576.jpg 1024w, https:\/\/motorpor.pt\/wp-content\/uploads\/2024\/05\/R-DAM_1558223-768x432.jpg 768w, https:\/\/motorpor.pt\/wp-content\/uploads\/2024\/05\/R-DAM_1558223-1536x864.jpg 1536w, https:\/\/motorpor.pt\/wp-content\/uploads\/2024\/05\/R-DAM_1558223-2048x1152.jpg 2048w, https:\/\/motorpor.pt\/wp-content\/uploads\/2024\/05\/R-DAM_1558223-18x10.jpg 18w, https:\/\/motorpor.pt\/wp-content\/uploads\/2024\/05\/R-DAM_1558223-200x113.jpg 200w, https:\/\/motorpor.pt\/wp-content\/uploads\/2024\/05\/R-DAM_1558223-167x93.jpg 167w, https:\/\/motorpor.pt\/wp-content\/uploads\/2024\/05\/R-DAM_1558223-165x93.jpg 165w\" sizes=\"(max-width: 2560px) 100vw, 2560px\" \/><\/a>\n\t\t\t<\/div><\/figure><figure class='gallery-item'>\n\t\t\t<div class='gallery-icon landscape'>\n\t\t\t\t<a href='https:\/\/motorpor.pt\/en\/r-dam_1558220\/'><img decoding=\"async\" width=\"2560\" height=\"1440\" src=\"https:\/\/motorpor.pt\/wp-content\/uploads\/2024\/05\/R-DAM_1558220-scaled.jpg\" class=\"attachment-full size-full\" alt=\"\" srcset=\"https:\/\/motorpor.pt\/wp-content\/uploads\/2024\/05\/R-DAM_1558220-scaled.jpg 2560w, https:\/\/motorpor.pt\/wp-content\/uploads\/2024\/05\/R-DAM_1558220-300x169.jpg 300w, https:\/\/motorpor.pt\/wp-content\/uploads\/2024\/05\/R-DAM_1558220-1024x576.jpg 1024w, https:\/\/motorpor.pt\/wp-content\/uploads\/2024\/05\/R-DAM_1558220-768x432.jpg 768w, https:\/\/motorpor.pt\/wp-content\/uploads\/2024\/05\/R-DAM_1558220-1536x864.jpg 1536w, https:\/\/motorpor.pt\/wp-content\/uploads\/2024\/05\/R-DAM_1558220-2048x1152.jpg 2048w, https:\/\/motorpor.pt\/wp-content\/uploads\/2024\/05\/R-DAM_1558220-18x10.jpg 18w, https:\/\/motorpor.pt\/wp-content\/uploads\/2024\/05\/R-DAM_1558220-200x113.jpg 200w, https:\/\/motorpor.pt\/wp-content\/uploads\/2024\/05\/R-DAM_1558220-167x93.jpg 167w, https:\/\/motorpor.pt\/wp-content\/uploads\/2024\/05\/R-DAM_1558220-165x93.jpg 165w\" sizes=\"(max-width: 2560px) 100vw, 2560px\" \/><\/a>\n\t\t\t<\/div><\/figure>\n\t\t<\/div>\n\n<p>&#8220;O Rafale posiciona-se no cruzamento de duas linhas hist\u00f3ricas da Renault. Por um lado, abra\u00e7a a heran\u00e7a desportiva com berlinas de alto desempenho, como o R21 Turbo e o Safrane Baccara Biturbo e, por outro, a da capacidade de inova\u00e7\u00e3o, com conceitos como o MPV, os turbos ou os motores h\u00edbridos E-Tech&#8221;, avan\u00e7a Gr\u00e9gory Launay, Respons\u00e1vel de Desempenho do Renault Rafale.<\/p>\n<p>\u00a0<\/p>\n<p>Em condu\u00e7\u00e3o din\u00e2mica, a combina\u00e7\u00e3o dos diferentes motores oferece todo o seu potencial, com os seguintes n\u00edveis de desempenho:<\/p>\n<p>\u00a0<\/p>\n<ul>\n<li>0 a 100 km\/h em 6,4 seg. (em compara\u00e7\u00e3o com os 8,9 segundos do E-Tech hybrid 200 cv);<\/li>\n<li>80 a 120 km\/h em 4,0 seg. (em compara\u00e7\u00e3o com os 5,6 segundos do E-Tech hybrid 200 cv);<\/li>\n<li>1 000 metros de arranque em 26,9 segundos.<\/li>\n<\/ul>\n<p>\u00a0<\/p>\n<p>Conhe\u00e7a as viaturas Renault dispon\u00edveis no nosso site.<\/p>","protected":false},"excerpt":{"rendered":"<p>A Renault revela a vers\u00e3o de alto desempenho do Rafale: o Renault Rafale E-Tech 4&#215;4 300 cv, o novo motor h\u00edbrido plug-in oferece o melhor dos dois mundos: o da combust\u00e3o e o da eletricidade. \u00a0 O Renault Rafale E-Tech 4&#215;4 300 cv n\u00e3o se diferencia apenas pelo motor de alto desempenho, mas tamb\u00e9m por [&hellip;]<\/p>\n","protected":false},"author":85,"featured_media":84755,"comment_status":"closed","ping_status":"open","sticky":false,"template":"","format":"standard","meta":{"_acf_changed":false,"footnotes":""},"categories":[2595,2592,3095],"tags":[],"class_list":["post-84756","post","type-post","status-publish","format-standard","has-post-thumbnail","hentry","category-atualidade","category-noticias","category-noticias-renault"],"acf":[],"yoast_head":"<!-- This site is optimized with the Yoast SEO plugin v27.5 - https:\/\/yoast.com\/product\/yoast-seo-wordpress\/ -->\n<title>A experi\u00eancia da Renault elevada pela Alpine: Renault Rafale E-Tech 4X4 - Motorpor<\/title>\n<meta name=\"robots\" content=\"index, follow, max-snippet:-1, max-image-preview:large, max-video-preview:-1\" \/>\n<link rel=\"canonical\" href=\"https:\/\/motorpor.pt\/en\/a-experiencia-da-renault-elevada-pela-alpine-renault-rafale-e-tech-4x4\/\" \/>\n<meta property=\"og:locale\" content=\"en_US\" \/>\n<meta property=\"og:type\" content=\"article\" \/>\n<meta property=\"og:title\" content=\"A experi\u00eancia da Renault elevada pela Alpine: Renault Rafale E-Tech 4X4 - Motorpor\" \/>\n<meta property=\"og:description\" content=\"A Renault revela a vers\u00e3o de alto desempenho do Rafale: o Renault Rafale E-Tech 4&#215;4 300 cv, o novo motor h\u00edbrido plug-in oferece o melhor dos dois mundos: o da combust\u00e3o e o da eletricidade. \u00a0 O Renault Rafale E-Tech 4&#215;4 300 cv n\u00e3o se diferencia apenas pelo motor de alto desempenho, mas tamb\u00e9m por [&hellip;]\" \/>\n<meta property=\"og:url\" content=\"https:\/\/motorpor.pt\/en\/a-experiencia-da-renault-elevada-pela-alpine-renault-rafale-e-tech-4x4\/\" \/>\n<meta property=\"og:site_name\" content=\"Motorpor\" \/>\n<meta property=\"article:published_time\" content=\"2024-05-17T15:21:45+00:00\" \/>\n<meta property=\"article:modified_time\" content=\"2024-07-17T12:12:09+00:00\" \/>\n<meta property=\"og:image\" content=\"https:\/\/motorpor.pt\/wp-content\/uploads\/2024\/05\/R-DAM_1561232-scaled-1.jpg\" \/>\n\t<meta property=\"og:image:width\" content=\"2560\" \/>\n\t<meta property=\"og:image:height\" content=\"1427\" \/>\n\t<meta property=\"og:image:type\" content=\"image\/jpeg\" \/>\n<meta name=\"author\" content=\"mktmotorpor\" \/>\n<meta name=\"twitter:card\" content=\"summary_large_image\" \/>\n<meta name=\"twitter:label1\" content=\"Written by\" \/>\n\t<meta name=\"twitter:data1\" content=\"mktmotorpor\" \/>\n\t<meta name=\"twitter:label2\" content=\"Est. reading time\" \/>\n\t<meta name=\"twitter:data2\" content=\"2 minutes\" \/>\n<script type=\"application\/ld+json\" class=\"yoast-schema-graph\">{\"@context\":\"https:\\\/\\\/schema.org\",\"@graph\":[{\"@type\":\"Article\",\"@id\":\"https:\\\/\\\/motorpor.pt\\\/a-experiencia-da-renault-elevada-pela-alpine-renault-rafale-e-tech-4x4\\\/#article\",\"isPartOf\":{\"@id\":\"https:\\\/\\\/motorpor.pt\\\/a-experiencia-da-renault-elevada-pela-alpine-renault-rafale-e-tech-4x4\\\/\"},\"author\":{\"name\":\"mktmotorpor\",\"@id\":\"https:\\\/\\\/motorpor.pt\\\/#\\\/schema\\\/person\\\/b4bf07144e88efed7388a5af30522db7\"},\"headline\":\"A experi\u00eancia da Renault elevada pela Alpine: Renault Rafale E-Tech 4X4\",\"datePublished\":\"2024-05-17T15:21:45+00:00\",\"dateModified\":\"2024-07-17T12:12:09+00:00\",\"mainEntityOfPage\":{\"@id\":\"https:\\\/\\\/motorpor.pt\\\/a-experiencia-da-renault-elevada-pela-alpine-renault-rafale-e-tech-4x4\\\/\"},\"wordCount\":313,\"publisher\":{\"@id\":\"https:\\\/\\\/motorpor.pt\\\/#organization\"},\"image\":{\"@id\":\"https:\\\/\\\/motorpor.pt\\\/a-experiencia-da-renault-elevada-pela-alpine-renault-rafale-e-tech-4x4\\\/#primaryimage\"},\"thumbnailUrl\":\"https:\\\/\\\/motorpor.pt\\\/wp-content\\\/uploads\\\/2024\\\/05\\\/R-DAM_1561232-scaled-1.jpg\",\"articleSection\":[\"Atualidade\",\"Not\u00edcias\",\"Not\u00edcias Renault\"],\"inLanguage\":\"en-US\"},{\"@type\":\"WebPage\",\"@id\":\"https:\\\/\\\/motorpor.pt\\\/a-experiencia-da-renault-elevada-pela-alpine-renault-rafale-e-tech-4x4\\\/\",\"url\":\"https:\\\/\\\/motorpor.pt\\\/a-experiencia-da-renault-elevada-pela-alpine-renault-rafale-e-tech-4x4\\\/\",\"name\":\"A experi\u00eancia da Renault elevada pela Alpine: Renault Rafale E-Tech 4X4 - Motorpor\",\"isPartOf\":{\"@id\":\"https:\\\/\\\/motorpor.pt\\\/#website\"},\"primaryImageOfPage\":{\"@id\":\"https:\\\/\\\/motorpor.pt\\\/a-experiencia-da-renault-elevada-pela-alpine-renault-rafale-e-tech-4x4\\\/#primaryimage\"},\"image\":{\"@id\":\"https:\\\/\\\/motorpor.pt\\\/a-experiencia-da-renault-elevada-pela-alpine-renault-rafale-e-tech-4x4\\\/#primaryimage\"},\"thumbnailUrl\":\"https:\\\/\\\/motorpor.pt\\\/wp-content\\\/uploads\\\/2024\\\/05\\\/R-DAM_1561232-scaled-1.jpg\",\"datePublished\":\"2024-05-17T15:21:45+00:00\",\"dateModified\":\"2024-07-17T12:12:09+00:00\",\"breadcrumb\":{\"@id\":\"https:\\\/\\\/motorpor.pt\\\/a-experiencia-da-renault-elevada-pela-alpine-renault-rafale-e-tech-4x4\\\/#breadcrumb\"},\"inLanguage\":\"en-US\",\"potentialAction\":[{\"@type\":\"ReadAction\",\"target\":[\"https:\\\/\\\/motorpor.pt\\\/a-experiencia-da-renault-elevada-pela-alpine-renault-rafale-e-tech-4x4\\\/\"]}]},{\"@type\":\"ImageObject\",\"inLanguage\":\"en-US\",\"@id\":\"https:\\\/\\\/motorpor.pt\\\/a-experiencia-da-renault-elevada-pela-alpine-renault-rafale-e-tech-4x4\\\/#primaryimage\",\"url\":\"https:\\\/\\\/motorpor.pt\\\/wp-content\\\/uploads\\\/2024\\\/05\\\/R-DAM_1561232-scaled-1.jpg\",\"contentUrl\":\"https:\\\/\\\/motorpor.pt\\\/wp-content\\\/uploads\\\/2024\\\/05\\\/R-DAM_1561232-scaled-1.jpg\",\"width\":2560,\"height\":1427},{\"@type\":\"BreadcrumbList\",\"@id\":\"https:\\\/\\\/motorpor.pt\\\/a-experiencia-da-renault-elevada-pela-alpine-renault-rafale-e-tech-4x4\\\/#breadcrumb\",\"itemListElement\":[{\"@type\":\"ListItem\",\"position\":1,\"name\":\"In\u00edcio\",\"item\":\"https:\\\/\\\/motorpor.pt\\\/\"},{\"@type\":\"ListItem\",\"position\":2,\"name\":\"A experi\u00eancia da Renault elevada pela Alpine: Renault Rafale E-Tech 4X4\"}]},{\"@type\":\"WebSite\",\"@id\":\"https:\\\/\\\/motorpor.pt\\\/#website\",\"url\":\"https:\\\/\\\/motorpor.pt\\\/\",\"name\":\"Motorpor\",\"description\":\"Comercio de Autom\u00f3veis Multimarcas\",\"publisher\":{\"@id\":\"https:\\\/\\\/motorpor.pt\\\/#organization\"},\"potentialAction\":[{\"@type\":\"SearchAction\",\"target\":{\"@type\":\"EntryPoint\",\"urlTemplate\":\"https:\\\/\\\/motorpor.pt\\\/?s={search_term_string}\"},\"query-input\":{\"@type\":\"PropertyValueSpecification\",\"valueRequired\":true,\"valueName\":\"search_term_string\"}}],\"inLanguage\":\"en-US\"},{\"@type\":\"Organization\",\"@id\":\"https:\\\/\\\/motorpor.pt\\\/#organization\",\"name\":\"Motorpor\",\"alternateName\":\"Motorpor\",\"url\":\"https:\\\/\\\/motorpor.pt\\\/\",\"logo\":{\"@type\":\"ImageObject\",\"inLanguage\":\"en-US\",\"@id\":\"https:\\\/\\\/motorpor.pt\\\/#\\\/schema\\\/logo\\\/image\\\/\",\"url\":\"https:\\\/\\\/motorpor.pt\\\/wp-content\\\/uploads\\\/2024\\\/07\\\/Logo-Motorpor-Preto.svg\",\"contentUrl\":\"https:\\\/\\\/motorpor.pt\\\/wp-content\\\/uploads\\\/2024\\\/07\\\/Logo-Motorpor-Preto.svg\",\"width\":493,\"height\":93,\"caption\":\"Motorpor\"},\"image\":{\"@id\":\"https:\\\/\\\/motorpor.pt\\\/#\\\/schema\\\/logo\\\/image\\\/\"},\"sameAs\":[\"https:\\\/\\\/www.linkedin.com\\\/company\\\/grupo-motorpor\"]},{\"@type\":\"Person\",\"@id\":\"https:\\\/\\\/motorpor.pt\\\/#\\\/schema\\\/person\\\/b4bf07144e88efed7388a5af30522db7\",\"name\":\"mktmotorpor\",\"image\":{\"@type\":\"ImageObject\",\"inLanguage\":\"en-US\",\"@id\":\"https:\\\/\\\/secure.gravatar.com\\\/avatar\\\/8418b61b3175dbba0a8744cf0ee6bb5c7a9f6c67f1dbc4f41a62d7b9738259a2?s=96&d=mm&r=g\",\"url\":\"https:\\\/\\\/secure.gravatar.com\\\/avatar\\\/8418b61b3175dbba0a8744cf0ee6bb5c7a9f6c67f1dbc4f41a62d7b9738259a2?s=96&d=mm&r=g\",\"contentUrl\":\"https:\\\/\\\/secure.gravatar.com\\\/avatar\\\/8418b61b3175dbba0a8744cf0ee6bb5c7a9f6c67f1dbc4f41a62d7b9738259a2?s=96&d=mm&r=g\",\"caption\":\"mktmotorpor\"},\"url\":\"https:\\\/\\\/motorpor.pt\\\/en\\\/user\\\/mktmotorpor\\\/\"}]}<\/script>\n<!-- \/ Yoast SEO plugin. -->","yoast_head_json":{"title":"A experi\u00eancia da Renault elevada pela Alpine: Renault Rafale E-Tech 4X4 - Motorpor","robots":{"index":"index","follow":"follow","max-snippet":"max-snippet:-1","max-image-preview":"max-image-preview:large","max-video-preview":"max-video-preview:-1"},"canonical":"https:\/\/motorpor.pt\/en\/a-experiencia-da-renault-elevada-pela-alpine-renault-rafale-e-tech-4x4\/","og_locale":"en_US","og_type":"article","og_title":"A experi\u00eancia da Renault elevada pela Alpine: Renault Rafale E-Tech 4X4 - Motorpor","og_description":"A Renault revela a vers\u00e3o de alto desempenho do Rafale: o Renault Rafale E-Tech 4&#215;4 300 cv, o novo motor h\u00edbrido plug-in oferece o melhor dos dois mundos: o da combust\u00e3o e o da eletricidade. \u00a0 O Renault Rafale E-Tech 4&#215;4 300 cv n\u00e3o se diferencia apenas pelo motor de alto desempenho, mas tamb\u00e9m por [&hellip;]","og_url":"https:\/\/motorpor.pt\/en\/a-experiencia-da-renault-elevada-pela-alpine-renault-rafale-e-tech-4x4\/","og_site_name":"Motorpor","article_published_time":"2024-05-17T15:21:45+00:00","article_modified_time":"2024-07-17T12:12:09+00:00","og_image":[{"width":2560,"height":1427,"url":"https:\/\/motorpor.pt\/wp-content\/uploads\/2024\/05\/R-DAM_1561232-scaled-1.jpg","type":"image\/jpeg"}],"author":"mktmotorpor","twitter_card":"summary_large_image","twitter_misc":{"Written by":"mktmotorpor","Est. reading time":"2 minutes"},"schema":{"@context":"https:\/\/schema.org","@graph":[{"@type":"Article","@id":"https:\/\/motorpor.pt\/a-experiencia-da-renault-elevada-pela-alpine-renault-rafale-e-tech-4x4\/#article","isPartOf":{"@id":"https:\/\/motorpor.pt\/a-experiencia-da-renault-elevada-pela-alpine-renault-rafale-e-tech-4x4\/"},"author":{"name":"mktmotorpor","@id":"https:\/\/motorpor.pt\/#\/schema\/person\/b4bf07144e88efed7388a5af30522db7"},"headline":"A experi\u00eancia da Renault elevada pela Alpine: Renault Rafale E-Tech 4X4","datePublished":"2024-05-17T15:21:45+00:00","dateModified":"2024-07-17T12:12:09+00:00","mainEntityOfPage":{"@id":"https:\/\/motorpor.pt\/a-experiencia-da-renault-elevada-pela-alpine-renault-rafale-e-tech-4x4\/"},"wordCount":313,"publisher":{"@id":"https:\/\/motorpor.pt\/#organization"},"image":{"@id":"https:\/\/motorpor.pt\/a-experiencia-da-renault-elevada-pela-alpine-renault-rafale-e-tech-4x4\/#primaryimage"},"thumbnailUrl":"https:\/\/motorpor.pt\/wp-content\/uploads\/2024\/05\/R-DAM_1561232-scaled-1.jpg","articleSection":["Atualidade","Not\u00edcias","Not\u00edcias Renault"],"inLanguage":"en-US"},{"@type":"WebPage","@id":"https:\/\/motorpor.pt\/a-experiencia-da-renault-elevada-pela-alpine-renault-rafale-e-tech-4x4\/","url":"https:\/\/motorpor.pt\/a-experiencia-da-renault-elevada-pela-alpine-renault-rafale-e-tech-4x4\/","name":"A experi\u00eancia da Renault elevada pela Alpine: Renault Rafale E-Tech 4X4 - Motorpor","isPartOf":{"@id":"https:\/\/motorpor.pt\/#website"},"primaryImageOfPage":{"@id":"https:\/\/motorpor.pt\/a-experiencia-da-renault-elevada-pela-alpine-renault-rafale-e-tech-4x4\/#primaryimage"},"image":{"@id":"https:\/\/motorpor.pt\/a-experiencia-da-renault-elevada-pela-alpine-renault-rafale-e-tech-4x4\/#primaryimage"},"thumbnailUrl":"https:\/\/motorpor.pt\/wp-content\/uploads\/2024\/05\/R-DAM_1561232-scaled-1.jpg","datePublished":"2024-05-17T15:21:45+00:00","dateModified":"2024-07-17T12:12:09+00:00","breadcrumb":{"@id":"https:\/\/motorpor.pt\/a-experiencia-da-renault-elevada-pela-alpine-renault-rafale-e-tech-4x4\/#breadcrumb"},"inLanguage":"en-US","potentialAction":[{"@type":"ReadAction","target":["https:\/\/motorpor.pt\/a-experiencia-da-renault-elevada-pela-alpine-renault-rafale-e-tech-4x4\/"]}]},{"@type":"ImageObject","inLanguage":"en-US","@id":"https:\/\/motorpor.pt\/a-experiencia-da-renault-elevada-pela-alpine-renault-rafale-e-tech-4x4\/#primaryimage","url":"https:\/\/motorpor.pt\/wp-content\/uploads\/2024\/05\/R-DAM_1561232-scaled-1.jpg","contentUrl":"https:\/\/motorpor.pt\/wp-content\/uploads\/2024\/05\/R-DAM_1561232-scaled-1.jpg","width":2560,"height":1427},{"@type":"BreadcrumbList","@id":"https:\/\/motorpor.pt\/a-experiencia-da-renault-elevada-pela-alpine-renault-rafale-e-tech-4x4\/#breadcrumb","itemListElement":[{"@type":"ListItem","position":1,"name":"In\u00edcio","item":"https:\/\/motorpor.pt\/"},{"@type":"ListItem","position":2,"name":"A experi\u00eancia da Renault elevada pela Alpine: Renault Rafale E-Tech 4X4"}]},{"@type":"WebSite","@id":"https:\/\/motorpor.pt\/#website","url":"https:\/\/motorpor.pt\/","name":"motorpor","description":"Comercio de Autom\u00f3veis Multimarcas","publisher":{"@id":"https:\/\/motorpor.pt\/#organization"},"potentialAction":[{"@type":"SearchAction","target":{"@type":"EntryPoint","urlTemplate":"https:\/\/motorpor.pt\/?s={search_term_string}"},"query-input":{"@type":"PropertyValueSpecification","valueRequired":true,"valueName":"search_term_string"}}],"inLanguage":"en-US"},{"@type":"Organization","@id":"https:\/\/motorpor.pt\/#organization","name":"motorpor","alternateName":"Motorpor","url":"https:\/\/motorpor.pt\/","logo":{"@type":"ImageObject","inLanguage":"en-US","@id":"https:\/\/motorpor.pt\/#\/schema\/logo\/image\/","url":"https:\/\/motorpor.pt\/wp-content\/uploads\/2024\/07\/Logo-Motorpor-Preto.svg","contentUrl":"https:\/\/motorpor.pt\/wp-content\/uploads\/2024\/07\/Logo-Motorpor-Preto.svg","width":493,"height":93,"caption":"Motorpor"},"image":{"@id":"https:\/\/motorpor.pt\/#\/schema\/logo\/image\/"},"sameAs":["https:\/\/www.linkedin.com\/company\/grupo-motorpor"]},{"@type":"Person","@id":"https:\/\/motorpor.pt\/#\/schema\/person\/b4bf07144e88efed7388a5af30522db7","name":"mktmotorpor","image":{"@type":"ImageObject","inLanguage":"en-US","@id":"https:\/\/secure.gravatar.com\/avatar\/8418b61b3175dbba0a8744cf0ee6bb5c7a9f6c67f1dbc4f41a62d7b9738259a2?s=96&d=mm&r=g","url":"https:\/\/secure.gravatar.com\/avatar\/8418b61b3175dbba0a8744cf0ee6bb5c7a9f6c67f1dbc4f41a62d7b9738259a2?s=96&d=mm&r=g","contentUrl":"https:\/\/secure.gravatar.com\/avatar\/8418b61b3175dbba0a8744cf0ee6bb5c7a9f6c67f1dbc4f41a62d7b9738259a2?s=96&d=mm&r=g","caption":"mktmotorpor"},"url":"https:\/\/motorpor.pt\/en\/user\/mktmotorpor\/"}]}},"_links":{"self":[{"href":"https:\/\/motorpor.pt\/en\/wp-json\/wp\/v2\/posts\/84756","targetHints":{"allow":["GET"]}}],"collection":[{"href":"https:\/\/motorpor.pt\/en\/wp-json\/wp\/v2\/posts"}],"about":[{"href":"https:\/\/motorpor.pt\/en\/wp-json\/wp\/v2\/types\/post"}],"author":[{"embeddable":true,"href":"https:\/\/motorpor.pt\/en\/wp-json\/wp\/v2\/users\/85"}],"replies":[{"embeddable":true,"href":"https:\/\/motorpor.pt\/en\/wp-json\/wp\/v2\/comments?post=84756"}],"version-history":[{"count":2,"href":"https:\/\/motorpor.pt\/en\/wp-json\/wp\/v2\/posts\/84756\/revisions"}],"predecessor-version":[{"id":90203,"href":"https:\/\/motorpor.pt\/en\/wp-json\/wp\/v2\/posts\/84756\/revisions\/90203"}],"wp:featuredmedia":[{"embeddable":true,"href":"https:\/\/motorpor.pt\/en\/wp-json\/wp\/v2\/media\/84755"}],"wp:attachment":[{"href":"https:\/\/motorpor.pt\/en\/wp-json\/wp\/v2\/media?parent=84756"}],"wp:term":[{"taxonomy":"category","embeddable":true,"href":"https:\/\/motorpor.pt\/en\/wp-json\/wp\/v2\/categories?post=84756"},{"taxonomy":"post_tag","embeddable":true,"href":"https:\/\/motorpor.pt\/en\/wp-json\/wp\/v2\/tags?post=84756"}],"curies":[{"name":"wp","href":"https:\/\/api.w.org\/{rel}","templated":true}]}}