{"id":85990,"date":"2024-06-20T00:00:00","date_gmt":"2024-06-12T10:03:55","guid":{"rendered":"https:\/\/motorpor.pt\/grupo-motorpor-assume-representacao-da-mg-em-evora\/"},"modified":"2024-07-17T14:55:46","modified_gmt":"2024-07-17T13:55:46","slug":"grupo-motorpor-assume-representacao-da-mg-em-evora","status":"publish","type":"post","link":"https:\/\/motorpor.pt\/en\/grupo-motorpor-assume-representacao-da-mg-em-evora\/","title":{"rendered":"Grupo Motorpor assume representa\u00e7\u00e3o da MG em \u00c9vora"},"content":{"rendered":"<p>O portf\u00f3lio de marcas representadas pelo Grupo Motorpor vai receber uma nova ins\u00edgnia autom\u00f3vel a partir de 20 de junho. Trata-se da ic\u00f3nica <strong>MG<\/strong> e a sua gama de ve\u00edculos passar\u00e1 a estar dispon\u00edvel nas instala\u00e7\u00f5es do Grupo em <strong>\u00c9vora<\/strong>, estendendo-se a \u00e1rea de influ\u00eancia da concess\u00e3o a todo o distrito alentejano.<\/p>\n<p>A nova representa\u00e7\u00e3o da <strong>MG<\/strong> na capital alentejana refor\u00e7a o compromisso assumido pelo<strong> Grupo Motorpor<\/strong> em proporcionar aos seus clientes uma gama abrangente de op\u00e7\u00f5es de ve\u00edculos de alta qualidade, tornando-se a d\u00e9cima marca a ser representada.<\/p>\n<p>\u00a0<\/p>\n<p><img fetchpriority=\"high\" decoding=\"async\" class=\"alignnone size-full wp-image-87452\" src=\"https:\/\/motorpor.pt\/wp-content\/uploads\/2024\/06\/WhatsApp-Image-2024-06-20-at-17.02.34.jpeg\" alt=\"\" width=\"1728\" height=\"1296\" srcset=\"https:\/\/motorpor.pt\/wp-content\/uploads\/2024\/06\/WhatsApp-Image-2024-06-20-at-17.02.34.jpeg 1728w, https:\/\/motorpor.pt\/wp-content\/uploads\/2024\/06\/WhatsApp-Image-2024-06-20-at-17.02.34-300x225.jpeg 300w, https:\/\/motorpor.pt\/wp-content\/uploads\/2024\/06\/WhatsApp-Image-2024-06-20-at-17.02.34-1024x768.jpeg 1024w, https:\/\/motorpor.pt\/wp-content\/uploads\/2024\/06\/WhatsApp-Image-2024-06-20-at-17.02.34-768x576.jpeg 768w, https:\/\/motorpor.pt\/wp-content\/uploads\/2024\/06\/WhatsApp-Image-2024-06-20-at-17.02.34-1536x1152.jpeg 1536w, https:\/\/motorpor.pt\/wp-content\/uploads\/2024\/06\/WhatsApp-Image-2024-06-20-at-17.02.34-16x12.jpeg 16w, https:\/\/motorpor.pt\/wp-content\/uploads\/2024\/06\/WhatsApp-Image-2024-06-20-at-17.02.34-200x150.jpeg 200w, https:\/\/motorpor.pt\/wp-content\/uploads\/2024\/06\/WhatsApp-Image-2024-06-20-at-17.02.34-165x124.jpeg 165w\" sizes=\"(max-width: 1728px) 100vw, 1728px\" \/><\/p>\n<p>\u00a0<\/p>\n<p>O fabricante de autom\u00f3veis de origem brit\u00e2nica, fundado em 1924 e sediado perto de Birmingham, \u00e9 reconhecido pela sua rica heran\u00e7a e inova\u00e7\u00e3o no setor autom\u00f3vel, afirmando-se como uma marca vanguardista. Atualmente, apresenta uma gama diversificada de ve\u00edculos sustent\u00e1veis, inteligentes, funcionais e acess\u00edveis. Os clientes do Grupo Motorpor ter\u00e3o assim acesso a uma sele\u00e7\u00e3o variada de autom\u00f3veis <strong>MG<\/strong>, incluindo <strong>modelos desportivos e carros el\u00e9tricos<\/strong>, que refletem o compromisso da marca com a excel\u00eancia, design moderno e tecnologia avan\u00e7ada.<\/p>\n<p>\u00a0<\/p>\n<p><img decoding=\"async\" class=\"alignnone size-full wp-image-87453\" src=\"https:\/\/motorpor.pt\/wp-content\/uploads\/2024\/06\/WhatsApp-Image-2024-06-20-at-17.02.34-2.jpeg\" alt=\"\" width=\"1296\" height=\"1728\" srcset=\"https:\/\/motorpor.pt\/wp-content\/uploads\/2024\/06\/WhatsApp-Image-2024-06-20-at-17.02.34-2.jpeg 1296w, https:\/\/motorpor.pt\/wp-content\/uploads\/2024\/06\/WhatsApp-Image-2024-06-20-at-17.02.34-2-225x300.jpeg 225w, https:\/\/motorpor.pt\/wp-content\/uploads\/2024\/06\/WhatsApp-Image-2024-06-20-at-17.02.34-2-768x1024.jpeg 768w, https:\/\/motorpor.pt\/wp-content\/uploads\/2024\/06\/WhatsApp-Image-2024-06-20-at-17.02.34-2-1152x1536.jpeg 1152w, https:\/\/motorpor.pt\/wp-content\/uploads\/2024\/06\/WhatsApp-Image-2024-06-20-at-17.02.34-2-9x12.jpeg 9w, https:\/\/motorpor.pt\/wp-content\/uploads\/2024\/06\/WhatsApp-Image-2024-06-20-at-17.02.34-2-200x267.jpeg 200w, https:\/\/motorpor.pt\/wp-content\/uploads\/2024\/06\/WhatsApp-Image-2024-06-20-at-17.02.34-2-165x220.jpeg 165w\" sizes=\"(max-width: 1296px) 100vw, 1296px\" \/><\/p>\n<p>\u00a0<\/p>\n<p>Para o presidente do Grupo Motorpor, Manuel Coutinho, \u201ca entrada da <strong>MG<\/strong> no nosso portf\u00f3lio constitui, face ao prest\u00edgio deste fabricante autom\u00f3vel, um marco significativo no leque de op\u00e7\u00f5es que disponibilizamos na regi\u00e3o de <strong>\u00c9vora<\/strong>\u201d.<\/p>\n<p>\u201cEsta novidade n\u00e3o s\u00f3 fortalece a nossa presen\u00e7a na regi\u00e3o, como refor\u00e7a a miss\u00e3o de oferecer marcas de alta qualidade, a par de um atendimento excecional aos clientes\u201d, conclui o l\u00edder do grupo autom\u00f3vel.<\/p>\n<p>O <strong>Grupo Motorpor<\/strong> det\u00e9m atualmente <strong>12 pontos de venda de viaturas novas<\/strong>, concentrados sobretudo a <strong>sul do Tejo at\u00e9 ao Algarve<\/strong>, a que se juntam oito pontos de venda de viaturas usadas. Adicionalmente, conta com nove oficinas gerais, quatro oficinas de colis\u00e3o e tr\u00eas esta\u00e7\u00f5es de rent-a-car. Na carteira de marcas representadas incluem-se a Citr\u00f6en, DS, Peugeot, Renault, Dacia, Opel, Fiat, Abarth e Jeep.<\/p>\n<p>\u00a0<\/p>\n<p style=\"text-align: left\">Mais informa\u00e7\u00f5es em:<\/p>\n<p style=\"text-align: left\"><a href=\"https:\/\/motorpor.pt\/en\/mg\/\">Website<\/a><br \/>\n<a href=\"https:\/\/www.linkedin.com\/company\/grupo-motorpor\">LinkedIn<\/a><br \/>\n<a href=\"https:\/\/www.facebook.com\/grupomotorpor\">Facebook<\/a><\/p>","protected":false},"excerpt":{"rendered":"<p>O portf\u00f3lio de marcas representadas pelo Grupo Motorpor vai receber uma nova ins\u00edgnia autom\u00f3vel a partir de 20 de junho. Trata-se da ic\u00f3nica MG e a sua gama de ve\u00edculos passar\u00e1 a estar dispon\u00edvel nas instala\u00e7\u00f5es do Grupo em \u00c9vora, estendendo-se a \u00e1rea de influ\u00eancia da concess\u00e3o a todo o distrito alentejano. A nova representa\u00e7\u00e3o [&hellip;]<\/p>\n","protected":false},"author":85,"featured_media":85993,"comment_status":"closed","ping_status":"open","sticky":false,"template":"","format":"standard","meta":{"_acf_changed":false,"footnotes":""},"categories":[2595,2495,2594,3074,2592,3092,2584],"tags":[],"class_list":["post-85990","post","type-post","status-publish","format-standard","has-post-thumbnail","hentry","category-atualidade","category-campanhas","category-destaques","category-mg","category-noticias","category-noticias-mg","category-novos"],"acf":[],"yoast_head":"<!-- This site is optimized with the Yoast SEO plugin v27.5 - https:\/\/yoast.com\/product\/yoast-seo-wordpress\/ -->\n<title>Grupo Motorpor assume representa\u00e7\u00e3o da MG em \u00c9vora - Motorpor<\/title>\n<meta name=\"robots\" content=\"index, follow, max-snippet:-1, max-image-preview:large, max-video-preview:-1\" \/>\n<link rel=\"canonical\" href=\"https:\/\/motorpor.pt\/en\/grupo-motorpor-assume-representacao-da-mg-em-evora\/\" \/>\n<meta property=\"og:locale\" content=\"en_US\" \/>\n<meta property=\"og:type\" content=\"article\" \/>\n<meta property=\"og:title\" content=\"Grupo Motorpor assume representa\u00e7\u00e3o da MG em \u00c9vora - Motorpor\" \/>\n<meta property=\"og:description\" content=\"O portf\u00f3lio de marcas representadas pelo Grupo Motorpor vai receber uma nova ins\u00edgnia autom\u00f3vel a partir de 20 de junho. Trata-se da ic\u00f3nica MG e a sua gama de ve\u00edculos passar\u00e1 a estar dispon\u00edvel nas instala\u00e7\u00f5es do Grupo em \u00c9vora, estendendo-se a \u00e1rea de influ\u00eancia da concess\u00e3o a todo o distrito alentejano. A nova representa\u00e7\u00e3o [&hellip;]\" \/>\n<meta property=\"og:url\" content=\"https:\/\/motorpor.pt\/en\/grupo-motorpor-assume-representacao-da-mg-em-evora\/\" \/>\n<meta property=\"og:site_name\" content=\"Motorpor\" \/>\n<meta property=\"article:published_time\" content=\"2024-06-12T10:03:55+00:00\" \/>\n<meta property=\"article:modified_time\" content=\"2024-07-17T13:55:46+00:00\" \/>\n<meta property=\"og:image\" content=\"https:\/\/motorpor.pt\/wp-content\/uploads\/2024\/06\/Imagem-Noticia-MG-2-1024x472-1.png\" \/>\n\t<meta property=\"og:image:width\" content=\"1024\" \/>\n\t<meta property=\"og:image:height\" content=\"472\" \/>\n\t<meta property=\"og:image:type\" content=\"image\/png\" \/>\n<meta name=\"author\" content=\"mktmotorpor\" \/>\n<meta name=\"twitter:card\" content=\"summary_large_image\" \/>\n<meta name=\"twitter:label1\" content=\"Written by\" \/>\n\t<meta name=\"twitter:data1\" content=\"mktmotorpor\" \/>\n\t<meta name=\"twitter:label2\" content=\"Est. reading time\" \/>\n\t<meta name=\"twitter:data2\" content=\"2 minutes\" \/>\n<script type=\"application\/ld+json\" class=\"yoast-schema-graph\">{\"@context\":\"https:\\\/\\\/schema.org\",\"@graph\":[{\"@type\":\"Article\",\"@id\":\"https:\\\/\\\/motorpor.pt\\\/grupo-motorpor-assume-representacao-da-mg-em-evora\\\/#article\",\"isPartOf\":{\"@id\":\"https:\\\/\\\/motorpor.pt\\\/grupo-motorpor-assume-representacao-da-mg-em-evora\\\/\"},\"author\":{\"name\":\"mktmotorpor\",\"@id\":\"https:\\\/\\\/motorpor.pt\\\/#\\\/schema\\\/person\\\/b4bf07144e88efed7388a5af30522db7\"},\"headline\":\"Grupo Motorpor assume representa\u00e7\u00e3o da MG em \u00c9vora\",\"datePublished\":\"2024-06-12T10:03:55+00:00\",\"dateModified\":\"2024-07-17T13:55:46+00:00\",\"mainEntityOfPage\":{\"@id\":\"https:\\\/\\\/motorpor.pt\\\/grupo-motorpor-assume-representacao-da-mg-em-evora\\\/\"},\"wordCount\":357,\"publisher\":{\"@id\":\"https:\\\/\\\/motorpor.pt\\\/#organization\"},\"image\":{\"@id\":\"https:\\\/\\\/motorpor.pt\\\/grupo-motorpor-assume-representacao-da-mg-em-evora\\\/#primaryimage\"},\"thumbnailUrl\":\"https:\\\/\\\/motorpor.pt\\\/wp-content\\\/uploads\\\/2024\\\/06\\\/Imagem-Noticia-MG-2-1.png\",\"articleSection\":[\"Atualidade\",\"Campanhas\",\"Destaques\",\"MG\",\"Not\u00edcias\",\"Not\u00edcias MG\",\"Novos\"],\"inLanguage\":\"en-US\"},{\"@type\":\"WebPage\",\"@id\":\"https:\\\/\\\/motorpor.pt\\\/grupo-motorpor-assume-representacao-da-mg-em-evora\\\/\",\"url\":\"https:\\\/\\\/motorpor.pt\\\/grupo-motorpor-assume-representacao-da-mg-em-evora\\\/\",\"name\":\"Grupo Motorpor assume representa\u00e7\u00e3o da MG em \u00c9vora - Motorpor\",\"isPartOf\":{\"@id\":\"https:\\\/\\\/motorpor.pt\\\/#website\"},\"primaryImageOfPage\":{\"@id\":\"https:\\\/\\\/motorpor.pt\\\/grupo-motorpor-assume-representacao-da-mg-em-evora\\\/#primaryimage\"},\"image\":{\"@id\":\"https:\\\/\\\/motorpor.pt\\\/grupo-motorpor-assume-representacao-da-mg-em-evora\\\/#primaryimage\"},\"thumbnailUrl\":\"https:\\\/\\\/motorpor.pt\\\/wp-content\\\/uploads\\\/2024\\\/06\\\/Imagem-Noticia-MG-2-1.png\",\"datePublished\":\"2024-06-12T10:03:55+00:00\",\"dateModified\":\"2024-07-17T13:55:46+00:00\",\"breadcrumb\":{\"@id\":\"https:\\\/\\\/motorpor.pt\\\/grupo-motorpor-assume-representacao-da-mg-em-evora\\\/#breadcrumb\"},\"inLanguage\":\"en-US\",\"potentialAction\":[{\"@type\":\"ReadAction\",\"target\":[\"https:\\\/\\\/motorpor.pt\\\/grupo-motorpor-assume-representacao-da-mg-em-evora\\\/\"]}]},{\"@type\":\"ImageObject\",\"inLanguage\":\"en-US\",\"@id\":\"https:\\\/\\\/motorpor.pt\\\/grupo-motorpor-assume-representacao-da-mg-em-evora\\\/#primaryimage\",\"url\":\"https:\\\/\\\/motorpor.pt\\\/wp-content\\\/uploads\\\/2024\\\/06\\\/Imagem-Noticia-MG-2-1.png\",\"contentUrl\":\"https:\\\/\\\/motorpor.pt\\\/wp-content\\\/uploads\\\/2024\\\/06\\\/Imagem-Noticia-MG-2-1.png\",\"width\":2000,\"height\":922},{\"@type\":\"BreadcrumbList\",\"@id\":\"https:\\\/\\\/motorpor.pt\\\/grupo-motorpor-assume-representacao-da-mg-em-evora\\\/#breadcrumb\",\"itemListElement\":[{\"@type\":\"ListItem\",\"position\":1,\"name\":\"In\u00edcio\",\"item\":\"https:\\\/\\\/motorpor.pt\\\/\"},{\"@type\":\"ListItem\",\"position\":2,\"name\":\"Grupo Motorpor assume representa\u00e7\u00e3o da MG em \u00c9vora\"}]},{\"@type\":\"WebSite\",\"@id\":\"https:\\\/\\\/motorpor.pt\\\/#website\",\"url\":\"https:\\\/\\\/motorpor.pt\\\/\",\"name\":\"Motorpor\",\"description\":\"Comercio de Autom\u00f3veis Multimarcas\",\"publisher\":{\"@id\":\"https:\\\/\\\/motorpor.pt\\\/#organization\"},\"potentialAction\":[{\"@type\":\"SearchAction\",\"target\":{\"@type\":\"EntryPoint\",\"urlTemplate\":\"https:\\\/\\\/motorpor.pt\\\/?s={search_term_string}\"},\"query-input\":{\"@type\":\"PropertyValueSpecification\",\"valueRequired\":true,\"valueName\":\"search_term_string\"}}],\"inLanguage\":\"en-US\"},{\"@type\":\"Organization\",\"@id\":\"https:\\\/\\\/motorpor.pt\\\/#organization\",\"name\":\"Motorpor\",\"alternateName\":\"Motorpor\",\"url\":\"https:\\\/\\\/motorpor.pt\\\/\",\"logo\":{\"@type\":\"ImageObject\",\"inLanguage\":\"en-US\",\"@id\":\"https:\\\/\\\/motorpor.pt\\\/#\\\/schema\\\/logo\\\/image\\\/\",\"url\":\"https:\\\/\\\/motorpor.pt\\\/wp-content\\\/uploads\\\/2024\\\/07\\\/Logo-Motorpor-Preto.svg\",\"contentUrl\":\"https:\\\/\\\/motorpor.pt\\\/wp-content\\\/uploads\\\/2024\\\/07\\\/Logo-Motorpor-Preto.svg\",\"width\":493,\"height\":93,\"caption\":\"Motorpor\"},\"image\":{\"@id\":\"https:\\\/\\\/motorpor.pt\\\/#\\\/schema\\\/logo\\\/image\\\/\"},\"sameAs\":[\"https:\\\/\\\/www.linkedin.com\\\/company\\\/grupo-motorpor\"]},{\"@type\":\"Person\",\"@id\":\"https:\\\/\\\/motorpor.pt\\\/#\\\/schema\\\/person\\\/b4bf07144e88efed7388a5af30522db7\",\"name\":\"mktmotorpor\",\"image\":{\"@type\":\"ImageObject\",\"inLanguage\":\"en-US\",\"@id\":\"https:\\\/\\\/secure.gravatar.com\\\/avatar\\\/8418b61b3175dbba0a8744cf0ee6bb5c7a9f6c67f1dbc4f41a62d7b9738259a2?s=96&d=mm&r=g\",\"url\":\"https:\\\/\\\/secure.gravatar.com\\\/avatar\\\/8418b61b3175dbba0a8744cf0ee6bb5c7a9f6c67f1dbc4f41a62d7b9738259a2?s=96&d=mm&r=g\",\"contentUrl\":\"https:\\\/\\\/secure.gravatar.com\\\/avatar\\\/8418b61b3175dbba0a8744cf0ee6bb5c7a9f6c67f1dbc4f41a62d7b9738259a2?s=96&d=mm&r=g\",\"caption\":\"mktmotorpor\"},\"url\":\"https:\\\/\\\/motorpor.pt\\\/en\\\/user\\\/mktmotorpor\\\/\"}]}<\/script>\n<!-- \/ Yoast SEO plugin. -->","yoast_head_json":{"title":"Grupo Motorpor assume representa\u00e7\u00e3o da MG em \u00c9vora - Motorpor","robots":{"index":"index","follow":"follow","max-snippet":"max-snippet:-1","max-image-preview":"max-image-preview:large","max-video-preview":"max-video-preview:-1"},"canonical":"https:\/\/motorpor.pt\/en\/grupo-motorpor-assume-representacao-da-mg-em-evora\/","og_locale":"en_US","og_type":"article","og_title":"Grupo Motorpor assume representa\u00e7\u00e3o da MG em \u00c9vora - Motorpor","og_description":"O portf\u00f3lio de marcas representadas pelo Grupo Motorpor vai receber uma nova ins\u00edgnia autom\u00f3vel a partir de 20 de junho. Trata-se da ic\u00f3nica MG e a sua gama de ve\u00edculos passar\u00e1 a estar dispon\u00edvel nas instala\u00e7\u00f5es do Grupo em \u00c9vora, estendendo-se a \u00e1rea de influ\u00eancia da concess\u00e3o a todo o distrito alentejano. A nova representa\u00e7\u00e3o [&hellip;]","og_url":"https:\/\/motorpor.pt\/en\/grupo-motorpor-assume-representacao-da-mg-em-evora\/","og_site_name":"Motorpor","article_published_time":"2024-06-12T10:03:55+00:00","article_modified_time":"2024-07-17T13:55:46+00:00","og_image":[{"width":1024,"height":472,"url":"https:\/\/motorpor.pt\/wp-content\/uploads\/2024\/06\/Imagem-Noticia-MG-2-1024x472-1.png","type":"image\/png"}],"author":"mktmotorpor","twitter_card":"summary_large_image","twitter_misc":{"Written by":"mktmotorpor","Est. reading time":"2 minutes"},"schema":{"@context":"https:\/\/schema.org","@graph":[{"@type":"Article","@id":"https:\/\/motorpor.pt\/grupo-motorpor-assume-representacao-da-mg-em-evora\/#article","isPartOf":{"@id":"https:\/\/motorpor.pt\/grupo-motorpor-assume-representacao-da-mg-em-evora\/"},"author":{"name":"mktmotorpor","@id":"https:\/\/motorpor.pt\/#\/schema\/person\/b4bf07144e88efed7388a5af30522db7"},"headline":"Grupo Motorpor assume representa\u00e7\u00e3o da MG em \u00c9vora","datePublished":"2024-06-12T10:03:55+00:00","dateModified":"2024-07-17T13:55:46+00:00","mainEntityOfPage":{"@id":"https:\/\/motorpor.pt\/grupo-motorpor-assume-representacao-da-mg-em-evora\/"},"wordCount":357,"publisher":{"@id":"https:\/\/motorpor.pt\/#organization"},"image":{"@id":"https:\/\/motorpor.pt\/grupo-motorpor-assume-representacao-da-mg-em-evora\/#primaryimage"},"thumbnailUrl":"https:\/\/motorpor.pt\/wp-content\/uploads\/2024\/06\/Imagem-Noticia-MG-2-1.png","articleSection":["Atualidade","Campanhas","Destaques","MG","Not\u00edcias","Not\u00edcias MG","Novos"],"inLanguage":"en-US"},{"@type":"WebPage","@id":"https:\/\/motorpor.pt\/grupo-motorpor-assume-representacao-da-mg-em-evora\/","url":"https:\/\/motorpor.pt\/grupo-motorpor-assume-representacao-da-mg-em-evora\/","name":"Grupo Motorpor assume representa\u00e7\u00e3o da MG em \u00c9vora - Motorpor","isPartOf":{"@id":"https:\/\/motorpor.pt\/#website"},"primaryImageOfPage":{"@id":"https:\/\/motorpor.pt\/grupo-motorpor-assume-representacao-da-mg-em-evora\/#primaryimage"},"image":{"@id":"https:\/\/motorpor.pt\/grupo-motorpor-assume-representacao-da-mg-em-evora\/#primaryimage"},"thumbnailUrl":"https:\/\/motorpor.pt\/wp-content\/uploads\/2024\/06\/Imagem-Noticia-MG-2-1.png","datePublished":"2024-06-12T10:03:55+00:00","dateModified":"2024-07-17T13:55:46+00:00","breadcrumb":{"@id":"https:\/\/motorpor.pt\/grupo-motorpor-assume-representacao-da-mg-em-evora\/#breadcrumb"},"inLanguage":"en-US","potentialAction":[{"@type":"ReadAction","target":["https:\/\/motorpor.pt\/grupo-motorpor-assume-representacao-da-mg-em-evora\/"]}]},{"@type":"ImageObject","inLanguage":"en-US","@id":"https:\/\/motorpor.pt\/grupo-motorpor-assume-representacao-da-mg-em-evora\/#primaryimage","url":"https:\/\/motorpor.pt\/wp-content\/uploads\/2024\/06\/Imagem-Noticia-MG-2-1.png","contentUrl":"https:\/\/motorpor.pt\/wp-content\/uploads\/2024\/06\/Imagem-Noticia-MG-2-1.png","width":2000,"height":922},{"@type":"BreadcrumbList","@id":"https:\/\/motorpor.pt\/grupo-motorpor-assume-representacao-da-mg-em-evora\/#breadcrumb","itemListElement":[{"@type":"ListItem","position":1,"name":"In\u00edcio","item":"https:\/\/motorpor.pt\/"},{"@type":"ListItem","position":2,"name":"Grupo Motorpor assume representa\u00e7\u00e3o da MG em \u00c9vora"}]},{"@type":"WebSite","@id":"https:\/\/motorpor.pt\/#website","url":"https:\/\/motorpor.pt\/","name":"motorpor","description":"Comercio de Autom\u00f3veis Multimarcas","publisher":{"@id":"https:\/\/motorpor.pt\/#organization"},"potentialAction":[{"@type":"SearchAction","target":{"@type":"EntryPoint","urlTemplate":"https:\/\/motorpor.pt\/?s={search_term_string}"},"query-input":{"@type":"PropertyValueSpecification","valueRequired":true,"valueName":"search_term_string"}}],"inLanguage":"en-US"},{"@type":"Organization","@id":"https:\/\/motorpor.pt\/#organization","name":"motorpor","alternateName":"Motorpor","url":"https:\/\/motorpor.pt\/","logo":{"@type":"ImageObject","inLanguage":"en-US","@id":"https:\/\/motorpor.pt\/#\/schema\/logo\/image\/","url":"https:\/\/motorpor.pt\/wp-content\/uploads\/2024\/07\/Logo-Motorpor-Preto.svg","contentUrl":"https:\/\/motorpor.pt\/wp-content\/uploads\/2024\/07\/Logo-Motorpor-Preto.svg","width":493,"height":93,"caption":"Motorpor"},"image":{"@id":"https:\/\/motorpor.pt\/#\/schema\/logo\/image\/"},"sameAs":["https:\/\/www.linkedin.com\/company\/grupo-motorpor"]},{"@type":"Person","@id":"https:\/\/motorpor.pt\/#\/schema\/person\/b4bf07144e88efed7388a5af30522db7","name":"mktmotorpor","image":{"@type":"ImageObject","inLanguage":"en-US","@id":"https:\/\/secure.gravatar.com\/avatar\/8418b61b3175dbba0a8744cf0ee6bb5c7a9f6c67f1dbc4f41a62d7b9738259a2?s=96&d=mm&r=g","url":"https:\/\/secure.gravatar.com\/avatar\/8418b61b3175dbba0a8744cf0ee6bb5c7a9f6c67f1dbc4f41a62d7b9738259a2?s=96&d=mm&r=g","contentUrl":"https:\/\/secure.gravatar.com\/avatar\/8418b61b3175dbba0a8744cf0ee6bb5c7a9f6c67f1dbc4f41a62d7b9738259a2?s=96&d=mm&r=g","caption":"mktmotorpor"},"url":"https:\/\/motorpor.pt\/en\/user\/mktmotorpor\/"}]}},"_links":{"self":[{"href":"https:\/\/motorpor.pt\/en\/wp-json\/wp\/v2\/posts\/85990","targetHints":{"allow":["GET"]}}],"collection":[{"href":"https:\/\/motorpor.pt\/en\/wp-json\/wp\/v2\/posts"}],"about":[{"href":"https:\/\/motorpor.pt\/en\/wp-json\/wp\/v2\/types\/post"}],"author":[{"embeddable":true,"href":"https:\/\/motorpor.pt\/en\/wp-json\/wp\/v2\/users\/85"}],"replies":[{"embeddable":true,"href":"https:\/\/motorpor.pt\/en\/wp-json\/wp\/v2\/comments?post=85990"}],"version-history":[{"count":5,"href":"https:\/\/motorpor.pt\/en\/wp-json\/wp\/v2\/posts\/85990\/revisions"}],"predecessor-version":[{"id":90219,"href":"https:\/\/motorpor.pt\/en\/wp-json\/wp\/v2\/posts\/85990\/revisions\/90219"}],"wp:featuredmedia":[{"embeddable":true,"href":"https:\/\/motorpor.pt\/en\/wp-json\/wp\/v2\/media\/85993"}],"wp:attachment":[{"href":"https:\/\/motorpor.pt\/en\/wp-json\/wp\/v2\/media?parent=85990"}],"wp:term":[{"taxonomy":"category","embeddable":true,"href":"https:\/\/motorpor.pt\/en\/wp-json\/wp\/v2\/categories?post=85990"},{"taxonomy":"post_tag","embeddable":true,"href":"https:\/\/motorpor.pt\/en\/wp-json\/wp\/v2\/tags?post=85990"}],"curies":[{"name":"wp","href":"https:\/\/api.w.org\/{rel}","templated":true}]}}