{"id":86335,"date":"2024-06-14T14:37:00","date_gmt":"2024-06-14T13:37:00","guid":{"rendered":"https:\/\/motorpor.pt\/peugeot-coloca-a-seducao-no-centro-da-paris-fashion-week\/"},"modified":"2024-07-17T14:16:47","modified_gmt":"2024-07-17T13:16:47","slug":"peugeot-coloca-a-seducao-no-centro-da-paris-fashion-week","status":"publish","type":"post","link":"https:\/\/motorpor.pt\/en\/peugeot-coloca-a-seducao-no-centro-da-paris-fashion-week\/","title":{"rendered":"Peugeot coloca a Sedu\u00e7\u00e3o no centro da Paris Fashion Week"},"content":{"rendered":"<h5>De 18 a 27 de junho, a Peugeot associa-se, pela primeira vez, \u00e0 Paris Fashion Week como Parceiro Autom\u00f3vel Oficial.<\/h5>\n<p>\u00a0<\/p>\n<p>A Peugeot \u00e9 parceira autom\u00f3vel oficial da Paris Fashion Week, compromisso que representa o fasc\u00ednio da marca, posicionando-se no centro de um evento que celebra tanto as marcas de luxo ic\u00f3nicas como os talentos emergentes.<\/p>\n<p>&#8220;Para a Peugeot, o mundo \u00e9 melhor com Sedu\u00e7\u00e3o. Uma convic\u00e7\u00e3o que coloca a criatividade centrada no ser humano no epicentro da sua estrat\u00e9gia de marca. Um compromisso partilhado com a Paris Fashion Week&#8221;. A marca une o seu padr\u00e3o de sedu\u00e7\u00e3o, emo\u00e7\u00e3o e excel\u00eancia \u00e0s caracter\u00edsticas deste que \u00e9 um evento de alta costura que une os grandes nomes do mundo da moda.<\/p>\n<p>\u00a0<\/p>\n<p><strong>Sedu\u00e7\u00e3o<\/strong>: a Peugeot partilha a sua paix\u00e3o pela Sedu\u00e7\u00e3o com os melhores estilistas e jovens designers.<\/p>\n<p><strong>Emo\u00e7\u00e3o<\/strong>: o prazer \u00e9 a for\u00e7a motriz da moda; \u00e9 tamb\u00e9m o princ\u00edpio que norteia a condu\u00e7\u00e3o de um Peugeot.<\/p>\n<p><strong>Excel\u00eancia<\/strong>: Peugeot e Paris Fashion Week, emblemas da excel\u00eancia francesa.<\/p>\n<p>\u00a0<\/p>\n<p>Para esta parceria a Peugeot disponibiliza 30 viaturas que incluem o 408 H\u00edbrido e H\u00edbrido Plug-in, bem como o seu novo E-3008, que ser\u00e3o utilizados para o transporte das personalidades convidadas pela evento.<\/p>\n<p>Em 2024, e pela primeira vez, a marca \u00e9 o Parceiro Autom\u00f3vel Oficial da Paris Fashion Week para a edi\u00e7\u00e3o de Moda Masculina primavera\/ver\u00e3o 2025, que se realiza de 18 a 27 de junho, para a semana de Alta-Costura outono\/inverno 2024\/2025, que se realiza de 24 a 27 de junho, e para a edi\u00e7\u00e3o de Moda Feminina primavera\/ver\u00e3o 2025, que se realiza de 23 de setembro a 1 de outubro.<\/p>\n<p>\u00a0<\/p>\n<p>Visite o nosso site e conhe\u00e7a as <a href=\"https:\/\/motorpor.pt\/en\/novos\/peugeot\/\">viaturas Peugeot dispon\u00edveis<\/a>.<\/p>","protected":false},"excerpt":{"rendered":"<p>De 18 a 27 de junho, a Peugeot associa-se, pela primeira vez, \u00e0 Paris Fashion Week como Parceiro Autom\u00f3vel Oficial. \u00a0 A Peugeot \u00e9 parceira autom\u00f3vel oficial da Paris Fashion Week, compromisso que representa o fasc\u00ednio da marca, posicionando-se no centro de um evento que celebra tanto as marcas de luxo ic\u00f3nicas como os talentos [&hellip;]<\/p>\n","protected":false},"author":85,"featured_media":86334,"comment_status":"closed","ping_status":"open","sticky":false,"template":"","format":"standard","meta":{"_acf_changed":false,"footnotes":""},"categories":[2595,2592,3094],"tags":[],"class_list":["post-86335","post","type-post","status-publish","format-standard","has-post-thumbnail","hentry","category-atualidade","category-noticias","category-noticias-peugeot"],"acf":[],"yoast_head":"<!-- This site is optimized with the Yoast SEO plugin v27.5 - https:\/\/yoast.com\/product\/yoast-seo-wordpress\/ -->\n<title>Peugeot coloca a Sedu\u00e7\u00e3o no centro da Paris Fashion Week - Motorpor<\/title>\n<meta name=\"robots\" content=\"index, follow, max-snippet:-1, max-image-preview:large, max-video-preview:-1\" \/>\n<link rel=\"canonical\" href=\"https:\/\/motorpor.pt\/en\/peugeot-coloca-a-seducao-no-centro-da-paris-fashion-week\/\" \/>\n<meta property=\"og:locale\" content=\"en_US\" \/>\n<meta property=\"og:type\" content=\"article\" \/>\n<meta property=\"og:title\" content=\"Peugeot coloca a Sedu\u00e7\u00e3o no centro da Paris Fashion Week - Motorpor\" \/>\n<meta property=\"og:description\" content=\"De 18 a 27 de junho, a Peugeot associa-se, pela primeira vez, \u00e0 Paris Fashion Week como Parceiro Autom\u00f3vel Oficial. \u00a0 A Peugeot \u00e9 parceira autom\u00f3vel oficial da Paris Fashion Week, compromisso que representa o fasc\u00ednio da marca, posicionando-se no centro de um evento que celebra tanto as marcas de luxo ic\u00f3nicas como os talentos [&hellip;]\" \/>\n<meta property=\"og:url\" content=\"https:\/\/motorpor.pt\/en\/peugeot-coloca-a-seducao-no-centro-da-paris-fashion-week\/\" \/>\n<meta property=\"og:site_name\" content=\"Motorpor\" \/>\n<meta property=\"article:published_time\" content=\"2024-06-14T13:37:00+00:00\" \/>\n<meta property=\"article:modified_time\" content=\"2024-07-17T13:16:47+00:00\" \/>\n<meta property=\"og:image\" content=\"https:\/\/motorpor.pt\/wp-content\/uploads\/2024\/06\/unnamed-1.jpg\" \/>\n\t<meta property=\"og:image:width\" content=\"1668\" \/>\n\t<meta property=\"og:image:height\" content=\"900\" \/>\n\t<meta property=\"og:image:type\" content=\"image\/jpeg\" \/>\n<meta name=\"author\" content=\"mktmotorpor\" \/>\n<meta name=\"twitter:card\" content=\"summary_large_image\" \/>\n<meta name=\"twitter:label1\" content=\"Written by\" \/>\n\t<meta name=\"twitter:data1\" content=\"mktmotorpor\" \/>\n\t<meta name=\"twitter:label2\" content=\"Est. reading time\" \/>\n\t<meta name=\"twitter:data2\" content=\"1 minute\" \/>\n<script type=\"application\/ld+json\" class=\"yoast-schema-graph\">{\"@context\":\"https:\\\/\\\/schema.org\",\"@graph\":[{\"@type\":\"Article\",\"@id\":\"https:\\\/\\\/motorpor.pt\\\/peugeot-coloca-a-seducao-no-centro-da-paris-fashion-week\\\/#article\",\"isPartOf\":{\"@id\":\"https:\\\/\\\/motorpor.pt\\\/peugeot-coloca-a-seducao-no-centro-da-paris-fashion-week\\\/\"},\"author\":{\"name\":\"mktmotorpor\",\"@id\":\"https:\\\/\\\/motorpor.pt\\\/#\\\/schema\\\/person\\\/b4bf07144e88efed7388a5af30522db7\"},\"headline\":\"Peugeot coloca a Sedu\u00e7\u00e3o no centro da Paris Fashion Week\",\"datePublished\":\"2024-06-14T13:37:00+00:00\",\"dateModified\":\"2024-07-17T13:16:47+00:00\",\"mainEntityOfPage\":{\"@id\":\"https:\\\/\\\/motorpor.pt\\\/peugeot-coloca-a-seducao-no-centro-da-paris-fashion-week\\\/\"},\"wordCount\":303,\"publisher\":{\"@id\":\"https:\\\/\\\/motorpor.pt\\\/#organization\"},\"image\":{\"@id\":\"https:\\\/\\\/motorpor.pt\\\/peugeot-coloca-a-seducao-no-centro-da-paris-fashion-week\\\/#primaryimage\"},\"thumbnailUrl\":\"https:\\\/\\\/motorpor.pt\\\/wp-content\\\/uploads\\\/2024\\\/06\\\/unnamed-1.jpg\",\"articleSection\":[\"Atualidade\",\"Not\u00edcias\",\"Not\u00edcias Peugeot\"],\"inLanguage\":\"en-US\"},{\"@type\":\"WebPage\",\"@id\":\"https:\\\/\\\/motorpor.pt\\\/peugeot-coloca-a-seducao-no-centro-da-paris-fashion-week\\\/\",\"url\":\"https:\\\/\\\/motorpor.pt\\\/peugeot-coloca-a-seducao-no-centro-da-paris-fashion-week\\\/\",\"name\":\"Peugeot coloca a Sedu\u00e7\u00e3o no centro da Paris Fashion Week - Motorpor\",\"isPartOf\":{\"@id\":\"https:\\\/\\\/motorpor.pt\\\/#website\"},\"primaryImageOfPage\":{\"@id\":\"https:\\\/\\\/motorpor.pt\\\/peugeot-coloca-a-seducao-no-centro-da-paris-fashion-week\\\/#primaryimage\"},\"image\":{\"@id\":\"https:\\\/\\\/motorpor.pt\\\/peugeot-coloca-a-seducao-no-centro-da-paris-fashion-week\\\/#primaryimage\"},\"thumbnailUrl\":\"https:\\\/\\\/motorpor.pt\\\/wp-content\\\/uploads\\\/2024\\\/06\\\/unnamed-1.jpg\",\"datePublished\":\"2024-06-14T13:37:00+00:00\",\"dateModified\":\"2024-07-17T13:16:47+00:00\",\"breadcrumb\":{\"@id\":\"https:\\\/\\\/motorpor.pt\\\/peugeot-coloca-a-seducao-no-centro-da-paris-fashion-week\\\/#breadcrumb\"},\"inLanguage\":\"en-US\",\"potentialAction\":[{\"@type\":\"ReadAction\",\"target\":[\"https:\\\/\\\/motorpor.pt\\\/peugeot-coloca-a-seducao-no-centro-da-paris-fashion-week\\\/\"]}]},{\"@type\":\"ImageObject\",\"inLanguage\":\"en-US\",\"@id\":\"https:\\\/\\\/motorpor.pt\\\/peugeot-coloca-a-seducao-no-centro-da-paris-fashion-week\\\/#primaryimage\",\"url\":\"https:\\\/\\\/motorpor.pt\\\/wp-content\\\/uploads\\\/2024\\\/06\\\/unnamed-1.jpg\",\"contentUrl\":\"https:\\\/\\\/motorpor.pt\\\/wp-content\\\/uploads\\\/2024\\\/06\\\/unnamed-1.jpg\",\"width\":1668,\"height\":900},{\"@type\":\"BreadcrumbList\",\"@id\":\"https:\\\/\\\/motorpor.pt\\\/peugeot-coloca-a-seducao-no-centro-da-paris-fashion-week\\\/#breadcrumb\",\"itemListElement\":[{\"@type\":\"ListItem\",\"position\":1,\"name\":\"In\u00edcio\",\"item\":\"https:\\\/\\\/motorpor.pt\\\/\"},{\"@type\":\"ListItem\",\"position\":2,\"name\":\"Peugeot coloca a Sedu\u00e7\u00e3o no centro da Paris Fashion Week\"}]},{\"@type\":\"WebSite\",\"@id\":\"https:\\\/\\\/motorpor.pt\\\/#website\",\"url\":\"https:\\\/\\\/motorpor.pt\\\/\",\"name\":\"Motorpor\",\"description\":\"Comercio de Autom\u00f3veis Multimarcas\",\"publisher\":{\"@id\":\"https:\\\/\\\/motorpor.pt\\\/#organization\"},\"potentialAction\":[{\"@type\":\"SearchAction\",\"target\":{\"@type\":\"EntryPoint\",\"urlTemplate\":\"https:\\\/\\\/motorpor.pt\\\/?s={search_term_string}\"},\"query-input\":{\"@type\":\"PropertyValueSpecification\",\"valueRequired\":true,\"valueName\":\"search_term_string\"}}],\"inLanguage\":\"en-US\"},{\"@type\":\"Organization\",\"@id\":\"https:\\\/\\\/motorpor.pt\\\/#organization\",\"name\":\"Motorpor\",\"alternateName\":\"Motorpor\",\"url\":\"https:\\\/\\\/motorpor.pt\\\/\",\"logo\":{\"@type\":\"ImageObject\",\"inLanguage\":\"en-US\",\"@id\":\"https:\\\/\\\/motorpor.pt\\\/#\\\/schema\\\/logo\\\/image\\\/\",\"url\":\"https:\\\/\\\/motorpor.pt\\\/wp-content\\\/uploads\\\/2024\\\/07\\\/Logo-Motorpor-Preto.svg\",\"contentUrl\":\"https:\\\/\\\/motorpor.pt\\\/wp-content\\\/uploads\\\/2024\\\/07\\\/Logo-Motorpor-Preto.svg\",\"width\":493,\"height\":93,\"caption\":\"Motorpor\"},\"image\":{\"@id\":\"https:\\\/\\\/motorpor.pt\\\/#\\\/schema\\\/logo\\\/image\\\/\"},\"sameAs\":[\"https:\\\/\\\/www.linkedin.com\\\/company\\\/grupo-motorpor\"]},{\"@type\":\"Person\",\"@id\":\"https:\\\/\\\/motorpor.pt\\\/#\\\/schema\\\/person\\\/b4bf07144e88efed7388a5af30522db7\",\"name\":\"mktmotorpor\",\"image\":{\"@type\":\"ImageObject\",\"inLanguage\":\"en-US\",\"@id\":\"https:\\\/\\\/secure.gravatar.com\\\/avatar\\\/8418b61b3175dbba0a8744cf0ee6bb5c7a9f6c67f1dbc4f41a62d7b9738259a2?s=96&d=mm&r=g\",\"url\":\"https:\\\/\\\/secure.gravatar.com\\\/avatar\\\/8418b61b3175dbba0a8744cf0ee6bb5c7a9f6c67f1dbc4f41a62d7b9738259a2?s=96&d=mm&r=g\",\"contentUrl\":\"https:\\\/\\\/secure.gravatar.com\\\/avatar\\\/8418b61b3175dbba0a8744cf0ee6bb5c7a9f6c67f1dbc4f41a62d7b9738259a2?s=96&d=mm&r=g\",\"caption\":\"mktmotorpor\"},\"url\":\"https:\\\/\\\/motorpor.pt\\\/en\\\/user\\\/mktmotorpor\\\/\"}]}<\/script>\n<!-- \/ Yoast SEO plugin. -->","yoast_head_json":{"title":"Peugeot coloca a Sedu\u00e7\u00e3o no centro da Paris Fashion Week - Motorpor","robots":{"index":"index","follow":"follow","max-snippet":"max-snippet:-1","max-image-preview":"max-image-preview:large","max-video-preview":"max-video-preview:-1"},"canonical":"https:\/\/motorpor.pt\/en\/peugeot-coloca-a-seducao-no-centro-da-paris-fashion-week\/","og_locale":"en_US","og_type":"article","og_title":"Peugeot coloca a Sedu\u00e7\u00e3o no centro da Paris Fashion Week - Motorpor","og_description":"De 18 a 27 de junho, a Peugeot associa-se, pela primeira vez, \u00e0 Paris Fashion Week como Parceiro Autom\u00f3vel Oficial. \u00a0 A Peugeot \u00e9 parceira autom\u00f3vel oficial da Paris Fashion Week, compromisso que representa o fasc\u00ednio da marca, posicionando-se no centro de um evento que celebra tanto as marcas de luxo ic\u00f3nicas como os talentos [&hellip;]","og_url":"https:\/\/motorpor.pt\/en\/peugeot-coloca-a-seducao-no-centro-da-paris-fashion-week\/","og_site_name":"Motorpor","article_published_time":"2024-06-14T13:37:00+00:00","article_modified_time":"2024-07-17T13:16:47+00:00","og_image":[{"width":1668,"height":900,"url":"https:\/\/motorpor.pt\/wp-content\/uploads\/2024\/06\/unnamed-1.jpg","type":"image\/jpeg"}],"author":"mktmotorpor","twitter_card":"summary_large_image","twitter_misc":{"Written by":"mktmotorpor","Est. reading time":"1 minute"},"schema":{"@context":"https:\/\/schema.org","@graph":[{"@type":"Article","@id":"https:\/\/motorpor.pt\/peugeot-coloca-a-seducao-no-centro-da-paris-fashion-week\/#article","isPartOf":{"@id":"https:\/\/motorpor.pt\/peugeot-coloca-a-seducao-no-centro-da-paris-fashion-week\/"},"author":{"name":"mktmotorpor","@id":"https:\/\/motorpor.pt\/#\/schema\/person\/b4bf07144e88efed7388a5af30522db7"},"headline":"Peugeot coloca a Sedu\u00e7\u00e3o no centro da Paris Fashion Week","datePublished":"2024-06-14T13:37:00+00:00","dateModified":"2024-07-17T13:16:47+00:00","mainEntityOfPage":{"@id":"https:\/\/motorpor.pt\/peugeot-coloca-a-seducao-no-centro-da-paris-fashion-week\/"},"wordCount":303,"publisher":{"@id":"https:\/\/motorpor.pt\/#organization"},"image":{"@id":"https:\/\/motorpor.pt\/peugeot-coloca-a-seducao-no-centro-da-paris-fashion-week\/#primaryimage"},"thumbnailUrl":"https:\/\/motorpor.pt\/wp-content\/uploads\/2024\/06\/unnamed-1.jpg","articleSection":["Atualidade","Not\u00edcias","Not\u00edcias Peugeot"],"inLanguage":"en-US"},{"@type":"WebPage","@id":"https:\/\/motorpor.pt\/peugeot-coloca-a-seducao-no-centro-da-paris-fashion-week\/","url":"https:\/\/motorpor.pt\/peugeot-coloca-a-seducao-no-centro-da-paris-fashion-week\/","name":"Peugeot coloca a Sedu\u00e7\u00e3o no centro da Paris Fashion Week - Motorpor","isPartOf":{"@id":"https:\/\/motorpor.pt\/#website"},"primaryImageOfPage":{"@id":"https:\/\/motorpor.pt\/peugeot-coloca-a-seducao-no-centro-da-paris-fashion-week\/#primaryimage"},"image":{"@id":"https:\/\/motorpor.pt\/peugeot-coloca-a-seducao-no-centro-da-paris-fashion-week\/#primaryimage"},"thumbnailUrl":"https:\/\/motorpor.pt\/wp-content\/uploads\/2024\/06\/unnamed-1.jpg","datePublished":"2024-06-14T13:37:00+00:00","dateModified":"2024-07-17T13:16:47+00:00","breadcrumb":{"@id":"https:\/\/motorpor.pt\/peugeot-coloca-a-seducao-no-centro-da-paris-fashion-week\/#breadcrumb"},"inLanguage":"en-US","potentialAction":[{"@type":"ReadAction","target":["https:\/\/motorpor.pt\/peugeot-coloca-a-seducao-no-centro-da-paris-fashion-week\/"]}]},{"@type":"ImageObject","inLanguage":"en-US","@id":"https:\/\/motorpor.pt\/peugeot-coloca-a-seducao-no-centro-da-paris-fashion-week\/#primaryimage","url":"https:\/\/motorpor.pt\/wp-content\/uploads\/2024\/06\/unnamed-1.jpg","contentUrl":"https:\/\/motorpor.pt\/wp-content\/uploads\/2024\/06\/unnamed-1.jpg","width":1668,"height":900},{"@type":"BreadcrumbList","@id":"https:\/\/motorpor.pt\/peugeot-coloca-a-seducao-no-centro-da-paris-fashion-week\/#breadcrumb","itemListElement":[{"@type":"ListItem","position":1,"name":"In\u00edcio","item":"https:\/\/motorpor.pt\/"},{"@type":"ListItem","position":2,"name":"Peugeot coloca a Sedu\u00e7\u00e3o no centro da Paris Fashion Week"}]},{"@type":"WebSite","@id":"https:\/\/motorpor.pt\/#website","url":"https:\/\/motorpor.pt\/","name":"motorpor","description":"Comercio de Autom\u00f3veis Multimarcas","publisher":{"@id":"https:\/\/motorpor.pt\/#organization"},"potentialAction":[{"@type":"SearchAction","target":{"@type":"EntryPoint","urlTemplate":"https:\/\/motorpor.pt\/?s={search_term_string}"},"query-input":{"@type":"PropertyValueSpecification","valueRequired":true,"valueName":"search_term_string"}}],"inLanguage":"en-US"},{"@type":"Organization","@id":"https:\/\/motorpor.pt\/#organization","name":"motorpor","alternateName":"Motorpor","url":"https:\/\/motorpor.pt\/","logo":{"@type":"ImageObject","inLanguage":"en-US","@id":"https:\/\/motorpor.pt\/#\/schema\/logo\/image\/","url":"https:\/\/motorpor.pt\/wp-content\/uploads\/2024\/07\/Logo-Motorpor-Preto.svg","contentUrl":"https:\/\/motorpor.pt\/wp-content\/uploads\/2024\/07\/Logo-Motorpor-Preto.svg","width":493,"height":93,"caption":"Motorpor"},"image":{"@id":"https:\/\/motorpor.pt\/#\/schema\/logo\/image\/"},"sameAs":["https:\/\/www.linkedin.com\/company\/grupo-motorpor"]},{"@type":"Person","@id":"https:\/\/motorpor.pt\/#\/schema\/person\/b4bf07144e88efed7388a5af30522db7","name":"mktmotorpor","image":{"@type":"ImageObject","inLanguage":"en-US","@id":"https:\/\/secure.gravatar.com\/avatar\/8418b61b3175dbba0a8744cf0ee6bb5c7a9f6c67f1dbc4f41a62d7b9738259a2?s=96&d=mm&r=g","url":"https:\/\/secure.gravatar.com\/avatar\/8418b61b3175dbba0a8744cf0ee6bb5c7a9f6c67f1dbc4f41a62d7b9738259a2?s=96&d=mm&r=g","contentUrl":"https:\/\/secure.gravatar.com\/avatar\/8418b61b3175dbba0a8744cf0ee6bb5c7a9f6c67f1dbc4f41a62d7b9738259a2?s=96&d=mm&r=g","caption":"mktmotorpor"},"url":"https:\/\/motorpor.pt\/en\/user\/mktmotorpor\/"}]}},"_links":{"self":[{"href":"https:\/\/motorpor.pt\/en\/wp-json\/wp\/v2\/posts\/86335","targetHints":{"allow":["GET"]}}],"collection":[{"href":"https:\/\/motorpor.pt\/en\/wp-json\/wp\/v2\/posts"}],"about":[{"href":"https:\/\/motorpor.pt\/en\/wp-json\/wp\/v2\/types\/post"}],"author":[{"embeddable":true,"href":"https:\/\/motorpor.pt\/en\/wp-json\/wp\/v2\/users\/85"}],"replies":[{"embeddable":true,"href":"https:\/\/motorpor.pt\/en\/wp-json\/wp\/v2\/comments?post=86335"}],"version-history":[{"count":1,"href":"https:\/\/motorpor.pt\/en\/wp-json\/wp\/v2\/posts\/86335\/revisions"}],"predecessor-version":[{"id":90208,"href":"https:\/\/motorpor.pt\/en\/wp-json\/wp\/v2\/posts\/86335\/revisions\/90208"}],"wp:featuredmedia":[{"embeddable":true,"href":"https:\/\/motorpor.pt\/en\/wp-json\/wp\/v2\/media\/86334"}],"wp:attachment":[{"href":"https:\/\/motorpor.pt\/en\/wp-json\/wp\/v2\/media?parent=86335"}],"wp:term":[{"taxonomy":"category","embeddable":true,"href":"https:\/\/motorpor.pt\/en\/wp-json\/wp\/v2\/categories?post=86335"},{"taxonomy":"post_tag","embeddable":true,"href":"https:\/\/motorpor.pt\/en\/wp-json\/wp\/v2\/tags?post=86335"}],"curies":[{"name":"wp","href":"https:\/\/api.w.org\/{rel}","templated":true}]}}