{"id":87486,"date":"2024-06-24T14:44:41","date_gmt":"2024-06-24T13:44:41","guid":{"rendered":"https:\/\/motorpor.pt\/opel-mokka-disponivel-em-hybrid-com-tecnologia-de-48-volts\/"},"modified":"2024-07-17T12:51:54","modified_gmt":"2024-07-17T11:51:54","slug":"opel-mokka-disponivel-em-hybrid-com-tecnologia-de-48-volts","status":"publish","type":"post","link":"https:\/\/motorpor.pt\/en\/opel-mokka-disponivel-em-hybrid-com-tecnologia-de-48-volts\/","title":{"rendered":"Opel Mokka: dispon\u00edvel em Hybrid com tecnologia de 48 volts"},"content":{"rendered":"<h5><strong>O atraente SUV da Opel, pela primeira vez com tra\u00e7\u00e3o h\u00edbrida de 48 volts, desde 31.015 euros.<\/strong><\/h5>\n<p>O novo Mokka Hybrid, com o seu grupo motopropulsor eletrificado, j\u00e1 est\u00e1 dispon\u00edvel para encomenda a um pre\u00e7o inicial de 31.015 euros (incluindo IVA). A Opel continua a aumentar o seu portef\u00f3lio h\u00edbrido. A novidade da marca est\u00e1 a expandir a oferta de autom\u00f3veis com a tecnologia de 48 volts, com efeito imediato.<\/p>\n<p>&#8220;A combina\u00e7\u00e3o de um motor turbo a gasolina, de 100 kW (136 cv), um motor el\u00e9trico de 21 kW (28 cv) e de uma transmiss\u00e3o eletrificada de dupla embraiagem de seis velocidades, ajuda a reduzir os consumos de combust\u00edvel e as emiss\u00f5es de CO<sub>2<\/sub> em at\u00e9 20%. A baixas velocidades, o Mokka Hybrid pode mesmo ser conduzido de forma 100 por cento el\u00e9trica, sem emiss\u00f5es locais.&#8221;<\/p>\n<p>&#8220;O novo Mokka Hybrid, com tecnologia de 48 volts, situa-se entre a condu\u00e7\u00e3o totalmente el\u00e9trica e a convencional na nossa gama Mokka. O novo sistema h\u00edbrido eletrificado torna a condu\u00e7\u00e3o do Mokka ainda mais eficiente para os nossos clientes. Aqueles que ainda n\u00e3o se sentaram ao volante de um autom\u00f3vel el\u00e9trico podem experimentar, por si pr\u00f3prios, os benef\u00edcios da condu\u00e7\u00e3o 100 por cento el\u00e9trica em cidade, sem mais demoras&#8221;, avan\u00e7a o Diretor da Opel Espanha e Portugal, Alejandro Noriega.<\/p>\n<p>\u00a0<\/p>\n<p><img fetchpriority=\"high\" decoding=\"async\" class=\"size-full wp-image-87485 aligncenter\" src=\"https:\/\/motorpor.pt\/wp-content\/uploads\/2024\/06\/2477132-od5csl3y2j-whr.jpg\" alt=\"\" width=\"1200\" height=\"750\" srcset=\"https:\/\/motorpor.pt\/wp-content\/uploads\/2024\/06\/2477132-od5csl3y2j-whr.jpg 1200w, https:\/\/motorpor.pt\/wp-content\/uploads\/2024\/06\/2477132-od5csl3y2j-whr-300x188.jpg 300w, https:\/\/motorpor.pt\/wp-content\/uploads\/2024\/06\/2477132-od5csl3y2j-whr-1024x640.jpg 1024w, https:\/\/motorpor.pt\/wp-content\/uploads\/2024\/06\/2477132-od5csl3y2j-whr-768x480.jpg 768w, https:\/\/motorpor.pt\/wp-content\/uploads\/2024\/06\/2477132-od5csl3y2j-whr-18x12.jpg 18w, https:\/\/motorpor.pt\/wp-content\/uploads\/2024\/06\/2477132-od5csl3y2j-whr-200x125.jpg 200w, https:\/\/motorpor.pt\/wp-content\/uploads\/2024\/06\/2477132-od5csl3y2j-whr-165x103.jpg 165w\" sizes=\"(max-width: 1200px) 100vw, 1200px\" \/><\/p>\n<p>\u00a0<\/p>\n<p>Para al\u00e9m do motor turbo de tr\u00eas cilindros desenvolvido especificamente para a utiliza\u00e7\u00e3o h\u00edbrida, o sistema do novo Opel Mokka Hybrid inclui uma bateria de i\u00f5es de l\u00edtio de 48 volts que se recarrega automaticamente nas fases de desacelera\u00e7\u00e3o.<\/p>\n<p>A \u00f3tima coordena\u00e7\u00e3o de todos os componentes do sistema h\u00edbrido n\u00e3o s\u00f3 aumenta a efici\u00eancia de consumos, como tamb\u00e9m se reflete, visivelmente, num elevado n\u00edvel de conforto de condu\u00e7\u00e3o. Dependendo das suas prefer\u00eancias, os condutores do Mokka Hybrid podem optar entre os modos de condu\u00e7\u00e3o Eco, Normal e Sport. Dos 0 aos 100 km\/h, o novo Mokka Hybrid demora apenas 9,1 segundos e pode acelerar at\u00e9 uma velocidade m\u00e1xima de 207 km\/h.<\/p>\n<p>Conhe\u00e7a todas as <a href=\"https:\/\/motorpor.pt\/en\/novos\/opel\/\">viaturas Opel dispon\u00edveis no nosso site<\/a>.<\/p>","protected":false},"excerpt":{"rendered":"<p>O atraente SUV da Opel, pela primeira vez com tra\u00e7\u00e3o h\u00edbrida de 48 volts, desde 31.015 euros. O novo Mokka Hybrid, com o seu grupo motopropulsor eletrificado, j\u00e1 est\u00e1 dispon\u00edvel para encomenda a um pre\u00e7o inicial de 31.015 euros (incluindo IVA). A Opel continua a aumentar o seu portef\u00f3lio h\u00edbrido. A novidade da marca est\u00e1 [&hellip;]<\/p>\n","protected":false},"author":85,"featured_media":87484,"comment_status":"closed","ping_status":"open","sticky":false,"template":"","format":"standard","meta":{"_acf_changed":false,"footnotes":""},"categories":[2595,2594,2592,3093],"tags":[],"class_list":["post-87486","post","type-post","status-publish","format-standard","has-post-thumbnail","hentry","category-atualidade","category-destaques","category-noticias","category-noticias-opel"],"acf":[],"yoast_head":"<!-- This site is optimized with the Yoast SEO plugin v27.5 - https:\/\/yoast.com\/product\/yoast-seo-wordpress\/ -->\n<title>Opel Mokka: dispon\u00edvel em Hybrid com tecnologia de 48 volts - Motorpor<\/title>\n<meta name=\"robots\" content=\"index, follow, max-snippet:-1, max-image-preview:large, max-video-preview:-1\" \/>\n<link rel=\"canonical\" href=\"https:\/\/motorpor.pt\/en\/opel-mokka-disponivel-em-hybrid-com-tecnologia-de-48-volts\/\" \/>\n<meta property=\"og:locale\" content=\"en_US\" \/>\n<meta property=\"og:type\" content=\"article\" \/>\n<meta property=\"og:title\" content=\"Opel Mokka: dispon\u00edvel em Hybrid com tecnologia de 48 volts - Motorpor\" \/>\n<meta property=\"og:description\" content=\"O atraente SUV da Opel, pela primeira vez com tra\u00e7\u00e3o h\u00edbrida de 48 volts, desde 31.015 euros. O novo Mokka Hybrid, com o seu grupo motopropulsor eletrificado, j\u00e1 est\u00e1 dispon\u00edvel para encomenda a um pre\u00e7o inicial de 31.015 euros (incluindo IVA). A Opel continua a aumentar o seu portef\u00f3lio h\u00edbrido. A novidade da marca est\u00e1 [&hellip;]\" \/>\n<meta property=\"og:url\" content=\"https:\/\/motorpor.pt\/en\/opel-mokka-disponivel-em-hybrid-com-tecnologia-de-48-volts\/\" \/>\n<meta property=\"og:site_name\" content=\"Motorpor\" \/>\n<meta property=\"article:published_time\" content=\"2024-06-24T13:44:41+00:00\" \/>\n<meta property=\"article:modified_time\" content=\"2024-07-17T11:51:54+00:00\" \/>\n<meta property=\"og:image\" content=\"https:\/\/motorpor.pt\/wp-content\/uploads\/2024\/06\/2477129-15d022ha0a-whr-1.jpg\" \/>\n\t<meta property=\"og:image:width\" content=\"1200\" \/>\n\t<meta property=\"og:image:height\" content=\"800\" \/>\n\t<meta property=\"og:image:type\" content=\"image\/jpeg\" \/>\n<meta name=\"author\" content=\"mktmotorpor\" \/>\n<meta name=\"twitter:card\" content=\"summary_large_image\" \/>\n<meta name=\"twitter:label1\" content=\"Written by\" \/>\n\t<meta name=\"twitter:data1\" content=\"mktmotorpor\" \/>\n\t<meta name=\"twitter:label2\" content=\"Est. reading time\" \/>\n\t<meta name=\"twitter:data2\" content=\"2 minutes\" \/>\n<script type=\"application\/ld+json\" class=\"yoast-schema-graph\">{\"@context\":\"https:\\\/\\\/schema.org\",\"@graph\":[{\"@type\":\"Article\",\"@id\":\"https:\\\/\\\/motorpor.pt\\\/opel-mokka-disponivel-em-hybrid-com-tecnologia-de-48-volts\\\/#article\",\"isPartOf\":{\"@id\":\"https:\\\/\\\/motorpor.pt\\\/opel-mokka-disponivel-em-hybrid-com-tecnologia-de-48-volts\\\/\"},\"author\":{\"name\":\"mktmotorpor\",\"@id\":\"https:\\\/\\\/motorpor.pt\\\/#\\\/schema\\\/person\\\/b4bf07144e88efed7388a5af30522db7\"},\"headline\":\"Opel Mokka: dispon\u00edvel em Hybrid com tecnologia de 48 volts\",\"datePublished\":\"2024-06-24T13:44:41+00:00\",\"dateModified\":\"2024-07-17T11:51:54+00:00\",\"mainEntityOfPage\":{\"@id\":\"https:\\\/\\\/motorpor.pt\\\/opel-mokka-disponivel-em-hybrid-com-tecnologia-de-48-volts\\\/\"},\"wordCount\":375,\"publisher\":{\"@id\":\"https:\\\/\\\/motorpor.pt\\\/#organization\"},\"image\":{\"@id\":\"https:\\\/\\\/motorpor.pt\\\/opel-mokka-disponivel-em-hybrid-com-tecnologia-de-48-volts\\\/#primaryimage\"},\"thumbnailUrl\":\"https:\\\/\\\/motorpor.pt\\\/wp-content\\\/uploads\\\/2024\\\/06\\\/2477129-15d022ha0a-whr-1.jpg\",\"articleSection\":[\"Atualidade\",\"Destaques\",\"Not\u00edcias\",\"Not\u00edcias Opel\"],\"inLanguage\":\"en-US\"},{\"@type\":\"WebPage\",\"@id\":\"https:\\\/\\\/motorpor.pt\\\/opel-mokka-disponivel-em-hybrid-com-tecnologia-de-48-volts\\\/\",\"url\":\"https:\\\/\\\/motorpor.pt\\\/opel-mokka-disponivel-em-hybrid-com-tecnologia-de-48-volts\\\/\",\"name\":\"Opel Mokka: dispon\u00edvel em Hybrid com tecnologia de 48 volts - Motorpor\",\"isPartOf\":{\"@id\":\"https:\\\/\\\/motorpor.pt\\\/#website\"},\"primaryImageOfPage\":{\"@id\":\"https:\\\/\\\/motorpor.pt\\\/opel-mokka-disponivel-em-hybrid-com-tecnologia-de-48-volts\\\/#primaryimage\"},\"image\":{\"@id\":\"https:\\\/\\\/motorpor.pt\\\/opel-mokka-disponivel-em-hybrid-com-tecnologia-de-48-volts\\\/#primaryimage\"},\"thumbnailUrl\":\"https:\\\/\\\/motorpor.pt\\\/wp-content\\\/uploads\\\/2024\\\/06\\\/2477129-15d022ha0a-whr-1.jpg\",\"datePublished\":\"2024-06-24T13:44:41+00:00\",\"dateModified\":\"2024-07-17T11:51:54+00:00\",\"breadcrumb\":{\"@id\":\"https:\\\/\\\/motorpor.pt\\\/opel-mokka-disponivel-em-hybrid-com-tecnologia-de-48-volts\\\/#breadcrumb\"},\"inLanguage\":\"en-US\",\"potentialAction\":[{\"@type\":\"ReadAction\",\"target\":[\"https:\\\/\\\/motorpor.pt\\\/opel-mokka-disponivel-em-hybrid-com-tecnologia-de-48-volts\\\/\"]}]},{\"@type\":\"ImageObject\",\"inLanguage\":\"en-US\",\"@id\":\"https:\\\/\\\/motorpor.pt\\\/opel-mokka-disponivel-em-hybrid-com-tecnologia-de-48-volts\\\/#primaryimage\",\"url\":\"https:\\\/\\\/motorpor.pt\\\/wp-content\\\/uploads\\\/2024\\\/06\\\/2477129-15d022ha0a-whr-1.jpg\",\"contentUrl\":\"https:\\\/\\\/motorpor.pt\\\/wp-content\\\/uploads\\\/2024\\\/06\\\/2477129-15d022ha0a-whr-1.jpg\",\"width\":1200,\"height\":800},{\"@type\":\"BreadcrumbList\",\"@id\":\"https:\\\/\\\/motorpor.pt\\\/opel-mokka-disponivel-em-hybrid-com-tecnologia-de-48-volts\\\/#breadcrumb\",\"itemListElement\":[{\"@type\":\"ListItem\",\"position\":1,\"name\":\"In\u00edcio\",\"item\":\"https:\\\/\\\/motorpor.pt\\\/\"},{\"@type\":\"ListItem\",\"position\":2,\"name\":\"Opel Mokka: dispon\u00edvel em Hybrid com tecnologia de 48 volts\"}]},{\"@type\":\"WebSite\",\"@id\":\"https:\\\/\\\/motorpor.pt\\\/#website\",\"url\":\"https:\\\/\\\/motorpor.pt\\\/\",\"name\":\"Motorpor\",\"description\":\"Comercio de Autom\u00f3veis Multimarcas\",\"publisher\":{\"@id\":\"https:\\\/\\\/motorpor.pt\\\/#organization\"},\"potentialAction\":[{\"@type\":\"SearchAction\",\"target\":{\"@type\":\"EntryPoint\",\"urlTemplate\":\"https:\\\/\\\/motorpor.pt\\\/?s={search_term_string}\"},\"query-input\":{\"@type\":\"PropertyValueSpecification\",\"valueRequired\":true,\"valueName\":\"search_term_string\"}}],\"inLanguage\":\"en-US\"},{\"@type\":\"Organization\",\"@id\":\"https:\\\/\\\/motorpor.pt\\\/#organization\",\"name\":\"Motorpor\",\"alternateName\":\"Motorpor\",\"url\":\"https:\\\/\\\/motorpor.pt\\\/\",\"logo\":{\"@type\":\"ImageObject\",\"inLanguage\":\"en-US\",\"@id\":\"https:\\\/\\\/motorpor.pt\\\/#\\\/schema\\\/logo\\\/image\\\/\",\"url\":\"https:\\\/\\\/motorpor.pt\\\/wp-content\\\/uploads\\\/2024\\\/07\\\/Logo-Motorpor-Preto.svg\",\"contentUrl\":\"https:\\\/\\\/motorpor.pt\\\/wp-content\\\/uploads\\\/2024\\\/07\\\/Logo-Motorpor-Preto.svg\",\"width\":493,\"height\":93,\"caption\":\"Motorpor\"},\"image\":{\"@id\":\"https:\\\/\\\/motorpor.pt\\\/#\\\/schema\\\/logo\\\/image\\\/\"},\"sameAs\":[\"https:\\\/\\\/www.linkedin.com\\\/company\\\/grupo-motorpor\"]},{\"@type\":\"Person\",\"@id\":\"https:\\\/\\\/motorpor.pt\\\/#\\\/schema\\\/person\\\/b4bf07144e88efed7388a5af30522db7\",\"name\":\"mktmotorpor\",\"image\":{\"@type\":\"ImageObject\",\"inLanguage\":\"en-US\",\"@id\":\"https:\\\/\\\/secure.gravatar.com\\\/avatar\\\/8418b61b3175dbba0a8744cf0ee6bb5c7a9f6c67f1dbc4f41a62d7b9738259a2?s=96&d=mm&r=g\",\"url\":\"https:\\\/\\\/secure.gravatar.com\\\/avatar\\\/8418b61b3175dbba0a8744cf0ee6bb5c7a9f6c67f1dbc4f41a62d7b9738259a2?s=96&d=mm&r=g\",\"contentUrl\":\"https:\\\/\\\/secure.gravatar.com\\\/avatar\\\/8418b61b3175dbba0a8744cf0ee6bb5c7a9f6c67f1dbc4f41a62d7b9738259a2?s=96&d=mm&r=g\",\"caption\":\"mktmotorpor\"},\"url\":\"https:\\\/\\\/motorpor.pt\\\/en\\\/user\\\/mktmotorpor\\\/\"}]}<\/script>\n<!-- \/ Yoast SEO plugin. -->","yoast_head_json":{"title":"Opel Mokka: dispon\u00edvel em Hybrid com tecnologia de 48 volts - Motorpor","robots":{"index":"index","follow":"follow","max-snippet":"max-snippet:-1","max-image-preview":"max-image-preview:large","max-video-preview":"max-video-preview:-1"},"canonical":"https:\/\/motorpor.pt\/en\/opel-mokka-disponivel-em-hybrid-com-tecnologia-de-48-volts\/","og_locale":"en_US","og_type":"article","og_title":"Opel Mokka: dispon\u00edvel em Hybrid com tecnologia de 48 volts - Motorpor","og_description":"O atraente SUV da Opel, pela primeira vez com tra\u00e7\u00e3o h\u00edbrida de 48 volts, desde 31.015 euros. O novo Mokka Hybrid, com o seu grupo motopropulsor eletrificado, j\u00e1 est\u00e1 dispon\u00edvel para encomenda a um pre\u00e7o inicial de 31.015 euros (incluindo IVA). A Opel continua a aumentar o seu portef\u00f3lio h\u00edbrido. A novidade da marca est\u00e1 [&hellip;]","og_url":"https:\/\/motorpor.pt\/en\/opel-mokka-disponivel-em-hybrid-com-tecnologia-de-48-volts\/","og_site_name":"Motorpor","article_published_time":"2024-06-24T13:44:41+00:00","article_modified_time":"2024-07-17T11:51:54+00:00","og_image":[{"width":1200,"height":800,"url":"https:\/\/motorpor.pt\/wp-content\/uploads\/2024\/06\/2477129-15d022ha0a-whr-1.jpg","type":"image\/jpeg"}],"author":"mktmotorpor","twitter_card":"summary_large_image","twitter_misc":{"Written by":"mktmotorpor","Est. reading time":"2 minutes"},"schema":{"@context":"https:\/\/schema.org","@graph":[{"@type":"Article","@id":"https:\/\/motorpor.pt\/opel-mokka-disponivel-em-hybrid-com-tecnologia-de-48-volts\/#article","isPartOf":{"@id":"https:\/\/motorpor.pt\/opel-mokka-disponivel-em-hybrid-com-tecnologia-de-48-volts\/"},"author":{"name":"mktmotorpor","@id":"https:\/\/motorpor.pt\/#\/schema\/person\/b4bf07144e88efed7388a5af30522db7"},"headline":"Opel Mokka: dispon\u00edvel em Hybrid com tecnologia de 48 volts","datePublished":"2024-06-24T13:44:41+00:00","dateModified":"2024-07-17T11:51:54+00:00","mainEntityOfPage":{"@id":"https:\/\/motorpor.pt\/opel-mokka-disponivel-em-hybrid-com-tecnologia-de-48-volts\/"},"wordCount":375,"publisher":{"@id":"https:\/\/motorpor.pt\/#organization"},"image":{"@id":"https:\/\/motorpor.pt\/opel-mokka-disponivel-em-hybrid-com-tecnologia-de-48-volts\/#primaryimage"},"thumbnailUrl":"https:\/\/motorpor.pt\/wp-content\/uploads\/2024\/06\/2477129-15d022ha0a-whr-1.jpg","articleSection":["Atualidade","Destaques","Not\u00edcias","Not\u00edcias Opel"],"inLanguage":"en-US"},{"@type":"WebPage","@id":"https:\/\/motorpor.pt\/opel-mokka-disponivel-em-hybrid-com-tecnologia-de-48-volts\/","url":"https:\/\/motorpor.pt\/opel-mokka-disponivel-em-hybrid-com-tecnologia-de-48-volts\/","name":"Opel Mokka: dispon\u00edvel em Hybrid com tecnologia de 48 volts - Motorpor","isPartOf":{"@id":"https:\/\/motorpor.pt\/#website"},"primaryImageOfPage":{"@id":"https:\/\/motorpor.pt\/opel-mokka-disponivel-em-hybrid-com-tecnologia-de-48-volts\/#primaryimage"},"image":{"@id":"https:\/\/motorpor.pt\/opel-mokka-disponivel-em-hybrid-com-tecnologia-de-48-volts\/#primaryimage"},"thumbnailUrl":"https:\/\/motorpor.pt\/wp-content\/uploads\/2024\/06\/2477129-15d022ha0a-whr-1.jpg","datePublished":"2024-06-24T13:44:41+00:00","dateModified":"2024-07-17T11:51:54+00:00","breadcrumb":{"@id":"https:\/\/motorpor.pt\/opel-mokka-disponivel-em-hybrid-com-tecnologia-de-48-volts\/#breadcrumb"},"inLanguage":"en-US","potentialAction":[{"@type":"ReadAction","target":["https:\/\/motorpor.pt\/opel-mokka-disponivel-em-hybrid-com-tecnologia-de-48-volts\/"]}]},{"@type":"ImageObject","inLanguage":"en-US","@id":"https:\/\/motorpor.pt\/opel-mokka-disponivel-em-hybrid-com-tecnologia-de-48-volts\/#primaryimage","url":"https:\/\/motorpor.pt\/wp-content\/uploads\/2024\/06\/2477129-15d022ha0a-whr-1.jpg","contentUrl":"https:\/\/motorpor.pt\/wp-content\/uploads\/2024\/06\/2477129-15d022ha0a-whr-1.jpg","width":1200,"height":800},{"@type":"BreadcrumbList","@id":"https:\/\/motorpor.pt\/opel-mokka-disponivel-em-hybrid-com-tecnologia-de-48-volts\/#breadcrumb","itemListElement":[{"@type":"ListItem","position":1,"name":"In\u00edcio","item":"https:\/\/motorpor.pt\/"},{"@type":"ListItem","position":2,"name":"Opel Mokka: dispon\u00edvel em Hybrid com tecnologia de 48 volts"}]},{"@type":"WebSite","@id":"https:\/\/motorpor.pt\/#website","url":"https:\/\/motorpor.pt\/","name":"motorpor","description":"Comercio de Autom\u00f3veis Multimarcas","publisher":{"@id":"https:\/\/motorpor.pt\/#organization"},"potentialAction":[{"@type":"SearchAction","target":{"@type":"EntryPoint","urlTemplate":"https:\/\/motorpor.pt\/?s={search_term_string}"},"query-input":{"@type":"PropertyValueSpecification","valueRequired":true,"valueName":"search_term_string"}}],"inLanguage":"en-US"},{"@type":"Organization","@id":"https:\/\/motorpor.pt\/#organization","name":"motorpor","alternateName":"Motorpor","url":"https:\/\/motorpor.pt\/","logo":{"@type":"ImageObject","inLanguage":"en-US","@id":"https:\/\/motorpor.pt\/#\/schema\/logo\/image\/","url":"https:\/\/motorpor.pt\/wp-content\/uploads\/2024\/07\/Logo-Motorpor-Preto.svg","contentUrl":"https:\/\/motorpor.pt\/wp-content\/uploads\/2024\/07\/Logo-Motorpor-Preto.svg","width":493,"height":93,"caption":"Motorpor"},"image":{"@id":"https:\/\/motorpor.pt\/#\/schema\/logo\/image\/"},"sameAs":["https:\/\/www.linkedin.com\/company\/grupo-motorpor"]},{"@type":"Person","@id":"https:\/\/motorpor.pt\/#\/schema\/person\/b4bf07144e88efed7388a5af30522db7","name":"mktmotorpor","image":{"@type":"ImageObject","inLanguage":"en-US","@id":"https:\/\/secure.gravatar.com\/avatar\/8418b61b3175dbba0a8744cf0ee6bb5c7a9f6c67f1dbc4f41a62d7b9738259a2?s=96&d=mm&r=g","url":"https:\/\/secure.gravatar.com\/avatar\/8418b61b3175dbba0a8744cf0ee6bb5c7a9f6c67f1dbc4f41a62d7b9738259a2?s=96&d=mm&r=g","contentUrl":"https:\/\/secure.gravatar.com\/avatar\/8418b61b3175dbba0a8744cf0ee6bb5c7a9f6c67f1dbc4f41a62d7b9738259a2?s=96&d=mm&r=g","caption":"mktmotorpor"},"url":"https:\/\/motorpor.pt\/en\/user\/mktmotorpor\/"}]}},"_links":{"self":[{"href":"https:\/\/motorpor.pt\/en\/wp-json\/wp\/v2\/posts\/87486","targetHints":{"allow":["GET"]}}],"collection":[{"href":"https:\/\/motorpor.pt\/en\/wp-json\/wp\/v2\/posts"}],"about":[{"href":"https:\/\/motorpor.pt\/en\/wp-json\/wp\/v2\/types\/post"}],"author":[{"embeddable":true,"href":"https:\/\/motorpor.pt\/en\/wp-json\/wp\/v2\/users\/85"}],"replies":[{"embeddable":true,"href":"https:\/\/motorpor.pt\/en\/wp-json\/wp\/v2\/comments?post=87486"}],"version-history":[{"count":1,"href":"https:\/\/motorpor.pt\/en\/wp-json\/wp\/v2\/posts\/87486\/revisions"}],"predecessor-version":[{"id":90202,"href":"https:\/\/motorpor.pt\/en\/wp-json\/wp\/v2\/posts\/87486\/revisions\/90202"}],"wp:featuredmedia":[{"embeddable":true,"href":"https:\/\/motorpor.pt\/en\/wp-json\/wp\/v2\/media\/87484"}],"wp:attachment":[{"href":"https:\/\/motorpor.pt\/en\/wp-json\/wp\/v2\/media?parent=87486"}],"wp:term":[{"taxonomy":"category","embeddable":true,"href":"https:\/\/motorpor.pt\/en\/wp-json\/wp\/v2\/categories?post=87486"},{"taxonomy":"post_tag","embeddable":true,"href":"https:\/\/motorpor.pt\/en\/wp-json\/wp\/v2\/tags?post=87486"}],"curies":[{"name":"wp","href":"https:\/\/api.w.org\/{rel}","templated":true}]}}