{"id":87634,"date":"2024-07-02T12:50:21","date_gmt":"2024-07-02T11:50:21","guid":{"rendered":"https:\/\/motorpor.pt\/novo-peugeot-3008-plug-in-hybrid-encomendas-abertas-em-portugal\/"},"modified":"2024-07-17T12:50:56","modified_gmt":"2024-07-17T11:50:56","slug":"novo-peugeot-3008-plug-in-hybrid-encomendas-abertas-em-portugal","status":"publish","type":"post","link":"https:\/\/motorpor.pt\/en\/novo-peugeot-3008-plug-in-hybrid-encomendas-abertas-em-portugal\/","title":{"rendered":"Novo Peugeot 3008 Plug-in Hybrid: Encomendas abertas em Portugal"},"content":{"rendered":"<h5>Dispon\u00edvel a partir do final de junho para encomenda em toda a Rede de Concession\u00e1rios Peugeot, o novo 3008 Plug-in HYBRID 195 e-DCS7 \u00e9 proposto aos Clientes Particulares por um pre\u00e7o a partir de 44.150\u20ac com IVA e \u00e0s Empresas por um valor a partir de 33.466\u20ac sem IVA, at\u00e9 ao final de julho.<\/h5>\n<p>\u00a0<\/p>\n<p>Na sequ\u00eancia do sucesso da apresenta\u00e7\u00e3o dos novos E-3008 100% el\u00e9trico e 3008 Hybrid, a marca leonina abre agora as encomendas, em Portugal, da vers\u00e3o Plug-in Hybrid 195 e-DCS7 do seu SUV Fastback.<\/p>\n<p>\u00a0<\/p>\n<p><strong>SEDU\u00c7\u00c3O:<\/strong> a introdu\u00e7\u00e3o do 3008 Plug-in Hybrid no mercado completa uma gama totalmente eletrificada, onde se prop\u00f5em diferentes solu\u00e7\u00f5es para cada necessidade dos clientes.<\/p>\n<p><strong>EMO\u00c7\u00c3O:<\/strong> o 3008 Plug-in Hybrid alia o prazer de condu\u00e7\u00e3o \u00e0 efici\u00eancia.<\/p>\n<p><strong>EXCEL\u00caNCIA:<\/strong> o 3008 Plug-in Hybrid oferece 87 km de autonomia em modo zero emiss\u00f5es.<\/p>\n<p>\u00a0<\/p>\n<p>Ap\u00f3s o entusiasmo suscitado junto dos clientes aquando da abertura de encomendas do novo Peugeot E-3008 100% el\u00e9trico e do Hybrid de 48V, a <strong>marca alarga aumenta as suas op\u00e7\u00f5es na gama SUV Fastback, com a abertura das encomendas do novo Peugeot 3008 Plug-in Hybrid<\/strong>, dotado de uma<strong>\u00a0<\/strong>motoriza\u00e7\u00e3o de 195 cv. A nova vers\u00e3o situa-se entre a vers\u00e3o MHEV, de 136 cv, e a vers\u00e3o 100% el\u00e9trica, de 210 cv.<\/p>\n<p>O Peugeot 3008 Plug-in Hybrid chega ao mercado portugu\u00eas em novembro. Saiba tudo sobre as viaturas Peugeot,\u00a0no nosso site.<\/p>","protected":false},"excerpt":{"rendered":"<p>Dispon\u00edvel a partir do final de junho para encomenda em toda a Rede de Concession\u00e1rios Peugeot, o novo 3008 Plug-in HYBRID 195 e-DCS7 \u00e9 proposto aos Clientes Particulares por um pre\u00e7o a partir de 44.150\u20ac com IVA e \u00e0s Empresas por um valor a partir de 33.466\u20ac sem IVA, at\u00e9 ao final de julho. \u00a0 [&hellip;]<\/p>\n","protected":false},"author":85,"featured_media":88990,"comment_status":"closed","ping_status":"open","sticky":false,"template":"","format":"standard","meta":{"_acf_changed":false,"footnotes":""},"categories":[2595,2592,3094],"tags":[],"class_list":["post-87634","post","type-post","status-publish","format-standard","has-post-thumbnail","hentry","category-atualidade","category-noticias","category-noticias-peugeot"],"acf":[],"yoast_head":"<!-- This site is optimized with the Yoast SEO plugin v27.5 - https:\/\/yoast.com\/product\/yoast-seo-wordpress\/ -->\n<title>Novo Peugeot 3008 Plug-in Hybrid: Encomendas abertas em Portugal - Motorpor<\/title>\n<meta name=\"robots\" content=\"index, follow, max-snippet:-1, max-image-preview:large, max-video-preview:-1\" \/>\n<link rel=\"canonical\" href=\"https:\/\/motorpor.pt\/en\/novo-peugeot-3008-plug-in-hybrid-encomendas-abertas-em-portugal\/\" \/>\n<meta property=\"og:locale\" content=\"en_US\" \/>\n<meta property=\"og:type\" content=\"article\" \/>\n<meta property=\"og:title\" content=\"Novo Peugeot 3008 Plug-in Hybrid: Encomendas abertas em Portugal - Motorpor\" \/>\n<meta property=\"og:description\" content=\"Dispon\u00edvel a partir do final de junho para encomenda em toda a Rede de Concession\u00e1rios Peugeot, o novo 3008 Plug-in HYBRID 195 e-DCS7 \u00e9 proposto aos Clientes Particulares por um pre\u00e7o a partir de 44.150\u20ac com IVA e \u00e0s Empresas por um valor a partir de 33.466\u20ac sem IVA, at\u00e9 ao final de julho. \u00a0 [&hellip;]\" \/>\n<meta property=\"og:url\" content=\"https:\/\/motorpor.pt\/en\/novo-peugeot-3008-plug-in-hybrid-encomendas-abertas-em-portugal\/\" \/>\n<meta property=\"og:site_name\" content=\"Motorpor\" \/>\n<meta property=\"article:published_time\" content=\"2024-07-02T11:50:21+00:00\" \/>\n<meta property=\"article:modified_time\" content=\"2024-07-17T11:50:56+00:00\" \/>\n<meta property=\"og:image\" content=\"https:\/\/motorpor.pt\/wp-content\/uploads\/2024\/07\/Peugeot-3008-motorpor.jpg\" \/>\n\t<meta property=\"og:image:width\" content=\"1613\" \/>\n\t<meta property=\"og:image:height\" content=\"887\" \/>\n\t<meta property=\"og:image:type\" content=\"image\/jpeg\" \/>\n<meta name=\"author\" content=\"mktmotorpor\" \/>\n<meta name=\"twitter:card\" content=\"summary_large_image\" \/>\n<meta name=\"twitter:label1\" content=\"Written by\" \/>\n\t<meta name=\"twitter:data1\" content=\"mktmotorpor\" \/>\n\t<meta name=\"twitter:label2\" content=\"Est. reading time\" \/>\n\t<meta name=\"twitter:data2\" content=\"2 minutes\" \/>\n<script type=\"application\/ld+json\" class=\"yoast-schema-graph\">{\"@context\":\"https:\\\/\\\/schema.org\",\"@graph\":[{\"@type\":\"Article\",\"@id\":\"https:\\\/\\\/motorpor.pt\\\/novo-peugeot-3008-plug-in-hybrid-encomendas-abertas-em-portugal\\\/#article\",\"isPartOf\":{\"@id\":\"https:\\\/\\\/motorpor.pt\\\/novo-peugeot-3008-plug-in-hybrid-encomendas-abertas-em-portugal\\\/\"},\"author\":{\"name\":\"mktmotorpor\",\"@id\":\"https:\\\/\\\/motorpor.pt\\\/#\\\/schema\\\/person\\\/b4bf07144e88efed7388a5af30522db7\"},\"headline\":\"Novo Peugeot 3008 Plug-in Hybrid: Encomendas abertas em Portugal\",\"datePublished\":\"2024-07-02T11:50:21+00:00\",\"dateModified\":\"2024-07-17T11:50:56+00:00\",\"mainEntityOfPage\":{\"@id\":\"https:\\\/\\\/motorpor.pt\\\/novo-peugeot-3008-plug-in-hybrid-encomendas-abertas-em-portugal\\\/\"},\"wordCount\":241,\"publisher\":{\"@id\":\"https:\\\/\\\/motorpor.pt\\\/#organization\"},\"image\":{\"@id\":\"https:\\\/\\\/motorpor.pt\\\/novo-peugeot-3008-plug-in-hybrid-encomendas-abertas-em-portugal\\\/#primaryimage\"},\"thumbnailUrl\":\"https:\\\/\\\/motorpor.pt\\\/wp-content\\\/uploads\\\/2024\\\/07\\\/Peugeot-3008-motorpor-1.jpg\",\"articleSection\":[\"Atualidade\",\"Not\u00edcias\",\"Not\u00edcias Peugeot\"],\"inLanguage\":\"en-US\"},{\"@type\":\"WebPage\",\"@id\":\"https:\\\/\\\/motorpor.pt\\\/novo-peugeot-3008-plug-in-hybrid-encomendas-abertas-em-portugal\\\/\",\"url\":\"https:\\\/\\\/motorpor.pt\\\/novo-peugeot-3008-plug-in-hybrid-encomendas-abertas-em-portugal\\\/\",\"name\":\"Novo Peugeot 3008 Plug-in Hybrid: Encomendas abertas em Portugal - Motorpor\",\"isPartOf\":{\"@id\":\"https:\\\/\\\/motorpor.pt\\\/#website\"},\"primaryImageOfPage\":{\"@id\":\"https:\\\/\\\/motorpor.pt\\\/novo-peugeot-3008-plug-in-hybrid-encomendas-abertas-em-portugal\\\/#primaryimage\"},\"image\":{\"@id\":\"https:\\\/\\\/motorpor.pt\\\/novo-peugeot-3008-plug-in-hybrid-encomendas-abertas-em-portugal\\\/#primaryimage\"},\"thumbnailUrl\":\"https:\\\/\\\/motorpor.pt\\\/wp-content\\\/uploads\\\/2024\\\/07\\\/Peugeot-3008-motorpor-1.jpg\",\"datePublished\":\"2024-07-02T11:50:21+00:00\",\"dateModified\":\"2024-07-17T11:50:56+00:00\",\"breadcrumb\":{\"@id\":\"https:\\\/\\\/motorpor.pt\\\/novo-peugeot-3008-plug-in-hybrid-encomendas-abertas-em-portugal\\\/#breadcrumb\"},\"inLanguage\":\"en-US\",\"potentialAction\":[{\"@type\":\"ReadAction\",\"target\":[\"https:\\\/\\\/motorpor.pt\\\/novo-peugeot-3008-plug-in-hybrid-encomendas-abertas-em-portugal\\\/\"]}]},{\"@type\":\"ImageObject\",\"inLanguage\":\"en-US\",\"@id\":\"https:\\\/\\\/motorpor.pt\\\/novo-peugeot-3008-plug-in-hybrid-encomendas-abertas-em-portugal\\\/#primaryimage\",\"url\":\"https:\\\/\\\/motorpor.pt\\\/wp-content\\\/uploads\\\/2024\\\/07\\\/Peugeot-3008-motorpor-1.jpg\",\"contentUrl\":\"https:\\\/\\\/motorpor.pt\\\/wp-content\\\/uploads\\\/2024\\\/07\\\/Peugeot-3008-motorpor-1.jpg\",\"width\":1613,\"height\":887},{\"@type\":\"BreadcrumbList\",\"@id\":\"https:\\\/\\\/motorpor.pt\\\/novo-peugeot-3008-plug-in-hybrid-encomendas-abertas-em-portugal\\\/#breadcrumb\",\"itemListElement\":[{\"@type\":\"ListItem\",\"position\":1,\"name\":\"In\u00edcio\",\"item\":\"https:\\\/\\\/motorpor.pt\\\/\"},{\"@type\":\"ListItem\",\"position\":2,\"name\":\"Novo Peugeot 3008 Plug-in Hybrid: Encomendas abertas em Portugal\"}]},{\"@type\":\"WebSite\",\"@id\":\"https:\\\/\\\/motorpor.pt\\\/#website\",\"url\":\"https:\\\/\\\/motorpor.pt\\\/\",\"name\":\"Motorpor\",\"description\":\"Comercio de Autom\u00f3veis Multimarcas\",\"publisher\":{\"@id\":\"https:\\\/\\\/motorpor.pt\\\/#organization\"},\"potentialAction\":[{\"@type\":\"SearchAction\",\"target\":{\"@type\":\"EntryPoint\",\"urlTemplate\":\"https:\\\/\\\/motorpor.pt\\\/?s={search_term_string}\"},\"query-input\":{\"@type\":\"PropertyValueSpecification\",\"valueRequired\":true,\"valueName\":\"search_term_string\"}}],\"inLanguage\":\"en-US\"},{\"@type\":\"Organization\",\"@id\":\"https:\\\/\\\/motorpor.pt\\\/#organization\",\"name\":\"Motorpor\",\"alternateName\":\"Motorpor\",\"url\":\"https:\\\/\\\/motorpor.pt\\\/\",\"logo\":{\"@type\":\"ImageObject\",\"inLanguage\":\"en-US\",\"@id\":\"https:\\\/\\\/motorpor.pt\\\/#\\\/schema\\\/logo\\\/image\\\/\",\"url\":\"https:\\\/\\\/motorpor.pt\\\/wp-content\\\/uploads\\\/2024\\\/07\\\/Logo-Motorpor-Preto.svg\",\"contentUrl\":\"https:\\\/\\\/motorpor.pt\\\/wp-content\\\/uploads\\\/2024\\\/07\\\/Logo-Motorpor-Preto.svg\",\"width\":493,\"height\":93,\"caption\":\"Motorpor\"},\"image\":{\"@id\":\"https:\\\/\\\/motorpor.pt\\\/#\\\/schema\\\/logo\\\/image\\\/\"},\"sameAs\":[\"https:\\\/\\\/www.linkedin.com\\\/company\\\/grupo-motorpor\"]},{\"@type\":\"Person\",\"@id\":\"https:\\\/\\\/motorpor.pt\\\/#\\\/schema\\\/person\\\/b4bf07144e88efed7388a5af30522db7\",\"name\":\"mktmotorpor\",\"image\":{\"@type\":\"ImageObject\",\"inLanguage\":\"en-US\",\"@id\":\"https:\\\/\\\/secure.gravatar.com\\\/avatar\\\/8418b61b3175dbba0a8744cf0ee6bb5c7a9f6c67f1dbc4f41a62d7b9738259a2?s=96&d=mm&r=g\",\"url\":\"https:\\\/\\\/secure.gravatar.com\\\/avatar\\\/8418b61b3175dbba0a8744cf0ee6bb5c7a9f6c67f1dbc4f41a62d7b9738259a2?s=96&d=mm&r=g\",\"contentUrl\":\"https:\\\/\\\/secure.gravatar.com\\\/avatar\\\/8418b61b3175dbba0a8744cf0ee6bb5c7a9f6c67f1dbc4f41a62d7b9738259a2?s=96&d=mm&r=g\",\"caption\":\"mktmotorpor\"},\"url\":\"https:\\\/\\\/motorpor.pt\\\/en\\\/user\\\/mktmotorpor\\\/\"}]}<\/script>\n<!-- \/ Yoast SEO plugin. -->","yoast_head_json":{"title":"Novo Peugeot 3008 Plug-in Hybrid: Encomendas abertas em Portugal - Motorpor","robots":{"index":"index","follow":"follow","max-snippet":"max-snippet:-1","max-image-preview":"max-image-preview:large","max-video-preview":"max-video-preview:-1"},"canonical":"https:\/\/motorpor.pt\/en\/novo-peugeot-3008-plug-in-hybrid-encomendas-abertas-em-portugal\/","og_locale":"en_US","og_type":"article","og_title":"Novo Peugeot 3008 Plug-in Hybrid: Encomendas abertas em Portugal - Motorpor","og_description":"Dispon\u00edvel a partir do final de junho para encomenda em toda a Rede de Concession\u00e1rios Peugeot, o novo 3008 Plug-in HYBRID 195 e-DCS7 \u00e9 proposto aos Clientes Particulares por um pre\u00e7o a partir de 44.150\u20ac com IVA e \u00e0s Empresas por um valor a partir de 33.466\u20ac sem IVA, at\u00e9 ao final de julho. \u00a0 [&hellip;]","og_url":"https:\/\/motorpor.pt\/en\/novo-peugeot-3008-plug-in-hybrid-encomendas-abertas-em-portugal\/","og_site_name":"Motorpor","article_published_time":"2024-07-02T11:50:21+00:00","article_modified_time":"2024-07-17T11:50:56+00:00","og_image":[{"width":1613,"height":887,"url":"https:\/\/motorpor.pt\/wp-content\/uploads\/2024\/07\/Peugeot-3008-motorpor.jpg","type":"image\/jpeg"}],"author":"mktmotorpor","twitter_card":"summary_large_image","twitter_misc":{"Written by":"mktmotorpor","Est. reading time":"2 minutes"},"schema":{"@context":"https:\/\/schema.org","@graph":[{"@type":"Article","@id":"https:\/\/motorpor.pt\/novo-peugeot-3008-plug-in-hybrid-encomendas-abertas-em-portugal\/#article","isPartOf":{"@id":"https:\/\/motorpor.pt\/novo-peugeot-3008-plug-in-hybrid-encomendas-abertas-em-portugal\/"},"author":{"name":"mktmotorpor","@id":"https:\/\/motorpor.pt\/#\/schema\/person\/b4bf07144e88efed7388a5af30522db7"},"headline":"Novo Peugeot 3008 Plug-in Hybrid: Encomendas abertas em Portugal","datePublished":"2024-07-02T11:50:21+00:00","dateModified":"2024-07-17T11:50:56+00:00","mainEntityOfPage":{"@id":"https:\/\/motorpor.pt\/novo-peugeot-3008-plug-in-hybrid-encomendas-abertas-em-portugal\/"},"wordCount":241,"publisher":{"@id":"https:\/\/motorpor.pt\/#organization"},"image":{"@id":"https:\/\/motorpor.pt\/novo-peugeot-3008-plug-in-hybrid-encomendas-abertas-em-portugal\/#primaryimage"},"thumbnailUrl":"https:\/\/motorpor.pt\/wp-content\/uploads\/2024\/07\/Peugeot-3008-motorpor-1.jpg","articleSection":["Atualidade","Not\u00edcias","Not\u00edcias Peugeot"],"inLanguage":"en-US"},{"@type":"WebPage","@id":"https:\/\/motorpor.pt\/novo-peugeot-3008-plug-in-hybrid-encomendas-abertas-em-portugal\/","url":"https:\/\/motorpor.pt\/novo-peugeot-3008-plug-in-hybrid-encomendas-abertas-em-portugal\/","name":"Novo Peugeot 3008 Plug-in Hybrid: Encomendas abertas em Portugal - Motorpor","isPartOf":{"@id":"https:\/\/motorpor.pt\/#website"},"primaryImageOfPage":{"@id":"https:\/\/motorpor.pt\/novo-peugeot-3008-plug-in-hybrid-encomendas-abertas-em-portugal\/#primaryimage"},"image":{"@id":"https:\/\/motorpor.pt\/novo-peugeot-3008-plug-in-hybrid-encomendas-abertas-em-portugal\/#primaryimage"},"thumbnailUrl":"https:\/\/motorpor.pt\/wp-content\/uploads\/2024\/07\/Peugeot-3008-motorpor-1.jpg","datePublished":"2024-07-02T11:50:21+00:00","dateModified":"2024-07-17T11:50:56+00:00","breadcrumb":{"@id":"https:\/\/motorpor.pt\/novo-peugeot-3008-plug-in-hybrid-encomendas-abertas-em-portugal\/#breadcrumb"},"inLanguage":"en-US","potentialAction":[{"@type":"ReadAction","target":["https:\/\/motorpor.pt\/novo-peugeot-3008-plug-in-hybrid-encomendas-abertas-em-portugal\/"]}]},{"@type":"ImageObject","inLanguage":"en-US","@id":"https:\/\/motorpor.pt\/novo-peugeot-3008-plug-in-hybrid-encomendas-abertas-em-portugal\/#primaryimage","url":"https:\/\/motorpor.pt\/wp-content\/uploads\/2024\/07\/Peugeot-3008-motorpor-1.jpg","contentUrl":"https:\/\/motorpor.pt\/wp-content\/uploads\/2024\/07\/Peugeot-3008-motorpor-1.jpg","width":1613,"height":887},{"@type":"BreadcrumbList","@id":"https:\/\/motorpor.pt\/novo-peugeot-3008-plug-in-hybrid-encomendas-abertas-em-portugal\/#breadcrumb","itemListElement":[{"@type":"ListItem","position":1,"name":"In\u00edcio","item":"https:\/\/motorpor.pt\/"},{"@type":"ListItem","position":2,"name":"Novo Peugeot 3008 Plug-in Hybrid: Encomendas abertas em Portugal"}]},{"@type":"WebSite","@id":"https:\/\/motorpor.pt\/#website","url":"https:\/\/motorpor.pt\/","name":"motorpor","description":"Comercio de Autom\u00f3veis Multimarcas","publisher":{"@id":"https:\/\/motorpor.pt\/#organization"},"potentialAction":[{"@type":"SearchAction","target":{"@type":"EntryPoint","urlTemplate":"https:\/\/motorpor.pt\/?s={search_term_string}"},"query-input":{"@type":"PropertyValueSpecification","valueRequired":true,"valueName":"search_term_string"}}],"inLanguage":"en-US"},{"@type":"Organization","@id":"https:\/\/motorpor.pt\/#organization","name":"motorpor","alternateName":"Motorpor","url":"https:\/\/motorpor.pt\/","logo":{"@type":"ImageObject","inLanguage":"en-US","@id":"https:\/\/motorpor.pt\/#\/schema\/logo\/image\/","url":"https:\/\/motorpor.pt\/wp-content\/uploads\/2024\/07\/Logo-Motorpor-Preto.svg","contentUrl":"https:\/\/motorpor.pt\/wp-content\/uploads\/2024\/07\/Logo-Motorpor-Preto.svg","width":493,"height":93,"caption":"Motorpor"},"image":{"@id":"https:\/\/motorpor.pt\/#\/schema\/logo\/image\/"},"sameAs":["https:\/\/www.linkedin.com\/company\/grupo-motorpor"]},{"@type":"Person","@id":"https:\/\/motorpor.pt\/#\/schema\/person\/b4bf07144e88efed7388a5af30522db7","name":"mktmotorpor","image":{"@type":"ImageObject","inLanguage":"en-US","@id":"https:\/\/secure.gravatar.com\/avatar\/8418b61b3175dbba0a8744cf0ee6bb5c7a9f6c67f1dbc4f41a62d7b9738259a2?s=96&d=mm&r=g","url":"https:\/\/secure.gravatar.com\/avatar\/8418b61b3175dbba0a8744cf0ee6bb5c7a9f6c67f1dbc4f41a62d7b9738259a2?s=96&d=mm&r=g","contentUrl":"https:\/\/secure.gravatar.com\/avatar\/8418b61b3175dbba0a8744cf0ee6bb5c7a9f6c67f1dbc4f41a62d7b9738259a2?s=96&d=mm&r=g","caption":"mktmotorpor"},"url":"https:\/\/motorpor.pt\/en\/user\/mktmotorpor\/"}]}},"_links":{"self":[{"href":"https:\/\/motorpor.pt\/en\/wp-json\/wp\/v2\/posts\/87634","targetHints":{"allow":["GET"]}}],"collection":[{"href":"https:\/\/motorpor.pt\/en\/wp-json\/wp\/v2\/posts"}],"about":[{"href":"https:\/\/motorpor.pt\/en\/wp-json\/wp\/v2\/types\/post"}],"author":[{"embeddable":true,"href":"https:\/\/motorpor.pt\/en\/wp-json\/wp\/v2\/users\/85"}],"replies":[{"embeddable":true,"href":"https:\/\/motorpor.pt\/en\/wp-json\/wp\/v2\/comments?post=87634"}],"version-history":[{"count":2,"href":"https:\/\/motorpor.pt\/en\/wp-json\/wp\/v2\/posts\/87634\/revisions"}],"predecessor-version":[{"id":90201,"href":"https:\/\/motorpor.pt\/en\/wp-json\/wp\/v2\/posts\/87634\/revisions\/90201"}],"wp:featuredmedia":[{"embeddable":true,"href":"https:\/\/motorpor.pt\/en\/wp-json\/wp\/v2\/media\/88990"}],"wp:attachment":[{"href":"https:\/\/motorpor.pt\/en\/wp-json\/wp\/v2\/media?parent=87634"}],"wp:term":[{"taxonomy":"category","embeddable":true,"href":"https:\/\/motorpor.pt\/en\/wp-json\/wp\/v2\/categories?post=87634"},{"taxonomy":"post_tag","embeddable":true,"href":"https:\/\/motorpor.pt\/en\/wp-json\/wp\/v2\/tags?post=87634"}],"curies":[{"name":"wp","href":"https:\/\/api.w.org\/{rel}","templated":true}]}}