{"id":89422,"date":"2024-07-09T12:12:01","date_gmt":"2024-07-09T11:12:01","guid":{"rendered":"https:\/\/motorpor.pt\/novos-sistemas-de-assistencia-obrigatorios-os-automoveis-opel-estao-preparados\/"},"modified":"2024-07-10T09:47:05","modified_gmt":"2024-07-10T08:47:05","slug":"novos-sistemas-de-assistencia-obrigatorios-os-automoveis-opel-estao-preparados","status":"publish","type":"post","link":"https:\/\/motorpor.pt\/en\/novos-sistemas-de-assistencia-obrigatorios-os-automoveis-opel-estao-preparados\/","title":{"rendered":"Novos sistemas de assist\u00eancia obrigat\u00f3rios: Os autom\u00f3veis Opel est\u00e3o preparados"},"content":{"rendered":"<h5>A Uni\u00e3o Europeia j\u00e1 imp\u00f4s as obriga\u00e7\u00f5es para os novos sistemas de assist\u00eancia adicionais para os novos registos de autom\u00f3veis de passageiros e ve\u00edculos comerciais ligeiros.<\/h5>\n<p>O objetivo das novas obriga\u00e7\u00f5es impostas a partir deste m\u00eas, \u00e9 reduzir o n\u00famero de acidentes nas estradas e, assim, salvar vidas. A Opel est\u00e1 bem posicionada neste dom\u00ednio. Para os modelos de autom\u00f3veis de passageiros, do Corsa ao Combo, do Mokka e Astra ao Grandland, bem como para a nova gera\u00e7\u00e3o de ve\u00edculos comerciais ligeiros (VCL) Opel Combo, Vivaro e Movano, o fabricante oferece numerosos assistentes eletr\u00f3nicos avan\u00e7ados que tornam a mobilidade mais segura para os condutores e passageiros, bem como para todos os outros utilizadores da estrada.<\/p>\n<p>&#8220;A seguran\u00e7a em primeiro lugar&#8221; \u00e9 o lema da Opel no desenvolvimento de novos ve\u00edculos: isto \u00e9 mais uma vez demonstrado pelo novo Opel\u00a0<a href=\"https:\/\/www.media.stellantis.com\/pt-pt\/opel\/new-grandland\">Grandland<\/a>, recentemente introduzido, que estar\u00e1 brevemente dispon\u00edvel para encomenda. s novos furg\u00f5es VCL da Opel ser\u00e3o futuramente equipados com at\u00e9 21 sistemas de assist\u00eancia &#8211; liderando o segmento. E mesmo no pequeno bestseller Corsa, muitos sistemas j\u00e1 est\u00e3o integrados de s\u00e9rie, muito antes dos requisitos legais.<\/p>\n<div id='gallery-1' class='gallery galleryid-89422 gallery-columns-3 gallery-size-full'><figure class='gallery-item'>\n\t\t\t<div class='gallery-icon landscape'>\n\t\t\t\t<a href='https:\/\/motorpor.pt\/en\/newassistancesystemsmandatoryfromjulyopelmodelsareready-3\/'><img fetchpriority=\"high\" decoding=\"async\" width=\"2560\" height=\"1384\" src=\"https:\/\/motorpor.pt\/wp-content\/uploads\/2024\/07\/NewAssistanceSystemsMandatoryFromJulyOpelModelsareReady-3-scaled.jpg\" class=\"attachment-full size-full\" alt=\"\" srcset=\"https:\/\/motorpor.pt\/wp-content\/uploads\/2024\/07\/NewAssistanceSystemsMandatoryFromJulyOpelModelsareReady-3-scaled.jpg 2560w, https:\/\/motorpor.pt\/wp-content\/uploads\/2024\/07\/NewAssistanceSystemsMandatoryFromJulyOpelModelsareReady-3-300x162.jpg 300w, https:\/\/motorpor.pt\/wp-content\/uploads\/2024\/07\/NewAssistanceSystemsMandatoryFromJulyOpelModelsareReady-3-1024x554.jpg 1024w, https:\/\/motorpor.pt\/wp-content\/uploads\/2024\/07\/NewAssistanceSystemsMandatoryFromJulyOpelModelsareReady-3-768x415.jpg 768w, https:\/\/motorpor.pt\/wp-content\/uploads\/2024\/07\/NewAssistanceSystemsMandatoryFromJulyOpelModelsareReady-3-1536x830.jpg 1536w, https:\/\/motorpor.pt\/wp-content\/uploads\/2024\/07\/NewAssistanceSystemsMandatoryFromJulyOpelModelsareReady-3-2048x1107.jpg 2048w, https:\/\/motorpor.pt\/wp-content\/uploads\/2024\/07\/NewAssistanceSystemsMandatoryFromJulyOpelModelsareReady-3-18x10.jpg 18w, https:\/\/motorpor.pt\/wp-content\/uploads\/2024\/07\/NewAssistanceSystemsMandatoryFromJulyOpelModelsareReady-3-200x108.jpg 200w, https:\/\/motorpor.pt\/wp-content\/uploads\/2024\/07\/NewAssistanceSystemsMandatoryFromJulyOpelModelsareReady-3-165x89.jpg 165w\" sizes=\"(max-width: 2560px) 100vw, 2560px\" \/><\/a>\n\t\t\t<\/div><\/figure><figure class='gallery-item'>\n\t\t\t<div class='gallery-icon landscape'>\n\t\t\t\t<a href='https:\/\/motorpor.pt\/en\/newassistancesystemsmandatoryfromjulyopelmodelsareready-2\/'><img decoding=\"async\" width=\"2560\" height=\"1384\" src=\"https:\/\/motorpor.pt\/wp-content\/uploads\/2024\/07\/NewAssistanceSystemsMandatoryFromJulyOpelModelsareReady-2-scaled.jpg\" class=\"attachment-full size-full\" alt=\"\" srcset=\"https:\/\/motorpor.pt\/wp-content\/uploads\/2024\/07\/NewAssistanceSystemsMandatoryFromJulyOpelModelsareReady-2-scaled.jpg 2560w, https:\/\/motorpor.pt\/wp-content\/uploads\/2024\/07\/NewAssistanceSystemsMandatoryFromJulyOpelModelsareReady-2-300x162.jpg 300w, https:\/\/motorpor.pt\/wp-content\/uploads\/2024\/07\/NewAssistanceSystemsMandatoryFromJulyOpelModelsareReady-2-1024x554.jpg 1024w, https:\/\/motorpor.pt\/wp-content\/uploads\/2024\/07\/NewAssistanceSystemsMandatoryFromJulyOpelModelsareReady-2-768x415.jpg 768w, https:\/\/motorpor.pt\/wp-content\/uploads\/2024\/07\/NewAssistanceSystemsMandatoryFromJulyOpelModelsareReady-2-1536x830.jpg 1536w, https:\/\/motorpor.pt\/wp-content\/uploads\/2024\/07\/NewAssistanceSystemsMandatoryFromJulyOpelModelsareReady-2-2048x1107.jpg 2048w, https:\/\/motorpor.pt\/wp-content\/uploads\/2024\/07\/NewAssistanceSystemsMandatoryFromJulyOpelModelsareReady-2-18x10.jpg 18w, https:\/\/motorpor.pt\/wp-content\/uploads\/2024\/07\/NewAssistanceSystemsMandatoryFromJulyOpelModelsareReady-2-200x108.jpg 200w, https:\/\/motorpor.pt\/wp-content\/uploads\/2024\/07\/NewAssistanceSystemsMandatoryFromJulyOpelModelsareReady-2-165x89.jpg 165w\" sizes=\"(max-width: 2560px) 100vw, 2560px\" \/><\/a>\n\t\t\t<\/div><\/figure><figure class='gallery-item'>\n\t\t\t<div class='gallery-icon landscape'>\n\t\t\t\t<a href='https:\/\/motorpor.pt\/en\/newassistancesystemsmandatoryfromjulyopelmodelsareready\/'><img decoding=\"async\" width=\"2560\" height=\"1600\" src=\"https:\/\/motorpor.pt\/wp-content\/uploads\/2024\/07\/NewAssistanceSystemsMandatoryFromJulyOpelModelsareReady-scaled.jpg\" class=\"attachment-full size-full\" alt=\"\" srcset=\"https:\/\/motorpor.pt\/wp-content\/uploads\/2024\/07\/NewAssistanceSystemsMandatoryFromJulyOpelModelsareReady-scaled.jpg 2560w, https:\/\/motorpor.pt\/wp-content\/uploads\/2024\/07\/NewAssistanceSystemsMandatoryFromJulyOpelModelsareReady-300x188.jpg 300w, https:\/\/motorpor.pt\/wp-content\/uploads\/2024\/07\/NewAssistanceSystemsMandatoryFromJulyOpelModelsareReady-1024x640.jpg 1024w, https:\/\/motorpor.pt\/wp-content\/uploads\/2024\/07\/NewAssistanceSystemsMandatoryFromJulyOpelModelsareReady-768x480.jpg 768w, https:\/\/motorpor.pt\/wp-content\/uploads\/2024\/07\/NewAssistanceSystemsMandatoryFromJulyOpelModelsareReady-1536x960.jpg 1536w, https:\/\/motorpor.pt\/wp-content\/uploads\/2024\/07\/NewAssistanceSystemsMandatoryFromJulyOpelModelsareReady-2048x1280.jpg 2048w, https:\/\/motorpor.pt\/wp-content\/uploads\/2024\/07\/NewAssistanceSystemsMandatoryFromJulyOpelModelsareReady-18x12.jpg 18w, https:\/\/motorpor.pt\/wp-content\/uploads\/2024\/07\/NewAssistanceSystemsMandatoryFromJulyOpelModelsareReady-200x125.jpg 200w, https:\/\/motorpor.pt\/wp-content\/uploads\/2024\/07\/NewAssistanceSystemsMandatoryFromJulyOpelModelsareReady-165x103.jpg 165w\" sizes=\"(max-width: 2560px) 100vw, 2560px\" \/><\/a>\n\t\t\t<\/div><\/figure>\n\t\t<\/div>\n\n<p><strong>Travagem de emerg\u00eancia, assistente de manuten\u00e7\u00e3o na faixa de rodagem, assistente de velocidade: j\u00e1 de s\u00e9rie na Opel.\u00a0<\/strong>A extensa gama de assistentes eletr\u00f3nicos modernos j\u00e1 inclui:<\/p>\n<ul>\n<li>Alerta de colis\u00e3o frontal com travagem autom\u00e1tica de emerg\u00eancia e dete\u00e7\u00e3o de pe\u00f5es;<\/li>\n<li>Controlo de velocidade de cruzeiro inteligente com limitador;<\/li>\n<li>Assist\u00eancia \u00e0 manuten\u00e7\u00e3o na faixa de rodagem;<\/li>\n<li>Dete\u00e7\u00e3o de sonol\u00eancia;<\/li>\n<li>Luz de travagem adaptativa;<\/li>\n<li>Assistente de estacionamento.<\/li>\n<\/ul>\n<p>Os sistemas adicionais proporcionam uma vis\u00e3o ainda mais abrangente durante as manobras, incluindo a combina\u00e7\u00e3o de sensores de estacionamento dianteiros e traseiros com aviso audiovisual e a c\u00e2mara de vis\u00e3o traseira de 130 graus ou, opcionalmente, de 180 graus.<\/p>\n<p>O bestseller da classe dos compactos, o Opel Astra, e o topo de gama SUV Grandland combinam muitos dos assistentes acima mencionados no sistema Intelli-Drive e expandem a gama para incluir o sistema de alerta de tr\u00e1fego transversal traseiro.<\/p>\n<p>Conhe\u00e7a todas as <a href=\"https:\/\/motorpor.pt\/en\/novos\/opel\/\">viaturas Opel dispon\u00edveis no nosso site<\/a>.<\/p>","protected":false},"excerpt":{"rendered":"<p>A Uni\u00e3o Europeia j\u00e1 imp\u00f4s as obriga\u00e7\u00f5es para os novos sistemas de assist\u00eancia adicionais para os novos registos de autom\u00f3veis de passageiros e ve\u00edculos comerciais ligeiros. O objetivo das novas obriga\u00e7\u00f5es impostas a partir deste m\u00eas, \u00e9 reduzir o n\u00famero de acidentes nas estradas e, assim, salvar vidas. A Opel est\u00e1 bem posicionada neste dom\u00ednio. [&hellip;]<\/p>\n","protected":false},"author":85,"featured_media":89596,"comment_status":"closed","ping_status":"open","sticky":false,"template":"","format":"standard","meta":{"_acf_changed":false,"footnotes":""},"categories":[2595,2592],"tags":[],"class_list":["post-89422","post","type-post","status-publish","format-standard","has-post-thumbnail","hentry","category-atualidade","category-noticias"],"acf":[],"yoast_head":"<!-- This site is optimized with the Yoast SEO plugin v27.5 - https:\/\/yoast.com\/product\/yoast-seo-wordpress\/ -->\n<title>Novos sistemas de assist\u00eancia obrigat\u00f3rios: Os autom\u00f3veis Opel est\u00e3o preparados - Motorpor<\/title>\n<meta name=\"robots\" content=\"index, follow, max-snippet:-1, max-image-preview:large, max-video-preview:-1\" \/>\n<link rel=\"canonical\" href=\"https:\/\/motorpor.pt\/en\/novos-sistemas-de-assistencia-obrigatorios-os-automoveis-opel-estao-preparados\/\" \/>\n<meta property=\"og:locale\" content=\"en_US\" \/>\n<meta property=\"og:type\" content=\"article\" \/>\n<meta property=\"og:title\" content=\"Novos sistemas de assist\u00eancia obrigat\u00f3rios: Os autom\u00f3veis Opel est\u00e3o preparados - Motorpor\" \/>\n<meta property=\"og:description\" content=\"A Uni\u00e3o Europeia j\u00e1 imp\u00f4s as obriga\u00e7\u00f5es para os novos sistemas de assist\u00eancia adicionais para os novos registos de autom\u00f3veis de passageiros e ve\u00edculos comerciais ligeiros. O objetivo das novas obriga\u00e7\u00f5es impostas a partir deste m\u00eas, \u00e9 reduzir o n\u00famero de acidentes nas estradas e, assim, salvar vidas. A Opel est\u00e1 bem posicionada neste dom\u00ednio. [&hellip;]\" \/>\n<meta property=\"og:url\" content=\"https:\/\/motorpor.pt\/en\/novos-sistemas-de-assistencia-obrigatorios-os-automoveis-opel-estao-preparados\/\" \/>\n<meta property=\"og:site_name\" content=\"Motorpor\" \/>\n<meta property=\"article:published_time\" content=\"2024-07-09T11:12:01+00:00\" \/>\n<meta property=\"article:modified_time\" content=\"2024-07-10T08:47:05+00:00\" \/>\n<meta property=\"og:image\" content=\"https:\/\/motorpor.pt\/wp-content\/uploads\/2024\/07\/OpelAstraElectricOpelAstraSportsTourerElectric-moitorpor-scaled.jpg\" \/>\n\t<meta property=\"og:image:width\" content=\"2560\" \/>\n\t<meta property=\"og:image:height\" content=\"1707\" \/>\n\t<meta property=\"og:image:type\" content=\"image\/jpeg\" \/>\n<meta name=\"author\" content=\"mktmotorpor\" \/>\n<meta name=\"twitter:card\" content=\"summary_large_image\" \/>\n<meta name=\"twitter:label1\" content=\"Written by\" \/>\n\t<meta name=\"twitter:data1\" content=\"mktmotorpor\" \/>\n\t<meta name=\"twitter:label2\" content=\"Est. reading time\" \/>\n\t<meta name=\"twitter:data2\" content=\"3 minutes\" \/>\n<script type=\"application\/ld+json\" class=\"yoast-schema-graph\">{\"@context\":\"https:\\\/\\\/schema.org\",\"@graph\":[{\"@type\":\"Article\",\"@id\":\"https:\\\/\\\/motorpor.pt\\\/novos-sistemas-de-assistencia-obrigatorios-os-automoveis-opel-estao-preparados\\\/#article\",\"isPartOf\":{\"@id\":\"https:\\\/\\\/motorpor.pt\\\/novos-sistemas-de-assistencia-obrigatorios-os-automoveis-opel-estao-preparados\\\/\"},\"author\":{\"name\":\"mktmotorpor\",\"@id\":\"https:\\\/\\\/motorpor.pt\\\/#\\\/schema\\\/person\\\/b4bf07144e88efed7388a5af30522db7\"},\"headline\":\"Novos sistemas de assist\u00eancia obrigat\u00f3rios: Os autom\u00f3veis Opel est\u00e3o preparados\",\"datePublished\":\"2024-07-09T11:12:01+00:00\",\"dateModified\":\"2024-07-10T08:47:05+00:00\",\"mainEntityOfPage\":{\"@id\":\"https:\\\/\\\/motorpor.pt\\\/novos-sistemas-de-assistencia-obrigatorios-os-automoveis-opel-estao-preparados\\\/\"},\"wordCount\":391,\"publisher\":{\"@id\":\"https:\\\/\\\/motorpor.pt\\\/#organization\"},\"image\":{\"@id\":\"https:\\\/\\\/motorpor.pt\\\/novos-sistemas-de-assistencia-obrigatorios-os-automoveis-opel-estao-preparados\\\/#primaryimage\"},\"thumbnailUrl\":\"https:\\\/\\\/motorpor.pt\\\/wp-content\\\/uploads\\\/2024\\\/07\\\/OpelAstraElectricOpelAstraSportsTourerElectric-moitorpor-scaled.jpg\",\"articleSection\":[\"Atualidade\",\"Not\u00edcias\"],\"inLanguage\":\"en-US\"},{\"@type\":\"WebPage\",\"@id\":\"https:\\\/\\\/motorpor.pt\\\/novos-sistemas-de-assistencia-obrigatorios-os-automoveis-opel-estao-preparados\\\/\",\"url\":\"https:\\\/\\\/motorpor.pt\\\/novos-sistemas-de-assistencia-obrigatorios-os-automoveis-opel-estao-preparados\\\/\",\"name\":\"Novos sistemas de assist\u00eancia obrigat\u00f3rios: Os autom\u00f3veis Opel est\u00e3o preparados - Motorpor\",\"isPartOf\":{\"@id\":\"https:\\\/\\\/motorpor.pt\\\/#website\"},\"primaryImageOfPage\":{\"@id\":\"https:\\\/\\\/motorpor.pt\\\/novos-sistemas-de-assistencia-obrigatorios-os-automoveis-opel-estao-preparados\\\/#primaryimage\"},\"image\":{\"@id\":\"https:\\\/\\\/motorpor.pt\\\/novos-sistemas-de-assistencia-obrigatorios-os-automoveis-opel-estao-preparados\\\/#primaryimage\"},\"thumbnailUrl\":\"https:\\\/\\\/motorpor.pt\\\/wp-content\\\/uploads\\\/2024\\\/07\\\/OpelAstraElectricOpelAstraSportsTourerElectric-moitorpor-scaled.jpg\",\"datePublished\":\"2024-07-09T11:12:01+00:00\",\"dateModified\":\"2024-07-10T08:47:05+00:00\",\"breadcrumb\":{\"@id\":\"https:\\\/\\\/motorpor.pt\\\/novos-sistemas-de-assistencia-obrigatorios-os-automoveis-opel-estao-preparados\\\/#breadcrumb\"},\"inLanguage\":\"en-US\",\"potentialAction\":[{\"@type\":\"ReadAction\",\"target\":[\"https:\\\/\\\/motorpor.pt\\\/novos-sistemas-de-assistencia-obrigatorios-os-automoveis-opel-estao-preparados\\\/\"]}]},{\"@type\":\"ImageObject\",\"inLanguage\":\"en-US\",\"@id\":\"https:\\\/\\\/motorpor.pt\\\/novos-sistemas-de-assistencia-obrigatorios-os-automoveis-opel-estao-preparados\\\/#primaryimage\",\"url\":\"https:\\\/\\\/motorpor.pt\\\/wp-content\\\/uploads\\\/2024\\\/07\\\/OpelAstraElectricOpelAstraSportsTourerElectric-moitorpor-scaled.jpg\",\"contentUrl\":\"https:\\\/\\\/motorpor.pt\\\/wp-content\\\/uploads\\\/2024\\\/07\\\/OpelAstraElectricOpelAstraSportsTourerElectric-moitorpor-scaled.jpg\",\"width\":2560,\"height\":1707},{\"@type\":\"BreadcrumbList\",\"@id\":\"https:\\\/\\\/motorpor.pt\\\/novos-sistemas-de-assistencia-obrigatorios-os-automoveis-opel-estao-preparados\\\/#breadcrumb\",\"itemListElement\":[{\"@type\":\"ListItem\",\"position\":1,\"name\":\"In\u00edcio\",\"item\":\"https:\\\/\\\/motorpor.pt\\\/\"},{\"@type\":\"ListItem\",\"position\":2,\"name\":\"Novos sistemas de assist\u00eancia obrigat\u00f3rios: Os autom\u00f3veis Opel est\u00e3o preparados\"}]},{\"@type\":\"WebSite\",\"@id\":\"https:\\\/\\\/motorpor.pt\\\/#website\",\"url\":\"https:\\\/\\\/motorpor.pt\\\/\",\"name\":\"Motorpor\",\"description\":\"Comercio de Autom\u00f3veis Multimarcas\",\"publisher\":{\"@id\":\"https:\\\/\\\/motorpor.pt\\\/#organization\"},\"potentialAction\":[{\"@type\":\"SearchAction\",\"target\":{\"@type\":\"EntryPoint\",\"urlTemplate\":\"https:\\\/\\\/motorpor.pt\\\/?s={search_term_string}\"},\"query-input\":{\"@type\":\"PropertyValueSpecification\",\"valueRequired\":true,\"valueName\":\"search_term_string\"}}],\"inLanguage\":\"en-US\"},{\"@type\":\"Organization\",\"@id\":\"https:\\\/\\\/motorpor.pt\\\/#organization\",\"name\":\"Motorpor\",\"alternateName\":\"Motorpor\",\"url\":\"https:\\\/\\\/motorpor.pt\\\/\",\"logo\":{\"@type\":\"ImageObject\",\"inLanguage\":\"en-US\",\"@id\":\"https:\\\/\\\/motorpor.pt\\\/#\\\/schema\\\/logo\\\/image\\\/\",\"url\":\"https:\\\/\\\/motorpor.pt\\\/wp-content\\\/uploads\\\/2024\\\/07\\\/Logo-Motorpor-Preto.svg\",\"contentUrl\":\"https:\\\/\\\/motorpor.pt\\\/wp-content\\\/uploads\\\/2024\\\/07\\\/Logo-Motorpor-Preto.svg\",\"width\":493,\"height\":93,\"caption\":\"Motorpor\"},\"image\":{\"@id\":\"https:\\\/\\\/motorpor.pt\\\/#\\\/schema\\\/logo\\\/image\\\/\"},\"sameAs\":[\"https:\\\/\\\/www.linkedin.com\\\/company\\\/grupo-motorpor\"]},{\"@type\":\"Person\",\"@id\":\"https:\\\/\\\/motorpor.pt\\\/#\\\/schema\\\/person\\\/b4bf07144e88efed7388a5af30522db7\",\"name\":\"mktmotorpor\",\"image\":{\"@type\":\"ImageObject\",\"inLanguage\":\"en-US\",\"@id\":\"https:\\\/\\\/secure.gravatar.com\\\/avatar\\\/8418b61b3175dbba0a8744cf0ee6bb5c7a9f6c67f1dbc4f41a62d7b9738259a2?s=96&d=mm&r=g\",\"url\":\"https:\\\/\\\/secure.gravatar.com\\\/avatar\\\/8418b61b3175dbba0a8744cf0ee6bb5c7a9f6c67f1dbc4f41a62d7b9738259a2?s=96&d=mm&r=g\",\"contentUrl\":\"https:\\\/\\\/secure.gravatar.com\\\/avatar\\\/8418b61b3175dbba0a8744cf0ee6bb5c7a9f6c67f1dbc4f41a62d7b9738259a2?s=96&d=mm&r=g\",\"caption\":\"mktmotorpor\"},\"url\":\"https:\\\/\\\/motorpor.pt\\\/en\\\/user\\\/mktmotorpor\\\/\"}]}<\/script>\n<!-- \/ Yoast SEO plugin. -->","yoast_head_json":{"title":"Novos sistemas de assist\u00eancia obrigat\u00f3rios: Os autom\u00f3veis Opel est\u00e3o preparados - Motorpor","robots":{"index":"index","follow":"follow","max-snippet":"max-snippet:-1","max-image-preview":"max-image-preview:large","max-video-preview":"max-video-preview:-1"},"canonical":"https:\/\/motorpor.pt\/en\/novos-sistemas-de-assistencia-obrigatorios-os-automoveis-opel-estao-preparados\/","og_locale":"en_US","og_type":"article","og_title":"Novos sistemas de assist\u00eancia obrigat\u00f3rios: Os autom\u00f3veis Opel est\u00e3o preparados - Motorpor","og_description":"A Uni\u00e3o Europeia j\u00e1 imp\u00f4s as obriga\u00e7\u00f5es para os novos sistemas de assist\u00eancia adicionais para os novos registos de autom\u00f3veis de passageiros e ve\u00edculos comerciais ligeiros. O objetivo das novas obriga\u00e7\u00f5es impostas a partir deste m\u00eas, \u00e9 reduzir o n\u00famero de acidentes nas estradas e, assim, salvar vidas. A Opel est\u00e1 bem posicionada neste dom\u00ednio. [&hellip;]","og_url":"https:\/\/motorpor.pt\/en\/novos-sistemas-de-assistencia-obrigatorios-os-automoveis-opel-estao-preparados\/","og_site_name":"Motorpor","article_published_time":"2024-07-09T11:12:01+00:00","article_modified_time":"2024-07-10T08:47:05+00:00","og_image":[{"width":2560,"height":1707,"url":"https:\/\/motorpor.pt\/wp-content\/uploads\/2024\/07\/OpelAstraElectricOpelAstraSportsTourerElectric-moitorpor-scaled.jpg","type":"image\/jpeg"}],"author":"mktmotorpor","twitter_card":"summary_large_image","twitter_misc":{"Written by":"mktmotorpor","Est. reading time":"3 minutes"},"schema":{"@context":"https:\/\/schema.org","@graph":[{"@type":"Article","@id":"https:\/\/motorpor.pt\/novos-sistemas-de-assistencia-obrigatorios-os-automoveis-opel-estao-preparados\/#article","isPartOf":{"@id":"https:\/\/motorpor.pt\/novos-sistemas-de-assistencia-obrigatorios-os-automoveis-opel-estao-preparados\/"},"author":{"name":"mktmotorpor","@id":"https:\/\/motorpor.pt\/#\/schema\/person\/b4bf07144e88efed7388a5af30522db7"},"headline":"Novos sistemas de assist\u00eancia obrigat\u00f3rios: Os autom\u00f3veis Opel est\u00e3o preparados","datePublished":"2024-07-09T11:12:01+00:00","dateModified":"2024-07-10T08:47:05+00:00","mainEntityOfPage":{"@id":"https:\/\/motorpor.pt\/novos-sistemas-de-assistencia-obrigatorios-os-automoveis-opel-estao-preparados\/"},"wordCount":391,"publisher":{"@id":"https:\/\/motorpor.pt\/#organization"},"image":{"@id":"https:\/\/motorpor.pt\/novos-sistemas-de-assistencia-obrigatorios-os-automoveis-opel-estao-preparados\/#primaryimage"},"thumbnailUrl":"https:\/\/motorpor.pt\/wp-content\/uploads\/2024\/07\/OpelAstraElectricOpelAstraSportsTourerElectric-moitorpor-scaled.jpg","articleSection":["Atualidade","Not\u00edcias"],"inLanguage":"en-US"},{"@type":"WebPage","@id":"https:\/\/motorpor.pt\/novos-sistemas-de-assistencia-obrigatorios-os-automoveis-opel-estao-preparados\/","url":"https:\/\/motorpor.pt\/novos-sistemas-de-assistencia-obrigatorios-os-automoveis-opel-estao-preparados\/","name":"Novos sistemas de assist\u00eancia obrigat\u00f3rios: Os autom\u00f3veis Opel est\u00e3o preparados - Motorpor","isPartOf":{"@id":"https:\/\/motorpor.pt\/#website"},"primaryImageOfPage":{"@id":"https:\/\/motorpor.pt\/novos-sistemas-de-assistencia-obrigatorios-os-automoveis-opel-estao-preparados\/#primaryimage"},"image":{"@id":"https:\/\/motorpor.pt\/novos-sistemas-de-assistencia-obrigatorios-os-automoveis-opel-estao-preparados\/#primaryimage"},"thumbnailUrl":"https:\/\/motorpor.pt\/wp-content\/uploads\/2024\/07\/OpelAstraElectricOpelAstraSportsTourerElectric-moitorpor-scaled.jpg","datePublished":"2024-07-09T11:12:01+00:00","dateModified":"2024-07-10T08:47:05+00:00","breadcrumb":{"@id":"https:\/\/motorpor.pt\/novos-sistemas-de-assistencia-obrigatorios-os-automoveis-opel-estao-preparados\/#breadcrumb"},"inLanguage":"en-US","potentialAction":[{"@type":"ReadAction","target":["https:\/\/motorpor.pt\/novos-sistemas-de-assistencia-obrigatorios-os-automoveis-opel-estao-preparados\/"]}]},{"@type":"ImageObject","inLanguage":"en-US","@id":"https:\/\/motorpor.pt\/novos-sistemas-de-assistencia-obrigatorios-os-automoveis-opel-estao-preparados\/#primaryimage","url":"https:\/\/motorpor.pt\/wp-content\/uploads\/2024\/07\/OpelAstraElectricOpelAstraSportsTourerElectric-moitorpor-scaled.jpg","contentUrl":"https:\/\/motorpor.pt\/wp-content\/uploads\/2024\/07\/OpelAstraElectricOpelAstraSportsTourerElectric-moitorpor-scaled.jpg","width":2560,"height":1707},{"@type":"BreadcrumbList","@id":"https:\/\/motorpor.pt\/novos-sistemas-de-assistencia-obrigatorios-os-automoveis-opel-estao-preparados\/#breadcrumb","itemListElement":[{"@type":"ListItem","position":1,"name":"In\u00edcio","item":"https:\/\/motorpor.pt\/"},{"@type":"ListItem","position":2,"name":"Novos sistemas de assist\u00eancia obrigat\u00f3rios: Os autom\u00f3veis Opel est\u00e3o preparados"}]},{"@type":"WebSite","@id":"https:\/\/motorpor.pt\/#website","url":"https:\/\/motorpor.pt\/","name":"motorpor","description":"Comercio de Autom\u00f3veis Multimarcas","publisher":{"@id":"https:\/\/motorpor.pt\/#organization"},"potentialAction":[{"@type":"SearchAction","target":{"@type":"EntryPoint","urlTemplate":"https:\/\/motorpor.pt\/?s={search_term_string}"},"query-input":{"@type":"PropertyValueSpecification","valueRequired":true,"valueName":"search_term_string"}}],"inLanguage":"en-US"},{"@type":"Organization","@id":"https:\/\/motorpor.pt\/#organization","name":"motorpor","alternateName":"Motorpor","url":"https:\/\/motorpor.pt\/","logo":{"@type":"ImageObject","inLanguage":"en-US","@id":"https:\/\/motorpor.pt\/#\/schema\/logo\/image\/","url":"https:\/\/motorpor.pt\/wp-content\/uploads\/2024\/07\/Logo-Motorpor-Preto.svg","contentUrl":"https:\/\/motorpor.pt\/wp-content\/uploads\/2024\/07\/Logo-Motorpor-Preto.svg","width":493,"height":93,"caption":"Motorpor"},"image":{"@id":"https:\/\/motorpor.pt\/#\/schema\/logo\/image\/"},"sameAs":["https:\/\/www.linkedin.com\/company\/grupo-motorpor"]},{"@type":"Person","@id":"https:\/\/motorpor.pt\/#\/schema\/person\/b4bf07144e88efed7388a5af30522db7","name":"mktmotorpor","image":{"@type":"ImageObject","inLanguage":"en-US","@id":"https:\/\/secure.gravatar.com\/avatar\/8418b61b3175dbba0a8744cf0ee6bb5c7a9f6c67f1dbc4f41a62d7b9738259a2?s=96&d=mm&r=g","url":"https:\/\/secure.gravatar.com\/avatar\/8418b61b3175dbba0a8744cf0ee6bb5c7a9f6c67f1dbc4f41a62d7b9738259a2?s=96&d=mm&r=g","contentUrl":"https:\/\/secure.gravatar.com\/avatar\/8418b61b3175dbba0a8744cf0ee6bb5c7a9f6c67f1dbc4f41a62d7b9738259a2?s=96&d=mm&r=g","caption":"mktmotorpor"},"url":"https:\/\/motorpor.pt\/en\/user\/mktmotorpor\/"}]}},"_links":{"self":[{"href":"https:\/\/motorpor.pt\/en\/wp-json\/wp\/v2\/posts\/89422","targetHints":{"allow":["GET"]}}],"collection":[{"href":"https:\/\/motorpor.pt\/en\/wp-json\/wp\/v2\/posts"}],"about":[{"href":"https:\/\/motorpor.pt\/en\/wp-json\/wp\/v2\/types\/post"}],"author":[{"embeddable":true,"href":"https:\/\/motorpor.pt\/en\/wp-json\/wp\/v2\/users\/85"}],"replies":[{"embeddable":true,"href":"https:\/\/motorpor.pt\/en\/wp-json\/wp\/v2\/comments?post=89422"}],"version-history":[{"count":1,"href":"https:\/\/motorpor.pt\/en\/wp-json\/wp\/v2\/posts\/89422\/revisions"}],"predecessor-version":[{"id":89597,"href":"https:\/\/motorpor.pt\/en\/wp-json\/wp\/v2\/posts\/89422\/revisions\/89597"}],"wp:featuredmedia":[{"embeddable":true,"href":"https:\/\/motorpor.pt\/en\/wp-json\/wp\/v2\/media\/89596"}],"wp:attachment":[{"href":"https:\/\/motorpor.pt\/en\/wp-json\/wp\/v2\/media?parent=89422"}],"wp:term":[{"taxonomy":"category","embeddable":true,"href":"https:\/\/motorpor.pt\/en\/wp-json\/wp\/v2\/categories?post=89422"},{"taxonomy":"post_tag","embeddable":true,"href":"https:\/\/motorpor.pt\/en\/wp-json\/wp\/v2\/tags?post=89422"}],"curies":[{"name":"wp","href":"https:\/\/api.w.org\/{rel}","templated":true}]}}