{"id":91135,"date":"2024-08-02T15:28:18","date_gmt":"2024-08-02T14:28:18","guid":{"rendered":"https:\/\/motorpor.pt\/stellantis-volta-a-liderar-mercado-automovel-portugues-em-todas-as-frentes-no-mes-de-julho-e-conquista-lideranca-entre-os-bev\/"},"modified":"2024-08-02T15:28:18","modified_gmt":"2024-08-02T14:28:18","slug":"stellantis-volta-a-liderar-mercado-automovel-portugues-em-todas-as-frentes-no-mes-de-julho-e-conquista-lideranca-entre-os-bev","status":"publish","type":"post","link":"https:\/\/motorpor.pt\/en\/stellantis-volta-a-liderar-mercado-automovel-portugues-em-todas-as-frentes-no-mes-de-julho-e-conquista-lideranca-entre-os-bev\/","title":{"rendered":"Stellantis volta a liderar mercado autom\u00f3vel portugu\u00eas em todas as frentes no m\u00eas de julho e conquista lideran\u00e7a entre os BEV"},"content":{"rendered":"<h5>De acordo com os mais recentes dados da ACAP, o Grupo Stellantis liderou o mercado autom\u00f3vel em Portugal no passado m\u00eas de julho em todas as frentes.<\/h5>\n<p>Num mercado que registou uma queda de 7,4% comparativamente a julho do ano passado, &#8220;a Stellantis fechou o m\u00eas passado com um total de <strong>3.985 ve\u00edculos comercializados, volume que se traduz numa quota l\u00edder de 23,7%<\/strong>.&#8221;<\/p>\n<p>&#8220;No que diz respeito ao mercado de ve\u00edculos de passageiros, a Stellantis vendeu 2.873 autom\u00f3veis, conquistando uma quota l\u00edder de mercado de 20%. Entre os comerciais ligeiros, o Grupo comercializou 1.112 viaturas no m\u00eas passado, o que se traduz numa impressionante quota l\u00edder de 64,3%.&#8221;<\/p>\n<p>Nos primeiros sete meses do ano, as marcas <a href=\"https:\/\/motorpor.pt\/en\/novos\/abarth\/\"><strong>Abarth<\/strong><\/a>, Alfa Romeo, <a href=\"https:\/\/motorpor.pt\/en\/novos\/citroen\/\"><strong>Citroen<\/strong><\/a>, DS Automobiles, <a href=\"https:\/\/motorpor.pt\/en\/novos\/fiat\/\"><strong>Fiat<\/strong><\/a>,<a href=\"https:\/\/motorpor.pt\/en\/novos\/jeep\/\"><strong> Jeep<\/strong><\/a>, Maserati, <a href=\"https:\/\/motorpor.pt\/en\/novos\/opel\/\"><strong>Opel<\/strong><\/a> e <a href=\"https:\/\/motorpor.pt\/en\/novos\/peugeot\/\"><strong>Peugeot<\/strong><\/a> da Stellantis totalizaram 30.969 ve\u00edculos matriculados, traduzindo-se numa quota de mercado de 23,6%. Sendo, muitas destas marcas representadas pela MOTORPOR.<\/p>\n<p>A\u00a0<strong><a href=\"https:\/\/motorpor.pt\/en\/novos\/peugeot\/\">Peugeot<\/a> foi, no m\u00eas passado, a marca n\u00ba 1 nas vendas nos mercados de passageiros, de comerciais ligeiros e no conjunto dos dois<\/strong>. Com um total de 2.112 autom\u00f3veis vendidos. O modelo mais vendido em Portugal durante o m\u00eas de julho foi o\u00a0<a href=\"https:\/\/motorpor.pt\/en\/carros\/peugeot-2008\/\"><strong>Peugeot 2008<\/strong><\/a>, com um total de 833 ve\u00edculos.<\/p>","protected":false},"excerpt":{"rendered":"<p>De acordo com os mais recentes dados da ACAP, o Grupo Stellantis liderou o mercado autom\u00f3vel em Portugal no passado m\u00eas de julho em todas as frentes. Num mercado que registou uma queda de 7,4% comparativamente a julho do ano passado, &#8220;a Stellantis fechou o m\u00eas passado com um total de 3.985 ve\u00edculos comercializados, volume [&hellip;]<\/p>\n","protected":false},"author":85,"featured_media":91131,"comment_status":"","ping_status":"open","sticky":false,"template":"","format":"standard","meta":{"_acf_changed":false,"footnotes":""},"categories":[2595,2592,3086,3087,3089,3090,3091,3093,3094],"tags":[],"class_list":["post-91135","post","type-post","status-publish","format-standard","has-post-thumbnail","hentry","category-atualidade","category-noticias","category-noticias-abarth","category-noticias-citroen","category-noticias-ds","category-noticias-fiat","category-noticias-jeep","category-noticias-opel","category-noticias-peugeot"],"acf":[],"yoast_head":"<!-- This site is optimized with the Yoast SEO plugin v27.5 - https:\/\/yoast.com\/product\/yoast-seo-wordpress\/ -->\n<title>Stellantis volta a liderar mercado autom\u00f3vel portugu\u00eas em todas as frentes no m\u00eas de julho e conquista lideran\u00e7a entre os BEV - Motorpor<\/title>\n<meta name=\"robots\" content=\"index, follow, max-snippet:-1, max-image-preview:large, max-video-preview:-1\" \/>\n<link rel=\"canonical\" href=\"https:\/\/motorpor.pt\/en\/stellantis-volta-a-liderar-mercado-automovel-portugues-em-todas-as-frentes-no-mes-de-julho-e-conquista-lideranca-entre-os-bev\/\" \/>\n<meta property=\"og:locale\" content=\"en_US\" \/>\n<meta property=\"og:type\" content=\"article\" \/>\n<meta property=\"og:title\" content=\"Stellantis volta a liderar mercado autom\u00f3vel portugu\u00eas em todas as frentes no m\u00eas de julho e conquista lideran\u00e7a entre os BEV - Motorpor\" \/>\n<meta property=\"og:description\" content=\"De acordo com os mais recentes dados da ACAP, o Grupo Stellantis liderou o mercado autom\u00f3vel em Portugal no passado m\u00eas de julho em todas as frentes. Num mercado que registou uma queda de 7,4% comparativamente a julho do ano passado, &#8220;a Stellantis fechou o m\u00eas passado com um total de 3.985 ve\u00edculos comercializados, volume [&hellip;]\" \/>\n<meta property=\"og:url\" content=\"https:\/\/motorpor.pt\/en\/stellantis-volta-a-liderar-mercado-automovel-portugues-em-todas-as-frentes-no-mes-de-julho-e-conquista-lideranca-entre-os-bev\/\" \/>\n<meta property=\"og:site_name\" content=\"Motorpor\" \/>\n<meta property=\"article:published_time\" content=\"2024-08-02T14:28:18+00:00\" \/>\n<meta name=\"author\" content=\"mktmotorpor\" \/>\n<meta name=\"twitter:card\" content=\"summary_large_image\" \/>\n<meta name=\"twitter:label1\" content=\"Written by\" \/>\n\t<meta name=\"twitter:data1\" content=\"mktmotorpor\" \/>\n\t<meta name=\"twitter:label2\" content=\"Est. reading time\" \/>\n\t<meta name=\"twitter:data2\" content=\"1 minute\" \/>\n<script type=\"application\/ld+json\" class=\"yoast-schema-graph\">{\"@context\":\"https:\\\/\\\/schema.org\",\"@graph\":[{\"@type\":\"Article\",\"@id\":\"https:\\\/\\\/motorpor.pt\\\/stellantis-volta-a-liderar-mercado-automovel-portugues-em-todas-as-frentes-no-mes-de-julho-e-conquista-lideranca-entre-os-bev\\\/#article\",\"isPartOf\":{\"@id\":\"https:\\\/\\\/motorpor.pt\\\/stellantis-volta-a-liderar-mercado-automovel-portugues-em-todas-as-frentes-no-mes-de-julho-e-conquista-lideranca-entre-os-bev\\\/\"},\"author\":{\"name\":\"mktmotorpor\",\"@id\":\"https:\\\/\\\/motorpor.pt\\\/#\\\/schema\\\/person\\\/b4bf07144e88efed7388a5af30522db7\"},\"headline\":\"Stellantis volta a liderar mercado autom\u00f3vel portugu\u00eas em todas as frentes no m\u00eas de julho e conquista lideran\u00e7a entre os BEV\",\"datePublished\":\"2024-08-02T14:28:18+00:00\",\"mainEntityOfPage\":{\"@id\":\"https:\\\/\\\/motorpor.pt\\\/stellantis-volta-a-liderar-mercado-automovel-portugues-em-todas-as-frentes-no-mes-de-julho-e-conquista-lideranca-entre-os-bev\\\/\"},\"wordCount\":228,\"publisher\":{\"@id\":\"https:\\\/\\\/motorpor.pt\\\/#organization\"},\"image\":{\"@id\":\"https:\\\/\\\/motorpor.pt\\\/stellantis-volta-a-liderar-mercado-automovel-portugues-em-todas-as-frentes-no-mes-de-julho-e-conquista-lideranca-entre-os-bev\\\/#primaryimage\"},\"thumbnailUrl\":\"https:\\\/\\\/motorpor.pt\\\/wp-content\\\/uploads\\\/2024\\\/08\\\/unnamed-1.jpg\",\"articleSection\":[\"Atualidade\",\"Not\u00edcias\",\"Not\u00edcias Abarth\",\"Not\u00edcias Citro\u00ebn\",\"Not\u00edcias DS\",\"Not\u00edcias Fiat\",\"Not\u00edcias Jeep\",\"Not\u00edcias Opel\",\"Not\u00edcias Peugeot\"],\"inLanguage\":\"en-US\"},{\"@type\":\"WebPage\",\"@id\":\"https:\\\/\\\/motorpor.pt\\\/stellantis-volta-a-liderar-mercado-automovel-portugues-em-todas-as-frentes-no-mes-de-julho-e-conquista-lideranca-entre-os-bev\\\/\",\"url\":\"https:\\\/\\\/motorpor.pt\\\/stellantis-volta-a-liderar-mercado-automovel-portugues-em-todas-as-frentes-no-mes-de-julho-e-conquista-lideranca-entre-os-bev\\\/\",\"name\":\"Stellantis volta a liderar mercado autom\u00f3vel portugu\u00eas em todas as frentes no m\u00eas de julho e conquista lideran\u00e7a entre os BEV - Motorpor\",\"isPartOf\":{\"@id\":\"https:\\\/\\\/motorpor.pt\\\/#website\"},\"primaryImageOfPage\":{\"@id\":\"https:\\\/\\\/motorpor.pt\\\/stellantis-volta-a-liderar-mercado-automovel-portugues-em-todas-as-frentes-no-mes-de-julho-e-conquista-lideranca-entre-os-bev\\\/#primaryimage\"},\"image\":{\"@id\":\"https:\\\/\\\/motorpor.pt\\\/stellantis-volta-a-liderar-mercado-automovel-portugues-em-todas-as-frentes-no-mes-de-julho-e-conquista-lideranca-entre-os-bev\\\/#primaryimage\"},\"thumbnailUrl\":\"https:\\\/\\\/motorpor.pt\\\/wp-content\\\/uploads\\\/2024\\\/08\\\/unnamed-1.jpg\",\"datePublished\":\"2024-08-02T14:28:18+00:00\",\"breadcrumb\":{\"@id\":\"https:\\\/\\\/motorpor.pt\\\/stellantis-volta-a-liderar-mercado-automovel-portugues-em-todas-as-frentes-no-mes-de-julho-e-conquista-lideranca-entre-os-bev\\\/#breadcrumb\"},\"inLanguage\":\"en-US\",\"potentialAction\":[{\"@type\":\"ReadAction\",\"target\":[\"https:\\\/\\\/motorpor.pt\\\/stellantis-volta-a-liderar-mercado-automovel-portugues-em-todas-as-frentes-no-mes-de-julho-e-conquista-lideranca-entre-os-bev\\\/\"]}]},{\"@type\":\"ImageObject\",\"inLanguage\":\"en-US\",\"@id\":\"https:\\\/\\\/motorpor.pt\\\/stellantis-volta-a-liderar-mercado-automovel-portugues-em-todas-as-frentes-no-mes-de-julho-e-conquista-lideranca-entre-os-bev\\\/#primaryimage\",\"url\":\"https:\\\/\\\/motorpor.pt\\\/wp-content\\\/uploads\\\/2024\\\/08\\\/unnamed-1.jpg\",\"contentUrl\":\"https:\\\/\\\/motorpor.pt\\\/wp-content\\\/uploads\\\/2024\\\/08\\\/unnamed-1.jpg\",\"width\":1668,\"height\":900},{\"@type\":\"BreadcrumbList\",\"@id\":\"https:\\\/\\\/motorpor.pt\\\/stellantis-volta-a-liderar-mercado-automovel-portugues-em-todas-as-frentes-no-mes-de-julho-e-conquista-lideranca-entre-os-bev\\\/#breadcrumb\",\"itemListElement\":[{\"@type\":\"ListItem\",\"position\":1,\"name\":\"In\u00edcio\",\"item\":\"https:\\\/\\\/motorpor.pt\\\/\"},{\"@type\":\"ListItem\",\"position\":2,\"name\":\"Stellantis volta a liderar mercado autom\u00f3vel portugu\u00eas em todas as frentes no m\u00eas de julho e conquista lideran\u00e7a entre os BEV\"}]},{\"@type\":\"WebSite\",\"@id\":\"https:\\\/\\\/motorpor.pt\\\/#website\",\"url\":\"https:\\\/\\\/motorpor.pt\\\/\",\"name\":\"Motorpor\",\"description\":\"Comercio de Autom\u00f3veis Multimarcas\",\"publisher\":{\"@id\":\"https:\\\/\\\/motorpor.pt\\\/#organization\"},\"potentialAction\":[{\"@type\":\"SearchAction\",\"target\":{\"@type\":\"EntryPoint\",\"urlTemplate\":\"https:\\\/\\\/motorpor.pt\\\/?s={search_term_string}\"},\"query-input\":{\"@type\":\"PropertyValueSpecification\",\"valueRequired\":true,\"valueName\":\"search_term_string\"}}],\"inLanguage\":\"en-US\"},{\"@type\":\"Organization\",\"@id\":\"https:\\\/\\\/motorpor.pt\\\/#organization\",\"name\":\"Motorpor\",\"alternateName\":\"Motorpor\",\"url\":\"https:\\\/\\\/motorpor.pt\\\/\",\"logo\":{\"@type\":\"ImageObject\",\"inLanguage\":\"en-US\",\"@id\":\"https:\\\/\\\/motorpor.pt\\\/#\\\/schema\\\/logo\\\/image\\\/\",\"url\":\"https:\\\/\\\/motorpor.pt\\\/wp-content\\\/uploads\\\/2024\\\/07\\\/Logo-Motorpor-Preto.svg\",\"contentUrl\":\"https:\\\/\\\/motorpor.pt\\\/wp-content\\\/uploads\\\/2024\\\/07\\\/Logo-Motorpor-Preto.svg\",\"width\":493,\"height\":93,\"caption\":\"Motorpor\"},\"image\":{\"@id\":\"https:\\\/\\\/motorpor.pt\\\/#\\\/schema\\\/logo\\\/image\\\/\"},\"sameAs\":[\"https:\\\/\\\/www.linkedin.com\\\/company\\\/grupo-motorpor\"]},{\"@type\":\"Person\",\"@id\":\"https:\\\/\\\/motorpor.pt\\\/#\\\/schema\\\/person\\\/b4bf07144e88efed7388a5af30522db7\",\"name\":\"mktmotorpor\",\"image\":{\"@type\":\"ImageObject\",\"inLanguage\":\"en-US\",\"@id\":\"https:\\\/\\\/secure.gravatar.com\\\/avatar\\\/8418b61b3175dbba0a8744cf0ee6bb5c7a9f6c67f1dbc4f41a62d7b9738259a2?s=96&d=mm&r=g\",\"url\":\"https:\\\/\\\/secure.gravatar.com\\\/avatar\\\/8418b61b3175dbba0a8744cf0ee6bb5c7a9f6c67f1dbc4f41a62d7b9738259a2?s=96&d=mm&r=g\",\"contentUrl\":\"https:\\\/\\\/secure.gravatar.com\\\/avatar\\\/8418b61b3175dbba0a8744cf0ee6bb5c7a9f6c67f1dbc4f41a62d7b9738259a2?s=96&d=mm&r=g\",\"caption\":\"mktmotorpor\"},\"url\":\"https:\\\/\\\/motorpor.pt\\\/en\\\/user\\\/mktmotorpor\\\/\"}]}<\/script>\n<!-- \/ Yoast SEO plugin. -->","yoast_head_json":{"title":"Stellantis volta a liderar mercado autom\u00f3vel portugu\u00eas em todas as frentes no m\u00eas de julho e conquista lideran\u00e7a entre os BEV - Motorpor","robots":{"index":"index","follow":"follow","max-snippet":"max-snippet:-1","max-image-preview":"max-image-preview:large","max-video-preview":"max-video-preview:-1"},"canonical":"https:\/\/motorpor.pt\/en\/stellantis-volta-a-liderar-mercado-automovel-portugues-em-todas-as-frentes-no-mes-de-julho-e-conquista-lideranca-entre-os-bev\/","og_locale":"en_US","og_type":"article","og_title":"Stellantis volta a liderar mercado autom\u00f3vel portugu\u00eas em todas as frentes no m\u00eas de julho e conquista lideran\u00e7a entre os BEV - Motorpor","og_description":"De acordo com os mais recentes dados da ACAP, o Grupo Stellantis liderou o mercado autom\u00f3vel em Portugal no passado m\u00eas de julho em todas as frentes. Num mercado que registou uma queda de 7,4% comparativamente a julho do ano passado, &#8220;a Stellantis fechou o m\u00eas passado com um total de 3.985 ve\u00edculos comercializados, volume [&hellip;]","og_url":"https:\/\/motorpor.pt\/en\/stellantis-volta-a-liderar-mercado-automovel-portugues-em-todas-as-frentes-no-mes-de-julho-e-conquista-lideranca-entre-os-bev\/","og_site_name":"Motorpor","article_published_time":"2024-08-02T14:28:18+00:00","author":"mktmotorpor","twitter_card":"summary_large_image","twitter_misc":{"Written by":"mktmotorpor","Est. reading time":"1 minute"},"schema":{"@context":"https:\/\/schema.org","@graph":[{"@type":"Article","@id":"https:\/\/motorpor.pt\/stellantis-volta-a-liderar-mercado-automovel-portugues-em-todas-as-frentes-no-mes-de-julho-e-conquista-lideranca-entre-os-bev\/#article","isPartOf":{"@id":"https:\/\/motorpor.pt\/stellantis-volta-a-liderar-mercado-automovel-portugues-em-todas-as-frentes-no-mes-de-julho-e-conquista-lideranca-entre-os-bev\/"},"author":{"name":"mktmotorpor","@id":"https:\/\/motorpor.pt\/#\/schema\/person\/b4bf07144e88efed7388a5af30522db7"},"headline":"Stellantis volta a liderar mercado autom\u00f3vel portugu\u00eas em todas as frentes no m\u00eas de julho e conquista lideran\u00e7a entre os BEV","datePublished":"2024-08-02T14:28:18+00:00","mainEntityOfPage":{"@id":"https:\/\/motorpor.pt\/stellantis-volta-a-liderar-mercado-automovel-portugues-em-todas-as-frentes-no-mes-de-julho-e-conquista-lideranca-entre-os-bev\/"},"wordCount":228,"publisher":{"@id":"https:\/\/motorpor.pt\/#organization"},"image":{"@id":"https:\/\/motorpor.pt\/stellantis-volta-a-liderar-mercado-automovel-portugues-em-todas-as-frentes-no-mes-de-julho-e-conquista-lideranca-entre-os-bev\/#primaryimage"},"thumbnailUrl":"https:\/\/motorpor.pt\/wp-content\/uploads\/2024\/08\/unnamed-1.jpg","articleSection":["Atualidade","Not\u00edcias","Not\u00edcias Abarth","Not\u00edcias Citro\u00ebn","Not\u00edcias DS","Not\u00edcias Fiat","Not\u00edcias Jeep","Not\u00edcias Opel","Not\u00edcias Peugeot"],"inLanguage":"en-US"},{"@type":"WebPage","@id":"https:\/\/motorpor.pt\/stellantis-volta-a-liderar-mercado-automovel-portugues-em-todas-as-frentes-no-mes-de-julho-e-conquista-lideranca-entre-os-bev\/","url":"https:\/\/motorpor.pt\/stellantis-volta-a-liderar-mercado-automovel-portugues-em-todas-as-frentes-no-mes-de-julho-e-conquista-lideranca-entre-os-bev\/","name":"Stellantis volta a liderar mercado autom\u00f3vel portugu\u00eas em todas as frentes no m\u00eas de julho e conquista lideran\u00e7a entre os BEV - Motorpor","isPartOf":{"@id":"https:\/\/motorpor.pt\/#website"},"primaryImageOfPage":{"@id":"https:\/\/motorpor.pt\/stellantis-volta-a-liderar-mercado-automovel-portugues-em-todas-as-frentes-no-mes-de-julho-e-conquista-lideranca-entre-os-bev\/#primaryimage"},"image":{"@id":"https:\/\/motorpor.pt\/stellantis-volta-a-liderar-mercado-automovel-portugues-em-todas-as-frentes-no-mes-de-julho-e-conquista-lideranca-entre-os-bev\/#primaryimage"},"thumbnailUrl":"https:\/\/motorpor.pt\/wp-content\/uploads\/2024\/08\/unnamed-1.jpg","datePublished":"2024-08-02T14:28:18+00:00","breadcrumb":{"@id":"https:\/\/motorpor.pt\/stellantis-volta-a-liderar-mercado-automovel-portugues-em-todas-as-frentes-no-mes-de-julho-e-conquista-lideranca-entre-os-bev\/#breadcrumb"},"inLanguage":"en-US","potentialAction":[{"@type":"ReadAction","target":["https:\/\/motorpor.pt\/stellantis-volta-a-liderar-mercado-automovel-portugues-em-todas-as-frentes-no-mes-de-julho-e-conquista-lideranca-entre-os-bev\/"]}]},{"@type":"ImageObject","inLanguage":"en-US","@id":"https:\/\/motorpor.pt\/stellantis-volta-a-liderar-mercado-automovel-portugues-em-todas-as-frentes-no-mes-de-julho-e-conquista-lideranca-entre-os-bev\/#primaryimage","url":"https:\/\/motorpor.pt\/wp-content\/uploads\/2024\/08\/unnamed-1.jpg","contentUrl":"https:\/\/motorpor.pt\/wp-content\/uploads\/2024\/08\/unnamed-1.jpg","width":1668,"height":900},{"@type":"BreadcrumbList","@id":"https:\/\/motorpor.pt\/stellantis-volta-a-liderar-mercado-automovel-portugues-em-todas-as-frentes-no-mes-de-julho-e-conquista-lideranca-entre-os-bev\/#breadcrumb","itemListElement":[{"@type":"ListItem","position":1,"name":"In\u00edcio","item":"https:\/\/motorpor.pt\/"},{"@type":"ListItem","position":2,"name":"Stellantis volta a liderar mercado autom\u00f3vel portugu\u00eas em todas as frentes no m\u00eas de julho e conquista lideran\u00e7a entre os BEV"}]},{"@type":"WebSite","@id":"https:\/\/motorpor.pt\/#website","url":"https:\/\/motorpor.pt\/","name":"motorpor","description":"Comercio de Autom\u00f3veis Multimarcas","publisher":{"@id":"https:\/\/motorpor.pt\/#organization"},"potentialAction":[{"@type":"SearchAction","target":{"@type":"EntryPoint","urlTemplate":"https:\/\/motorpor.pt\/?s={search_term_string}"},"query-input":{"@type":"PropertyValueSpecification","valueRequired":true,"valueName":"search_term_string"}}],"inLanguage":"en-US"},{"@type":"Organization","@id":"https:\/\/motorpor.pt\/#organization","name":"motorpor","alternateName":"Motorpor","url":"https:\/\/motorpor.pt\/","logo":{"@type":"ImageObject","inLanguage":"en-US","@id":"https:\/\/motorpor.pt\/#\/schema\/logo\/image\/","url":"https:\/\/motorpor.pt\/wp-content\/uploads\/2024\/07\/Logo-Motorpor-Preto.svg","contentUrl":"https:\/\/motorpor.pt\/wp-content\/uploads\/2024\/07\/Logo-Motorpor-Preto.svg","width":493,"height":93,"caption":"Motorpor"},"image":{"@id":"https:\/\/motorpor.pt\/#\/schema\/logo\/image\/"},"sameAs":["https:\/\/www.linkedin.com\/company\/grupo-motorpor"]},{"@type":"Person","@id":"https:\/\/motorpor.pt\/#\/schema\/person\/b4bf07144e88efed7388a5af30522db7","name":"mktmotorpor","image":{"@type":"ImageObject","inLanguage":"en-US","@id":"https:\/\/secure.gravatar.com\/avatar\/8418b61b3175dbba0a8744cf0ee6bb5c7a9f6c67f1dbc4f41a62d7b9738259a2?s=96&d=mm&r=g","url":"https:\/\/secure.gravatar.com\/avatar\/8418b61b3175dbba0a8744cf0ee6bb5c7a9f6c67f1dbc4f41a62d7b9738259a2?s=96&d=mm&r=g","contentUrl":"https:\/\/secure.gravatar.com\/avatar\/8418b61b3175dbba0a8744cf0ee6bb5c7a9f6c67f1dbc4f41a62d7b9738259a2?s=96&d=mm&r=g","caption":"mktmotorpor"},"url":"https:\/\/motorpor.pt\/en\/user\/mktmotorpor\/"}]}},"_links":{"self":[{"href":"https:\/\/motorpor.pt\/en\/wp-json\/wp\/v2\/posts\/91135","targetHints":{"allow":["GET"]}}],"collection":[{"href":"https:\/\/motorpor.pt\/en\/wp-json\/wp\/v2\/posts"}],"about":[{"href":"https:\/\/motorpor.pt\/en\/wp-json\/wp\/v2\/types\/post"}],"author":[{"embeddable":true,"href":"https:\/\/motorpor.pt\/en\/wp-json\/wp\/v2\/users\/85"}],"replies":[{"embeddable":true,"href":"https:\/\/motorpor.pt\/en\/wp-json\/wp\/v2\/comments?post=91135"}],"version-history":[{"count":0,"href":"https:\/\/motorpor.pt\/en\/wp-json\/wp\/v2\/posts\/91135\/revisions"}],"wp:featuredmedia":[{"embeddable":true,"href":"https:\/\/motorpor.pt\/en\/wp-json\/wp\/v2\/media\/91131"}],"wp:attachment":[{"href":"https:\/\/motorpor.pt\/en\/wp-json\/wp\/v2\/media?parent=91135"}],"wp:term":[{"taxonomy":"category","embeddable":true,"href":"https:\/\/motorpor.pt\/en\/wp-json\/wp\/v2\/categories?post=91135"},{"taxonomy":"post_tag","embeddable":true,"href":"https:\/\/motorpor.pt\/en\/wp-json\/wp\/v2\/tags?post=91135"}],"curies":[{"name":"wp","href":"https:\/\/api.w.org\/{rel}","templated":true}]}}