{"id":93083,"date":"2024-08-21T15:06:40","date_gmt":"2024-08-21T14:06:40","guid":{"rendered":"https:\/\/motorpor.pt\/citroen-automoveis-perfeitos-para-o-verao\/"},"modified":"2024-08-21T15:32:12","modified_gmt":"2024-08-21T14:32:12","slug":"citroen-automoveis-perfeitos-para-o-verao","status":"publish","type":"post","link":"https:\/\/motorpor.pt\/en\/citroen-automoveis-perfeitos-para-o-verao\/","title":{"rendered":"Citro\u00ebn: autom\u00f3veis perfeitos para o ver\u00e3o"},"content":{"rendered":"<h5>Ao longo da sua hist\u00f3ria, a Citro\u00ebn criou autom\u00f3veis que podem ser apreciados durante todo o ano, mas que se sentem como peixe na \u00e1gua durante a \u00e9poca de ver\u00e3o.<\/h5>\n<p>A Citro\u00ebn concebeu o M\u00e9hari, o ve\u00edculo de praia por excel\u00eancia desde 1968, com a sua renova\u00e7\u00e3o 100% el\u00e9trica: o Citro\u00ebn \u00eb-Mehari. Outros autom\u00f3veis, como o Citro\u00ebn 2CV, ultrapassaram a sua voca\u00e7\u00e3o inicial para se tornarem sin\u00f3nimo do esp\u00edrito n\u00f3mada associado \u00e0s f\u00e9rias. Com caracter\u00edsticas retiradas do mundo dos SUV e das lendas hist\u00f3ricas da Citro\u00ebn como o M\u00e9hari, o Citro\u00ebn My Ami Buggy \u00e9 outro dos modelos que convidam a sair do meio urbano para desfrutar do lazer ao ar livre.<\/p>\n<p>Lan\u00e7ado em 1934, o Citro\u00ebn Traction Avant foi o autom\u00f3vel que levou milhares de franceses na sua primeira viagem ao mar ou \u00e0 montanha. &#8220;Desde ent\u00e3o, a rela\u00e7\u00e3o entre a Citro\u00ebn e as f\u00e9rias de ver\u00e3o aprofundou-se, com o lan\u00e7amento de novos modelos que ultrapassaram a sua voca\u00e7\u00e3o inicial e se adaptaram ao lazer e \u00e0s viagens atrav\u00e9s do seu conforto e filosofia pr\u00e1tica.&#8221;<\/p>\n<p>O popular 2CV foi o autom\u00f3vel que levou milhares de jovens a desfrutar de um novo modo de vida. Este era um ve\u00edculo que se adaptava a diferentes meios, permitindo aos seus utilizadores aproveitarem todas as viagens sem problemas ou complica\u00e7\u00f5es.<\/p>\n<p><img fetchpriority=\"high\" decoding=\"async\" class=\"alignnone size-full wp-image-93080\" src=\"https:\/\/motorpor.pt\/wp-content\/uploads\/2024\/08\/2cv_charleston_1982_3quartsav.jpg\" alt=\"\" width=\"1600\" height=\"1059\" srcset=\"https:\/\/motorpor.pt\/wp-content\/uploads\/2024\/08\/2cv_charleston_1982_3quartsav.jpg 1600w, https:\/\/motorpor.pt\/wp-content\/uploads\/2024\/08\/2cv_charleston_1982_3quartsav-300x199-1.jpg 300w, https:\/\/motorpor.pt\/wp-content\/uploads\/2024\/08\/2cv_charleston_1982_3quartsav-1024x678-1.jpg 1024w, https:\/\/motorpor.pt\/wp-content\/uploads\/2024\/08\/2cv_charleston_1982_3quartsav-768x508-1.jpg 768w, https:\/\/motorpor.pt\/wp-content\/uploads\/2024\/08\/2cv_charleston_1982_3quartsav-1536x1017-1.jpg 1536w, https:\/\/motorpor.pt\/wp-content\/uploads\/2024\/08\/2cv_charleston_1982_3quartsav-18x12-1.jpg 18w, https:\/\/motorpor.pt\/wp-content\/uploads\/2024\/08\/2cv_charleston_1982_3quartsav-200x132-1.jpg 200w, https:\/\/motorpor.pt\/wp-content\/uploads\/2024\/08\/2cv_charleston_1982_3quartsav-165x109-1.jpg 165w\" sizes=\"(max-width: 1600px) 100vw, 1600px\" \/><\/p>\n<p>O Citro\u00ebn M\u00e9hari, derivado do Citro\u00ebn 2CV, pode ser visto como o herdeiro do esp\u00edrito rebelde e despreocupado deste modelo e como um precursor dos SUV atuais. &#8220;Desde a sua despedida em 1987, a Citro\u00ebn sempre desejou lan\u00e7ar uma vers\u00e3o atualizada deste lend\u00e1rio autom\u00f3vel. Em 2016, surge finalmente em alguns mercados o Citro\u00ebn \u00eb-Mehari, o qual partilha com o seu ilustre antecessor a sua configura\u00e7\u00e3o descapot\u00e1vel de quatro lugares com uma clara voca\u00e7\u00e3o para o lazer.&#8221;<\/p>\n<p><img decoding=\"async\" class=\"size-full wp-image-93082\" src=\"https:\/\/motorpor.pt\/wp-content\/uploads\/2024\/08\/Mhari4x4jaune-scaled.jpg\" alt=\"\" width=\"2560\" height=\"1720\" srcset=\"https:\/\/motorpor.pt\/wp-content\/uploads\/2024\/08\/Mhari4x4jaune-scaled.jpg 2560w, https:\/\/motorpor.pt\/wp-content\/uploads\/2024\/08\/Mhari4x4jaune-300x202.jpg 300w, https:\/\/motorpor.pt\/wp-content\/uploads\/2024\/08\/Mhari4x4jaune-1024x688.jpg 1024w, https:\/\/motorpor.pt\/wp-content\/uploads\/2024\/08\/Mhari4x4jaune-768x516.jpg 768w, https:\/\/motorpor.pt\/wp-content\/uploads\/2024\/08\/Mhari4x4jaune-1536x1032.jpg 1536w, https:\/\/motorpor.pt\/wp-content\/uploads\/2024\/08\/Mhari4x4jaune-2048x1376.jpg 2048w, https:\/\/motorpor.pt\/wp-content\/uploads\/2024\/08\/Mhari4x4jaune-18x12.jpg 18w, https:\/\/motorpor.pt\/wp-content\/uploads\/2024\/08\/Mhari4x4jaune-200x134.jpg 200w, https:\/\/motorpor.pt\/wp-content\/uploads\/2024\/08\/Mhari4x4jaune-165x111.jpg 165w\" sizes=\"(max-width: 2560px) 100vw, 2560px\" \/><\/p>\n<p>Na gama atual, o esp\u00edrito de ver\u00e3o \u00e9 encarnado pelo Citro\u00ebn My Ami Buggy, um ve\u00edculo 100% el\u00e9trico em que os elementos de design foram postos ao servi\u00e7o da sua forte personalidade de explorador audaz, simp\u00e1tico e robusto. Conhe\u00e7a todas as <a href=\"https:\/\/motorpor.pt\/en\/novos\/citroen\/\">viaturas dispon\u00edveis no nosso site<\/a>.<\/p>\n<p><img decoding=\"async\" class=\"size-full wp-image-93081\" src=\"https:\/\/motorpor.pt\/wp-content\/uploads\/2024\/08\/1MyAmiBuggyPhoto-scaled.jpg\" alt=\"\" width=\"2560\" height=\"1490\" srcset=\"https:\/\/motorpor.pt\/wp-content\/uploads\/2024\/08\/1MyAmiBuggyPhoto-scaled.jpg 2560w, https:\/\/motorpor.pt\/wp-content\/uploads\/2024\/08\/1MyAmiBuggyPhoto-300x175.jpg 300w, https:\/\/motorpor.pt\/wp-content\/uploads\/2024\/08\/1MyAmiBuggyPhoto-1024x596.jpg 1024w, https:\/\/motorpor.pt\/wp-content\/uploads\/2024\/08\/1MyAmiBuggyPhoto-768x447.jpg 768w, https:\/\/motorpor.pt\/wp-content\/uploads\/2024\/08\/1MyAmiBuggyPhoto-1536x894.jpg 1536w, https:\/\/motorpor.pt\/wp-content\/uploads\/2024\/08\/1MyAmiBuggyPhoto-2048x1192.jpg 2048w, https:\/\/motorpor.pt\/wp-content\/uploads\/2024\/08\/1MyAmiBuggyPhoto-18x10.jpg 18w, https:\/\/motorpor.pt\/wp-content\/uploads\/2024\/08\/1MyAmiBuggyPhoto-200x116.jpg 200w, https:\/\/motorpor.pt\/wp-content\/uploads\/2024\/08\/1MyAmiBuggyPhoto-165x96.jpg 165w\" sizes=\"(max-width: 2560px) 100vw, 2560px\" \/><\/p>","protected":false},"excerpt":{"rendered":"<p>Ao longo da sua hist\u00f3ria, a Citro\u00ebn criou autom\u00f3veis que podem ser apreciados durante todo o ano, mas que se sentem como peixe na \u00e1gua durante a \u00e9poca de ver\u00e3o. A Citro\u00ebn concebeu o M\u00e9hari, o ve\u00edculo de praia por excel\u00eancia desde 1968, com a sua renova\u00e7\u00e3o 100% el\u00e9trica: o Citro\u00ebn \u00eb-Mehari. Outros autom\u00f3veis, como [&hellip;]<\/p>\n","protected":false},"author":85,"featured_media":93079,"comment_status":"closed","ping_status":"open","sticky":false,"template":"","format":"standard","meta":{"_acf_changed":false,"footnotes":""},"categories":[2595,2594,2592,3087],"tags":[],"class_list":["post-93083","post","type-post","status-publish","format-standard","has-post-thumbnail","hentry","category-atualidade","category-destaques","category-noticias","category-noticias-citroen"],"acf":[],"yoast_head":"<!-- This site is optimized with the Yoast SEO plugin v27.5 - https:\/\/yoast.com\/product\/yoast-seo-wordpress\/ -->\n<title>Citro\u00ebn: autom\u00f3veis perfeitos para o ver\u00e3o - Motorpor<\/title>\n<meta name=\"robots\" content=\"index, follow, max-snippet:-1, max-image-preview:large, max-video-preview:-1\" \/>\n<link rel=\"canonical\" href=\"https:\/\/motorpor.pt\/en\/citroen-automoveis-perfeitos-para-o-verao\/\" \/>\n<meta property=\"og:locale\" content=\"en_US\" \/>\n<meta property=\"og:type\" content=\"article\" \/>\n<meta property=\"og:title\" content=\"Citro\u00ebn: autom\u00f3veis perfeitos para o ver\u00e3o - Motorpor\" \/>\n<meta property=\"og:description\" content=\"Ao longo da sua hist\u00f3ria, a Citro\u00ebn criou autom\u00f3veis que podem ser apreciados durante todo o ano, mas que se sentem como peixe na \u00e1gua durante a \u00e9poca de ver\u00e3o. A Citro\u00ebn concebeu o M\u00e9hari, o ve\u00edculo de praia por excel\u00eancia desde 1968, com a sua renova\u00e7\u00e3o 100% el\u00e9trica: o Citro\u00ebn \u00eb-Mehari. Outros autom\u00f3veis, como [&hellip;]\" \/>\n<meta property=\"og:url\" content=\"https:\/\/motorpor.pt\/en\/citroen-automoveis-perfeitos-para-o-verao\/\" \/>\n<meta property=\"og:site_name\" content=\"Motorpor\" \/>\n<meta property=\"article:published_time\" content=\"2024-08-21T14:06:40+00:00\" \/>\n<meta property=\"article:modified_time\" content=\"2024-08-21T14:32:12+00:00\" \/>\n<meta property=\"og:image\" content=\"https:\/\/motorpor.pt\/wp-content\/uploads\/2024\/08\/1BUGGY-50units-1024x768-1.png\" \/>\n\t<meta property=\"og:image:width\" content=\"1024\" \/>\n\t<meta property=\"og:image:height\" content=\"768\" \/>\n\t<meta property=\"og:image:type\" content=\"image\/png\" \/>\n<meta name=\"author\" content=\"mktmotorpor\" \/>\n<meta name=\"twitter:card\" content=\"summary_large_image\" \/>\n<meta name=\"twitter:label1\" content=\"Written by\" \/>\n\t<meta name=\"twitter:data1\" content=\"mktmotorpor\" \/>\n\t<meta name=\"twitter:label2\" content=\"Est. reading time\" \/>\n\t<meta name=\"twitter:data2\" content=\"2 minutes\" \/>\n<script type=\"application\/ld+json\" class=\"yoast-schema-graph\">{\"@context\":\"https:\\\/\\\/schema.org\",\"@graph\":[{\"@type\":\"Article\",\"@id\":\"https:\\\/\\\/motorpor.pt\\\/citroen-automoveis-perfeitos-para-o-verao\\\/#article\",\"isPartOf\":{\"@id\":\"https:\\\/\\\/motorpor.pt\\\/citroen-automoveis-perfeitos-para-o-verao\\\/\"},\"author\":{\"name\":\"mktmotorpor\",\"@id\":\"https:\\\/\\\/motorpor.pt\\\/#\\\/schema\\\/person\\\/b4bf07144e88efed7388a5af30522db7\"},\"headline\":\"Citro\u00ebn: autom\u00f3veis perfeitos para o ver\u00e3o\",\"datePublished\":\"2024-08-21T14:06:40+00:00\",\"dateModified\":\"2024-08-21T14:32:12+00:00\",\"mainEntityOfPage\":{\"@id\":\"https:\\\/\\\/motorpor.pt\\\/citroen-automoveis-perfeitos-para-o-verao\\\/\"},\"wordCount\":399,\"publisher\":{\"@id\":\"https:\\\/\\\/motorpor.pt\\\/#organization\"},\"image\":{\"@id\":\"https:\\\/\\\/motorpor.pt\\\/citroen-automoveis-perfeitos-para-o-verao\\\/#primaryimage\"},\"thumbnailUrl\":\"https:\\\/\\\/motorpor.pt\\\/wp-content\\\/uploads\\\/2024\\\/08\\\/1BUGGY-50units-1.png\",\"articleSection\":[\"Atualidade\",\"Destaques\",\"Not\u00edcias\",\"Not\u00edcias Citro\u00ebn\"],\"inLanguage\":\"en-US\"},{\"@type\":\"WebPage\",\"@id\":\"https:\\\/\\\/motorpor.pt\\\/citroen-automoveis-perfeitos-para-o-verao\\\/\",\"url\":\"https:\\\/\\\/motorpor.pt\\\/citroen-automoveis-perfeitos-para-o-verao\\\/\",\"name\":\"Citro\u00ebn: autom\u00f3veis perfeitos para o ver\u00e3o - Motorpor\",\"isPartOf\":{\"@id\":\"https:\\\/\\\/motorpor.pt\\\/#website\"},\"primaryImageOfPage\":{\"@id\":\"https:\\\/\\\/motorpor.pt\\\/citroen-automoveis-perfeitos-para-o-verao\\\/#primaryimage\"},\"image\":{\"@id\":\"https:\\\/\\\/motorpor.pt\\\/citroen-automoveis-perfeitos-para-o-verao\\\/#primaryimage\"},\"thumbnailUrl\":\"https:\\\/\\\/motorpor.pt\\\/wp-content\\\/uploads\\\/2024\\\/08\\\/1BUGGY-50units-1.png\",\"datePublished\":\"2024-08-21T14:06:40+00:00\",\"dateModified\":\"2024-08-21T14:32:12+00:00\",\"breadcrumb\":{\"@id\":\"https:\\\/\\\/motorpor.pt\\\/citroen-automoveis-perfeitos-para-o-verao\\\/#breadcrumb\"},\"inLanguage\":\"en-US\",\"potentialAction\":[{\"@type\":\"ReadAction\",\"target\":[\"https:\\\/\\\/motorpor.pt\\\/citroen-automoveis-perfeitos-para-o-verao\\\/\"]}]},{\"@type\":\"ImageObject\",\"inLanguage\":\"en-US\",\"@id\":\"https:\\\/\\\/motorpor.pt\\\/citroen-automoveis-perfeitos-para-o-verao\\\/#primaryimage\",\"url\":\"https:\\\/\\\/motorpor.pt\\\/wp-content\\\/uploads\\\/2024\\\/08\\\/1BUGGY-50units-1.png\",\"contentUrl\":\"https:\\\/\\\/motorpor.pt\\\/wp-content\\\/uploads\\\/2024\\\/08\\\/1BUGGY-50units-1.png\",\"width\":1269,\"height\":952},{\"@type\":\"BreadcrumbList\",\"@id\":\"https:\\\/\\\/motorpor.pt\\\/citroen-automoveis-perfeitos-para-o-verao\\\/#breadcrumb\",\"itemListElement\":[{\"@type\":\"ListItem\",\"position\":1,\"name\":\"In\u00edcio\",\"item\":\"https:\\\/\\\/motorpor.pt\\\/\"},{\"@type\":\"ListItem\",\"position\":2,\"name\":\"Citro\u00ebn: autom\u00f3veis perfeitos para o ver\u00e3o\"}]},{\"@type\":\"WebSite\",\"@id\":\"https:\\\/\\\/motorpor.pt\\\/#website\",\"url\":\"https:\\\/\\\/motorpor.pt\\\/\",\"name\":\"Motorpor\",\"description\":\"Comercio de Autom\u00f3veis Multimarcas\",\"publisher\":{\"@id\":\"https:\\\/\\\/motorpor.pt\\\/#organization\"},\"potentialAction\":[{\"@type\":\"SearchAction\",\"target\":{\"@type\":\"EntryPoint\",\"urlTemplate\":\"https:\\\/\\\/motorpor.pt\\\/?s={search_term_string}\"},\"query-input\":{\"@type\":\"PropertyValueSpecification\",\"valueRequired\":true,\"valueName\":\"search_term_string\"}}],\"inLanguage\":\"en-US\"},{\"@type\":\"Organization\",\"@id\":\"https:\\\/\\\/motorpor.pt\\\/#organization\",\"name\":\"Motorpor\",\"alternateName\":\"Motorpor\",\"url\":\"https:\\\/\\\/motorpor.pt\\\/\",\"logo\":{\"@type\":\"ImageObject\",\"inLanguage\":\"en-US\",\"@id\":\"https:\\\/\\\/motorpor.pt\\\/#\\\/schema\\\/logo\\\/image\\\/\",\"url\":\"https:\\\/\\\/motorpor.pt\\\/wp-content\\\/uploads\\\/2024\\\/07\\\/Logo-Motorpor-Preto.svg\",\"contentUrl\":\"https:\\\/\\\/motorpor.pt\\\/wp-content\\\/uploads\\\/2024\\\/07\\\/Logo-Motorpor-Preto.svg\",\"width\":493,\"height\":93,\"caption\":\"Motorpor\"},\"image\":{\"@id\":\"https:\\\/\\\/motorpor.pt\\\/#\\\/schema\\\/logo\\\/image\\\/\"},\"sameAs\":[\"https:\\\/\\\/www.linkedin.com\\\/company\\\/grupo-motorpor\"]},{\"@type\":\"Person\",\"@id\":\"https:\\\/\\\/motorpor.pt\\\/#\\\/schema\\\/person\\\/b4bf07144e88efed7388a5af30522db7\",\"name\":\"mktmotorpor\",\"image\":{\"@type\":\"ImageObject\",\"inLanguage\":\"en-US\",\"@id\":\"https:\\\/\\\/secure.gravatar.com\\\/avatar\\\/8418b61b3175dbba0a8744cf0ee6bb5c7a9f6c67f1dbc4f41a62d7b9738259a2?s=96&d=mm&r=g\",\"url\":\"https:\\\/\\\/secure.gravatar.com\\\/avatar\\\/8418b61b3175dbba0a8744cf0ee6bb5c7a9f6c67f1dbc4f41a62d7b9738259a2?s=96&d=mm&r=g\",\"contentUrl\":\"https:\\\/\\\/secure.gravatar.com\\\/avatar\\\/8418b61b3175dbba0a8744cf0ee6bb5c7a9f6c67f1dbc4f41a62d7b9738259a2?s=96&d=mm&r=g\",\"caption\":\"mktmotorpor\"},\"url\":\"https:\\\/\\\/motorpor.pt\\\/en\\\/user\\\/mktmotorpor\\\/\"}]}<\/script>\n<!-- \/ Yoast SEO plugin. -->","yoast_head_json":{"title":"Citro\u00ebn: autom\u00f3veis perfeitos para o ver\u00e3o - Motorpor","robots":{"index":"index","follow":"follow","max-snippet":"max-snippet:-1","max-image-preview":"max-image-preview:large","max-video-preview":"max-video-preview:-1"},"canonical":"https:\/\/motorpor.pt\/en\/citroen-automoveis-perfeitos-para-o-verao\/","og_locale":"en_US","og_type":"article","og_title":"Citro\u00ebn: autom\u00f3veis perfeitos para o ver\u00e3o - Motorpor","og_description":"Ao longo da sua hist\u00f3ria, a Citro\u00ebn criou autom\u00f3veis que podem ser apreciados durante todo o ano, mas que se sentem como peixe na \u00e1gua durante a \u00e9poca de ver\u00e3o. A Citro\u00ebn concebeu o M\u00e9hari, o ve\u00edculo de praia por excel\u00eancia desde 1968, com a sua renova\u00e7\u00e3o 100% el\u00e9trica: o Citro\u00ebn \u00eb-Mehari. Outros autom\u00f3veis, como [&hellip;]","og_url":"https:\/\/motorpor.pt\/en\/citroen-automoveis-perfeitos-para-o-verao\/","og_site_name":"Motorpor","article_published_time":"2024-08-21T14:06:40+00:00","article_modified_time":"2024-08-21T14:32:12+00:00","og_image":[{"width":1024,"height":768,"url":"https:\/\/motorpor.pt\/wp-content\/uploads\/2024\/08\/1BUGGY-50units-1024x768-1.png","type":"image\/png"}],"author":"mktmotorpor","twitter_card":"summary_large_image","twitter_misc":{"Written by":"mktmotorpor","Est. reading time":"2 minutes"},"schema":{"@context":"https:\/\/schema.org","@graph":[{"@type":"Article","@id":"https:\/\/motorpor.pt\/citroen-automoveis-perfeitos-para-o-verao\/#article","isPartOf":{"@id":"https:\/\/motorpor.pt\/citroen-automoveis-perfeitos-para-o-verao\/"},"author":{"name":"mktmotorpor","@id":"https:\/\/motorpor.pt\/#\/schema\/person\/b4bf07144e88efed7388a5af30522db7"},"headline":"Citro\u00ebn: autom\u00f3veis perfeitos para o ver\u00e3o","datePublished":"2024-08-21T14:06:40+00:00","dateModified":"2024-08-21T14:32:12+00:00","mainEntityOfPage":{"@id":"https:\/\/motorpor.pt\/citroen-automoveis-perfeitos-para-o-verao\/"},"wordCount":399,"publisher":{"@id":"https:\/\/motorpor.pt\/#organization"},"image":{"@id":"https:\/\/motorpor.pt\/citroen-automoveis-perfeitos-para-o-verao\/#primaryimage"},"thumbnailUrl":"https:\/\/motorpor.pt\/wp-content\/uploads\/2024\/08\/1BUGGY-50units-1.png","articleSection":["Atualidade","Destaques","Not\u00edcias","Not\u00edcias Citro\u00ebn"],"inLanguage":"en-US"},{"@type":"WebPage","@id":"https:\/\/motorpor.pt\/citroen-automoveis-perfeitos-para-o-verao\/","url":"https:\/\/motorpor.pt\/citroen-automoveis-perfeitos-para-o-verao\/","name":"Citro\u00ebn: autom\u00f3veis perfeitos para o ver\u00e3o - Motorpor","isPartOf":{"@id":"https:\/\/motorpor.pt\/#website"},"primaryImageOfPage":{"@id":"https:\/\/motorpor.pt\/citroen-automoveis-perfeitos-para-o-verao\/#primaryimage"},"image":{"@id":"https:\/\/motorpor.pt\/citroen-automoveis-perfeitos-para-o-verao\/#primaryimage"},"thumbnailUrl":"https:\/\/motorpor.pt\/wp-content\/uploads\/2024\/08\/1BUGGY-50units-1.png","datePublished":"2024-08-21T14:06:40+00:00","dateModified":"2024-08-21T14:32:12+00:00","breadcrumb":{"@id":"https:\/\/motorpor.pt\/citroen-automoveis-perfeitos-para-o-verao\/#breadcrumb"},"inLanguage":"en-US","potentialAction":[{"@type":"ReadAction","target":["https:\/\/motorpor.pt\/citroen-automoveis-perfeitos-para-o-verao\/"]}]},{"@type":"ImageObject","inLanguage":"en-US","@id":"https:\/\/motorpor.pt\/citroen-automoveis-perfeitos-para-o-verao\/#primaryimage","url":"https:\/\/motorpor.pt\/wp-content\/uploads\/2024\/08\/1BUGGY-50units-1.png","contentUrl":"https:\/\/motorpor.pt\/wp-content\/uploads\/2024\/08\/1BUGGY-50units-1.png","width":1269,"height":952},{"@type":"BreadcrumbList","@id":"https:\/\/motorpor.pt\/citroen-automoveis-perfeitos-para-o-verao\/#breadcrumb","itemListElement":[{"@type":"ListItem","position":1,"name":"In\u00edcio","item":"https:\/\/motorpor.pt\/"},{"@type":"ListItem","position":2,"name":"Citro\u00ebn: autom\u00f3veis perfeitos para o ver\u00e3o"}]},{"@type":"WebSite","@id":"https:\/\/motorpor.pt\/#website","url":"https:\/\/motorpor.pt\/","name":"motorpor","description":"Comercio de Autom\u00f3veis Multimarcas","publisher":{"@id":"https:\/\/motorpor.pt\/#organization"},"potentialAction":[{"@type":"SearchAction","target":{"@type":"EntryPoint","urlTemplate":"https:\/\/motorpor.pt\/?s={search_term_string}"},"query-input":{"@type":"PropertyValueSpecification","valueRequired":true,"valueName":"search_term_string"}}],"inLanguage":"en-US"},{"@type":"Organization","@id":"https:\/\/motorpor.pt\/#organization","name":"motorpor","alternateName":"Motorpor","url":"https:\/\/motorpor.pt\/","logo":{"@type":"ImageObject","inLanguage":"en-US","@id":"https:\/\/motorpor.pt\/#\/schema\/logo\/image\/","url":"https:\/\/motorpor.pt\/wp-content\/uploads\/2024\/07\/Logo-Motorpor-Preto.svg","contentUrl":"https:\/\/motorpor.pt\/wp-content\/uploads\/2024\/07\/Logo-Motorpor-Preto.svg","width":493,"height":93,"caption":"Motorpor"},"image":{"@id":"https:\/\/motorpor.pt\/#\/schema\/logo\/image\/"},"sameAs":["https:\/\/www.linkedin.com\/company\/grupo-motorpor"]},{"@type":"Person","@id":"https:\/\/motorpor.pt\/#\/schema\/person\/b4bf07144e88efed7388a5af30522db7","name":"mktmotorpor","image":{"@type":"ImageObject","inLanguage":"en-US","@id":"https:\/\/secure.gravatar.com\/avatar\/8418b61b3175dbba0a8744cf0ee6bb5c7a9f6c67f1dbc4f41a62d7b9738259a2?s=96&d=mm&r=g","url":"https:\/\/secure.gravatar.com\/avatar\/8418b61b3175dbba0a8744cf0ee6bb5c7a9f6c67f1dbc4f41a62d7b9738259a2?s=96&d=mm&r=g","contentUrl":"https:\/\/secure.gravatar.com\/avatar\/8418b61b3175dbba0a8744cf0ee6bb5c7a9f6c67f1dbc4f41a62d7b9738259a2?s=96&d=mm&r=g","caption":"mktmotorpor"},"url":"https:\/\/motorpor.pt\/en\/user\/mktmotorpor\/"}]}},"_links":{"self":[{"href":"https:\/\/motorpor.pt\/en\/wp-json\/wp\/v2\/posts\/93083","targetHints":{"allow":["GET"]}}],"collection":[{"href":"https:\/\/motorpor.pt\/en\/wp-json\/wp\/v2\/posts"}],"about":[{"href":"https:\/\/motorpor.pt\/en\/wp-json\/wp\/v2\/types\/post"}],"author":[{"embeddable":true,"href":"https:\/\/motorpor.pt\/en\/wp-json\/wp\/v2\/users\/85"}],"replies":[{"embeddable":true,"href":"https:\/\/motorpor.pt\/en\/wp-json\/wp\/v2\/comments?post=93083"}],"version-history":[{"count":1,"href":"https:\/\/motorpor.pt\/en\/wp-json\/wp\/v2\/posts\/93083\/revisions"}],"predecessor-version":[{"id":93084,"href":"https:\/\/motorpor.pt\/en\/wp-json\/wp\/v2\/posts\/93083\/revisions\/93084"}],"wp:featuredmedia":[{"embeddable":true,"href":"https:\/\/motorpor.pt\/en\/wp-json\/wp\/v2\/media\/93079"}],"wp:attachment":[{"href":"https:\/\/motorpor.pt\/en\/wp-json\/wp\/v2\/media?parent=93083"}],"wp:term":[{"taxonomy":"category","embeddable":true,"href":"https:\/\/motorpor.pt\/en\/wp-json\/wp\/v2\/categories?post=93083"},{"taxonomy":"post_tag","embeddable":true,"href":"https:\/\/motorpor.pt\/en\/wp-json\/wp\/v2\/tags?post=93083"}],"curies":[{"name":"wp","href":"https:\/\/api.w.org\/{rel}","templated":true}]}}