{"id":93788,"date":"2024-09-03T12:47:02","date_gmt":"2024-09-03T11:47:02","guid":{"rendered":"https:\/\/motorpor.pt\/mg-zs-agora-e-hibrido-e-tem-um-novo-visual\/"},"modified":"2024-09-03T12:47:02","modified_gmt":"2024-09-03T11:47:02","slug":"mg-zs-agora-e-hibrido-e-tem-um-novo-visual","status":"publish","type":"post","link":"https:\/\/motorpor.pt\/en\/mg-zs-agora-e-hibrido-e-tem-um-novo-visual\/","title":{"rendered":"MG ZS agora \u00e9 h\u00edbrido e tem um novo visual"},"content":{"rendered":"<h5>O MG ZS recebeu um novo visual e uma vers\u00e3o mais adaptada \u00e0s tend\u00eancias de mercado mais recentes. Chega em setembro a Portugal.<\/h5>\n<p>A MG continua a refor\u00e7ar a sua presen\u00e7a no mercado, com a apresenta\u00e7\u00e3o do ZS Hybrid+. De acordo com o presidente da MG Iberia, Leo Zhang, o lan\u00e7amento do MG ZS h\u00edbrido no mercado portugu\u00eas vem \u201c<strong>refor\u00e7ar o compromisso da marca em oferecer solu\u00e7\u00f5es que combinam inova\u00e7\u00e3o e acessibilidade.<\/strong>\u201c<\/p>\n<p>&#8220;O sistema h\u00edbrido escolhido para o MG ZS Hybrid+ combina um motor a gasolina de 1,5 litros com um propulsor el\u00e9trico. A pot\u00eancia m\u00e1xima combinada de 196 cv. Em termos de presta\u00e7\u00f5es, a marca anuncia 8,7s para a acelera\u00e7\u00e3o dos 0 aos 100 km\/h.<\/p>\n<p>A bateria destinada a alimentar a parte el\u00e9trica do sistema h\u00edbrido tem uma capacidade de 1,83 kWh. Um valor suficiente para dispensar os pr\u00e9stimos do motor de combust\u00e3o por diversas vezes e garantir uma m\u00e9dia de consumo declarada de apenas 5 l\/100km.&#8221;<\/p>\n<p>O in\u00edcio da comercializa\u00e7\u00e3o do MG ZS Hybrid+ 2024 est\u00e1 agendado este m\u00eas. Tanto os pre\u00e7os como outros detalhes ainda est\u00e3o a ser finalizados e ser\u00e3o anunciados brevemente.<\/p>\n<p>Conhe\u00e7a todas as <a href=\"https:\/\/motorpor.pt\/en\/novos\/mg\/\">viaturas MG dispon\u00edveis no nosso site.<\/a><\/p>","protected":false},"excerpt":{"rendered":"<p>O MG ZS recebeu um novo visual e uma vers\u00e3o mais adaptada \u00e0s tend\u00eancias de mercado mais recentes. Chega em setembro a Portugal. A MG continua a refor\u00e7ar a sua presen\u00e7a no mercado, com a apresenta\u00e7\u00e3o do ZS Hybrid+. De acordo com o presidente da MG Iberia, Leo Zhang, o lan\u00e7amento do MG ZS h\u00edbrido [&hellip;]<\/p>\n","protected":false},"author":85,"featured_media":93787,"comment_status":"","ping_status":"open","sticky":false,"template":"","format":"standard","meta":{"_acf_changed":false,"footnotes":""},"categories":[2595,2594,2592,3092],"tags":[],"class_list":["post-93788","post","type-post","status-publish","format-standard","has-post-thumbnail","hentry","category-atualidade","category-destaques","category-noticias","category-noticias-mg"],"acf":[],"yoast_head":"<!-- This site is optimized with the Yoast SEO plugin v27.5 - https:\/\/yoast.com\/product\/yoast-seo-wordpress\/ -->\n<title>MG ZS agora \u00e9 h\u00edbrido e tem um novo visual - Motorpor<\/title>\n<meta name=\"robots\" content=\"index, follow, max-snippet:-1, max-image-preview:large, max-video-preview:-1\" \/>\n<link rel=\"canonical\" href=\"https:\/\/motorpor.pt\/en\/mg-zs-agora-e-hibrido-e-tem-um-novo-visual\/\" \/>\n<meta property=\"og:locale\" content=\"en_US\" \/>\n<meta property=\"og:type\" content=\"article\" \/>\n<meta property=\"og:title\" content=\"MG ZS agora \u00e9 h\u00edbrido e tem um novo visual - Motorpor\" \/>\n<meta property=\"og:description\" content=\"O MG ZS recebeu um novo visual e uma vers\u00e3o mais adaptada \u00e0s tend\u00eancias de mercado mais recentes. Chega em setembro a Portugal. A MG continua a refor\u00e7ar a sua presen\u00e7a no mercado, com a apresenta\u00e7\u00e3o do ZS Hybrid+. De acordo com o presidente da MG Iberia, Leo Zhang, o lan\u00e7amento do MG ZS h\u00edbrido [&hellip;]\" \/>\n<meta property=\"og:url\" content=\"https:\/\/motorpor.pt\/en\/mg-zs-agora-e-hibrido-e-tem-um-novo-visual\/\" \/>\n<meta property=\"og:site_name\" content=\"Motorpor\" \/>\n<meta property=\"article:published_time\" content=\"2024-09-03T11:47:02+00:00\" \/>\n<meta name=\"author\" content=\"mktmotorpor\" \/>\n<meta name=\"twitter:card\" content=\"summary_large_image\" \/>\n<meta name=\"twitter:label1\" content=\"Written by\" \/>\n\t<meta name=\"twitter:data1\" content=\"mktmotorpor\" \/>\n\t<meta name=\"twitter:label2\" content=\"Est. reading time\" \/>\n\t<meta name=\"twitter:data2\" content=\"1 minute\" \/>\n<script type=\"application\/ld+json\" class=\"yoast-schema-graph\">{\"@context\":\"https:\\\/\\\/schema.org\",\"@graph\":[{\"@type\":\"Article\",\"@id\":\"https:\\\/\\\/motorpor.pt\\\/mg-zs-agora-e-hibrido-e-tem-um-novo-visual\\\/#article\",\"isPartOf\":{\"@id\":\"https:\\\/\\\/motorpor.pt\\\/mg-zs-agora-e-hibrido-e-tem-um-novo-visual\\\/\"},\"author\":{\"name\":\"mktmotorpor\",\"@id\":\"https:\\\/\\\/motorpor.pt\\\/#\\\/schema\\\/person\\\/b4bf07144e88efed7388a5af30522db7\"},\"headline\":\"MG ZS agora \u00e9 h\u00edbrido e tem um novo visual\",\"datePublished\":\"2024-09-03T11:47:02+00:00\",\"mainEntityOfPage\":{\"@id\":\"https:\\\/\\\/motorpor.pt\\\/mg-zs-agora-e-hibrido-e-tem-um-novo-visual\\\/\"},\"wordCount\":230,\"publisher\":{\"@id\":\"https:\\\/\\\/motorpor.pt\\\/#organization\"},\"image\":{\"@id\":\"https:\\\/\\\/motorpor.pt\\\/mg-zs-agora-e-hibrido-e-tem-um-novo-visual\\\/#primaryimage\"},\"thumbnailUrl\":\"https:\\\/\\\/motorpor.pt\\\/wp-content\\\/uploads\\\/2024\\\/09\\\/MG-ZS-Hybrid-1.png\",\"articleSection\":[\"Atualidade\",\"Destaques\",\"Not\u00edcias\",\"Not\u00edcias MG\"],\"inLanguage\":\"en-US\"},{\"@type\":\"WebPage\",\"@id\":\"https:\\\/\\\/motorpor.pt\\\/mg-zs-agora-e-hibrido-e-tem-um-novo-visual\\\/\",\"url\":\"https:\\\/\\\/motorpor.pt\\\/mg-zs-agora-e-hibrido-e-tem-um-novo-visual\\\/\",\"name\":\"MG ZS agora \u00e9 h\u00edbrido e tem um novo visual - Motorpor\",\"isPartOf\":{\"@id\":\"https:\\\/\\\/motorpor.pt\\\/#website\"},\"primaryImageOfPage\":{\"@id\":\"https:\\\/\\\/motorpor.pt\\\/mg-zs-agora-e-hibrido-e-tem-um-novo-visual\\\/#primaryimage\"},\"image\":{\"@id\":\"https:\\\/\\\/motorpor.pt\\\/mg-zs-agora-e-hibrido-e-tem-um-novo-visual\\\/#primaryimage\"},\"thumbnailUrl\":\"https:\\\/\\\/motorpor.pt\\\/wp-content\\\/uploads\\\/2024\\\/09\\\/MG-ZS-Hybrid-1.png\",\"datePublished\":\"2024-09-03T11:47:02+00:00\",\"breadcrumb\":{\"@id\":\"https:\\\/\\\/motorpor.pt\\\/mg-zs-agora-e-hibrido-e-tem-um-novo-visual\\\/#breadcrumb\"},\"inLanguage\":\"en-US\",\"potentialAction\":[{\"@type\":\"ReadAction\",\"target\":[\"https:\\\/\\\/motorpor.pt\\\/mg-zs-agora-e-hibrido-e-tem-um-novo-visual\\\/\"]}]},{\"@type\":\"ImageObject\",\"inLanguage\":\"en-US\",\"@id\":\"https:\\\/\\\/motorpor.pt\\\/mg-zs-agora-e-hibrido-e-tem-um-novo-visual\\\/#primaryimage\",\"url\":\"https:\\\/\\\/motorpor.pt\\\/wp-content\\\/uploads\\\/2024\\\/09\\\/MG-ZS-Hybrid-1.png\",\"contentUrl\":\"https:\\\/\\\/motorpor.pt\\\/wp-content\\\/uploads\\\/2024\\\/09\\\/MG-ZS-Hybrid-1.png\",\"width\":1287,\"height\":722},{\"@type\":\"BreadcrumbList\",\"@id\":\"https:\\\/\\\/motorpor.pt\\\/mg-zs-agora-e-hibrido-e-tem-um-novo-visual\\\/#breadcrumb\",\"itemListElement\":[{\"@type\":\"ListItem\",\"position\":1,\"name\":\"In\u00edcio\",\"item\":\"https:\\\/\\\/motorpor.pt\\\/\"},{\"@type\":\"ListItem\",\"position\":2,\"name\":\"MG ZS agora \u00e9 h\u00edbrido e tem um novo visual\"}]},{\"@type\":\"WebSite\",\"@id\":\"https:\\\/\\\/motorpor.pt\\\/#website\",\"url\":\"https:\\\/\\\/motorpor.pt\\\/\",\"name\":\"Motorpor\",\"description\":\"Comercio de Autom\u00f3veis Multimarcas\",\"publisher\":{\"@id\":\"https:\\\/\\\/motorpor.pt\\\/#organization\"},\"potentialAction\":[{\"@type\":\"SearchAction\",\"target\":{\"@type\":\"EntryPoint\",\"urlTemplate\":\"https:\\\/\\\/motorpor.pt\\\/?s={search_term_string}\"},\"query-input\":{\"@type\":\"PropertyValueSpecification\",\"valueRequired\":true,\"valueName\":\"search_term_string\"}}],\"inLanguage\":\"en-US\"},{\"@type\":\"Organization\",\"@id\":\"https:\\\/\\\/motorpor.pt\\\/#organization\",\"name\":\"Motorpor\",\"alternateName\":\"Motorpor\",\"url\":\"https:\\\/\\\/motorpor.pt\\\/\",\"logo\":{\"@type\":\"ImageObject\",\"inLanguage\":\"en-US\",\"@id\":\"https:\\\/\\\/motorpor.pt\\\/#\\\/schema\\\/logo\\\/image\\\/\",\"url\":\"https:\\\/\\\/motorpor.pt\\\/wp-content\\\/uploads\\\/2024\\\/07\\\/Logo-Motorpor-Preto.svg\",\"contentUrl\":\"https:\\\/\\\/motorpor.pt\\\/wp-content\\\/uploads\\\/2024\\\/07\\\/Logo-Motorpor-Preto.svg\",\"width\":493,\"height\":93,\"caption\":\"Motorpor\"},\"image\":{\"@id\":\"https:\\\/\\\/motorpor.pt\\\/#\\\/schema\\\/logo\\\/image\\\/\"},\"sameAs\":[\"https:\\\/\\\/www.linkedin.com\\\/company\\\/grupo-motorpor\"]},{\"@type\":\"Person\",\"@id\":\"https:\\\/\\\/motorpor.pt\\\/#\\\/schema\\\/person\\\/b4bf07144e88efed7388a5af30522db7\",\"name\":\"mktmotorpor\",\"image\":{\"@type\":\"ImageObject\",\"inLanguage\":\"en-US\",\"@id\":\"https:\\\/\\\/secure.gravatar.com\\\/avatar\\\/8418b61b3175dbba0a8744cf0ee6bb5c7a9f6c67f1dbc4f41a62d7b9738259a2?s=96&d=mm&r=g\",\"url\":\"https:\\\/\\\/secure.gravatar.com\\\/avatar\\\/8418b61b3175dbba0a8744cf0ee6bb5c7a9f6c67f1dbc4f41a62d7b9738259a2?s=96&d=mm&r=g\",\"contentUrl\":\"https:\\\/\\\/secure.gravatar.com\\\/avatar\\\/8418b61b3175dbba0a8744cf0ee6bb5c7a9f6c67f1dbc4f41a62d7b9738259a2?s=96&d=mm&r=g\",\"caption\":\"mktmotorpor\"},\"url\":\"https:\\\/\\\/motorpor.pt\\\/en\\\/user\\\/mktmotorpor\\\/\"}]}<\/script>\n<!-- \/ Yoast SEO plugin. -->","yoast_head_json":{"title":"MG ZS agora \u00e9 h\u00edbrido e tem um novo visual - Motorpor","robots":{"index":"index","follow":"follow","max-snippet":"max-snippet:-1","max-image-preview":"max-image-preview:large","max-video-preview":"max-video-preview:-1"},"canonical":"https:\/\/motorpor.pt\/en\/mg-zs-agora-e-hibrido-e-tem-um-novo-visual\/","og_locale":"en_US","og_type":"article","og_title":"MG ZS agora \u00e9 h\u00edbrido e tem um novo visual - Motorpor","og_description":"O MG ZS recebeu um novo visual e uma vers\u00e3o mais adaptada \u00e0s tend\u00eancias de mercado mais recentes. Chega em setembro a Portugal. A MG continua a refor\u00e7ar a sua presen\u00e7a no mercado, com a apresenta\u00e7\u00e3o do ZS Hybrid+. De acordo com o presidente da MG Iberia, Leo Zhang, o lan\u00e7amento do MG ZS h\u00edbrido [&hellip;]","og_url":"https:\/\/motorpor.pt\/en\/mg-zs-agora-e-hibrido-e-tem-um-novo-visual\/","og_site_name":"Motorpor","article_published_time":"2024-09-03T11:47:02+00:00","author":"mktmotorpor","twitter_card":"summary_large_image","twitter_misc":{"Written by":"mktmotorpor","Est. reading time":"1 minute"},"schema":{"@context":"https:\/\/schema.org","@graph":[{"@type":"Article","@id":"https:\/\/motorpor.pt\/mg-zs-agora-e-hibrido-e-tem-um-novo-visual\/#article","isPartOf":{"@id":"https:\/\/motorpor.pt\/mg-zs-agora-e-hibrido-e-tem-um-novo-visual\/"},"author":{"name":"mktmotorpor","@id":"https:\/\/motorpor.pt\/#\/schema\/person\/b4bf07144e88efed7388a5af30522db7"},"headline":"MG ZS agora \u00e9 h\u00edbrido e tem um novo visual","datePublished":"2024-09-03T11:47:02+00:00","mainEntityOfPage":{"@id":"https:\/\/motorpor.pt\/mg-zs-agora-e-hibrido-e-tem-um-novo-visual\/"},"wordCount":230,"publisher":{"@id":"https:\/\/motorpor.pt\/#organization"},"image":{"@id":"https:\/\/motorpor.pt\/mg-zs-agora-e-hibrido-e-tem-um-novo-visual\/#primaryimage"},"thumbnailUrl":"https:\/\/motorpor.pt\/wp-content\/uploads\/2024\/09\/MG-ZS-Hybrid-1.png","articleSection":["Atualidade","Destaques","Not\u00edcias","Not\u00edcias MG"],"inLanguage":"en-US"},{"@type":"WebPage","@id":"https:\/\/motorpor.pt\/mg-zs-agora-e-hibrido-e-tem-um-novo-visual\/","url":"https:\/\/motorpor.pt\/mg-zs-agora-e-hibrido-e-tem-um-novo-visual\/","name":"MG ZS agora \u00e9 h\u00edbrido e tem um novo visual - Motorpor","isPartOf":{"@id":"https:\/\/motorpor.pt\/#website"},"primaryImageOfPage":{"@id":"https:\/\/motorpor.pt\/mg-zs-agora-e-hibrido-e-tem-um-novo-visual\/#primaryimage"},"image":{"@id":"https:\/\/motorpor.pt\/mg-zs-agora-e-hibrido-e-tem-um-novo-visual\/#primaryimage"},"thumbnailUrl":"https:\/\/motorpor.pt\/wp-content\/uploads\/2024\/09\/MG-ZS-Hybrid-1.png","datePublished":"2024-09-03T11:47:02+00:00","breadcrumb":{"@id":"https:\/\/motorpor.pt\/mg-zs-agora-e-hibrido-e-tem-um-novo-visual\/#breadcrumb"},"inLanguage":"en-US","potentialAction":[{"@type":"ReadAction","target":["https:\/\/motorpor.pt\/mg-zs-agora-e-hibrido-e-tem-um-novo-visual\/"]}]},{"@type":"ImageObject","inLanguage":"en-US","@id":"https:\/\/motorpor.pt\/mg-zs-agora-e-hibrido-e-tem-um-novo-visual\/#primaryimage","url":"https:\/\/motorpor.pt\/wp-content\/uploads\/2024\/09\/MG-ZS-Hybrid-1.png","contentUrl":"https:\/\/motorpor.pt\/wp-content\/uploads\/2024\/09\/MG-ZS-Hybrid-1.png","width":1287,"height":722},{"@type":"BreadcrumbList","@id":"https:\/\/motorpor.pt\/mg-zs-agora-e-hibrido-e-tem-um-novo-visual\/#breadcrumb","itemListElement":[{"@type":"ListItem","position":1,"name":"In\u00edcio","item":"https:\/\/motorpor.pt\/"},{"@type":"ListItem","position":2,"name":"MG ZS agora \u00e9 h\u00edbrido e tem um novo visual"}]},{"@type":"WebSite","@id":"https:\/\/motorpor.pt\/#website","url":"https:\/\/motorpor.pt\/","name":"motorpor","description":"Comercio de Autom\u00f3veis Multimarcas","publisher":{"@id":"https:\/\/motorpor.pt\/#organization"},"potentialAction":[{"@type":"SearchAction","target":{"@type":"EntryPoint","urlTemplate":"https:\/\/motorpor.pt\/?s={search_term_string}"},"query-input":{"@type":"PropertyValueSpecification","valueRequired":true,"valueName":"search_term_string"}}],"inLanguage":"en-US"},{"@type":"Organization","@id":"https:\/\/motorpor.pt\/#organization","name":"motorpor","alternateName":"Motorpor","url":"https:\/\/motorpor.pt\/","logo":{"@type":"ImageObject","inLanguage":"en-US","@id":"https:\/\/motorpor.pt\/#\/schema\/logo\/image\/","url":"https:\/\/motorpor.pt\/wp-content\/uploads\/2024\/07\/Logo-Motorpor-Preto.svg","contentUrl":"https:\/\/motorpor.pt\/wp-content\/uploads\/2024\/07\/Logo-Motorpor-Preto.svg","width":493,"height":93,"caption":"Motorpor"},"image":{"@id":"https:\/\/motorpor.pt\/#\/schema\/logo\/image\/"},"sameAs":["https:\/\/www.linkedin.com\/company\/grupo-motorpor"]},{"@type":"Person","@id":"https:\/\/motorpor.pt\/#\/schema\/person\/b4bf07144e88efed7388a5af30522db7","name":"mktmotorpor","image":{"@type":"ImageObject","inLanguage":"en-US","@id":"https:\/\/secure.gravatar.com\/avatar\/8418b61b3175dbba0a8744cf0ee6bb5c7a9f6c67f1dbc4f41a62d7b9738259a2?s=96&d=mm&r=g","url":"https:\/\/secure.gravatar.com\/avatar\/8418b61b3175dbba0a8744cf0ee6bb5c7a9f6c67f1dbc4f41a62d7b9738259a2?s=96&d=mm&r=g","contentUrl":"https:\/\/secure.gravatar.com\/avatar\/8418b61b3175dbba0a8744cf0ee6bb5c7a9f6c67f1dbc4f41a62d7b9738259a2?s=96&d=mm&r=g","caption":"mktmotorpor"},"url":"https:\/\/motorpor.pt\/en\/user\/mktmotorpor\/"}]}},"_links":{"self":[{"href":"https:\/\/motorpor.pt\/en\/wp-json\/wp\/v2\/posts\/93788","targetHints":{"allow":["GET"]}}],"collection":[{"href":"https:\/\/motorpor.pt\/en\/wp-json\/wp\/v2\/posts"}],"about":[{"href":"https:\/\/motorpor.pt\/en\/wp-json\/wp\/v2\/types\/post"}],"author":[{"embeddable":true,"href":"https:\/\/motorpor.pt\/en\/wp-json\/wp\/v2\/users\/85"}],"replies":[{"embeddable":true,"href":"https:\/\/motorpor.pt\/en\/wp-json\/wp\/v2\/comments?post=93788"}],"version-history":[{"count":0,"href":"https:\/\/motorpor.pt\/en\/wp-json\/wp\/v2\/posts\/93788\/revisions"}],"wp:featuredmedia":[{"embeddable":true,"href":"https:\/\/motorpor.pt\/en\/wp-json\/wp\/v2\/media\/93787"}],"wp:attachment":[{"href":"https:\/\/motorpor.pt\/en\/wp-json\/wp\/v2\/media?parent=93788"}],"wp:term":[{"taxonomy":"category","embeddable":true,"href":"https:\/\/motorpor.pt\/en\/wp-json\/wp\/v2\/categories?post=93788"},{"taxonomy":"post_tag","embeddable":true,"href":"https:\/\/motorpor.pt\/en\/wp-json\/wp\/v2\/tags?post=93788"}],"curies":[{"name":"wp","href":"https:\/\/api.w.org\/{rel}","templated":true}]}}