{"id":93838,"date":"2025-01-09T00:00:00","date_gmt":"2024-09-04T15:10:38","guid":{"rendered":"https:\/\/motorpor.pt\/novo-jeep-avenger-eletrico-totalmente-equipado-por-199eiva\/"},"modified":"2025-01-09T16:02:37","modified_gmt":"2025-01-09T15:02:37","slug":"novo-jeep-avenger-eletrico-totalmente-equipado-por-199eiva","status":"publish","type":"post","link":"https:\/\/motorpor.pt\/en\/novo-jeep-avenger-eletrico-totalmente-equipado-por-199eiva\/","title":{"rendered":"NOVO JEEP\u00ae AVENGER EL\u00c9TRICO TOTALMENTE EQUIPADO POR 199\u20ac+IVA"},"content":{"rendered":"<h2><strong>O novo Jeep<sub>\u00ae<\/sub> Avenger incorpora o ADN da marca, gra\u00e7as \u00e0 sua combina\u00e7\u00e3o \u00fanica de estilo, funcionalidade , tecnologia e capacidade para todas as condi\u00e7\u00f5es climat\u00e9ricas e todo o terreno. E, acima de tudo, est\u00e1 dispon\u00edvel em tr\u00eas unidades de tra\u00e7\u00e3o diferentes para proporcionar a liberdade de que precisa ao longo das suas viagens.<\/strong><\/h2>\n<p>\u00a0<\/p>\n<h2><strong>Agora por 199\u20ac*<\/strong><\/h2>\n<p>\u00a0<\/p>\n<p>Inclu\u00ed Wallbox e 4 anos de garantia<\/p>\n<p>\u00a0<\/p>\n<h2><strong>Equipamento de S\u00e9rie:<\/strong><\/h2>\n<p><strong>\u00a0<\/strong><\/p>\n<p>Sistema multim\u00e9dia Uconnect r\u00e1dio 10,25&#8243; (MP3, AUX, USB, Bluetooth) + Apple Carplay &amp; Android Auto<br \/>\nTFT premium a cores 10,25&#8243; no painel de instrumentos<br \/>\nCarregamento de telem\u00f3veis sem fios<br \/>\nUconnect Services<br \/>\nCarregador a bordo de 11kw<br \/>\nCruise control adaptativo<br \/>\nKeyless Entry&amp;Go<br \/>\nAr condicionado automatico<br \/>\nJantes em liga leve de 18\u201d<br \/>\nC\u00e2mara de estacionamento traseira com grelha din\u00e2mica<br \/>\nSensores de estacionamento 360\u00ba<br \/>\nJantes em liga leve de 18&#8243;<br \/>\nSeletor de modo de condu\u00e7\u00e3o (Eco, Normal, Sport, Sand, Mud, Snow)<br \/>\nSensor de chuva<br \/>\nAuto High Beam &#8211; Regula\u00e7\u00e3o autom\u00e1tica de m\u00e1ximos<br \/>\nSistema de reconhecimento de pe\u00f5es e ciclistas<br \/>\nCondu\u00e7\u00e3o assistida de n\u00edvel 2<br \/>\nMonitoriza\u00e7\u00e3o de \u00e2ngulo morto<br \/>\nHill Descent Control &#8211; Controlo de descida de declives<\/p>\n<p><strong>Equipamento Opcional Inclu\u00eddo:<\/strong><\/p>\n<p>\u00a0<\/p>\n<p>Pintura bicolor<br \/>\nTeto de abrir el\u00e9trico<br \/>\nPack Winter &amp; Leather:<br \/>\n&#8211; estofos em pele<br \/>\n&#8211; para-brisas t\u00e9rmico aquecido<br \/>\n&#8211; banco do condutor com fun\u00e7\u00e3o de massagem e ajust\u00e1vel eletricamente em 6 modos<br \/>\n&#8211; bancos do passageiro ajust\u00e1vel manualmente em 6 modos<br \/>\n&#8211; bancos dianteiros aquecidos<br \/>\nPack Infotainment &amp; Convenience:<br \/>\n&#8211; informa\u00e7\u00f5es sobre sinaliza\u00e7\u00e3o de tr\u00e2nsito<br \/>\n&#8211; Keyless Entry<br \/>\n&#8211; porta da bagageira com abertura e fecho autom\u00e1tico<br \/>\n&#8211; sistema multim\u00e9dia Uconnect r\u00e1dio 10,25&#8243; NAV<\/p>\n<p>\u00a0<\/p>\n<p>*Contrato de cr\u00e9dito autom\u00f3vel com reserva de propriedade para 36 meses \/ 30.000 km, exemplo para AVENGER Summit 100% El\u00e9trico 115KW &#8211; Equipado, PVPR de 47.003,02\u20ac, PVP campanha de 37.003,02\u20ac, inclui DLTP , entrada inicial de 8.850\u20ac, montante financiado de 28.153,02\u20ac, 35 presta\u00e7\u00f5es de 199\u20ac, presta\u00e7\u00e3o final de 24.646,62\u20ac, taxa fixa, TAN de 4,200% e TAEG de 6,2% para um MTIC de 32.831,76\u20ac. Acresce comiss\u00e3o de abertura de contrato de 650\u20ac, de reconhecimento e envio da declara\u00e7\u00e3o de extin\u00e7\u00e3o de reserva de 75\u20ac e 32,50\u20ac de custo de extin\u00e7\u00e3o de reserva. Condi\u00e7\u00f5es v\u00e1lidas at\u00e9 31\/01\/2025, para clientes particulares. Financiado por Stellantis Financial Services, uma marca Santander Consumer Finance, S.A, Sucursal em Portugal. A FCA Portugal, S.A. registada no Banco de Portugal sob o n\u00ba 7205 como intermedi\u00e1rio de cr\u00e9dito a t\u00edtulo acess\u00f3rio, actua sem caracter de exclusividade. Informe-se no Santander Consumer Finance. *Valor Final Garantido, condicionado ao cumprimento de condi\u00e7\u00f5es. Jeep\u00ae Avenger el\u00e9trico: Coonsumo el\u00e9trico 16 &#8211; 15,4 kWh\/100km; Emiss\u00e3o de CO2: 0 g\/km. Autonomia: 400 &#8211; 385 km. Valores determinados com base no ciclo combinado WLTP. Os valores indicados s\u00e3o para efeitos comparativos. Os valores reais de consumo e autonomia dependem de muitos fatores associados, como, a t\u00edtulo exemplificativo, mas n\u00e3o limitativo, o estilo de condu\u00e7\u00e3o, o percurso, o tempo e as condi\u00e7\u00f5es da estrada, para al\u00e9m das condi\u00e7\u00f5es, do tipo de utiliza\u00e7\u00e3o e do equipamento do ve\u00edculo.n\u00e1lise de cr\u00e9dito e valida\u00e7\u00e3o por parte da Leasys.<\/p>","protected":false},"excerpt":{"rendered":"<p>O novo Jeep\u00ae Avenger incorpora o ADN da marca, gra\u00e7as \u00e0 sua combina\u00e7\u00e3o \u00fanica de estilo, funcionalidade , tecnologia e capacidade para todas as condi\u00e7\u00f5es climat\u00e9ricas e todo o terreno. E, acima de tudo, est\u00e1 dispon\u00edvel em tr\u00eas unidades de tra\u00e7\u00e3o diferentes para proporcionar a liberdade de que precisa ao longo das suas viagens. \u00a0 [&hellip;]<\/p>\n","protected":false},"author":85,"featured_media":93837,"comment_status":"closed","ping_status":"open","sticky":false,"template":"","format":"standard","meta":{"_acf_changed":false,"footnotes":""},"categories":[2495,2997,2584],"tags":[],"class_list":["post-93838","post","type-post","status-publish","format-standard","has-post-thumbnail","hentry","category-campanhas","category-jeep","category-novos"],"acf":[],"yoast_head":"<!-- This site is optimized with the Yoast SEO plugin v27.5 - https:\/\/yoast.com\/product\/yoast-seo-wordpress\/ -->\n<title>NOVO JEEP\u00ae AVENGER EL\u00c9TRICO TOTALMENTE EQUIPADO POR 199\u20ac+IVA - Motorpor<\/title>\n<meta name=\"robots\" content=\"index, follow, max-snippet:-1, max-image-preview:large, max-video-preview:-1\" \/>\n<link rel=\"canonical\" href=\"https:\/\/motorpor.pt\/en\/novo-jeep-avenger-eletrico-totalmente-equipado-por-199eiva\/\" \/>\n<meta property=\"og:locale\" content=\"en_US\" \/>\n<meta property=\"og:type\" content=\"article\" \/>\n<meta property=\"og:title\" content=\"NOVO JEEP\u00ae AVENGER EL\u00c9TRICO TOTALMENTE EQUIPADO POR 199\u20ac+IVA - Motorpor\" \/>\n<meta property=\"og:description\" content=\"O novo Jeep\u00ae Avenger incorpora o ADN da marca, gra\u00e7as \u00e0 sua combina\u00e7\u00e3o \u00fanica de estilo, funcionalidade , tecnologia e capacidade para todas as condi\u00e7\u00f5es climat\u00e9ricas e todo o terreno. E, acima de tudo, est\u00e1 dispon\u00edvel em tr\u00eas unidades de tra\u00e7\u00e3o diferentes para proporcionar a liberdade de que precisa ao longo das suas viagens. \u00a0 [&hellip;]\" \/>\n<meta property=\"og:url\" content=\"https:\/\/motorpor.pt\/en\/novo-jeep-avenger-eletrico-totalmente-equipado-por-199eiva\/\" \/>\n<meta property=\"og:site_name\" content=\"Motorpor\" \/>\n<meta property=\"article:published_time\" content=\"2024-09-04T15:10:38+00:00\" \/>\n<meta property=\"article:modified_time\" content=\"2025-01-09T15:02:37+00:00\" \/>\n<meta property=\"og:image\" content=\"https:\/\/motorpor.pt\/wp-content\/uploads\/2024\/09\/HP_13-1-1-1024x323-1.png\" \/>\n\t<meta property=\"og:image:width\" content=\"1024\" \/>\n\t<meta property=\"og:image:height\" content=\"323\" \/>\n\t<meta property=\"og:image:type\" content=\"image\/png\" \/>\n<meta name=\"author\" content=\"mktmotorpor\" \/>\n<meta name=\"twitter:card\" content=\"summary_large_image\" \/>\n<meta name=\"twitter:label1\" content=\"Written by\" \/>\n\t<meta name=\"twitter:data1\" content=\"mktmotorpor\" \/>\n\t<meta name=\"twitter:label2\" content=\"Est. reading time\" \/>\n\t<meta name=\"twitter:data2\" content=\"3 minutes\" \/>\n<script type=\"application\/ld+json\" class=\"yoast-schema-graph\">{\"@context\":\"https:\\\/\\\/schema.org\",\"@graph\":[{\"@type\":\"Article\",\"@id\":\"https:\\\/\\\/motorpor.pt\\\/novo-jeep-avenger-eletrico-totalmente-equipado-por-199eiva\\\/#article\",\"isPartOf\":{\"@id\":\"https:\\\/\\\/motorpor.pt\\\/novo-jeep-avenger-eletrico-totalmente-equipado-por-199eiva\\\/\"},\"author\":{\"name\":\"mktmotorpor\",\"@id\":\"https:\\\/\\\/motorpor.pt\\\/#\\\/schema\\\/person\\\/b4bf07144e88efed7388a5af30522db7\"},\"headline\":\"NOVO JEEP\u00ae AVENGER EL\u00c9TRICO TOTALMENTE EQUIPADO POR 199\u20ac+IVA\",\"datePublished\":\"2024-09-04T15:10:38+00:00\",\"dateModified\":\"2025-01-09T15:02:37+00:00\",\"mainEntityOfPage\":{\"@id\":\"https:\\\/\\\/motorpor.pt\\\/novo-jeep-avenger-eletrico-totalmente-equipado-por-199eiva\\\/\"},\"wordCount\":536,\"publisher\":{\"@id\":\"https:\\\/\\\/motorpor.pt\\\/#organization\"},\"image\":{\"@id\":\"https:\\\/\\\/motorpor.pt\\\/novo-jeep-avenger-eletrico-totalmente-equipado-por-199eiva\\\/#primaryimage\"},\"thumbnailUrl\":\"https:\\\/\\\/motorpor.pt\\\/wp-content\\\/uploads\\\/2024\\\/09\\\/HP_13-1-1-1.png\",\"articleSection\":[\"Campanhas\",\"Jeep\",\"Novos\"],\"inLanguage\":\"en-US\"},{\"@type\":\"WebPage\",\"@id\":\"https:\\\/\\\/motorpor.pt\\\/novo-jeep-avenger-eletrico-totalmente-equipado-por-199eiva\\\/\",\"url\":\"https:\\\/\\\/motorpor.pt\\\/novo-jeep-avenger-eletrico-totalmente-equipado-por-199eiva\\\/\",\"name\":\"NOVO JEEP\u00ae AVENGER EL\u00c9TRICO TOTALMENTE EQUIPADO POR 199\u20ac+IVA - Motorpor\",\"isPartOf\":{\"@id\":\"https:\\\/\\\/motorpor.pt\\\/#website\"},\"primaryImageOfPage\":{\"@id\":\"https:\\\/\\\/motorpor.pt\\\/novo-jeep-avenger-eletrico-totalmente-equipado-por-199eiva\\\/#primaryimage\"},\"image\":{\"@id\":\"https:\\\/\\\/motorpor.pt\\\/novo-jeep-avenger-eletrico-totalmente-equipado-por-199eiva\\\/#primaryimage\"},\"thumbnailUrl\":\"https:\\\/\\\/motorpor.pt\\\/wp-content\\\/uploads\\\/2024\\\/09\\\/HP_13-1-1-1.png\",\"datePublished\":\"2024-09-04T15:10:38+00:00\",\"dateModified\":\"2025-01-09T15:02:37+00:00\",\"breadcrumb\":{\"@id\":\"https:\\\/\\\/motorpor.pt\\\/novo-jeep-avenger-eletrico-totalmente-equipado-por-199eiva\\\/#breadcrumb\"},\"inLanguage\":\"en-US\",\"potentialAction\":[{\"@type\":\"ReadAction\",\"target\":[\"https:\\\/\\\/motorpor.pt\\\/novo-jeep-avenger-eletrico-totalmente-equipado-por-199eiva\\\/\"]}]},{\"@type\":\"ImageObject\",\"inLanguage\":\"en-US\",\"@id\":\"https:\\\/\\\/motorpor.pt\\\/novo-jeep-avenger-eletrico-totalmente-equipado-por-199eiva\\\/#primaryimage\",\"url\":\"https:\\\/\\\/motorpor.pt\\\/wp-content\\\/uploads\\\/2024\\\/09\\\/HP_13-1-1-1.png\",\"contentUrl\":\"https:\\\/\\\/motorpor.pt\\\/wp-content\\\/uploads\\\/2024\\\/09\\\/HP_13-1-1-1.png\",\"width\":3200,\"height\":1010},{\"@type\":\"BreadcrumbList\",\"@id\":\"https:\\\/\\\/motorpor.pt\\\/novo-jeep-avenger-eletrico-totalmente-equipado-por-199eiva\\\/#breadcrumb\",\"itemListElement\":[{\"@type\":\"ListItem\",\"position\":1,\"name\":\"In\u00edcio\",\"item\":\"https:\\\/\\\/motorpor.pt\\\/\"},{\"@type\":\"ListItem\",\"position\":2,\"name\":\"NOVO JEEP\u00ae AVENGER EL\u00c9TRICO TOTALMENTE EQUIPADO POR 199\u20ac+IVA\"}]},{\"@type\":\"WebSite\",\"@id\":\"https:\\\/\\\/motorpor.pt\\\/#website\",\"url\":\"https:\\\/\\\/motorpor.pt\\\/\",\"name\":\"Motorpor\",\"description\":\"Comercio de Autom\u00f3veis Multimarcas\",\"publisher\":{\"@id\":\"https:\\\/\\\/motorpor.pt\\\/#organization\"},\"potentialAction\":[{\"@type\":\"SearchAction\",\"target\":{\"@type\":\"EntryPoint\",\"urlTemplate\":\"https:\\\/\\\/motorpor.pt\\\/?s={search_term_string}\"},\"query-input\":{\"@type\":\"PropertyValueSpecification\",\"valueRequired\":true,\"valueName\":\"search_term_string\"}}],\"inLanguage\":\"en-US\"},{\"@type\":\"Organization\",\"@id\":\"https:\\\/\\\/motorpor.pt\\\/#organization\",\"name\":\"Motorpor\",\"alternateName\":\"Motorpor\",\"url\":\"https:\\\/\\\/motorpor.pt\\\/\",\"logo\":{\"@type\":\"ImageObject\",\"inLanguage\":\"en-US\",\"@id\":\"https:\\\/\\\/motorpor.pt\\\/#\\\/schema\\\/logo\\\/image\\\/\",\"url\":\"https:\\\/\\\/motorpor.pt\\\/wp-content\\\/uploads\\\/2024\\\/07\\\/Logo-Motorpor-Preto.svg\",\"contentUrl\":\"https:\\\/\\\/motorpor.pt\\\/wp-content\\\/uploads\\\/2024\\\/07\\\/Logo-Motorpor-Preto.svg\",\"width\":493,\"height\":93,\"caption\":\"Motorpor\"},\"image\":{\"@id\":\"https:\\\/\\\/motorpor.pt\\\/#\\\/schema\\\/logo\\\/image\\\/\"},\"sameAs\":[\"https:\\\/\\\/www.linkedin.com\\\/company\\\/grupo-motorpor\"]},{\"@type\":\"Person\",\"@id\":\"https:\\\/\\\/motorpor.pt\\\/#\\\/schema\\\/person\\\/b4bf07144e88efed7388a5af30522db7\",\"name\":\"mktmotorpor\",\"image\":{\"@type\":\"ImageObject\",\"inLanguage\":\"en-US\",\"@id\":\"https:\\\/\\\/secure.gravatar.com\\\/avatar\\\/8418b61b3175dbba0a8744cf0ee6bb5c7a9f6c67f1dbc4f41a62d7b9738259a2?s=96&d=mm&r=g\",\"url\":\"https:\\\/\\\/secure.gravatar.com\\\/avatar\\\/8418b61b3175dbba0a8744cf0ee6bb5c7a9f6c67f1dbc4f41a62d7b9738259a2?s=96&d=mm&r=g\",\"contentUrl\":\"https:\\\/\\\/secure.gravatar.com\\\/avatar\\\/8418b61b3175dbba0a8744cf0ee6bb5c7a9f6c67f1dbc4f41a62d7b9738259a2?s=96&d=mm&r=g\",\"caption\":\"mktmotorpor\"},\"url\":\"https:\\\/\\\/motorpor.pt\\\/en\\\/user\\\/mktmotorpor\\\/\"}]}<\/script>\n<!-- \/ Yoast SEO plugin. -->","yoast_head_json":{"title":"NOVO JEEP\u00ae AVENGER EL\u00c9TRICO TOTALMENTE EQUIPADO POR 199\u20ac+IVA - Motorpor","robots":{"index":"index","follow":"follow","max-snippet":"max-snippet:-1","max-image-preview":"max-image-preview:large","max-video-preview":"max-video-preview:-1"},"canonical":"https:\/\/motorpor.pt\/en\/novo-jeep-avenger-eletrico-totalmente-equipado-por-199eiva\/","og_locale":"en_US","og_type":"article","og_title":"NOVO JEEP\u00ae AVENGER EL\u00c9TRICO TOTALMENTE EQUIPADO POR 199\u20ac+IVA - Motorpor","og_description":"O novo Jeep\u00ae Avenger incorpora o ADN da marca, gra\u00e7as \u00e0 sua combina\u00e7\u00e3o \u00fanica de estilo, funcionalidade , tecnologia e capacidade para todas as condi\u00e7\u00f5es climat\u00e9ricas e todo o terreno. E, acima de tudo, est\u00e1 dispon\u00edvel em tr\u00eas unidades de tra\u00e7\u00e3o diferentes para proporcionar a liberdade de que precisa ao longo das suas viagens. \u00a0 [&hellip;]","og_url":"https:\/\/motorpor.pt\/en\/novo-jeep-avenger-eletrico-totalmente-equipado-por-199eiva\/","og_site_name":"Motorpor","article_published_time":"2024-09-04T15:10:38+00:00","article_modified_time":"2025-01-09T15:02:37+00:00","og_image":[{"width":1024,"height":323,"url":"https:\/\/motorpor.pt\/wp-content\/uploads\/2024\/09\/HP_13-1-1-1024x323-1.png","type":"image\/png"}],"author":"mktmotorpor","twitter_card":"summary_large_image","twitter_misc":{"Written by":"mktmotorpor","Est. reading time":"3 minutes"},"schema":{"@context":"https:\/\/schema.org","@graph":[{"@type":"Article","@id":"https:\/\/motorpor.pt\/novo-jeep-avenger-eletrico-totalmente-equipado-por-199eiva\/#article","isPartOf":{"@id":"https:\/\/motorpor.pt\/novo-jeep-avenger-eletrico-totalmente-equipado-por-199eiva\/"},"author":{"name":"mktmotorpor","@id":"https:\/\/motorpor.pt\/#\/schema\/person\/b4bf07144e88efed7388a5af30522db7"},"headline":"NOVO JEEP\u00ae AVENGER EL\u00c9TRICO TOTALMENTE EQUIPADO POR 199\u20ac+IVA","datePublished":"2024-09-04T15:10:38+00:00","dateModified":"2025-01-09T15:02:37+00:00","mainEntityOfPage":{"@id":"https:\/\/motorpor.pt\/novo-jeep-avenger-eletrico-totalmente-equipado-por-199eiva\/"},"wordCount":536,"publisher":{"@id":"https:\/\/motorpor.pt\/#organization"},"image":{"@id":"https:\/\/motorpor.pt\/novo-jeep-avenger-eletrico-totalmente-equipado-por-199eiva\/#primaryimage"},"thumbnailUrl":"https:\/\/motorpor.pt\/wp-content\/uploads\/2024\/09\/HP_13-1-1-1.png","articleSection":["Campanhas","Jeep","Novos"],"inLanguage":"en-US"},{"@type":"WebPage","@id":"https:\/\/motorpor.pt\/novo-jeep-avenger-eletrico-totalmente-equipado-por-199eiva\/","url":"https:\/\/motorpor.pt\/novo-jeep-avenger-eletrico-totalmente-equipado-por-199eiva\/","name":"NOVO JEEP\u00ae AVENGER EL\u00c9TRICO TOTALMENTE EQUIPADO POR 199\u20ac+IVA - Motorpor","isPartOf":{"@id":"https:\/\/motorpor.pt\/#website"},"primaryImageOfPage":{"@id":"https:\/\/motorpor.pt\/novo-jeep-avenger-eletrico-totalmente-equipado-por-199eiva\/#primaryimage"},"image":{"@id":"https:\/\/motorpor.pt\/novo-jeep-avenger-eletrico-totalmente-equipado-por-199eiva\/#primaryimage"},"thumbnailUrl":"https:\/\/motorpor.pt\/wp-content\/uploads\/2024\/09\/HP_13-1-1-1.png","datePublished":"2024-09-04T15:10:38+00:00","dateModified":"2025-01-09T15:02:37+00:00","breadcrumb":{"@id":"https:\/\/motorpor.pt\/novo-jeep-avenger-eletrico-totalmente-equipado-por-199eiva\/#breadcrumb"},"inLanguage":"en-US","potentialAction":[{"@type":"ReadAction","target":["https:\/\/motorpor.pt\/novo-jeep-avenger-eletrico-totalmente-equipado-por-199eiva\/"]}]},{"@type":"ImageObject","inLanguage":"en-US","@id":"https:\/\/motorpor.pt\/novo-jeep-avenger-eletrico-totalmente-equipado-por-199eiva\/#primaryimage","url":"https:\/\/motorpor.pt\/wp-content\/uploads\/2024\/09\/HP_13-1-1-1.png","contentUrl":"https:\/\/motorpor.pt\/wp-content\/uploads\/2024\/09\/HP_13-1-1-1.png","width":3200,"height":1010},{"@type":"BreadcrumbList","@id":"https:\/\/motorpor.pt\/novo-jeep-avenger-eletrico-totalmente-equipado-por-199eiva\/#breadcrumb","itemListElement":[{"@type":"ListItem","position":1,"name":"In\u00edcio","item":"https:\/\/motorpor.pt\/"},{"@type":"ListItem","position":2,"name":"NOVO JEEP\u00ae AVENGER EL\u00c9TRICO TOTALMENTE EQUIPADO POR 199\u20ac+IVA"}]},{"@type":"WebSite","@id":"https:\/\/motorpor.pt\/#website","url":"https:\/\/motorpor.pt\/","name":"motorpor","description":"Comercio de Autom\u00f3veis Multimarcas","publisher":{"@id":"https:\/\/motorpor.pt\/#organization"},"potentialAction":[{"@type":"SearchAction","target":{"@type":"EntryPoint","urlTemplate":"https:\/\/motorpor.pt\/?s={search_term_string}"},"query-input":{"@type":"PropertyValueSpecification","valueRequired":true,"valueName":"search_term_string"}}],"inLanguage":"en-US"},{"@type":"Organization","@id":"https:\/\/motorpor.pt\/#organization","name":"motorpor","alternateName":"Motorpor","url":"https:\/\/motorpor.pt\/","logo":{"@type":"ImageObject","inLanguage":"en-US","@id":"https:\/\/motorpor.pt\/#\/schema\/logo\/image\/","url":"https:\/\/motorpor.pt\/wp-content\/uploads\/2024\/07\/Logo-Motorpor-Preto.svg","contentUrl":"https:\/\/motorpor.pt\/wp-content\/uploads\/2024\/07\/Logo-Motorpor-Preto.svg","width":493,"height":93,"caption":"Motorpor"},"image":{"@id":"https:\/\/motorpor.pt\/#\/schema\/logo\/image\/"},"sameAs":["https:\/\/www.linkedin.com\/company\/grupo-motorpor"]},{"@type":"Person","@id":"https:\/\/motorpor.pt\/#\/schema\/person\/b4bf07144e88efed7388a5af30522db7","name":"mktmotorpor","image":{"@type":"ImageObject","inLanguage":"en-US","@id":"https:\/\/secure.gravatar.com\/avatar\/8418b61b3175dbba0a8744cf0ee6bb5c7a9f6c67f1dbc4f41a62d7b9738259a2?s=96&d=mm&r=g","url":"https:\/\/secure.gravatar.com\/avatar\/8418b61b3175dbba0a8744cf0ee6bb5c7a9f6c67f1dbc4f41a62d7b9738259a2?s=96&d=mm&r=g","contentUrl":"https:\/\/secure.gravatar.com\/avatar\/8418b61b3175dbba0a8744cf0ee6bb5c7a9f6c67f1dbc4f41a62d7b9738259a2?s=96&d=mm&r=g","caption":"mktmotorpor"},"url":"https:\/\/motorpor.pt\/en\/user\/mktmotorpor\/"}]}},"_links":{"self":[{"href":"https:\/\/motorpor.pt\/en\/wp-json\/wp\/v2\/posts\/93838","targetHints":{"allow":["GET"]}}],"collection":[{"href":"https:\/\/motorpor.pt\/en\/wp-json\/wp\/v2\/posts"}],"about":[{"href":"https:\/\/motorpor.pt\/en\/wp-json\/wp\/v2\/types\/post"}],"author":[{"embeddable":true,"href":"https:\/\/motorpor.pt\/en\/wp-json\/wp\/v2\/users\/85"}],"replies":[{"embeddable":true,"href":"https:\/\/motorpor.pt\/en\/wp-json\/wp\/v2\/comments?post=93838"}],"version-history":[{"count":4,"href":"https:\/\/motorpor.pt\/en\/wp-json\/wp\/v2\/posts\/93838\/revisions"}],"predecessor-version":[{"id":109251,"href":"https:\/\/motorpor.pt\/en\/wp-json\/wp\/v2\/posts\/93838\/revisions\/109251"}],"wp:featuredmedia":[{"embeddable":true,"href":"https:\/\/motorpor.pt\/en\/wp-json\/wp\/v2\/media\/93837"}],"wp:attachment":[{"href":"https:\/\/motorpor.pt\/en\/wp-json\/wp\/v2\/media?parent=93838"}],"wp:term":[{"taxonomy":"category","embeddable":true,"href":"https:\/\/motorpor.pt\/en\/wp-json\/wp\/v2\/categories?post=93838"},{"taxonomy":"post_tag","embeddable":true,"href":"https:\/\/motorpor.pt\/en\/wp-json\/wp\/v2\/tags?post=93838"}],"curies":[{"name":"wp","href":"https:\/\/api.w.org\/{rel}","templated":true}]}}