{"id":94449,"date":"2024-09-17T11:14:08","date_gmt":"2024-09-17T10:14:08","guid":{"rendered":"https:\/\/motorpor.pt\/renault-master-vence-o-titulo-de-furgao-do-ano-2025\/"},"modified":"2024-09-17T11:14:08","modified_gmt":"2024-09-17T10:14:08","slug":"renault-master-vence-o-titulo-de-furgao-do-ano-2025","status":"publish","type":"post","link":"https:\/\/motorpor.pt\/en\/renault-master-vence-o-titulo-de-furgao-do-ano-2025\/","title":{"rendered":"Renault Master vence o t\u00edtulo de &#8220;Furg\u00e3o do ano 2025&#8221;"},"content":{"rendered":"<h5>O novo Renault Master ganhou o t\u00edtulo de \u201cFurg\u00e3o do Ano 2025\u201d, atribu\u00eddo pelo j\u00fari do \u201cInternational Van Of The Year\u201d (IVOTY).<\/h5>\n<p>O Renault Master recebeu o pr\u00e9mio na cerim\u00f3nia do International Van Of The Year (IVOTY) 2025, durante o IAA Transportation, em Hannover, a 16 de setembro. Foi eleito, por unanimidade, por um painel de especialistas, em representa\u00e7\u00e3o 25 pa\u00edses europeus.<\/p>\n<p>&#8220;O j\u00fari do IVOTY ficou impressionado com o design completamente novo e com os elevados n\u00edveis de inova\u00e7\u00e3o e tecnologia desenvolvidos para a nova gama Master, que apresenta assim uma aerodin\u00e2mica avan\u00e7ada, maior facilidade de utiliza\u00e7\u00e3o, maior efici\u00eancia, mais espa\u00e7o, seguran\u00e7a e conforto. Al\u00e9m disso, a nova plataforma modular permite a utiliza\u00e7\u00e3o de motores Diesel, el\u00e9tricos e a hidrog\u00e9nio. Tudo atributos que cumprem os crit\u00e9rios do programa dos pr\u00e9mios. Preparado para o futuro. Parab\u00e9ns \u00e0 Renault, em especial a toda a equipa do departamento dos ve\u00edculos comerciais ligeiros, por esta merecida conquista.&#8221; Avan\u00e7a Jarlath Sweeney, Chairman do J\u00fari do International Van of the Year Award (IVOTY).<\/p>\n<p>O Novo Renault Master \u00e9 o quinto furg\u00e3o da marca a conquistar este prestigiado t\u00edtulo, depois do Renault Master II (IVOTY 1998), do Renault Trafic II (IVOTY 2002), do Kangoo Z.E (IVOTY 2012) e do Kangoo Van III (IVOTY 2022). Depois do Renault Scenic E-Tech 100% el\u00e9trico, eleito o \u201cCarro do Ano\u201d, em fevereiro passado, a Renault conquista agora a dobradinha do \u201cCarro do Ano\u201d e \u201cFurg\u00e3o do Ano\u201d.<\/p>","protected":false},"excerpt":{"rendered":"<p>O novo Renault Master ganhou o t\u00edtulo de \u201cFurg\u00e3o do Ano 2025\u201d, atribu\u00eddo pelo j\u00fari do \u201cInternational Van Of The Year\u201d (IVOTY). O Renault Master recebeu o pr\u00e9mio na cerim\u00f3nia do International Van Of The Year (IVOTY) 2025, durante o IAA Transportation, em Hannover, a 16 de setembro. Foi eleito, por unanimidade, por um painel [&hellip;]<\/p>\n","protected":false},"author":85,"featured_media":94448,"comment_status":"","ping_status":"open","sticky":false,"template":"","format":"standard","meta":{"_acf_changed":false,"footnotes":""},"categories":[2595,2594,2592,3095],"tags":[],"class_list":["post-94449","post","type-post","status-publish","format-standard","has-post-thumbnail","hentry","category-atualidade","category-destaques","category-noticias","category-noticias-renault"],"acf":[],"yoast_head":"<!-- This site is optimized with the Yoast SEO plugin v27.5 - https:\/\/yoast.com\/product\/yoast-seo-wordpress\/ -->\n<title>Renault Master vence o t\u00edtulo de &quot;Furg\u00e3o do ano 2025&quot; - Motorpor<\/title>\n<meta name=\"robots\" content=\"index, follow, max-snippet:-1, max-image-preview:large, max-video-preview:-1\" \/>\n<link rel=\"canonical\" href=\"https:\/\/motorpor.pt\/en\/renault-master-vence-o-titulo-de-furgao-do-ano-2025\/\" \/>\n<meta property=\"og:locale\" content=\"en_US\" \/>\n<meta property=\"og:type\" content=\"article\" \/>\n<meta property=\"og:title\" content=\"Renault Master vence o t\u00edtulo de &quot;Furg\u00e3o do ano 2025&quot; - Motorpor\" \/>\n<meta property=\"og:description\" content=\"O novo Renault Master ganhou o t\u00edtulo de \u201cFurg\u00e3o do Ano 2025\u201d, atribu\u00eddo pelo j\u00fari do \u201cInternational Van Of The Year\u201d (IVOTY). O Renault Master recebeu o pr\u00e9mio na cerim\u00f3nia do International Van Of The Year (IVOTY) 2025, durante o IAA Transportation, em Hannover, a 16 de setembro. Foi eleito, por unanimidade, por um painel [&hellip;]\" \/>\n<meta property=\"og:url\" content=\"https:\/\/motorpor.pt\/en\/renault-master-vence-o-titulo-de-furgao-do-ano-2025\/\" \/>\n<meta property=\"og:site_name\" content=\"Motorpor\" \/>\n<meta property=\"article:published_time\" content=\"2024-09-17T10:14:08+00:00\" \/>\n<meta name=\"author\" content=\"mktmotorpor\" \/>\n<meta name=\"twitter:card\" content=\"summary_large_image\" \/>\n<meta name=\"twitter:label1\" content=\"Written by\" \/>\n\t<meta name=\"twitter:data1\" content=\"mktmotorpor\" \/>\n\t<meta name=\"twitter:label2\" content=\"Est. reading time\" \/>\n\t<meta name=\"twitter:data2\" content=\"1 minute\" \/>\n<script type=\"application\/ld+json\" class=\"yoast-schema-graph\">{\"@context\":\"https:\\\/\\\/schema.org\",\"@graph\":[{\"@type\":\"Article\",\"@id\":\"https:\\\/\\\/motorpor.pt\\\/renault-master-vence-o-titulo-de-furgao-do-ano-2025\\\/#article\",\"isPartOf\":{\"@id\":\"https:\\\/\\\/motorpor.pt\\\/renault-master-vence-o-titulo-de-furgao-do-ano-2025\\\/\"},\"author\":{\"name\":\"mktmotorpor\",\"@id\":\"https:\\\/\\\/motorpor.pt\\\/#\\\/schema\\\/person\\\/b4bf07144e88efed7388a5af30522db7\"},\"headline\":\"Renault Master vence o t\u00edtulo de &#8220;Furg\u00e3o do ano 2025&#8221;\",\"datePublished\":\"2024-09-17T10:14:08+00:00\",\"mainEntityOfPage\":{\"@id\":\"https:\\\/\\\/motorpor.pt\\\/renault-master-vence-o-titulo-de-furgao-do-ano-2025\\\/\"},\"wordCount\":269,\"publisher\":{\"@id\":\"https:\\\/\\\/motorpor.pt\\\/#organization\"},\"image\":{\"@id\":\"https:\\\/\\\/motorpor.pt\\\/renault-master-vence-o-titulo-de-furgao-do-ano-2025\\\/#primaryimage\"},\"thumbnailUrl\":\"https:\\\/\\\/motorpor.pt\\\/wp-content\\\/uploads\\\/2024\\\/09\\\/Novo-Renault-Master-Van-Of-The-Year-2025-1-1.jpg\",\"articleSection\":[\"Atualidade\",\"Destaques\",\"Not\u00edcias\",\"Not\u00edcias Renault\"],\"inLanguage\":\"en-US\"},{\"@type\":\"WebPage\",\"@id\":\"https:\\\/\\\/motorpor.pt\\\/renault-master-vence-o-titulo-de-furgao-do-ano-2025\\\/\",\"url\":\"https:\\\/\\\/motorpor.pt\\\/renault-master-vence-o-titulo-de-furgao-do-ano-2025\\\/\",\"name\":\"Renault Master vence o t\u00edtulo de \\\"Furg\u00e3o do ano 2025\\\" - Motorpor\",\"isPartOf\":{\"@id\":\"https:\\\/\\\/motorpor.pt\\\/#website\"},\"primaryImageOfPage\":{\"@id\":\"https:\\\/\\\/motorpor.pt\\\/renault-master-vence-o-titulo-de-furgao-do-ano-2025\\\/#primaryimage\"},\"image\":{\"@id\":\"https:\\\/\\\/motorpor.pt\\\/renault-master-vence-o-titulo-de-furgao-do-ano-2025\\\/#primaryimage\"},\"thumbnailUrl\":\"https:\\\/\\\/motorpor.pt\\\/wp-content\\\/uploads\\\/2024\\\/09\\\/Novo-Renault-Master-Van-Of-The-Year-2025-1-1.jpg\",\"datePublished\":\"2024-09-17T10:14:08+00:00\",\"breadcrumb\":{\"@id\":\"https:\\\/\\\/motorpor.pt\\\/renault-master-vence-o-titulo-de-furgao-do-ano-2025\\\/#breadcrumb\"},\"inLanguage\":\"en-US\",\"potentialAction\":[{\"@type\":\"ReadAction\",\"target\":[\"https:\\\/\\\/motorpor.pt\\\/renault-master-vence-o-titulo-de-furgao-do-ano-2025\\\/\"]}]},{\"@type\":\"ImageObject\",\"inLanguage\":\"en-US\",\"@id\":\"https:\\\/\\\/motorpor.pt\\\/renault-master-vence-o-titulo-de-furgao-do-ano-2025\\\/#primaryimage\",\"url\":\"https:\\\/\\\/motorpor.pt\\\/wp-content\\\/uploads\\\/2024\\\/09\\\/Novo-Renault-Master-Van-Of-The-Year-2025-1-1.jpg\",\"contentUrl\":\"https:\\\/\\\/motorpor.pt\\\/wp-content\\\/uploads\\\/2024\\\/09\\\/Novo-Renault-Master-Van-Of-The-Year-2025-1-1.jpg\",\"width\":2259,\"height\":1271},{\"@type\":\"BreadcrumbList\",\"@id\":\"https:\\\/\\\/motorpor.pt\\\/renault-master-vence-o-titulo-de-furgao-do-ano-2025\\\/#breadcrumb\",\"itemListElement\":[{\"@type\":\"ListItem\",\"position\":1,\"name\":\"In\u00edcio\",\"item\":\"https:\\\/\\\/motorpor.pt\\\/\"},{\"@type\":\"ListItem\",\"position\":2,\"name\":\"Renault Master vence o t\u00edtulo de &#8220;Furg\u00e3o do ano 2025&#8221;\"}]},{\"@type\":\"WebSite\",\"@id\":\"https:\\\/\\\/motorpor.pt\\\/#website\",\"url\":\"https:\\\/\\\/motorpor.pt\\\/\",\"name\":\"Motorpor\",\"description\":\"Comercio de Autom\u00f3veis Multimarcas\",\"publisher\":{\"@id\":\"https:\\\/\\\/motorpor.pt\\\/#organization\"},\"potentialAction\":[{\"@type\":\"SearchAction\",\"target\":{\"@type\":\"EntryPoint\",\"urlTemplate\":\"https:\\\/\\\/motorpor.pt\\\/?s={search_term_string}\"},\"query-input\":{\"@type\":\"PropertyValueSpecification\",\"valueRequired\":true,\"valueName\":\"search_term_string\"}}],\"inLanguage\":\"en-US\"},{\"@type\":\"Organization\",\"@id\":\"https:\\\/\\\/motorpor.pt\\\/#organization\",\"name\":\"Motorpor\",\"alternateName\":\"Motorpor\",\"url\":\"https:\\\/\\\/motorpor.pt\\\/\",\"logo\":{\"@type\":\"ImageObject\",\"inLanguage\":\"en-US\",\"@id\":\"https:\\\/\\\/motorpor.pt\\\/#\\\/schema\\\/logo\\\/image\\\/\",\"url\":\"https:\\\/\\\/motorpor.pt\\\/wp-content\\\/uploads\\\/2024\\\/07\\\/Logo-Motorpor-Preto.svg\",\"contentUrl\":\"https:\\\/\\\/motorpor.pt\\\/wp-content\\\/uploads\\\/2024\\\/07\\\/Logo-Motorpor-Preto.svg\",\"width\":493,\"height\":93,\"caption\":\"Motorpor\"},\"image\":{\"@id\":\"https:\\\/\\\/motorpor.pt\\\/#\\\/schema\\\/logo\\\/image\\\/\"},\"sameAs\":[\"https:\\\/\\\/www.linkedin.com\\\/company\\\/grupo-motorpor\"]},{\"@type\":\"Person\",\"@id\":\"https:\\\/\\\/motorpor.pt\\\/#\\\/schema\\\/person\\\/b4bf07144e88efed7388a5af30522db7\",\"name\":\"mktmotorpor\",\"image\":{\"@type\":\"ImageObject\",\"inLanguage\":\"en-US\",\"@id\":\"https:\\\/\\\/secure.gravatar.com\\\/avatar\\\/8418b61b3175dbba0a8744cf0ee6bb5c7a9f6c67f1dbc4f41a62d7b9738259a2?s=96&d=mm&r=g\",\"url\":\"https:\\\/\\\/secure.gravatar.com\\\/avatar\\\/8418b61b3175dbba0a8744cf0ee6bb5c7a9f6c67f1dbc4f41a62d7b9738259a2?s=96&d=mm&r=g\",\"contentUrl\":\"https:\\\/\\\/secure.gravatar.com\\\/avatar\\\/8418b61b3175dbba0a8744cf0ee6bb5c7a9f6c67f1dbc4f41a62d7b9738259a2?s=96&d=mm&r=g\",\"caption\":\"mktmotorpor\"},\"url\":\"https:\\\/\\\/motorpor.pt\\\/en\\\/user\\\/mktmotorpor\\\/\"}]}<\/script>\n<!-- \/ Yoast SEO plugin. -->","yoast_head_json":{"title":"Renault Master vence o t\u00edtulo de \"Furg\u00e3o do ano 2025\" - Motorpor","robots":{"index":"index","follow":"follow","max-snippet":"max-snippet:-1","max-image-preview":"max-image-preview:large","max-video-preview":"max-video-preview:-1"},"canonical":"https:\/\/motorpor.pt\/en\/renault-master-vence-o-titulo-de-furgao-do-ano-2025\/","og_locale":"en_US","og_type":"article","og_title":"Renault Master vence o t\u00edtulo de \"Furg\u00e3o do ano 2025\" - Motorpor","og_description":"O novo Renault Master ganhou o t\u00edtulo de \u201cFurg\u00e3o do Ano 2025\u201d, atribu\u00eddo pelo j\u00fari do \u201cInternational Van Of The Year\u201d (IVOTY). O Renault Master recebeu o pr\u00e9mio na cerim\u00f3nia do International Van Of The Year (IVOTY) 2025, durante o IAA Transportation, em Hannover, a 16 de setembro. Foi eleito, por unanimidade, por um painel [&hellip;]","og_url":"https:\/\/motorpor.pt\/en\/renault-master-vence-o-titulo-de-furgao-do-ano-2025\/","og_site_name":"Motorpor","article_published_time":"2024-09-17T10:14:08+00:00","author":"mktmotorpor","twitter_card":"summary_large_image","twitter_misc":{"Written by":"mktmotorpor","Est. reading time":"1 minute"},"schema":{"@context":"https:\/\/schema.org","@graph":[{"@type":"Article","@id":"https:\/\/motorpor.pt\/renault-master-vence-o-titulo-de-furgao-do-ano-2025\/#article","isPartOf":{"@id":"https:\/\/motorpor.pt\/renault-master-vence-o-titulo-de-furgao-do-ano-2025\/"},"author":{"name":"mktmotorpor","@id":"https:\/\/motorpor.pt\/#\/schema\/person\/b4bf07144e88efed7388a5af30522db7"},"headline":"Renault Master vence o t\u00edtulo de &#8220;Furg\u00e3o do ano 2025&#8221;","datePublished":"2024-09-17T10:14:08+00:00","mainEntityOfPage":{"@id":"https:\/\/motorpor.pt\/renault-master-vence-o-titulo-de-furgao-do-ano-2025\/"},"wordCount":269,"publisher":{"@id":"https:\/\/motorpor.pt\/#organization"},"image":{"@id":"https:\/\/motorpor.pt\/renault-master-vence-o-titulo-de-furgao-do-ano-2025\/#primaryimage"},"thumbnailUrl":"https:\/\/motorpor.pt\/wp-content\/uploads\/2024\/09\/Novo-Renault-Master-Van-Of-The-Year-2025-1-1.jpg","articleSection":["Atualidade","Destaques","Not\u00edcias","Not\u00edcias Renault"],"inLanguage":"en-US"},{"@type":"WebPage","@id":"https:\/\/motorpor.pt\/renault-master-vence-o-titulo-de-furgao-do-ano-2025\/","url":"https:\/\/motorpor.pt\/renault-master-vence-o-titulo-de-furgao-do-ano-2025\/","name":"Renault Master vence o t\u00edtulo de \"Furg\u00e3o do ano 2025\" - Motorpor","isPartOf":{"@id":"https:\/\/motorpor.pt\/#website"},"primaryImageOfPage":{"@id":"https:\/\/motorpor.pt\/renault-master-vence-o-titulo-de-furgao-do-ano-2025\/#primaryimage"},"image":{"@id":"https:\/\/motorpor.pt\/renault-master-vence-o-titulo-de-furgao-do-ano-2025\/#primaryimage"},"thumbnailUrl":"https:\/\/motorpor.pt\/wp-content\/uploads\/2024\/09\/Novo-Renault-Master-Van-Of-The-Year-2025-1-1.jpg","datePublished":"2024-09-17T10:14:08+00:00","breadcrumb":{"@id":"https:\/\/motorpor.pt\/renault-master-vence-o-titulo-de-furgao-do-ano-2025\/#breadcrumb"},"inLanguage":"en-US","potentialAction":[{"@type":"ReadAction","target":["https:\/\/motorpor.pt\/renault-master-vence-o-titulo-de-furgao-do-ano-2025\/"]}]},{"@type":"ImageObject","inLanguage":"en-US","@id":"https:\/\/motorpor.pt\/renault-master-vence-o-titulo-de-furgao-do-ano-2025\/#primaryimage","url":"https:\/\/motorpor.pt\/wp-content\/uploads\/2024\/09\/Novo-Renault-Master-Van-Of-The-Year-2025-1-1.jpg","contentUrl":"https:\/\/motorpor.pt\/wp-content\/uploads\/2024\/09\/Novo-Renault-Master-Van-Of-The-Year-2025-1-1.jpg","width":2259,"height":1271},{"@type":"BreadcrumbList","@id":"https:\/\/motorpor.pt\/renault-master-vence-o-titulo-de-furgao-do-ano-2025\/#breadcrumb","itemListElement":[{"@type":"ListItem","position":1,"name":"In\u00edcio","item":"https:\/\/motorpor.pt\/"},{"@type":"ListItem","position":2,"name":"Renault Master vence o t\u00edtulo de &#8220;Furg\u00e3o do ano 2025&#8221;"}]},{"@type":"WebSite","@id":"https:\/\/motorpor.pt\/#website","url":"https:\/\/motorpor.pt\/","name":"motorpor","description":"Comercio de Autom\u00f3veis Multimarcas","publisher":{"@id":"https:\/\/motorpor.pt\/#organization"},"potentialAction":[{"@type":"SearchAction","target":{"@type":"EntryPoint","urlTemplate":"https:\/\/motorpor.pt\/?s={search_term_string}"},"query-input":{"@type":"PropertyValueSpecification","valueRequired":true,"valueName":"search_term_string"}}],"inLanguage":"en-US"},{"@type":"Organization","@id":"https:\/\/motorpor.pt\/#organization","name":"motorpor","alternateName":"Motorpor","url":"https:\/\/motorpor.pt\/","logo":{"@type":"ImageObject","inLanguage":"en-US","@id":"https:\/\/motorpor.pt\/#\/schema\/logo\/image\/","url":"https:\/\/motorpor.pt\/wp-content\/uploads\/2024\/07\/Logo-Motorpor-Preto.svg","contentUrl":"https:\/\/motorpor.pt\/wp-content\/uploads\/2024\/07\/Logo-Motorpor-Preto.svg","width":493,"height":93,"caption":"Motorpor"},"image":{"@id":"https:\/\/motorpor.pt\/#\/schema\/logo\/image\/"},"sameAs":["https:\/\/www.linkedin.com\/company\/grupo-motorpor"]},{"@type":"Person","@id":"https:\/\/motorpor.pt\/#\/schema\/person\/b4bf07144e88efed7388a5af30522db7","name":"mktmotorpor","image":{"@type":"ImageObject","inLanguage":"en-US","@id":"https:\/\/secure.gravatar.com\/avatar\/8418b61b3175dbba0a8744cf0ee6bb5c7a9f6c67f1dbc4f41a62d7b9738259a2?s=96&d=mm&r=g","url":"https:\/\/secure.gravatar.com\/avatar\/8418b61b3175dbba0a8744cf0ee6bb5c7a9f6c67f1dbc4f41a62d7b9738259a2?s=96&d=mm&r=g","contentUrl":"https:\/\/secure.gravatar.com\/avatar\/8418b61b3175dbba0a8744cf0ee6bb5c7a9f6c67f1dbc4f41a62d7b9738259a2?s=96&d=mm&r=g","caption":"mktmotorpor"},"url":"https:\/\/motorpor.pt\/en\/user\/mktmotorpor\/"}]}},"_links":{"self":[{"href":"https:\/\/motorpor.pt\/en\/wp-json\/wp\/v2\/posts\/94449","targetHints":{"allow":["GET"]}}],"collection":[{"href":"https:\/\/motorpor.pt\/en\/wp-json\/wp\/v2\/posts"}],"about":[{"href":"https:\/\/motorpor.pt\/en\/wp-json\/wp\/v2\/types\/post"}],"author":[{"embeddable":true,"href":"https:\/\/motorpor.pt\/en\/wp-json\/wp\/v2\/users\/85"}],"replies":[{"embeddable":true,"href":"https:\/\/motorpor.pt\/en\/wp-json\/wp\/v2\/comments?post=94449"}],"version-history":[{"count":0,"href":"https:\/\/motorpor.pt\/en\/wp-json\/wp\/v2\/posts\/94449\/revisions"}],"wp:featuredmedia":[{"embeddable":true,"href":"https:\/\/motorpor.pt\/en\/wp-json\/wp\/v2\/media\/94448"}],"wp:attachment":[{"href":"https:\/\/motorpor.pt\/en\/wp-json\/wp\/v2\/media?parent=94449"}],"wp:term":[{"taxonomy":"category","embeddable":true,"href":"https:\/\/motorpor.pt\/en\/wp-json\/wp\/v2\/categories?post=94449"},{"taxonomy":"post_tag","embeddable":true,"href":"https:\/\/motorpor.pt\/en\/wp-json\/wp\/v2\/tags?post=94449"}],"curies":[{"name":"wp","href":"https:\/\/api.w.org\/{rel}","templated":true}]}}