{"id":94641,"date":"2024-09-25T10:04:03","date_gmt":"2024-09-25T09:04:03","guid":{"rendered":"https:\/\/motorpor.pt\/a-dacia-vendeu-o-seu-1-000-000o-automovel-a-gpl\/"},"modified":"2024-09-25T10:04:03","modified_gmt":"2024-09-25T09:04:03","slug":"a-dacia-vendeu-o-seu-1-000-000o-automovel-a-gpl","status":"publish","type":"post","link":"https:\/\/motorpor.pt\/en\/a-dacia-vendeu-o-seu-1-000-000o-automovel-a-gpl\/","title":{"rendered":"A Dacia vendeu o seu 1.000.000\u00ba autom\u00f3vel a GPL"},"content":{"rendered":"<h5>A Dacia vendeu 1 milh\u00e3o de ve\u00edculos a GPL, desde 2010, gra\u00e7as \u00e0 sua tecnologia testada e comprovada, simples de utilizar e econ\u00f3mica, constru\u00edda em f\u00e1brica e em fun\u00e7\u00e3o dos desejos e necessidades dos seus clientes.<\/h5>\n<p>A Dacia oferece sistemas de propuls\u00e3o bicombust\u00edvel, a gasolina e a GPL, desde 2010 e atingiu, recentemente, a marca do 1 milh\u00e3o de autom\u00f3veis a GPL. O sistema bicombust\u00edvel, que passou a chamar-se ECO-G 100, em 2020, fornece at\u00e9 170 Nm de bin\u00e1rio a partir das 2.000 rpm e a sua versatilidade proporciona uma s\u00e9rie de vantagens.<\/p>\n<ul>\n<li>A unidade de propuls\u00e3o ECO-G100 \u00e9 mais potente do que a vers\u00e3o a gasolina (com mais 10 cv e mais 10 Nm), consome menos 10% e emite menos 10% de<sub>\u00a0<\/sub>CO<sub>2<\/sub>. A sua pegada de carbono \u00e9 menor e liberta menos 90% de part\u00edculas finas.<\/li>\n<li>H\u00e1 14 anos que a Dacia testa e aperfei\u00e7oa a tecnologia do grupo propulsor ECO-G100. Esta \u00e9 incorporada de f\u00e1brica nos seus autom\u00f3veis e tira pleno partido da experi\u00eancia do Grupo Renault. E \u00e9 t\u00e3o robusta e fi\u00e1vel como um motor a gasolina.<\/li>\n<\/ul>\n<p><img fetchpriority=\"high\" decoding=\"async\" class=\"alignnone size-full wp-image-94639\" src=\"https:\/\/motorpor.pt\/wp-content\/uploads\/2024\/09\/A-DACIA-VENDEU-O-SEU-1.000.000o-AUTOMOVEL-A-GPL.jpg\" alt=\"\" width=\"2560\" height=\"1440\" srcset=\"https:\/\/motorpor.pt\/wp-content\/uploads\/2024\/09\/A-DACIA-VENDEU-O-SEU-1.000.000o-AUTOMOVEL-A-GPL.jpg 2560w, https:\/\/motorpor.pt\/wp-content\/uploads\/2024\/09\/A-DACIA-VENDEU-O-SEU-1.000.000o-AUTOMOVEL-A-GPL-300x169.jpg 300w, https:\/\/motorpor.pt\/wp-content\/uploads\/2024\/09\/A-DACIA-VENDEU-O-SEU-1.000.000o-AUTOMOVEL-A-GPL-1024x576.jpg 1024w, https:\/\/motorpor.pt\/wp-content\/uploads\/2024\/09\/A-DACIA-VENDEU-O-SEU-1.000.000o-AUTOMOVEL-A-GPL-768x432.jpg 768w, https:\/\/motorpor.pt\/wp-content\/uploads\/2024\/09\/A-DACIA-VENDEU-O-SEU-1.000.000o-AUTOMOVEL-A-GPL-1536x864.jpg 1536w, https:\/\/motorpor.pt\/wp-content\/uploads\/2024\/09\/A-DACIA-VENDEU-O-SEU-1.000.000o-AUTOMOVEL-A-GPL-2048x1152.jpg 2048w, https:\/\/motorpor.pt\/wp-content\/uploads\/2024\/09\/A-DACIA-VENDEU-O-SEU-1.000.000o-AUTOMOVEL-A-GPL-18x10.jpg 18w, https:\/\/motorpor.pt\/wp-content\/uploads\/2024\/09\/A-DACIA-VENDEU-O-SEU-1.000.000o-AUTOMOVEL-A-GPL-200x113.jpg 200w, https:\/\/motorpor.pt\/wp-content\/uploads\/2024\/09\/A-DACIA-VENDEU-O-SEU-1.000.000o-AUTOMOVEL-A-GPL-167x93.jpg 167w, https:\/\/motorpor.pt\/wp-content\/uploads\/2024\/09\/A-DACIA-VENDEU-O-SEU-1.000.000o-AUTOMOVEL-A-GPL-165x93.jpg 165w\" sizes=\"(max-width: 2560px) 100vw, 2560px\" \/><\/p>\n<p>&#8220;Um autom\u00f3vel bicombust\u00edvel a gasolina e a GPL funciona igualmente bem com qualquer um dos combust\u00edveis. Tem dois dep\u00f3sitos separados, cada um com cerca de 50 litros, consoante o modelo. E \u00e9 simples de utilizar: o condutor pode mudar manualmente de um para o outro e depois voltar a faz\u00ea-lo, ou o autom\u00f3vel pode mudar automaticamente para a gasolina quando o dep\u00f3sito de GPL estiver vazio. O grupo propulsor ECO-G 100 tem uma autonomia recorde de at\u00e9 1.500 km&#8221;.<\/p>\n<p>Em Portugal, a Dacia \u00e9 a l\u00edder de vendas incontestada no segmento dos autom\u00f3veis movidos a Bi-Fuel (GPL+Gasolina), com o motor ECO-G 100 Bi-Fuel a ser respons\u00e1vel por mais de 65% das vendas globais: 65% do Sandero, 90% do Jogger e 70% do Novo Duster.<\/p>\n<p>Conhe\u00e7a todas as viaturas Dacia dispon\u00edveis no nosso site.<\/p>","protected":false},"excerpt":{"rendered":"<p>A Dacia vendeu 1 milh\u00e3o de ve\u00edculos a GPL, desde 2010, gra\u00e7as \u00e0 sua tecnologia testada e comprovada, simples de utilizar e econ\u00f3mica, constru\u00edda em f\u00e1brica e em fun\u00e7\u00e3o dos desejos e necessidades dos seus clientes. A Dacia oferece sistemas de propuls\u00e3o bicombust\u00edvel, a gasolina e a GPL, desde 2010 e atingiu, recentemente, a marca [&hellip;]<\/p>\n","protected":false},"author":85,"featured_media":94640,"comment_status":"","ping_status":"open","sticky":false,"template":"","format":"standard","meta":{"_acf_changed":false,"footnotes":""},"categories":[2595,2594,2592,3088],"tags":[],"class_list":["post-94641","post","type-post","status-publish","format-standard","has-post-thumbnail","hentry","category-atualidade","category-destaques","category-noticias","category-noticias-dacia"],"acf":[],"yoast_head":"<!-- This site is optimized with the Yoast SEO plugin v27.5 - https:\/\/yoast.com\/product\/yoast-seo-wordpress\/ -->\n<title>A Dacia vendeu o seu 1.000.000\u00ba autom\u00f3vel a GPL - Motorpor<\/title>\n<meta name=\"robots\" content=\"index, follow, max-snippet:-1, max-image-preview:large, max-video-preview:-1\" \/>\n<link rel=\"canonical\" href=\"https:\/\/motorpor.pt\/en\/a-dacia-vendeu-o-seu-1-000-000o-automovel-a-gpl\/\" \/>\n<meta property=\"og:locale\" content=\"en_US\" \/>\n<meta property=\"og:type\" content=\"article\" \/>\n<meta property=\"og:title\" content=\"A Dacia vendeu o seu 1.000.000\u00ba autom\u00f3vel a GPL - Motorpor\" \/>\n<meta property=\"og:description\" content=\"A Dacia vendeu 1 milh\u00e3o de ve\u00edculos a GPL, desde 2010, gra\u00e7as \u00e0 sua tecnologia testada e comprovada, simples de utilizar e econ\u00f3mica, constru\u00edda em f\u00e1brica e em fun\u00e7\u00e3o dos desejos e necessidades dos seus clientes. A Dacia oferece sistemas de propuls\u00e3o bicombust\u00edvel, a gasolina e a GPL, desde 2010 e atingiu, recentemente, a marca [&hellip;]\" \/>\n<meta property=\"og:url\" content=\"https:\/\/motorpor.pt\/en\/a-dacia-vendeu-o-seu-1-000-000o-automovel-a-gpl\/\" \/>\n<meta property=\"og:site_name\" content=\"Motorpor\" \/>\n<meta property=\"article:published_time\" content=\"2024-09-25T09:04:03+00:00\" \/>\n<meta property=\"og:image\" content=\"https:\/\/motorpor.pt\/wp-content\/uploads\/2024\/09\/A-DACIA-VENDEU-O-SEU-1.000.000o-AUTOMOVEL-A-GPL.jpg\" \/>\n<meta name=\"author\" content=\"mktmotorpor\" \/>\n<meta name=\"twitter:card\" content=\"summary_large_image\" \/>\n<meta name=\"twitter:label1\" content=\"Written by\" \/>\n\t<meta name=\"twitter:data1\" content=\"mktmotorpor\" \/>\n\t<meta name=\"twitter:label2\" content=\"Est. reading time\" \/>\n\t<meta name=\"twitter:data2\" content=\"2 minutes\" \/>\n<script type=\"application\/ld+json\" class=\"yoast-schema-graph\">{\"@context\":\"https:\\\/\\\/schema.org\",\"@graph\":[{\"@type\":\"Article\",\"@id\":\"https:\\\/\\\/motorpor.pt\\\/a-dacia-vendeu-o-seu-1-000-000o-automovel-a-gpl\\\/#article\",\"isPartOf\":{\"@id\":\"https:\\\/\\\/motorpor.pt\\\/a-dacia-vendeu-o-seu-1-000-000o-automovel-a-gpl\\\/\"},\"author\":{\"name\":\"mktmotorpor\",\"@id\":\"https:\\\/\\\/motorpor.pt\\\/#\\\/schema\\\/person\\\/b4bf07144e88efed7388a5af30522db7\"},\"headline\":\"A Dacia vendeu o seu 1.000.000\u00ba autom\u00f3vel a GPL\",\"datePublished\":\"2024-09-25T09:04:03+00:00\",\"mainEntityOfPage\":{\"@id\":\"https:\\\/\\\/motorpor.pt\\\/a-dacia-vendeu-o-seu-1-000-000o-automovel-a-gpl\\\/\"},\"wordCount\":330,\"publisher\":{\"@id\":\"https:\\\/\\\/motorpor.pt\\\/#organization\"},\"image\":{\"@id\":\"https:\\\/\\\/motorpor.pt\\\/a-dacia-vendeu-o-seu-1-000-000o-automovel-a-gpl\\\/#primaryimage\"},\"thumbnailUrl\":\"https:\\\/\\\/motorpor.pt\\\/wp-content\\\/uploads\\\/2024\\\/09\\\/A-DACIA-VENDEU-O-SEU-1.000.000o-AUTOMOVEL-A-GPL-1-scaled-1.jpg\",\"articleSection\":[\"Atualidade\",\"Destaques\",\"Not\u00edcias\",\"Not\u00edcias Dacia\"],\"inLanguage\":\"en-US\"},{\"@type\":\"WebPage\",\"@id\":\"https:\\\/\\\/motorpor.pt\\\/a-dacia-vendeu-o-seu-1-000-000o-automovel-a-gpl\\\/\",\"url\":\"https:\\\/\\\/motorpor.pt\\\/a-dacia-vendeu-o-seu-1-000-000o-automovel-a-gpl\\\/\",\"name\":\"A Dacia vendeu o seu 1.000.000\u00ba autom\u00f3vel a GPL - Motorpor\",\"isPartOf\":{\"@id\":\"https:\\\/\\\/motorpor.pt\\\/#website\"},\"primaryImageOfPage\":{\"@id\":\"https:\\\/\\\/motorpor.pt\\\/a-dacia-vendeu-o-seu-1-000-000o-automovel-a-gpl\\\/#primaryimage\"},\"image\":{\"@id\":\"https:\\\/\\\/motorpor.pt\\\/a-dacia-vendeu-o-seu-1-000-000o-automovel-a-gpl\\\/#primaryimage\"},\"thumbnailUrl\":\"https:\\\/\\\/motorpor.pt\\\/wp-content\\\/uploads\\\/2024\\\/09\\\/A-DACIA-VENDEU-O-SEU-1.000.000o-AUTOMOVEL-A-GPL-1-scaled-1.jpg\",\"datePublished\":\"2024-09-25T09:04:03+00:00\",\"breadcrumb\":{\"@id\":\"https:\\\/\\\/motorpor.pt\\\/a-dacia-vendeu-o-seu-1-000-000o-automovel-a-gpl\\\/#breadcrumb\"},\"inLanguage\":\"en-US\",\"potentialAction\":[{\"@type\":\"ReadAction\",\"target\":[\"https:\\\/\\\/motorpor.pt\\\/a-dacia-vendeu-o-seu-1-000-000o-automovel-a-gpl\\\/\"]}]},{\"@type\":\"ImageObject\",\"inLanguage\":\"en-US\",\"@id\":\"https:\\\/\\\/motorpor.pt\\\/a-dacia-vendeu-o-seu-1-000-000o-automovel-a-gpl\\\/#primaryimage\",\"url\":\"https:\\\/\\\/motorpor.pt\\\/wp-content\\\/uploads\\\/2024\\\/09\\\/A-DACIA-VENDEU-O-SEU-1.000.000o-AUTOMOVEL-A-GPL-1-scaled-1.jpg\",\"contentUrl\":\"https:\\\/\\\/motorpor.pt\\\/wp-content\\\/uploads\\\/2024\\\/09\\\/A-DACIA-VENDEU-O-SEU-1.000.000o-AUTOMOVEL-A-GPL-1-scaled-1.jpg\",\"width\":2560,\"height\":1707},{\"@type\":\"BreadcrumbList\",\"@id\":\"https:\\\/\\\/motorpor.pt\\\/a-dacia-vendeu-o-seu-1-000-000o-automovel-a-gpl\\\/#breadcrumb\",\"itemListElement\":[{\"@type\":\"ListItem\",\"position\":1,\"name\":\"In\u00edcio\",\"item\":\"https:\\\/\\\/motorpor.pt\\\/\"},{\"@type\":\"ListItem\",\"position\":2,\"name\":\"A Dacia vendeu o seu 1.000.000\u00ba autom\u00f3vel a GPL\"}]},{\"@type\":\"WebSite\",\"@id\":\"https:\\\/\\\/motorpor.pt\\\/#website\",\"url\":\"https:\\\/\\\/motorpor.pt\\\/\",\"name\":\"Motorpor\",\"description\":\"Comercio de Autom\u00f3veis Multimarcas\",\"publisher\":{\"@id\":\"https:\\\/\\\/motorpor.pt\\\/#organization\"},\"potentialAction\":[{\"@type\":\"SearchAction\",\"target\":{\"@type\":\"EntryPoint\",\"urlTemplate\":\"https:\\\/\\\/motorpor.pt\\\/?s={search_term_string}\"},\"query-input\":{\"@type\":\"PropertyValueSpecification\",\"valueRequired\":true,\"valueName\":\"search_term_string\"}}],\"inLanguage\":\"en-US\"},{\"@type\":\"Organization\",\"@id\":\"https:\\\/\\\/motorpor.pt\\\/#organization\",\"name\":\"Motorpor\",\"alternateName\":\"Motorpor\",\"url\":\"https:\\\/\\\/motorpor.pt\\\/\",\"logo\":{\"@type\":\"ImageObject\",\"inLanguage\":\"en-US\",\"@id\":\"https:\\\/\\\/motorpor.pt\\\/#\\\/schema\\\/logo\\\/image\\\/\",\"url\":\"https:\\\/\\\/motorpor.pt\\\/wp-content\\\/uploads\\\/2024\\\/07\\\/Logo-Motorpor-Preto.svg\",\"contentUrl\":\"https:\\\/\\\/motorpor.pt\\\/wp-content\\\/uploads\\\/2024\\\/07\\\/Logo-Motorpor-Preto.svg\",\"width\":493,\"height\":93,\"caption\":\"Motorpor\"},\"image\":{\"@id\":\"https:\\\/\\\/motorpor.pt\\\/#\\\/schema\\\/logo\\\/image\\\/\"},\"sameAs\":[\"https:\\\/\\\/www.linkedin.com\\\/company\\\/grupo-motorpor\"]},{\"@type\":\"Person\",\"@id\":\"https:\\\/\\\/motorpor.pt\\\/#\\\/schema\\\/person\\\/b4bf07144e88efed7388a5af30522db7\",\"name\":\"mktmotorpor\",\"image\":{\"@type\":\"ImageObject\",\"inLanguage\":\"en-US\",\"@id\":\"https:\\\/\\\/secure.gravatar.com\\\/avatar\\\/8418b61b3175dbba0a8744cf0ee6bb5c7a9f6c67f1dbc4f41a62d7b9738259a2?s=96&d=mm&r=g\",\"url\":\"https:\\\/\\\/secure.gravatar.com\\\/avatar\\\/8418b61b3175dbba0a8744cf0ee6bb5c7a9f6c67f1dbc4f41a62d7b9738259a2?s=96&d=mm&r=g\",\"contentUrl\":\"https:\\\/\\\/secure.gravatar.com\\\/avatar\\\/8418b61b3175dbba0a8744cf0ee6bb5c7a9f6c67f1dbc4f41a62d7b9738259a2?s=96&d=mm&r=g\",\"caption\":\"mktmotorpor\"},\"url\":\"https:\\\/\\\/motorpor.pt\\\/en\\\/user\\\/mktmotorpor\\\/\"}]}<\/script>\n<!-- \/ Yoast SEO plugin. -->","yoast_head_json":{"title":"A Dacia vendeu o seu 1.000.000\u00ba autom\u00f3vel a GPL - Motorpor","robots":{"index":"index","follow":"follow","max-snippet":"max-snippet:-1","max-image-preview":"max-image-preview:large","max-video-preview":"max-video-preview:-1"},"canonical":"https:\/\/motorpor.pt\/en\/a-dacia-vendeu-o-seu-1-000-000o-automovel-a-gpl\/","og_locale":"en_US","og_type":"article","og_title":"A Dacia vendeu o seu 1.000.000\u00ba autom\u00f3vel a GPL - Motorpor","og_description":"A Dacia vendeu 1 milh\u00e3o de ve\u00edculos a GPL, desde 2010, gra\u00e7as \u00e0 sua tecnologia testada e comprovada, simples de utilizar e econ\u00f3mica, constru\u00edda em f\u00e1brica e em fun\u00e7\u00e3o dos desejos e necessidades dos seus clientes. A Dacia oferece sistemas de propuls\u00e3o bicombust\u00edvel, a gasolina e a GPL, desde 2010 e atingiu, recentemente, a marca [&hellip;]","og_url":"https:\/\/motorpor.pt\/en\/a-dacia-vendeu-o-seu-1-000-000o-automovel-a-gpl\/","og_site_name":"Motorpor","article_published_time":"2024-09-25T09:04:03+00:00","og_image":[{"url":"https:\/\/motorpor.pt\/wp-content\/uploads\/2024\/09\/A-DACIA-VENDEU-O-SEU-1.000.000o-AUTOMOVEL-A-GPL.jpg","type":"","width":"","height":""}],"author":"mktmotorpor","twitter_card":"summary_large_image","twitter_misc":{"Written by":"mktmotorpor","Est. reading time":"2 minutes"},"schema":{"@context":"https:\/\/schema.org","@graph":[{"@type":"Article","@id":"https:\/\/motorpor.pt\/a-dacia-vendeu-o-seu-1-000-000o-automovel-a-gpl\/#article","isPartOf":{"@id":"https:\/\/motorpor.pt\/a-dacia-vendeu-o-seu-1-000-000o-automovel-a-gpl\/"},"author":{"name":"mktmotorpor","@id":"https:\/\/motorpor.pt\/#\/schema\/person\/b4bf07144e88efed7388a5af30522db7"},"headline":"A Dacia vendeu o seu 1.000.000\u00ba autom\u00f3vel a GPL","datePublished":"2024-09-25T09:04:03+00:00","mainEntityOfPage":{"@id":"https:\/\/motorpor.pt\/a-dacia-vendeu-o-seu-1-000-000o-automovel-a-gpl\/"},"wordCount":330,"publisher":{"@id":"https:\/\/motorpor.pt\/#organization"},"image":{"@id":"https:\/\/motorpor.pt\/a-dacia-vendeu-o-seu-1-000-000o-automovel-a-gpl\/#primaryimage"},"thumbnailUrl":"https:\/\/motorpor.pt\/wp-content\/uploads\/2024\/09\/A-DACIA-VENDEU-O-SEU-1.000.000o-AUTOMOVEL-A-GPL-1-scaled-1.jpg","articleSection":["Atualidade","Destaques","Not\u00edcias","Not\u00edcias Dacia"],"inLanguage":"en-US"},{"@type":"WebPage","@id":"https:\/\/motorpor.pt\/a-dacia-vendeu-o-seu-1-000-000o-automovel-a-gpl\/","url":"https:\/\/motorpor.pt\/a-dacia-vendeu-o-seu-1-000-000o-automovel-a-gpl\/","name":"A Dacia vendeu o seu 1.000.000\u00ba autom\u00f3vel a GPL - Motorpor","isPartOf":{"@id":"https:\/\/motorpor.pt\/#website"},"primaryImageOfPage":{"@id":"https:\/\/motorpor.pt\/a-dacia-vendeu-o-seu-1-000-000o-automovel-a-gpl\/#primaryimage"},"image":{"@id":"https:\/\/motorpor.pt\/a-dacia-vendeu-o-seu-1-000-000o-automovel-a-gpl\/#primaryimage"},"thumbnailUrl":"https:\/\/motorpor.pt\/wp-content\/uploads\/2024\/09\/A-DACIA-VENDEU-O-SEU-1.000.000o-AUTOMOVEL-A-GPL-1-scaled-1.jpg","datePublished":"2024-09-25T09:04:03+00:00","breadcrumb":{"@id":"https:\/\/motorpor.pt\/a-dacia-vendeu-o-seu-1-000-000o-automovel-a-gpl\/#breadcrumb"},"inLanguage":"en-US","potentialAction":[{"@type":"ReadAction","target":["https:\/\/motorpor.pt\/a-dacia-vendeu-o-seu-1-000-000o-automovel-a-gpl\/"]}]},{"@type":"ImageObject","inLanguage":"en-US","@id":"https:\/\/motorpor.pt\/a-dacia-vendeu-o-seu-1-000-000o-automovel-a-gpl\/#primaryimage","url":"https:\/\/motorpor.pt\/wp-content\/uploads\/2024\/09\/A-DACIA-VENDEU-O-SEU-1.000.000o-AUTOMOVEL-A-GPL-1-scaled-1.jpg","contentUrl":"https:\/\/motorpor.pt\/wp-content\/uploads\/2024\/09\/A-DACIA-VENDEU-O-SEU-1.000.000o-AUTOMOVEL-A-GPL-1-scaled-1.jpg","width":2560,"height":1707},{"@type":"BreadcrumbList","@id":"https:\/\/motorpor.pt\/a-dacia-vendeu-o-seu-1-000-000o-automovel-a-gpl\/#breadcrumb","itemListElement":[{"@type":"ListItem","position":1,"name":"In\u00edcio","item":"https:\/\/motorpor.pt\/"},{"@type":"ListItem","position":2,"name":"A Dacia vendeu o seu 1.000.000\u00ba autom\u00f3vel a GPL"}]},{"@type":"WebSite","@id":"https:\/\/motorpor.pt\/#website","url":"https:\/\/motorpor.pt\/","name":"motorpor","description":"Comercio de Autom\u00f3veis Multimarcas","publisher":{"@id":"https:\/\/motorpor.pt\/#organization"},"potentialAction":[{"@type":"SearchAction","target":{"@type":"EntryPoint","urlTemplate":"https:\/\/motorpor.pt\/?s={search_term_string}"},"query-input":{"@type":"PropertyValueSpecification","valueRequired":true,"valueName":"search_term_string"}}],"inLanguage":"en-US"},{"@type":"Organization","@id":"https:\/\/motorpor.pt\/#organization","name":"motorpor","alternateName":"Motorpor","url":"https:\/\/motorpor.pt\/","logo":{"@type":"ImageObject","inLanguage":"en-US","@id":"https:\/\/motorpor.pt\/#\/schema\/logo\/image\/","url":"https:\/\/motorpor.pt\/wp-content\/uploads\/2024\/07\/Logo-Motorpor-Preto.svg","contentUrl":"https:\/\/motorpor.pt\/wp-content\/uploads\/2024\/07\/Logo-Motorpor-Preto.svg","width":493,"height":93,"caption":"Motorpor"},"image":{"@id":"https:\/\/motorpor.pt\/#\/schema\/logo\/image\/"},"sameAs":["https:\/\/www.linkedin.com\/company\/grupo-motorpor"]},{"@type":"Person","@id":"https:\/\/motorpor.pt\/#\/schema\/person\/b4bf07144e88efed7388a5af30522db7","name":"mktmotorpor","image":{"@type":"ImageObject","inLanguage":"en-US","@id":"https:\/\/secure.gravatar.com\/avatar\/8418b61b3175dbba0a8744cf0ee6bb5c7a9f6c67f1dbc4f41a62d7b9738259a2?s=96&d=mm&r=g","url":"https:\/\/secure.gravatar.com\/avatar\/8418b61b3175dbba0a8744cf0ee6bb5c7a9f6c67f1dbc4f41a62d7b9738259a2?s=96&d=mm&r=g","contentUrl":"https:\/\/secure.gravatar.com\/avatar\/8418b61b3175dbba0a8744cf0ee6bb5c7a9f6c67f1dbc4f41a62d7b9738259a2?s=96&d=mm&r=g","caption":"mktmotorpor"},"url":"https:\/\/motorpor.pt\/en\/user\/mktmotorpor\/"}]}},"_links":{"self":[{"href":"https:\/\/motorpor.pt\/en\/wp-json\/wp\/v2\/posts\/94641","targetHints":{"allow":["GET"]}}],"collection":[{"href":"https:\/\/motorpor.pt\/en\/wp-json\/wp\/v2\/posts"}],"about":[{"href":"https:\/\/motorpor.pt\/en\/wp-json\/wp\/v2\/types\/post"}],"author":[{"embeddable":true,"href":"https:\/\/motorpor.pt\/en\/wp-json\/wp\/v2\/users\/85"}],"replies":[{"embeddable":true,"href":"https:\/\/motorpor.pt\/en\/wp-json\/wp\/v2\/comments?post=94641"}],"version-history":[{"count":0,"href":"https:\/\/motorpor.pt\/en\/wp-json\/wp\/v2\/posts\/94641\/revisions"}],"wp:featuredmedia":[{"embeddable":true,"href":"https:\/\/motorpor.pt\/en\/wp-json\/wp\/v2\/media\/94640"}],"wp:attachment":[{"href":"https:\/\/motorpor.pt\/en\/wp-json\/wp\/v2\/media?parent=94641"}],"wp:term":[{"taxonomy":"category","embeddable":true,"href":"https:\/\/motorpor.pt\/en\/wp-json\/wp\/v2\/categories?post=94641"},{"taxonomy":"post_tag","embeddable":true,"href":"https:\/\/motorpor.pt\/en\/wp-json\/wp\/v2\/tags?post=94641"}],"curies":[{"name":"wp","href":"https:\/\/api.w.org\/{rel}","templated":true}]}}