{"id":94723,"date":"2024-09-26T11:42:52","date_gmt":"2024-09-26T10:42:52","guid":{"rendered":"https:\/\/motorpor.pt\/novo-peugeot-e-5008-chega-a-portugal-este-mes-com-7-lugares-e-autonomia-de-502-km\/"},"modified":"2024-09-26T11:42:52","modified_gmt":"2024-09-26T10:42:52","slug":"novo-peugeot-e-5008-chega-a-portugal-este-mes-com-7-lugares-e-autonomia-de-502-km","status":"publish","type":"post","link":"https:\/\/motorpor.pt\/en\/novo-peugeot-e-5008-chega-a-portugal-este-mes-com-7-lugares-e-autonomia-de-502-km\/","title":{"rendered":"Novo Peugeot E-5008 chega a Portugal este m\u00eas com 7 lugares e autonomia de 502 km"},"content":{"rendered":"<h5>Modelo l\u00edder entre os SUV de 7 lugares, o novo Peugeot 5008 \u00e9 o primeiro modelo a beneficiar da configura\u00e7\u00e3o estendida da inovadora plataforma STLA-Medium da Stellantis, e chega este m\u00eas a Portugal, numa gama dividida entre propostas 100% el\u00e9tricas e h\u00edbridas.<\/h5>\n<p>Nas vers\u00f5es el\u00e9tricas a bateria, o novo E-5008 chega agora a Portugal com 502 km de autonomia e no in\u00edcio de 2025 chegar\u00e3o mais vers\u00f5es BEV, incluindo uma vers\u00e3o com autonomia para 668 quil\u00f3metros. &#8220;\u00c9 assim o \u00fanico SUV puramente el\u00e9trico do mercado a oferecer um espa\u00e7o a bordo verdadeiramente excecional e acolhedor para 7 passageiros e este alcance de autonomia el\u00e9trica.&#8221;<\/p>\n<div id='gallery-1' class='gallery galleryid-94723 gallery-columns-3 gallery-size-full'><figure class='gallery-item'>\n\t\t\t<div class='gallery-icon landscape'>\n\t\t\t\t<a href='https:\/\/motorpor.pt\/en\/peugeot_e5008testdrive_2406tc0077\/'><img fetchpriority=\"high\" decoding=\"async\" width=\"2560\" height=\"1708\" src=\"https:\/\/motorpor.pt\/wp-content\/uploads\/2024\/09\/PEUGEOT_E5008TESTDRIVE_2406TC0077-scaled.jpg\" class=\"attachment-full size-full\" alt=\"\" srcset=\"https:\/\/motorpor.pt\/wp-content\/uploads\/2024\/09\/PEUGEOT_E5008TESTDRIVE_2406TC0077-scaled.jpg 2560w, https:\/\/motorpor.pt\/wp-content\/uploads\/2024\/09\/PEUGEOT_E5008TESTDRIVE_2406TC0077-300x200.jpg 300w, https:\/\/motorpor.pt\/wp-content\/uploads\/2024\/09\/PEUGEOT_E5008TESTDRIVE_2406TC0077-1024x683.jpg 1024w, https:\/\/motorpor.pt\/wp-content\/uploads\/2024\/09\/PEUGEOT_E5008TESTDRIVE_2406TC0077-768x512.jpg 768w, https:\/\/motorpor.pt\/wp-content\/uploads\/2024\/09\/PEUGEOT_E5008TESTDRIVE_2406TC0077-1536x1025.jpg 1536w, https:\/\/motorpor.pt\/wp-content\/uploads\/2024\/09\/PEUGEOT_E5008TESTDRIVE_2406TC0077-2048x1366.jpg 2048w, https:\/\/motorpor.pt\/wp-content\/uploads\/2024\/09\/PEUGEOT_E5008TESTDRIVE_2406TC0077-18x12.jpg 18w, https:\/\/motorpor.pt\/wp-content\/uploads\/2024\/09\/PEUGEOT_E5008TESTDRIVE_2406TC0077-200x133.jpg 200w, https:\/\/motorpor.pt\/wp-content\/uploads\/2024\/09\/PEUGEOT_E5008TESTDRIVE_2406TC0077-165x110.jpg 165w\" sizes=\"(max-width: 2560px) 100vw, 2560px\" \/><\/a>\n\t\t\t<\/div><\/figure><figure class='gallery-item'>\n\t\t\t<div class='gallery-icon landscape'>\n\t\t\t\t<a href='https:\/\/motorpor.pt\/en\/peugeot_e5008testdrive_2406tc0126\/'><img decoding=\"async\" width=\"2560\" height=\"1708\" src=\"https:\/\/motorpor.pt\/wp-content\/uploads\/2024\/09\/PEUGEOT_E5008TESTDRIVE_2406TC0126-scaled.jpg\" class=\"attachment-full size-full\" alt=\"\" srcset=\"https:\/\/motorpor.pt\/wp-content\/uploads\/2024\/09\/PEUGEOT_E5008TESTDRIVE_2406TC0126-scaled.jpg 2560w, https:\/\/motorpor.pt\/wp-content\/uploads\/2024\/09\/PEUGEOT_E5008TESTDRIVE_2406TC0126-300x200.jpg 300w, https:\/\/motorpor.pt\/wp-content\/uploads\/2024\/09\/PEUGEOT_E5008TESTDRIVE_2406TC0126-1024x683.jpg 1024w, https:\/\/motorpor.pt\/wp-content\/uploads\/2024\/09\/PEUGEOT_E5008TESTDRIVE_2406TC0126-768x512.jpg 768w, https:\/\/motorpor.pt\/wp-content\/uploads\/2024\/09\/PEUGEOT_E5008TESTDRIVE_2406TC0126-1536x1025.jpg 1536w, https:\/\/motorpor.pt\/wp-content\/uploads\/2024\/09\/PEUGEOT_E5008TESTDRIVE_2406TC0126-2048x1366.jpg 2048w, https:\/\/motorpor.pt\/wp-content\/uploads\/2024\/09\/PEUGEOT_E5008TESTDRIVE_2406TC0126-18x12.jpg 18w, https:\/\/motorpor.pt\/wp-content\/uploads\/2024\/09\/PEUGEOT_E5008TESTDRIVE_2406TC0126-200x133.jpg 200w, https:\/\/motorpor.pt\/wp-content\/uploads\/2024\/09\/PEUGEOT_E5008TESTDRIVE_2406TC0126-165x110.jpg 165w\" sizes=\"(max-width: 2560px) 100vw, 2560px\" \/><\/a>\n\t\t\t<\/div><\/figure><figure class='gallery-item'>\n\t\t\t<div class='gallery-icon landscape'>\n\t\t\t\t<a href='https:\/\/motorpor.pt\/en\/peugeot_e5008testdrive_2406tc0121\/'><img decoding=\"async\" width=\"2560\" height=\"1708\" src=\"https:\/\/motorpor.pt\/wp-content\/uploads\/2024\/09\/PEUGEOT_E5008TESTDRIVE_2406TC0121-scaled.jpg\" class=\"attachment-full size-full\" alt=\"\" srcset=\"https:\/\/motorpor.pt\/wp-content\/uploads\/2024\/09\/PEUGEOT_E5008TESTDRIVE_2406TC0121-scaled.jpg 2560w, https:\/\/motorpor.pt\/wp-content\/uploads\/2024\/09\/PEUGEOT_E5008TESTDRIVE_2406TC0121-300x200.jpg 300w, https:\/\/motorpor.pt\/wp-content\/uploads\/2024\/09\/PEUGEOT_E5008TESTDRIVE_2406TC0121-1024x683.jpg 1024w, https:\/\/motorpor.pt\/wp-content\/uploads\/2024\/09\/PEUGEOT_E5008TESTDRIVE_2406TC0121-768x512.jpg 768w, https:\/\/motorpor.pt\/wp-content\/uploads\/2024\/09\/PEUGEOT_E5008TESTDRIVE_2406TC0121-1536x1025.jpg 1536w, https:\/\/motorpor.pt\/wp-content\/uploads\/2024\/09\/PEUGEOT_E5008TESTDRIVE_2406TC0121-2048x1366.jpg 2048w, https:\/\/motorpor.pt\/wp-content\/uploads\/2024\/09\/PEUGEOT_E5008TESTDRIVE_2406TC0121-18x12.jpg 18w, https:\/\/motorpor.pt\/wp-content\/uploads\/2024\/09\/PEUGEOT_E5008TESTDRIVE_2406TC0121-200x133.jpg 200w, https:\/\/motorpor.pt\/wp-content\/uploads\/2024\/09\/PEUGEOT_E5008TESTDRIVE_2406TC0121-165x110.jpg 165w\" sizes=\"(max-width: 2560px) 100vw, 2560px\" \/><\/a>\n\t\t\t<\/div><\/figure>\n\t\t<\/div>\n\n<p>Ao proporcionar um espa\u00e7o not\u00e1vel para as pernas dos ocupantes da segunda fila, a nova gera\u00e7\u00e3o do 5008 estabelece-se, tamb\u00e9m, como nova refer\u00eancia em termos de habitabilidade na terceira fila, de acesso inigual\u00e1vel gra\u00e7as ao sistema \u201cEasy Access\u201d.<\/p>\n<p>Composta pelos novos Peugeot 5008 h\u00edbridos e pelos Peugeot E-5008 100% el\u00e9tricos, a nova gama de silhueta muito aerodin\u00e2mica destaca-se por linhas poderosas que real\u00e7am o seu car\u00e1cter SUV, transmitindo robustez, seguran\u00e7a e car\u00e1ter desportivo, sublinhados por uma linha de cintura elevada e por flancos muito pronunciados de uma carro\u00e7aria de dimens\u00f5es generosas.<\/p>\n<p>Destinado \u00e0s fam\u00edlias, o Peugeot 5008 imp\u00f4s-se desde a primeira gera\u00e7\u00e3o como a refer\u00eancia entre os SUV de 7 lugares em Portugal. Conhe\u00e7a todas as <a href=\"https:\/\/motorpor.pt\/en\/novos\/peugeot\/\">viaturas da marca dispon\u00edveis no nosso site.\u00a0<\/a><\/p>","protected":false},"excerpt":{"rendered":"<p>Modelo l\u00edder entre os SUV de 7 lugares, o novo Peugeot 5008 \u00e9 o primeiro modelo a beneficiar da configura\u00e7\u00e3o estendida da inovadora plataforma STLA-Medium da Stellantis, e chega este m\u00eas a Portugal, numa gama dividida entre propostas 100% el\u00e9tricas e h\u00edbridas. Nas vers\u00f5es el\u00e9tricas a bateria, o novo E-5008 chega agora a Portugal com [&hellip;]<\/p>\n","protected":false},"author":85,"featured_media":94722,"comment_status":"","ping_status":"open","sticky":false,"template":"","format":"standard","meta":{"_acf_changed":false,"footnotes":""},"categories":[2595,2594,2592,3094],"tags":[],"class_list":["post-94723","post","type-post","status-publish","format-standard","has-post-thumbnail","hentry","category-atualidade","category-destaques","category-noticias","category-noticias-peugeot"],"acf":[],"yoast_head":"<!-- This site is optimized with the Yoast SEO plugin v27.5 - https:\/\/yoast.com\/product\/yoast-seo-wordpress\/ -->\n<title>Novo Peugeot E-5008 chega a Portugal este m\u00eas com 7 lugares e autonomia de 502 km - Motorpor<\/title>\n<meta name=\"robots\" content=\"index, follow, max-snippet:-1, max-image-preview:large, max-video-preview:-1\" \/>\n<link rel=\"canonical\" href=\"https:\/\/motorpor.pt\/en\/novo-peugeot-e-5008-chega-a-portugal-este-mes-com-7-lugares-e-autonomia-de-502-km\/\" \/>\n<meta property=\"og:locale\" content=\"en_US\" \/>\n<meta property=\"og:type\" content=\"article\" \/>\n<meta property=\"og:title\" content=\"Novo Peugeot E-5008 chega a Portugal este m\u00eas com 7 lugares e autonomia de 502 km - Motorpor\" \/>\n<meta property=\"og:description\" content=\"Modelo l\u00edder entre os SUV de 7 lugares, o novo Peugeot 5008 \u00e9 o primeiro modelo a beneficiar da configura\u00e7\u00e3o estendida da inovadora plataforma STLA-Medium da Stellantis, e chega este m\u00eas a Portugal, numa gama dividida entre propostas 100% el\u00e9tricas e h\u00edbridas. Nas vers\u00f5es el\u00e9tricas a bateria, o novo E-5008 chega agora a Portugal com [&hellip;]\" \/>\n<meta property=\"og:url\" content=\"https:\/\/motorpor.pt\/en\/novo-peugeot-e-5008-chega-a-portugal-este-mes-com-7-lugares-e-autonomia-de-502-km\/\" \/>\n<meta property=\"og:site_name\" content=\"Motorpor\" \/>\n<meta property=\"article:published_time\" content=\"2024-09-26T10:42:52+00:00\" \/>\n<meta property=\"og:image\" content=\"https:\/\/motorpor.pt\/wp-content\/uploads\/2024\/09\/PEUGEOT_E5008TESTDRIVE_2406TC0077-scaled.jpg\" \/>\n<meta name=\"author\" content=\"mktmotorpor\" \/>\n<meta name=\"twitter:card\" content=\"summary_large_image\" \/>\n<meta name=\"twitter:label1\" content=\"Written by\" \/>\n\t<meta name=\"twitter:data1\" content=\"mktmotorpor\" \/>\n\t<meta name=\"twitter:label2\" content=\"Est. reading time\" \/>\n\t<meta name=\"twitter:data2\" content=\"1 minute\" \/>\n<script type=\"application\/ld+json\" class=\"yoast-schema-graph\">{\"@context\":\"https:\\\/\\\/schema.org\",\"@graph\":[{\"@type\":\"Article\",\"@id\":\"https:\\\/\\\/motorpor.pt\\\/novo-peugeot-e-5008-chega-a-portugal-este-mes-com-7-lugares-e-autonomia-de-502-km\\\/#article\",\"isPartOf\":{\"@id\":\"https:\\\/\\\/motorpor.pt\\\/novo-peugeot-e-5008-chega-a-portugal-este-mes-com-7-lugares-e-autonomia-de-502-km\\\/\"},\"author\":{\"name\":\"mktmotorpor\",\"@id\":\"https:\\\/\\\/motorpor.pt\\\/#\\\/schema\\\/person\\\/b4bf07144e88efed7388a5af30522db7\"},\"headline\":\"Novo Peugeot E-5008 chega a Portugal este m\u00eas com 7 lugares e autonomia de 502 km\",\"datePublished\":\"2024-09-26T10:42:52+00:00\",\"mainEntityOfPage\":{\"@id\":\"https:\\\/\\\/motorpor.pt\\\/novo-peugeot-e-5008-chega-a-portugal-este-mes-com-7-lugares-e-autonomia-de-502-km\\\/\"},\"wordCount\":269,\"publisher\":{\"@id\":\"https:\\\/\\\/motorpor.pt\\\/#organization\"},\"image\":{\"@id\":\"https:\\\/\\\/motorpor.pt\\\/novo-peugeot-e-5008-chega-a-portugal-este-mes-com-7-lugares-e-autonomia-de-502-km\\\/#primaryimage\"},\"thumbnailUrl\":\"https:\\\/\\\/motorpor.pt\\\/wp-content\\\/uploads\\\/2024\\\/09\\\/PEUGEOT_E5008TESTDRIVE_2406TC0652-scaled-1.jpg\",\"articleSection\":[\"Atualidade\",\"Destaques\",\"Not\u00edcias\",\"Not\u00edcias Peugeot\"],\"inLanguage\":\"en-US\"},{\"@type\":\"WebPage\",\"@id\":\"https:\\\/\\\/motorpor.pt\\\/novo-peugeot-e-5008-chega-a-portugal-este-mes-com-7-lugares-e-autonomia-de-502-km\\\/\",\"url\":\"https:\\\/\\\/motorpor.pt\\\/novo-peugeot-e-5008-chega-a-portugal-este-mes-com-7-lugares-e-autonomia-de-502-km\\\/\",\"name\":\"Novo Peugeot E-5008 chega a Portugal este m\u00eas com 7 lugares e autonomia de 502 km - Motorpor\",\"isPartOf\":{\"@id\":\"https:\\\/\\\/motorpor.pt\\\/#website\"},\"primaryImageOfPage\":{\"@id\":\"https:\\\/\\\/motorpor.pt\\\/novo-peugeot-e-5008-chega-a-portugal-este-mes-com-7-lugares-e-autonomia-de-502-km\\\/#primaryimage\"},\"image\":{\"@id\":\"https:\\\/\\\/motorpor.pt\\\/novo-peugeot-e-5008-chega-a-portugal-este-mes-com-7-lugares-e-autonomia-de-502-km\\\/#primaryimage\"},\"thumbnailUrl\":\"https:\\\/\\\/motorpor.pt\\\/wp-content\\\/uploads\\\/2024\\\/09\\\/PEUGEOT_E5008TESTDRIVE_2406TC0652-scaled-1.jpg\",\"datePublished\":\"2024-09-26T10:42:52+00:00\",\"breadcrumb\":{\"@id\":\"https:\\\/\\\/motorpor.pt\\\/novo-peugeot-e-5008-chega-a-portugal-este-mes-com-7-lugares-e-autonomia-de-502-km\\\/#breadcrumb\"},\"inLanguage\":\"en-US\",\"potentialAction\":[{\"@type\":\"ReadAction\",\"target\":[\"https:\\\/\\\/motorpor.pt\\\/novo-peugeot-e-5008-chega-a-portugal-este-mes-com-7-lugares-e-autonomia-de-502-km\\\/\"]}]},{\"@type\":\"ImageObject\",\"inLanguage\":\"en-US\",\"@id\":\"https:\\\/\\\/motorpor.pt\\\/novo-peugeot-e-5008-chega-a-portugal-este-mes-com-7-lugares-e-autonomia-de-502-km\\\/#primaryimage\",\"url\":\"https:\\\/\\\/motorpor.pt\\\/wp-content\\\/uploads\\\/2024\\\/09\\\/PEUGEOT_E5008TESTDRIVE_2406TC0652-scaled-1.jpg\",\"contentUrl\":\"https:\\\/\\\/motorpor.pt\\\/wp-content\\\/uploads\\\/2024\\\/09\\\/PEUGEOT_E5008TESTDRIVE_2406TC0652-scaled-1.jpg\",\"width\":2560,\"height\":1708},{\"@type\":\"BreadcrumbList\",\"@id\":\"https:\\\/\\\/motorpor.pt\\\/novo-peugeot-e-5008-chega-a-portugal-este-mes-com-7-lugares-e-autonomia-de-502-km\\\/#breadcrumb\",\"itemListElement\":[{\"@type\":\"ListItem\",\"position\":1,\"name\":\"In\u00edcio\",\"item\":\"https:\\\/\\\/motorpor.pt\\\/\"},{\"@type\":\"ListItem\",\"position\":2,\"name\":\"Novo Peugeot E-5008 chega a Portugal este m\u00eas com 7 lugares e autonomia de 502 km\"}]},{\"@type\":\"WebSite\",\"@id\":\"https:\\\/\\\/motorpor.pt\\\/#website\",\"url\":\"https:\\\/\\\/motorpor.pt\\\/\",\"name\":\"Motorpor\",\"description\":\"Comercio de Autom\u00f3veis Multimarcas\",\"publisher\":{\"@id\":\"https:\\\/\\\/motorpor.pt\\\/#organization\"},\"potentialAction\":[{\"@type\":\"SearchAction\",\"target\":{\"@type\":\"EntryPoint\",\"urlTemplate\":\"https:\\\/\\\/motorpor.pt\\\/?s={search_term_string}\"},\"query-input\":{\"@type\":\"PropertyValueSpecification\",\"valueRequired\":true,\"valueName\":\"search_term_string\"}}],\"inLanguage\":\"en-US\"},{\"@type\":\"Organization\",\"@id\":\"https:\\\/\\\/motorpor.pt\\\/#organization\",\"name\":\"Motorpor\",\"alternateName\":\"Motorpor\",\"url\":\"https:\\\/\\\/motorpor.pt\\\/\",\"logo\":{\"@type\":\"ImageObject\",\"inLanguage\":\"en-US\",\"@id\":\"https:\\\/\\\/motorpor.pt\\\/#\\\/schema\\\/logo\\\/image\\\/\",\"url\":\"https:\\\/\\\/motorpor.pt\\\/wp-content\\\/uploads\\\/2024\\\/07\\\/Logo-Motorpor-Preto.svg\",\"contentUrl\":\"https:\\\/\\\/motorpor.pt\\\/wp-content\\\/uploads\\\/2024\\\/07\\\/Logo-Motorpor-Preto.svg\",\"width\":493,\"height\":93,\"caption\":\"Motorpor\"},\"image\":{\"@id\":\"https:\\\/\\\/motorpor.pt\\\/#\\\/schema\\\/logo\\\/image\\\/\"},\"sameAs\":[\"https:\\\/\\\/www.linkedin.com\\\/company\\\/grupo-motorpor\"]},{\"@type\":\"Person\",\"@id\":\"https:\\\/\\\/motorpor.pt\\\/#\\\/schema\\\/person\\\/b4bf07144e88efed7388a5af30522db7\",\"name\":\"mktmotorpor\",\"image\":{\"@type\":\"ImageObject\",\"inLanguage\":\"en-US\",\"@id\":\"https:\\\/\\\/secure.gravatar.com\\\/avatar\\\/8418b61b3175dbba0a8744cf0ee6bb5c7a9f6c67f1dbc4f41a62d7b9738259a2?s=96&d=mm&r=g\",\"url\":\"https:\\\/\\\/secure.gravatar.com\\\/avatar\\\/8418b61b3175dbba0a8744cf0ee6bb5c7a9f6c67f1dbc4f41a62d7b9738259a2?s=96&d=mm&r=g\",\"contentUrl\":\"https:\\\/\\\/secure.gravatar.com\\\/avatar\\\/8418b61b3175dbba0a8744cf0ee6bb5c7a9f6c67f1dbc4f41a62d7b9738259a2?s=96&d=mm&r=g\",\"caption\":\"mktmotorpor\"},\"url\":\"https:\\\/\\\/motorpor.pt\\\/en\\\/user\\\/mktmotorpor\\\/\"}]}<\/script>\n<!-- \/ Yoast SEO plugin. -->","yoast_head_json":{"title":"Novo Peugeot E-5008 chega a Portugal este m\u00eas com 7 lugares e autonomia de 502 km - Motorpor","robots":{"index":"index","follow":"follow","max-snippet":"max-snippet:-1","max-image-preview":"max-image-preview:large","max-video-preview":"max-video-preview:-1"},"canonical":"https:\/\/motorpor.pt\/en\/novo-peugeot-e-5008-chega-a-portugal-este-mes-com-7-lugares-e-autonomia-de-502-km\/","og_locale":"en_US","og_type":"article","og_title":"Novo Peugeot E-5008 chega a Portugal este m\u00eas com 7 lugares e autonomia de 502 km - Motorpor","og_description":"Modelo l\u00edder entre os SUV de 7 lugares, o novo Peugeot 5008 \u00e9 o primeiro modelo a beneficiar da configura\u00e7\u00e3o estendida da inovadora plataforma STLA-Medium da Stellantis, e chega este m\u00eas a Portugal, numa gama dividida entre propostas 100% el\u00e9tricas e h\u00edbridas. Nas vers\u00f5es el\u00e9tricas a bateria, o novo E-5008 chega agora a Portugal com [&hellip;]","og_url":"https:\/\/motorpor.pt\/en\/novo-peugeot-e-5008-chega-a-portugal-este-mes-com-7-lugares-e-autonomia-de-502-km\/","og_site_name":"Motorpor","article_published_time":"2024-09-26T10:42:52+00:00","og_image":[{"url":"https:\/\/motorpor.pt\/wp-content\/uploads\/2024\/09\/PEUGEOT_E5008TESTDRIVE_2406TC0077-scaled.jpg","type":"","width":"","height":""}],"author":"mktmotorpor","twitter_card":"summary_large_image","twitter_misc":{"Written by":"mktmotorpor","Est. reading time":"1 minute"},"schema":{"@context":"https:\/\/schema.org","@graph":[{"@type":"Article","@id":"https:\/\/motorpor.pt\/novo-peugeot-e-5008-chega-a-portugal-este-mes-com-7-lugares-e-autonomia-de-502-km\/#article","isPartOf":{"@id":"https:\/\/motorpor.pt\/novo-peugeot-e-5008-chega-a-portugal-este-mes-com-7-lugares-e-autonomia-de-502-km\/"},"author":{"name":"mktmotorpor","@id":"https:\/\/motorpor.pt\/#\/schema\/person\/b4bf07144e88efed7388a5af30522db7"},"headline":"Novo Peugeot E-5008 chega a Portugal este m\u00eas com 7 lugares e autonomia de 502 km","datePublished":"2024-09-26T10:42:52+00:00","mainEntityOfPage":{"@id":"https:\/\/motorpor.pt\/novo-peugeot-e-5008-chega-a-portugal-este-mes-com-7-lugares-e-autonomia-de-502-km\/"},"wordCount":269,"publisher":{"@id":"https:\/\/motorpor.pt\/#organization"},"image":{"@id":"https:\/\/motorpor.pt\/novo-peugeot-e-5008-chega-a-portugal-este-mes-com-7-lugares-e-autonomia-de-502-km\/#primaryimage"},"thumbnailUrl":"https:\/\/motorpor.pt\/wp-content\/uploads\/2024\/09\/PEUGEOT_E5008TESTDRIVE_2406TC0652-scaled-1.jpg","articleSection":["Atualidade","Destaques","Not\u00edcias","Not\u00edcias Peugeot"],"inLanguage":"en-US"},{"@type":"WebPage","@id":"https:\/\/motorpor.pt\/novo-peugeot-e-5008-chega-a-portugal-este-mes-com-7-lugares-e-autonomia-de-502-km\/","url":"https:\/\/motorpor.pt\/novo-peugeot-e-5008-chega-a-portugal-este-mes-com-7-lugares-e-autonomia-de-502-km\/","name":"Novo Peugeot E-5008 chega a Portugal este m\u00eas com 7 lugares e autonomia de 502 km - Motorpor","isPartOf":{"@id":"https:\/\/motorpor.pt\/#website"},"primaryImageOfPage":{"@id":"https:\/\/motorpor.pt\/novo-peugeot-e-5008-chega-a-portugal-este-mes-com-7-lugares-e-autonomia-de-502-km\/#primaryimage"},"image":{"@id":"https:\/\/motorpor.pt\/novo-peugeot-e-5008-chega-a-portugal-este-mes-com-7-lugares-e-autonomia-de-502-km\/#primaryimage"},"thumbnailUrl":"https:\/\/motorpor.pt\/wp-content\/uploads\/2024\/09\/PEUGEOT_E5008TESTDRIVE_2406TC0652-scaled-1.jpg","datePublished":"2024-09-26T10:42:52+00:00","breadcrumb":{"@id":"https:\/\/motorpor.pt\/novo-peugeot-e-5008-chega-a-portugal-este-mes-com-7-lugares-e-autonomia-de-502-km\/#breadcrumb"},"inLanguage":"en-US","potentialAction":[{"@type":"ReadAction","target":["https:\/\/motorpor.pt\/novo-peugeot-e-5008-chega-a-portugal-este-mes-com-7-lugares-e-autonomia-de-502-km\/"]}]},{"@type":"ImageObject","inLanguage":"en-US","@id":"https:\/\/motorpor.pt\/novo-peugeot-e-5008-chega-a-portugal-este-mes-com-7-lugares-e-autonomia-de-502-km\/#primaryimage","url":"https:\/\/motorpor.pt\/wp-content\/uploads\/2024\/09\/PEUGEOT_E5008TESTDRIVE_2406TC0652-scaled-1.jpg","contentUrl":"https:\/\/motorpor.pt\/wp-content\/uploads\/2024\/09\/PEUGEOT_E5008TESTDRIVE_2406TC0652-scaled-1.jpg","width":2560,"height":1708},{"@type":"BreadcrumbList","@id":"https:\/\/motorpor.pt\/novo-peugeot-e-5008-chega-a-portugal-este-mes-com-7-lugares-e-autonomia-de-502-km\/#breadcrumb","itemListElement":[{"@type":"ListItem","position":1,"name":"In\u00edcio","item":"https:\/\/motorpor.pt\/"},{"@type":"ListItem","position":2,"name":"Novo Peugeot E-5008 chega a Portugal este m\u00eas com 7 lugares e autonomia de 502 km"}]},{"@type":"WebSite","@id":"https:\/\/motorpor.pt\/#website","url":"https:\/\/motorpor.pt\/","name":"motorpor","description":"Comercio de Autom\u00f3veis Multimarcas","publisher":{"@id":"https:\/\/motorpor.pt\/#organization"},"potentialAction":[{"@type":"SearchAction","target":{"@type":"EntryPoint","urlTemplate":"https:\/\/motorpor.pt\/?s={search_term_string}"},"query-input":{"@type":"PropertyValueSpecification","valueRequired":true,"valueName":"search_term_string"}}],"inLanguage":"en-US"},{"@type":"Organization","@id":"https:\/\/motorpor.pt\/#organization","name":"motorpor","alternateName":"Motorpor","url":"https:\/\/motorpor.pt\/","logo":{"@type":"ImageObject","inLanguage":"en-US","@id":"https:\/\/motorpor.pt\/#\/schema\/logo\/image\/","url":"https:\/\/motorpor.pt\/wp-content\/uploads\/2024\/07\/Logo-Motorpor-Preto.svg","contentUrl":"https:\/\/motorpor.pt\/wp-content\/uploads\/2024\/07\/Logo-Motorpor-Preto.svg","width":493,"height":93,"caption":"Motorpor"},"image":{"@id":"https:\/\/motorpor.pt\/#\/schema\/logo\/image\/"},"sameAs":["https:\/\/www.linkedin.com\/company\/grupo-motorpor"]},{"@type":"Person","@id":"https:\/\/motorpor.pt\/#\/schema\/person\/b4bf07144e88efed7388a5af30522db7","name":"mktmotorpor","image":{"@type":"ImageObject","inLanguage":"en-US","@id":"https:\/\/secure.gravatar.com\/avatar\/8418b61b3175dbba0a8744cf0ee6bb5c7a9f6c67f1dbc4f41a62d7b9738259a2?s=96&d=mm&r=g","url":"https:\/\/secure.gravatar.com\/avatar\/8418b61b3175dbba0a8744cf0ee6bb5c7a9f6c67f1dbc4f41a62d7b9738259a2?s=96&d=mm&r=g","contentUrl":"https:\/\/secure.gravatar.com\/avatar\/8418b61b3175dbba0a8744cf0ee6bb5c7a9f6c67f1dbc4f41a62d7b9738259a2?s=96&d=mm&r=g","caption":"mktmotorpor"},"url":"https:\/\/motorpor.pt\/en\/user\/mktmotorpor\/"}]}},"_links":{"self":[{"href":"https:\/\/motorpor.pt\/en\/wp-json\/wp\/v2\/posts\/94723","targetHints":{"allow":["GET"]}}],"collection":[{"href":"https:\/\/motorpor.pt\/en\/wp-json\/wp\/v2\/posts"}],"about":[{"href":"https:\/\/motorpor.pt\/en\/wp-json\/wp\/v2\/types\/post"}],"author":[{"embeddable":true,"href":"https:\/\/motorpor.pt\/en\/wp-json\/wp\/v2\/users\/85"}],"replies":[{"embeddable":true,"href":"https:\/\/motorpor.pt\/en\/wp-json\/wp\/v2\/comments?post=94723"}],"version-history":[{"count":0,"href":"https:\/\/motorpor.pt\/en\/wp-json\/wp\/v2\/posts\/94723\/revisions"}],"wp:featuredmedia":[{"embeddable":true,"href":"https:\/\/motorpor.pt\/en\/wp-json\/wp\/v2\/media\/94722"}],"wp:attachment":[{"href":"https:\/\/motorpor.pt\/en\/wp-json\/wp\/v2\/media?parent=94723"}],"wp:term":[{"taxonomy":"category","embeddable":true,"href":"https:\/\/motorpor.pt\/en\/wp-json\/wp\/v2\/categories?post=94723"},{"taxonomy":"post_tag","embeddable":true,"href":"https:\/\/motorpor.pt\/en\/wp-json\/wp\/v2\/tags?post=94723"}],"curies":[{"name":"wp","href":"https:\/\/api.w.org\/{rel}","templated":true}]}}