{"id":98493,"date":"2024-10-25T16:33:12","date_gmt":"2024-10-25T15:33:12","guid":{"rendered":"https:\/\/motorpor.pt\/novo-bigster-elevar-o-essencial-da-dacia\/"},"modified":"2024-10-25T17:16:32","modified_gmt":"2024-10-25T16:16:32","slug":"novo-bigster-elevar-o-essencial-da-dacia","status":"publish","type":"post","link":"https:\/\/motorpor.pt\/en\/novo-bigster-elevar-o-essencial-da-dacia\/","title":{"rendered":"NOVO BIGSTER: ELEVAR O ESSENCIAL DA DACIA"},"content":{"rendered":"<h4><strong>O Dacia Bigster \u00e9 a mais nova aposta da Dacia no segmento C-SUV, prometendo oferecer um autom\u00f3vel robusto, moderno e focado nas necessidades dos consumidores. <\/strong><\/h4>\n<h4><strong>Com uma linha de design minimalista e funcional, o Bigster entrega o essencial da Dacia com estilo e tecnologia, mantendo a reconhecida rela\u00e7\u00e3o qualidade-pre\u00e7o da marca. Este modelo \u00e9 ideal para quem procura espa\u00e7o, conforto, e versatilidade num ve\u00edculo feito para qualquer ocasi\u00e3o.<\/strong><\/h4>\n<div style=\"width: 600px;\" class=\"wp-video\"><video class=\"wp-video-shortcode\" id=\"video-98493-1\" width=\"600\" height=\"338\" preload=\"metadata\" controls=\"controls\"><source type=\"video\/mp4\" src=\"https:\/\/motorpor.pt\/wp-content\/uploads\/2024\/10\/dacia_bigster_-_revelacao-1.mp4?_=1\" \/><a href=\"https:\/\/motorpor.pt\/wp-content\/uploads\/2024\/10\/dacia_bigster_-_revelacao-1.mp4\">https:\/\/motorpor.pt\/wp-content\/uploads\/2024\/10\/dacia_bigster_-_revelacao-1.mp4<\/a><\/video><\/div>\n<p>O <strong>design do Bigster<\/strong> prioriza linhas limpas e geom\u00e9tricas que refor\u00e7am o estilo robusto do modelo. A<strong> dianteira ampla e os far\u00f3is em LED<\/strong> de assinatura Y garantem uma presen\u00e7a marcante na estrada, enquanto as laterais refor\u00e7am o seu car\u00e1ter off-road. O modelo inclui op\u00e7\u00f5es como<strong> jantes de 19 polegadas<\/strong> e <strong>acabamento em preto fosco<\/strong> para um visual mais resistente.<\/p>\n<p>O <strong>interior do Bigster<\/strong> foi projetado para proporcionar um espa\u00e7o amplo e confort\u00e1vel, com ergonomia otimizada e materiais de alta durabilidade. O <strong>painel digital de 7 a 10 polegadas<\/strong>, dependendo da vers\u00e3o, re\u00fane todas as informa\u00e7\u00f5es de condu\u00e7\u00e3o de forma pr\u00e1tica. O sistema multim\u00e9dia inclui um <strong>ecr\u00e3 central de 10,1 polegadas<\/strong> que oferece conectividade e f\u00e1cil acesso a recursos digitais. Op\u00e7\u00f5es como o ar-condicionado de duas zonas e o teto panor\u00e2mico est\u00e3o dispon\u00edveis para uma experi\u00eancia de condu\u00e7\u00e3o superior.<\/p>\n<p><a href=\"https:\/\/motorpor.pt\/wp-content\/uploads\/2024\/10\/Novo-Dacia-Bigster-Hybrid-155-Azul-Indigo-scaled.jpg\"><img fetchpriority=\"high\" decoding=\"async\" class=\"alignleft size-full wp-image-98492\" src=\"https:\/\/motorpor.pt\/wp-content\/uploads\/2024\/10\/Novo-Dacia-Bigster-Hybrid-155-Azul-Indigo-scaled.jpg\" alt=\"\" width=\"2560\" height=\"1708\" srcset=\"https:\/\/motorpor.pt\/wp-content\/uploads\/2024\/10\/Novo-Dacia-Bigster-Hybrid-155-Azul-Indigo-scaled.jpg 2560w, https:\/\/motorpor.pt\/wp-content\/uploads\/2024\/10\/Novo-Dacia-Bigster-Hybrid-155-Azul-Indigo-300x200.jpg 300w, https:\/\/motorpor.pt\/wp-content\/uploads\/2024\/10\/Novo-Dacia-Bigster-Hybrid-155-Azul-Indigo-1024x683.jpg 1024w, https:\/\/motorpor.pt\/wp-content\/uploads\/2024\/10\/Novo-Dacia-Bigster-Hybrid-155-Azul-Indigo-768x512.jpg 768w, https:\/\/motorpor.pt\/wp-content\/uploads\/2024\/10\/Novo-Dacia-Bigster-Hybrid-155-Azul-Indigo-1536x1025.jpg 1536w, https:\/\/motorpor.pt\/wp-content\/uploads\/2024\/10\/Novo-Dacia-Bigster-Hybrid-155-Azul-Indigo-2048x1366.jpg 2048w, https:\/\/motorpor.pt\/wp-content\/uploads\/2024\/10\/Novo-Dacia-Bigster-Hybrid-155-Azul-Indigo-18x12.jpg 18w, https:\/\/motorpor.pt\/wp-content\/uploads\/2024\/10\/Novo-Dacia-Bigster-Hybrid-155-Azul-Indigo-200x133.jpg 200w, https:\/\/motorpor.pt\/wp-content\/uploads\/2024\/10\/Novo-Dacia-Bigster-Hybrid-155-Azul-Indigo-165x110.jpg 165w\" sizes=\"(max-width: 2560px) 100vw, 2560px\" \/><\/a><\/p>\n<p>O<strong> Bigster<\/strong> vem equipado com tecnologias voltadas para seguran\u00e7a e comodidade. A<strong> porta da bagageira el\u00e9trica<\/strong>, por exemplo, facilita o acesso \u00e0 ampla bagageira, perfeita para viagens ou atividades ao ar livre. O <strong>sistema de som Arkamys 3D<\/strong> com seis altifalantes proporciona um ambiente imersivo, e o recurso de carregamento por indu\u00e7\u00e3o e o sistema YouClip asseguram praticidade no dia a dia.<\/p>\n<p>A <strong>Dacia<\/strong> adota o<strong> Starkle\u00ae<\/strong>, um material inovador e sustent\u00e1vel composto de pl\u00e1sticos reciclados para proteger a carro\u00e7aria do Beigstr. Este material de longa durabilidade contribui para um menor impacto ambiental, mantendo a robustez e a resist\u00eancia da estrutura do autom\u00f3vel.<\/p>\n<p>Com op\u00e7\u00e3o de <strong>tra\u00e7\u00e3o 4&#215;4<\/strong>, o Bigster atende \u00e0s necessidades de motoristas aventureiros. Os bancos rebat\u00edveis permitem carregar objetos maiores, e as barras de tejadilho modulares aumentam a capacidade de transporte externo, garantindo total flexibilidade em diversas situa\u00e7\u00f5es.<\/p>\n<h3><\/h3>\n<p><strong>A Dacia mant\u00e9m assim o seu compromisso com uma rela\u00e7\u00e3o qualidade-pre\u00e7o competitiva, oferecendo um autom\u00f3vel que combina robustez, conforto e tecnologia.<\/strong><\/p>","protected":false},"excerpt":{"rendered":"<p>O Dacia Bigster \u00e9 a mais nova aposta da Dacia no segmento C-SUV, prometendo oferecer um autom\u00f3vel robusto, moderno e focado nas necessidades dos consumidores. Com uma linha de design minimalista e funcional, o Bigster entrega o essencial da Dacia com estilo e tecnologia, mantendo a reconhecida rela\u00e7\u00e3o qualidade-pre\u00e7o da marca. Este modelo \u00e9 ideal [&hellip;]<\/p>\n","protected":false},"author":85,"featured_media":98488,"comment_status":"closed","ping_status":"open","sticky":false,"template":"","format":"standard","meta":{"_acf_changed":false,"footnotes":""},"categories":[2595,2592,3088],"tags":[],"class_list":["post-98493","post","type-post","status-publish","format-standard","has-post-thumbnail","hentry","category-atualidade","category-noticias","category-noticias-dacia"],"acf":[],"yoast_head":"<!-- This site is optimized with the Yoast SEO plugin v27.5 - https:\/\/yoast.com\/product\/yoast-seo-wordpress\/ -->\n<title>NOVO BIGSTER: ELEVAR O ESSENCIAL DA DACIA - Motorpor<\/title>\n<meta name=\"robots\" content=\"index, follow, max-snippet:-1, max-image-preview:large, max-video-preview:-1\" \/>\n<link rel=\"canonical\" href=\"https:\/\/motorpor.pt\/en\/novo-bigster-elevar-o-essencial-da-dacia\/\" \/>\n<meta property=\"og:locale\" content=\"en_US\" \/>\n<meta property=\"og:type\" content=\"article\" \/>\n<meta property=\"og:title\" content=\"NOVO BIGSTER: ELEVAR O ESSENCIAL DA DACIA - Motorpor\" \/>\n<meta property=\"og:description\" content=\"O Dacia Bigster \u00e9 a mais nova aposta da Dacia no segmento C-SUV, prometendo oferecer um autom\u00f3vel robusto, moderno e focado nas necessidades dos consumidores. Com uma linha de design minimalista e funcional, o Bigster entrega o essencial da Dacia com estilo e tecnologia, mantendo a reconhecida rela\u00e7\u00e3o qualidade-pre\u00e7o da marca. Este modelo \u00e9 ideal [&hellip;]\" \/>\n<meta property=\"og:url\" content=\"https:\/\/motorpor.pt\/en\/novo-bigster-elevar-o-essencial-da-dacia\/\" \/>\n<meta property=\"og:site_name\" content=\"Motorpor\" \/>\n<meta property=\"article:published_time\" content=\"2024-10-25T15:33:12+00:00\" \/>\n<meta property=\"article:modified_time\" content=\"2024-10-25T16:16:32+00:00\" \/>\n<meta property=\"og:image\" content=\"https:\/\/motorpor.pt\/wp-content\/uploads\/2024\/10\/e95a1698596a856dcec65f9622073e4e-l.jpg-1.webp\" \/>\n\t<meta property=\"og:image:width\" content=\"2000\" \/>\n\t<meta property=\"og:image:height\" content=\"1125\" \/>\n\t<meta property=\"og:image:type\" content=\"image\/webp\" \/>\n<meta name=\"author\" content=\"mktmotorpor\" \/>\n<meta name=\"twitter:card\" content=\"summary_large_image\" \/>\n<meta name=\"twitter:label1\" content=\"Written by\" \/>\n\t<meta name=\"twitter:data1\" content=\"mktmotorpor\" \/>\n\t<meta name=\"twitter:label2\" content=\"Est. reading time\" \/>\n\t<meta name=\"twitter:data2\" content=\"2 minutes\" \/>\n<script type=\"application\/ld+json\" class=\"yoast-schema-graph\">{\"@context\":\"https:\\\/\\\/schema.org\",\"@graph\":[{\"@type\":\"Article\",\"@id\":\"https:\\\/\\\/motorpor.pt\\\/novo-bigster-elevar-o-essencial-da-dacia\\\/#article\",\"isPartOf\":{\"@id\":\"https:\\\/\\\/motorpor.pt\\\/novo-bigster-elevar-o-essencial-da-dacia\\\/\"},\"author\":{\"name\":\"mktmotorpor\",\"@id\":\"https:\\\/\\\/motorpor.pt\\\/#\\\/schema\\\/person\\\/b4bf07144e88efed7388a5af30522db7\"},\"headline\":\"NOVO BIGSTER: ELEVAR O ESSENCIAL DA DACIA\",\"datePublished\":\"2024-10-25T15:33:12+00:00\",\"dateModified\":\"2024-10-25T16:16:32+00:00\",\"mainEntityOfPage\":{\"@id\":\"https:\\\/\\\/motorpor.pt\\\/novo-bigster-elevar-o-essencial-da-dacia\\\/\"},\"wordCount\":428,\"publisher\":{\"@id\":\"https:\\\/\\\/motorpor.pt\\\/#organization\"},\"image\":{\"@id\":\"https:\\\/\\\/motorpor.pt\\\/novo-bigster-elevar-o-essencial-da-dacia\\\/#primaryimage\"},\"thumbnailUrl\":\"https:\\\/\\\/motorpor.pt\\\/wp-content\\\/uploads\\\/2024\\\/10\\\/e95a1698596a856dcec65f9622073e4e-l.jpg-1.webp\",\"articleSection\":[\"Atualidade\",\"Not\u00edcias\",\"Not\u00edcias Dacia\"],\"inLanguage\":\"en-US\"},{\"@type\":\"WebPage\",\"@id\":\"https:\\\/\\\/motorpor.pt\\\/novo-bigster-elevar-o-essencial-da-dacia\\\/\",\"url\":\"https:\\\/\\\/motorpor.pt\\\/novo-bigster-elevar-o-essencial-da-dacia\\\/\",\"name\":\"NOVO BIGSTER: ELEVAR O ESSENCIAL DA DACIA - Motorpor\",\"isPartOf\":{\"@id\":\"https:\\\/\\\/motorpor.pt\\\/#website\"},\"primaryImageOfPage\":{\"@id\":\"https:\\\/\\\/motorpor.pt\\\/novo-bigster-elevar-o-essencial-da-dacia\\\/#primaryimage\"},\"image\":{\"@id\":\"https:\\\/\\\/motorpor.pt\\\/novo-bigster-elevar-o-essencial-da-dacia\\\/#primaryimage\"},\"thumbnailUrl\":\"https:\\\/\\\/motorpor.pt\\\/wp-content\\\/uploads\\\/2024\\\/10\\\/e95a1698596a856dcec65f9622073e4e-l.jpg-1.webp\",\"datePublished\":\"2024-10-25T15:33:12+00:00\",\"dateModified\":\"2024-10-25T16:16:32+00:00\",\"breadcrumb\":{\"@id\":\"https:\\\/\\\/motorpor.pt\\\/novo-bigster-elevar-o-essencial-da-dacia\\\/#breadcrumb\"},\"inLanguage\":\"en-US\",\"potentialAction\":[{\"@type\":\"ReadAction\",\"target\":[\"https:\\\/\\\/motorpor.pt\\\/novo-bigster-elevar-o-essencial-da-dacia\\\/\"]}]},{\"@type\":\"ImageObject\",\"inLanguage\":\"en-US\",\"@id\":\"https:\\\/\\\/motorpor.pt\\\/novo-bigster-elevar-o-essencial-da-dacia\\\/#primaryimage\",\"url\":\"https:\\\/\\\/motorpor.pt\\\/wp-content\\\/uploads\\\/2024\\\/10\\\/e95a1698596a856dcec65f9622073e4e-l.jpg-1.webp\",\"contentUrl\":\"https:\\\/\\\/motorpor.pt\\\/wp-content\\\/uploads\\\/2024\\\/10\\\/e95a1698596a856dcec65f9622073e4e-l.jpg-1.webp\",\"width\":2000,\"height\":1125},{\"@type\":\"BreadcrumbList\",\"@id\":\"https:\\\/\\\/motorpor.pt\\\/novo-bigster-elevar-o-essencial-da-dacia\\\/#breadcrumb\",\"itemListElement\":[{\"@type\":\"ListItem\",\"position\":1,\"name\":\"In\u00edcio\",\"item\":\"https:\\\/\\\/motorpor.pt\\\/\"},{\"@type\":\"ListItem\",\"position\":2,\"name\":\"NOVO BIGSTER: ELEVAR O ESSENCIAL DA DACIA\"}]},{\"@type\":\"WebSite\",\"@id\":\"https:\\\/\\\/motorpor.pt\\\/#website\",\"url\":\"https:\\\/\\\/motorpor.pt\\\/\",\"name\":\"Motorpor\",\"description\":\"Comercio de Autom\u00f3veis Multimarcas\",\"publisher\":{\"@id\":\"https:\\\/\\\/motorpor.pt\\\/#organization\"},\"potentialAction\":[{\"@type\":\"SearchAction\",\"target\":{\"@type\":\"EntryPoint\",\"urlTemplate\":\"https:\\\/\\\/motorpor.pt\\\/?s={search_term_string}\"},\"query-input\":{\"@type\":\"PropertyValueSpecification\",\"valueRequired\":true,\"valueName\":\"search_term_string\"}}],\"inLanguage\":\"en-US\"},{\"@type\":\"Organization\",\"@id\":\"https:\\\/\\\/motorpor.pt\\\/#organization\",\"name\":\"Motorpor\",\"alternateName\":\"Motorpor\",\"url\":\"https:\\\/\\\/motorpor.pt\\\/\",\"logo\":{\"@type\":\"ImageObject\",\"inLanguage\":\"en-US\",\"@id\":\"https:\\\/\\\/motorpor.pt\\\/#\\\/schema\\\/logo\\\/image\\\/\",\"url\":\"https:\\\/\\\/motorpor.pt\\\/wp-content\\\/uploads\\\/2024\\\/07\\\/Logo-Motorpor-Preto.svg\",\"contentUrl\":\"https:\\\/\\\/motorpor.pt\\\/wp-content\\\/uploads\\\/2024\\\/07\\\/Logo-Motorpor-Preto.svg\",\"width\":493,\"height\":93,\"caption\":\"Motorpor\"},\"image\":{\"@id\":\"https:\\\/\\\/motorpor.pt\\\/#\\\/schema\\\/logo\\\/image\\\/\"},\"sameAs\":[\"https:\\\/\\\/www.linkedin.com\\\/company\\\/grupo-motorpor\"]},{\"@type\":\"Person\",\"@id\":\"https:\\\/\\\/motorpor.pt\\\/#\\\/schema\\\/person\\\/b4bf07144e88efed7388a5af30522db7\",\"name\":\"mktmotorpor\",\"image\":{\"@type\":\"ImageObject\",\"inLanguage\":\"en-US\",\"@id\":\"https:\\\/\\\/secure.gravatar.com\\\/avatar\\\/8418b61b3175dbba0a8744cf0ee6bb5c7a9f6c67f1dbc4f41a62d7b9738259a2?s=96&d=mm&r=g\",\"url\":\"https:\\\/\\\/secure.gravatar.com\\\/avatar\\\/8418b61b3175dbba0a8744cf0ee6bb5c7a9f6c67f1dbc4f41a62d7b9738259a2?s=96&d=mm&r=g\",\"contentUrl\":\"https:\\\/\\\/secure.gravatar.com\\\/avatar\\\/8418b61b3175dbba0a8744cf0ee6bb5c7a9f6c67f1dbc4f41a62d7b9738259a2?s=96&d=mm&r=g\",\"caption\":\"mktmotorpor\"},\"url\":\"https:\\\/\\\/motorpor.pt\\\/en\\\/user\\\/mktmotorpor\\\/\"}]}<\/script>\n<!-- \/ Yoast SEO plugin. -->","yoast_head_json":{"title":"NOVO BIGSTER: ELEVAR O ESSENCIAL DA DACIA - Motorpor","robots":{"index":"index","follow":"follow","max-snippet":"max-snippet:-1","max-image-preview":"max-image-preview:large","max-video-preview":"max-video-preview:-1"},"canonical":"https:\/\/motorpor.pt\/en\/novo-bigster-elevar-o-essencial-da-dacia\/","og_locale":"en_US","og_type":"article","og_title":"NOVO BIGSTER: ELEVAR O ESSENCIAL DA DACIA - Motorpor","og_description":"O Dacia Bigster \u00e9 a mais nova aposta da Dacia no segmento C-SUV, prometendo oferecer um autom\u00f3vel robusto, moderno e focado nas necessidades dos consumidores. Com uma linha de design minimalista e funcional, o Bigster entrega o essencial da Dacia com estilo e tecnologia, mantendo a reconhecida rela\u00e7\u00e3o qualidade-pre\u00e7o da marca. Este modelo \u00e9 ideal [&hellip;]","og_url":"https:\/\/motorpor.pt\/en\/novo-bigster-elevar-o-essencial-da-dacia\/","og_site_name":"Motorpor","article_published_time":"2024-10-25T15:33:12+00:00","article_modified_time":"2024-10-25T16:16:32+00:00","og_image":[{"width":2000,"height":1125,"url":"https:\/\/motorpor.pt\/wp-content\/uploads\/2024\/10\/e95a1698596a856dcec65f9622073e4e-l.jpg-1.webp","type":"image\/webp"}],"author":"mktmotorpor","twitter_card":"summary_large_image","twitter_misc":{"Written by":"mktmotorpor","Est. reading time":"2 minutes"},"schema":{"@context":"https:\/\/schema.org","@graph":[{"@type":"Article","@id":"https:\/\/motorpor.pt\/novo-bigster-elevar-o-essencial-da-dacia\/#article","isPartOf":{"@id":"https:\/\/motorpor.pt\/novo-bigster-elevar-o-essencial-da-dacia\/"},"author":{"name":"mktmotorpor","@id":"https:\/\/motorpor.pt\/#\/schema\/person\/b4bf07144e88efed7388a5af30522db7"},"headline":"NOVO BIGSTER: ELEVAR O ESSENCIAL DA DACIA","datePublished":"2024-10-25T15:33:12+00:00","dateModified":"2024-10-25T16:16:32+00:00","mainEntityOfPage":{"@id":"https:\/\/motorpor.pt\/novo-bigster-elevar-o-essencial-da-dacia\/"},"wordCount":428,"publisher":{"@id":"https:\/\/motorpor.pt\/#organization"},"image":{"@id":"https:\/\/motorpor.pt\/novo-bigster-elevar-o-essencial-da-dacia\/#primaryimage"},"thumbnailUrl":"https:\/\/motorpor.pt\/wp-content\/uploads\/2024\/10\/e95a1698596a856dcec65f9622073e4e-l.jpg-1.webp","articleSection":["Atualidade","Not\u00edcias","Not\u00edcias Dacia"],"inLanguage":"en-US"},{"@type":"WebPage","@id":"https:\/\/motorpor.pt\/novo-bigster-elevar-o-essencial-da-dacia\/","url":"https:\/\/motorpor.pt\/novo-bigster-elevar-o-essencial-da-dacia\/","name":"NOVO BIGSTER: ELEVAR O ESSENCIAL DA DACIA - Motorpor","isPartOf":{"@id":"https:\/\/motorpor.pt\/#website"},"primaryImageOfPage":{"@id":"https:\/\/motorpor.pt\/novo-bigster-elevar-o-essencial-da-dacia\/#primaryimage"},"image":{"@id":"https:\/\/motorpor.pt\/novo-bigster-elevar-o-essencial-da-dacia\/#primaryimage"},"thumbnailUrl":"https:\/\/motorpor.pt\/wp-content\/uploads\/2024\/10\/e95a1698596a856dcec65f9622073e4e-l.jpg-1.webp","datePublished":"2024-10-25T15:33:12+00:00","dateModified":"2024-10-25T16:16:32+00:00","breadcrumb":{"@id":"https:\/\/motorpor.pt\/novo-bigster-elevar-o-essencial-da-dacia\/#breadcrumb"},"inLanguage":"en-US","potentialAction":[{"@type":"ReadAction","target":["https:\/\/motorpor.pt\/novo-bigster-elevar-o-essencial-da-dacia\/"]}]},{"@type":"ImageObject","inLanguage":"en-US","@id":"https:\/\/motorpor.pt\/novo-bigster-elevar-o-essencial-da-dacia\/#primaryimage","url":"https:\/\/motorpor.pt\/wp-content\/uploads\/2024\/10\/e95a1698596a856dcec65f9622073e4e-l.jpg-1.webp","contentUrl":"https:\/\/motorpor.pt\/wp-content\/uploads\/2024\/10\/e95a1698596a856dcec65f9622073e4e-l.jpg-1.webp","width":2000,"height":1125},{"@type":"BreadcrumbList","@id":"https:\/\/motorpor.pt\/novo-bigster-elevar-o-essencial-da-dacia\/#breadcrumb","itemListElement":[{"@type":"ListItem","position":1,"name":"In\u00edcio","item":"https:\/\/motorpor.pt\/"},{"@type":"ListItem","position":2,"name":"NOVO BIGSTER: ELEVAR O ESSENCIAL DA DACIA"}]},{"@type":"WebSite","@id":"https:\/\/motorpor.pt\/#website","url":"https:\/\/motorpor.pt\/","name":"motorpor","description":"Comercio de Autom\u00f3veis Multimarcas","publisher":{"@id":"https:\/\/motorpor.pt\/#organization"},"potentialAction":[{"@type":"SearchAction","target":{"@type":"EntryPoint","urlTemplate":"https:\/\/motorpor.pt\/?s={search_term_string}"},"query-input":{"@type":"PropertyValueSpecification","valueRequired":true,"valueName":"search_term_string"}}],"inLanguage":"en-US"},{"@type":"Organization","@id":"https:\/\/motorpor.pt\/#organization","name":"motorpor","alternateName":"Motorpor","url":"https:\/\/motorpor.pt\/","logo":{"@type":"ImageObject","inLanguage":"en-US","@id":"https:\/\/motorpor.pt\/#\/schema\/logo\/image\/","url":"https:\/\/motorpor.pt\/wp-content\/uploads\/2024\/07\/Logo-Motorpor-Preto.svg","contentUrl":"https:\/\/motorpor.pt\/wp-content\/uploads\/2024\/07\/Logo-Motorpor-Preto.svg","width":493,"height":93,"caption":"Motorpor"},"image":{"@id":"https:\/\/motorpor.pt\/#\/schema\/logo\/image\/"},"sameAs":["https:\/\/www.linkedin.com\/company\/grupo-motorpor"]},{"@type":"Person","@id":"https:\/\/motorpor.pt\/#\/schema\/person\/b4bf07144e88efed7388a5af30522db7","name":"mktmotorpor","image":{"@type":"ImageObject","inLanguage":"en-US","@id":"https:\/\/secure.gravatar.com\/avatar\/8418b61b3175dbba0a8744cf0ee6bb5c7a9f6c67f1dbc4f41a62d7b9738259a2?s=96&d=mm&r=g","url":"https:\/\/secure.gravatar.com\/avatar\/8418b61b3175dbba0a8744cf0ee6bb5c7a9f6c67f1dbc4f41a62d7b9738259a2?s=96&d=mm&r=g","contentUrl":"https:\/\/secure.gravatar.com\/avatar\/8418b61b3175dbba0a8744cf0ee6bb5c7a9f6c67f1dbc4f41a62d7b9738259a2?s=96&d=mm&r=g","caption":"mktmotorpor"},"url":"https:\/\/motorpor.pt\/en\/user\/mktmotorpor\/"}]}},"_links":{"self":[{"href":"https:\/\/motorpor.pt\/en\/wp-json\/wp\/v2\/posts\/98493","targetHints":{"allow":["GET"]}}],"collection":[{"href":"https:\/\/motorpor.pt\/en\/wp-json\/wp\/v2\/posts"}],"about":[{"href":"https:\/\/motorpor.pt\/en\/wp-json\/wp\/v2\/types\/post"}],"author":[{"embeddable":true,"href":"https:\/\/motorpor.pt\/en\/wp-json\/wp\/v2\/users\/85"}],"replies":[{"embeddable":true,"href":"https:\/\/motorpor.pt\/en\/wp-json\/wp\/v2\/comments?post=98493"}],"version-history":[{"count":3,"href":"https:\/\/motorpor.pt\/en\/wp-json\/wp\/v2\/posts\/98493\/revisions"}],"predecessor-version":[{"id":98496,"href":"https:\/\/motorpor.pt\/en\/wp-json\/wp\/v2\/posts\/98493\/revisions\/98496"}],"wp:featuredmedia":[{"embeddable":true,"href":"https:\/\/motorpor.pt\/en\/wp-json\/wp\/v2\/media\/98488"}],"wp:attachment":[{"href":"https:\/\/motorpor.pt\/en\/wp-json\/wp\/v2\/media?parent=98493"}],"wp:term":[{"taxonomy":"category","embeddable":true,"href":"https:\/\/motorpor.pt\/en\/wp-json\/wp\/v2\/categories?post=98493"},{"taxonomy":"post_tag","embeddable":true,"href":"https:\/\/motorpor.pt\/en\/wp-json\/wp\/v2\/tags?post=98493"}],"curies":[{"name":"wp","href":"https:\/\/api.w.org\/{rel}","templated":true}]}}