{"id":105750,"date":"2024-12-05T12:44:16","date_gmt":"2024-12-05T11:44:16","guid":{"rendered":"https:\/\/motorpor.pt\/renault-5-e-tech-100-eletrico-abertura-de-encomendas-para-as-versoes-de-autonomia-urban\/"},"modified":"2024-12-05T12:44:16","modified_gmt":"2024-12-05T11:44:16","slug":"renault-5-e-tech-100-eletrico-abertura-de-encomendas-para-as-versoes-de-autonomia-urban","status":"publish","type":"post","link":"https:\/\/motorpor.pt\/fr\/renault-5-e-tech-100-eletrico-abertura-de-encomendas-para-as-versoes-de-autonomia-urban\/","title":{"rendered":"RENAULT 5 E-TECH 100% EL\u00c9TRICO: ABERTURA DE ENCOMENDAS PARA AS VERS\u00d5ES DE AUTONOMIA URBAN"},"content":{"rendered":"<ul>\n<li>O <strong>Renault 5 E-Tech 100% el\u00e9trico<\/strong> est\u00e1 dispon\u00edvel para encomenda com o pack de baterias de 40 kWh, que permite uma<strong> autonomia de at\u00e9 312 km<\/strong> WLTP. Est\u00e1 dispon\u00edvel a partir de 27.500 euros (PVPR).<\/li>\n<li>Chegam a vers\u00e3o <strong>FIVE<\/strong>, por <strong>25.000 euros (PVPR)<\/strong>, e a s\u00e9rie especial <strong>Roland-Garros<\/strong>, ambas equipadas com a mesma<strong> bateria de 40 kWh<\/strong>, aliando mobilidade el\u00e9trica a pre\u00e7os acess\u00edveis.<\/li>\n<\/ul>\n<p>\u00a0<\/p>\n<p>O <strong>Renault 5 E-Tech 100% el\u00e9trico<\/strong> estreou-se com uma bateria de 52 kWh, oferecendo uma autonomia combinada de at\u00e9 <strong>410 km WLTP<\/strong>. Este modelo, com a op\u00e7\u00e3o de &#8220;autonomia comfort&#8221;, \u00e9 ideal para condutores que precisam de um ve\u00edculo el\u00e9trico vers\u00e1til, tanto para desloca\u00e7\u00f5es urbanas quanto para viagens mais longas.<\/p>\n<p>A partir de <strong>20 de novembro<\/strong>, a gama do Renault 5 E-Tech ganha uma nova op\u00e7\u00e3o: a bateria de <strong>40 kWh<\/strong>, que proporciona at\u00e9 <strong>312 km de autonomia WLTP<\/strong>, perfeita para uso urbano e periurbano. Esta vers\u00e3o est\u00e1 dispon\u00edvel em tr\u00eas n\u00edveis de equipamento (<em>Evolution<\/em>, <em>Techno<\/em> e <em>Iconic Cinq<\/em>), com pre\u00e7os a partir de <strong>27.900 euros (PVPR)<\/strong> na vers\u00e3o <em>Evolution<\/em>.<\/p>\n<p>O Renault 5 E-Tech com a bateria de 40 kWh mant\u00e9m o esp\u00edrito inovador do modelo, combinando design ic\u00f3nico, din\u00e2mica de condu\u00e7\u00e3o superior e agilidade, gra\u00e7as \u00e0 plataforma <strong>AmpR Small<\/strong> e ao eixo traseiro multi-link, que garantem uma experi\u00eancia de condu\u00e7\u00e3o \u00fanica e divertida.<\/p>\n<p>\u00a0<\/p>\n<h3><strong>Duas novas vers\u00f5es em 2025<\/strong><\/h3>\n<p>\u00a0<\/p>\n<p>Em <strong>2025<\/strong>, o <strong>Renault 5 E-Tech 100% el\u00e9trico<\/strong> ampliar\u00e1 a sua gama com duas novas op\u00e7\u00f5es:<\/p>\n<p>\u00a0<\/p>\n<ol>\n<li><strong>Vers\u00e3o FIVE<\/strong>: Equipada com bateria de <strong>40 kWh<\/strong> e autonomia de at\u00e9 <strong>300 km WLTP<\/strong>, ser\u00e1 oferecida por apenas <strong>25.000 euros (PVPR)<\/strong>.<\/li>\n<li><strong>S\u00e9rie Especial Roland-Garros<\/strong>: Com acabamentos exclusivos e equipamentos diferenciados, esta edi\u00e7\u00e3o especial promete sofistica\u00e7\u00e3o e exclusividade para os f\u00e3s do modelo.<\/li>\n<\/ol>\n<p>\u00a0<\/p>\n<h3>Pre\u00e7os &amp; Op\u00e7\u00f5es<\/h3>\n<p>\u00a0<\/p>\n<p><img fetchpriority=\"high\" decoding=\"async\" class=\"alignnone wp-image-105746 size-full\" src=\"https:\/\/motorpor.pt\/wp-content\/uploads\/2024\/12\/image_67055419221732015923114_1732015924.png\" alt=\"\" width=\"950\" height=\"502\" srcset=\"https:\/\/motorpor.pt\/wp-content\/uploads\/2024\/12\/image_67055419221732015923114_1732015924.png 950w, https:\/\/motorpor.pt\/wp-content\/uploads\/2024\/12\/image_67055419221732015923114_1732015924-300x159.png 300w, https:\/\/motorpor.pt\/wp-content\/uploads\/2024\/12\/image_67055419221732015923114_1732015924-768x406.png 768w, https:\/\/motorpor.pt\/wp-content\/uploads\/2024\/12\/image_67055419221732015923114_1732015924-18x10.png 18w, https:\/\/motorpor.pt\/wp-content\/uploads\/2024\/12\/image_67055419221732015923114_1732015924-200x106.png 200w, https:\/\/motorpor.pt\/wp-content\/uploads\/2024\/12\/image_67055419221732015923114_1732015924-165x87.png 165w\" sizes=\"(max-width: 950px) 100vw, 950px\" \/><\/p>\n<p><img decoding=\"async\" class=\"alignnone wp-image-105745 size-full\" src=\"https:\/\/motorpor.pt\/wp-content\/uploads\/2024\/12\/image_57616721141732016027344_1732016028.png\" alt=\"\" width=\"1000\" height=\"483\" srcset=\"https:\/\/motorpor.pt\/wp-content\/uploads\/2024\/12\/image_57616721141732016027344_1732016028.png 1000w, https:\/\/motorpor.pt\/wp-content\/uploads\/2024\/12\/image_57616721141732016027344_1732016028-300x145.png 300w, https:\/\/motorpor.pt\/wp-content\/uploads\/2024\/12\/image_57616721141732016027344_1732016028-768x371.png 768w, https:\/\/motorpor.pt\/wp-content\/uploads\/2024\/12\/image_57616721141732016027344_1732016028-18x9.png 18w, https:\/\/motorpor.pt\/wp-content\/uploads\/2024\/12\/image_57616721141732016027344_1732016028-200x97.png 200w, https:\/\/motorpor.pt\/wp-content\/uploads\/2024\/12\/image_57616721141732016027344_1732016028-165x80.png 165w\" sizes=\"(max-width: 1000px) 100vw, 1000px\" \/><\/p>\n<p><img decoding=\"async\" class=\"alignnone wp-image-105748 size-full\" src=\"https:\/\/motorpor.pt\/wp-content\/uploads\/2024\/12\/image_42438695551732016071496_1732016072.png\" alt=\"\" width=\"1000\" height=\"411\" srcset=\"https:\/\/motorpor.pt\/wp-content\/uploads\/2024\/12\/image_42438695551732016071496_1732016072.png 1000w, https:\/\/motorpor.pt\/wp-content\/uploads\/2024\/12\/image_42438695551732016071496_1732016072-300x123.png 300w, https:\/\/motorpor.pt\/wp-content\/uploads\/2024\/12\/image_42438695551732016071496_1732016072-768x316.png 768w, https:\/\/motorpor.pt\/wp-content\/uploads\/2024\/12\/image_42438695551732016071496_1732016072-18x7.png 18w, https:\/\/motorpor.pt\/wp-content\/uploads\/2024\/12\/image_42438695551732016071496_1732016072-200x82.png 200w, https:\/\/motorpor.pt\/wp-content\/uploads\/2024\/12\/image_42438695551732016071496_1732016072-165x68.png 165w\" sizes=\"(max-width: 1000px) 100vw, 1000px\" \/><\/p>\n<p><img loading=\"lazy\" decoding=\"async\" class=\"alignnone wp-image-105747 size-full\" src=\"https:\/\/motorpor.pt\/wp-content\/uploads\/2024\/12\/image_68025118761732016338930_1732016340.png\" alt=\"\" width=\"1000\" height=\"424\" srcset=\"https:\/\/motorpor.pt\/wp-content\/uploads\/2024\/12\/image_68025118761732016338930_1732016340.png 1000w, https:\/\/motorpor.pt\/wp-content\/uploads\/2024\/12\/image_68025118761732016338930_1732016340-300x127.png 300w, https:\/\/motorpor.pt\/wp-content\/uploads\/2024\/12\/image_68025118761732016338930_1732016340-768x326.png 768w, https:\/\/motorpor.pt\/wp-content\/uploads\/2024\/12\/image_68025118761732016338930_1732016340-18x8.png 18w, https:\/\/motorpor.pt\/wp-content\/uploads\/2024\/12\/image_68025118761732016338930_1732016340-200x85.png 200w, https:\/\/motorpor.pt\/wp-content\/uploads\/2024\/12\/image_68025118761732016338930_1732016340-165x70.png 165w\" sizes=\"(max-width: 1000px) 100vw, 1000px\" \/><\/p>\n<p>\u00a0<\/p>","protected":false},"excerpt":{"rendered":"<p>O Renault 5 E-Tech 100% el\u00e9trico est\u00e1 dispon\u00edvel para encomenda com o pack de baterias de 40 kWh, que permite uma autonomia de at\u00e9 312 km WLTP. Est\u00e1 dispon\u00edvel a partir de 27.500 euros (PVPR). Chegam a vers\u00e3o FIVE, por 25.000 euros (PVPR), e a s\u00e9rie especial Roland-Garros, ambas equipadas com a mesma bateria de [&hellip;]<\/p>\n","protected":false},"author":85,"featured_media":105749,"comment_status":"","ping_status":"open","sticky":false,"template":"","format":"standard","meta":{"_acf_changed":false,"footnotes":""},"categories":[2595,2592,3095],"tags":[],"class_list":["post-105750","post","type-post","status-publish","format-standard","has-post-thumbnail","hentry","category-atualidade","category-noticias","category-noticias-renault"],"acf":[],"yoast_head":"<!-- This site is optimized with the Yoast SEO plugin v27.5 - https:\/\/yoast.com\/product\/yoast-seo-wordpress\/ -->\n<title>RENAULT 5 E-TECH 100% EL\u00c9TRICO: ABERTURA DE ENCOMENDAS PARA AS VERS\u00d5ES DE AUTONOMIA URBAN - Motorpor<\/title>\n<meta name=\"robots\" content=\"index, follow, max-snippet:-1, max-image-preview:large, max-video-preview:-1\" \/>\n<link rel=\"canonical\" href=\"https:\/\/motorpor.pt\/fr\/renault-5-e-tech-100-eletrico-abertura-de-encomendas-para-as-versoes-de-autonomia-urban\/\" \/>\n<meta property=\"og:locale\" content=\"fr_FR\" \/>\n<meta property=\"og:type\" content=\"article\" \/>\n<meta property=\"og:title\" content=\"RENAULT 5 E-TECH 100% EL\u00c9TRICO: ABERTURA DE ENCOMENDAS PARA AS VERS\u00d5ES DE AUTONOMIA URBAN - Motorpor\" \/>\n<meta property=\"og:description\" content=\"O Renault 5 E-Tech 100% el\u00e9trico est\u00e1 dispon\u00edvel para encomenda com o pack de baterias de 40 kWh, que permite uma autonomia de at\u00e9 312 km WLTP. Est\u00e1 dispon\u00edvel a partir de 27.500 euros (PVPR). Chegam a vers\u00e3o FIVE, por 25.000 euros (PVPR), e a s\u00e9rie especial Roland-Garros, ambas equipadas com a mesma bateria de [&hellip;]\" \/>\n<meta property=\"og:url\" content=\"https:\/\/motorpor.pt\/fr\/renault-5-e-tech-100-eletrico-abertura-de-encomendas-para-as-versoes-de-autonomia-urban\/\" \/>\n<meta property=\"og:site_name\" content=\"Motorpor\" \/>\n<meta property=\"article:published_time\" content=\"2024-12-05T11:44:16+00:00\" \/>\n<meta property=\"og:image\" content=\"https:\/\/motorpor.pt\/wp-content\/uploads\/2024\/12\/image_67055419221732015923114_1732015924.png\" \/>\n\t<meta property=\"og:image:width\" content=\"950\" \/>\n\t<meta property=\"og:image:height\" content=\"502\" \/>\n\t<meta property=\"og:image:type\" content=\"image\/png\" \/>\n<meta name=\"author\" content=\"mktmotorpor\" \/>\n<meta name=\"twitter:card\" content=\"summary_large_image\" \/>\n<meta name=\"twitter:label1\" content=\"\u00c9crit par\" \/>\n\t<meta name=\"twitter:data1\" content=\"mktmotorpor\" \/>\n\t<meta name=\"twitter:label2\" content=\"Dur\u00e9e de lecture estim\u00e9e\" \/>\n\t<meta name=\"twitter:data2\" content=\"1 minute\" \/>\n<script type=\"application\/ld+json\" class=\"yoast-schema-graph\">{\"@context\":\"https:\\\/\\\/schema.org\",\"@graph\":[{\"@type\":\"Article\",\"@id\":\"https:\\\/\\\/motorpor.pt\\\/renault-5-e-tech-100-eletrico-abertura-de-encomendas-para-as-versoes-de-autonomia-urban\\\/#article\",\"isPartOf\":{\"@id\":\"https:\\\/\\\/motorpor.pt\\\/renault-5-e-tech-100-eletrico-abertura-de-encomendas-para-as-versoes-de-autonomia-urban\\\/\"},\"author\":{\"name\":\"mktmotorpor\",\"@id\":\"https:\\\/\\\/motorpor.pt\\\/#\\\/schema\\\/person\\\/b4bf07144e88efed7388a5af30522db7\"},\"headline\":\"RENAULT 5 E-TECH 100% EL\u00c9TRICO: ABERTURA DE ENCOMENDAS PARA AS VERS\u00d5ES DE AUTONOMIA URBAN\",\"datePublished\":\"2024-12-05T11:44:16+00:00\",\"mainEntityOfPage\":{\"@id\":\"https:\\\/\\\/motorpor.pt\\\/renault-5-e-tech-100-eletrico-abertura-de-encomendas-para-as-versoes-de-autonomia-urban\\\/\"},\"wordCount\":310,\"publisher\":{\"@id\":\"https:\\\/\\\/motorpor.pt\\\/#organization\"},\"image\":{\"@id\":\"https:\\\/\\\/motorpor.pt\\\/renault-5-e-tech-100-eletrico-abertura-de-encomendas-para-as-versoes-de-autonomia-urban\\\/#primaryimage\"},\"thumbnailUrl\":\"https:\\\/\\\/motorpor.pt\\\/wp-content\\\/uploads\\\/2024\\\/12\\\/096f5168df215399abd0f0bf7f158c16-l.jpg-1.webp\",\"articleSection\":[\"Atualidade\",\"Not\u00edcias\",\"Not\u00edcias Renault\"],\"inLanguage\":\"fr-FR\"},{\"@type\":\"WebPage\",\"@id\":\"https:\\\/\\\/motorpor.pt\\\/renault-5-e-tech-100-eletrico-abertura-de-encomendas-para-as-versoes-de-autonomia-urban\\\/\",\"url\":\"https:\\\/\\\/motorpor.pt\\\/renault-5-e-tech-100-eletrico-abertura-de-encomendas-para-as-versoes-de-autonomia-urban\\\/\",\"name\":\"RENAULT 5 E-TECH 100% EL\u00c9TRICO: ABERTURA DE ENCOMENDAS PARA AS VERS\u00d5ES DE AUTONOMIA URBAN - Motorpor\",\"isPartOf\":{\"@id\":\"https:\\\/\\\/motorpor.pt\\\/#website\"},\"primaryImageOfPage\":{\"@id\":\"https:\\\/\\\/motorpor.pt\\\/renault-5-e-tech-100-eletrico-abertura-de-encomendas-para-as-versoes-de-autonomia-urban\\\/#primaryimage\"},\"image\":{\"@id\":\"https:\\\/\\\/motorpor.pt\\\/renault-5-e-tech-100-eletrico-abertura-de-encomendas-para-as-versoes-de-autonomia-urban\\\/#primaryimage\"},\"thumbnailUrl\":\"https:\\\/\\\/motorpor.pt\\\/wp-content\\\/uploads\\\/2024\\\/12\\\/096f5168df215399abd0f0bf7f158c16-l.jpg-1.webp\",\"datePublished\":\"2024-12-05T11:44:16+00:00\",\"breadcrumb\":{\"@id\":\"https:\\\/\\\/motorpor.pt\\\/renault-5-e-tech-100-eletrico-abertura-de-encomendas-para-as-versoes-de-autonomia-urban\\\/#breadcrumb\"},\"inLanguage\":\"fr-FR\",\"potentialAction\":[{\"@type\":\"ReadAction\",\"target\":[\"https:\\\/\\\/motorpor.pt\\\/renault-5-e-tech-100-eletrico-abertura-de-encomendas-para-as-versoes-de-autonomia-urban\\\/\"]}]},{\"@type\":\"ImageObject\",\"inLanguage\":\"fr-FR\",\"@id\":\"https:\\\/\\\/motorpor.pt\\\/renault-5-e-tech-100-eletrico-abertura-de-encomendas-para-as-versoes-de-autonomia-urban\\\/#primaryimage\",\"url\":\"https:\\\/\\\/motorpor.pt\\\/wp-content\\\/uploads\\\/2024\\\/12\\\/096f5168df215399abd0f0bf7f158c16-l.jpg-1.webp\",\"contentUrl\":\"https:\\\/\\\/motorpor.pt\\\/wp-content\\\/uploads\\\/2024\\\/12\\\/096f5168df215399abd0f0bf7f158c16-l.jpg-1.webp\",\"width\":2000,\"height\":1500},{\"@type\":\"BreadcrumbList\",\"@id\":\"https:\\\/\\\/motorpor.pt\\\/renault-5-e-tech-100-eletrico-abertura-de-encomendas-para-as-versoes-de-autonomia-urban\\\/#breadcrumb\",\"itemListElement\":[{\"@type\":\"ListItem\",\"position\":1,\"name\":\"In\u00edcio\",\"item\":\"https:\\\/\\\/motorpor.pt\\\/\"},{\"@type\":\"ListItem\",\"position\":2,\"name\":\"RENAULT 5 E-TECH 100% EL\u00c9TRICO: ABERTURA DE ENCOMENDAS PARA AS VERS\u00d5ES DE AUTONOMIA URBAN\"}]},{\"@type\":\"WebSite\",\"@id\":\"https:\\\/\\\/motorpor.pt\\\/#website\",\"url\":\"https:\\\/\\\/motorpor.pt\\\/\",\"name\":\"Motorpor\",\"description\":\"Comercio de Autom\u00f3veis Multimarcas\",\"publisher\":{\"@id\":\"https:\\\/\\\/motorpor.pt\\\/#organization\"},\"potentialAction\":[{\"@type\":\"SearchAction\",\"target\":{\"@type\":\"EntryPoint\",\"urlTemplate\":\"https:\\\/\\\/motorpor.pt\\\/?s={search_term_string}\"},\"query-input\":{\"@type\":\"PropertyValueSpecification\",\"valueRequired\":true,\"valueName\":\"search_term_string\"}}],\"inLanguage\":\"fr-FR\"},{\"@type\":\"Organization\",\"@id\":\"https:\\\/\\\/motorpor.pt\\\/#organization\",\"name\":\"Motorpor\",\"alternateName\":\"Motorpor\",\"url\":\"https:\\\/\\\/motorpor.pt\\\/\",\"logo\":{\"@type\":\"ImageObject\",\"inLanguage\":\"fr-FR\",\"@id\":\"https:\\\/\\\/motorpor.pt\\\/#\\\/schema\\\/logo\\\/image\\\/\",\"url\":\"https:\\\/\\\/motorpor.pt\\\/wp-content\\\/uploads\\\/2024\\\/07\\\/Logo-Motorpor-Preto.svg\",\"contentUrl\":\"https:\\\/\\\/motorpor.pt\\\/wp-content\\\/uploads\\\/2024\\\/07\\\/Logo-Motorpor-Preto.svg\",\"width\":493,\"height\":93,\"caption\":\"Motorpor\"},\"image\":{\"@id\":\"https:\\\/\\\/motorpor.pt\\\/#\\\/schema\\\/logo\\\/image\\\/\"},\"sameAs\":[\"https:\\\/\\\/www.linkedin.com\\\/company\\\/grupo-motorpor\"]},{\"@type\":\"Person\",\"@id\":\"https:\\\/\\\/motorpor.pt\\\/#\\\/schema\\\/person\\\/b4bf07144e88efed7388a5af30522db7\",\"name\":\"mktmotorpor\",\"image\":{\"@type\":\"ImageObject\",\"inLanguage\":\"fr-FR\",\"@id\":\"https:\\\/\\\/secure.gravatar.com\\\/avatar\\\/8418b61b3175dbba0a8744cf0ee6bb5c7a9f6c67f1dbc4f41a62d7b9738259a2?s=96&d=mm&r=g\",\"url\":\"https:\\\/\\\/secure.gravatar.com\\\/avatar\\\/8418b61b3175dbba0a8744cf0ee6bb5c7a9f6c67f1dbc4f41a62d7b9738259a2?s=96&d=mm&r=g\",\"contentUrl\":\"https:\\\/\\\/secure.gravatar.com\\\/avatar\\\/8418b61b3175dbba0a8744cf0ee6bb5c7a9f6c67f1dbc4f41a62d7b9738259a2?s=96&d=mm&r=g\",\"caption\":\"mktmotorpor\"},\"url\":\"https:\\\/\\\/motorpor.pt\\\/fr\\\/user\\\/mktmotorpor\\\/\"}]}<\/script>\n<!-- \/ Yoast SEO plugin. -->","yoast_head_json":{"title":"RENAULT 5 E-TECH 100% EL\u00c9TRICO: ABERTURA DE ENCOMENDAS PARA AS VERS\u00d5ES DE AUTONOMIA URBAN - Motorpor","robots":{"index":"index","follow":"follow","max-snippet":"max-snippet:-1","max-image-preview":"max-image-preview:large","max-video-preview":"max-video-preview:-1"},"canonical":"https:\/\/motorpor.pt\/fr\/renault-5-e-tech-100-eletrico-abertura-de-encomendas-para-as-versoes-de-autonomia-urban\/","og_locale":"fr_FR","og_type":"article","og_title":"RENAULT 5 E-TECH 100% EL\u00c9TRICO: ABERTURA DE ENCOMENDAS PARA AS VERS\u00d5ES DE AUTONOMIA URBAN - Motorpor","og_description":"O Renault 5 E-Tech 100% el\u00e9trico est\u00e1 dispon\u00edvel para encomenda com o pack de baterias de 40 kWh, que permite uma autonomia de at\u00e9 312 km WLTP. Est\u00e1 dispon\u00edvel a partir de 27.500 euros (PVPR). Chegam a vers\u00e3o FIVE, por 25.000 euros (PVPR), e a s\u00e9rie especial Roland-Garros, ambas equipadas com a mesma bateria de [&hellip;]","og_url":"https:\/\/motorpor.pt\/fr\/renault-5-e-tech-100-eletrico-abertura-de-encomendas-para-as-versoes-de-autonomia-urban\/","og_site_name":"Motorpor","article_published_time":"2024-12-05T11:44:16+00:00","og_image":[{"width":950,"height":502,"url":"https:\/\/motorpor.pt\/wp-content\/uploads\/2024\/12\/image_67055419221732015923114_1732015924.png","type":"image\/png"}],"author":"mktmotorpor","twitter_card":"summary_large_image","twitter_misc":{"\u00c9crit par":"mktmotorpor","Dur\u00e9e de lecture estim\u00e9e":"1 minute"},"schema":{"@context":"https:\/\/schema.org","@graph":[{"@type":"Article","@id":"https:\/\/motorpor.pt\/renault-5-e-tech-100-eletrico-abertura-de-encomendas-para-as-versoes-de-autonomia-urban\/#article","isPartOf":{"@id":"https:\/\/motorpor.pt\/renault-5-e-tech-100-eletrico-abertura-de-encomendas-para-as-versoes-de-autonomia-urban\/"},"author":{"name":"mktmotorpor","@id":"https:\/\/motorpor.pt\/#\/schema\/person\/b4bf07144e88efed7388a5af30522db7"},"headline":"RENAULT 5 E-TECH 100% EL\u00c9TRICO: ABERTURA DE ENCOMENDAS PARA AS VERS\u00d5ES DE AUTONOMIA URBAN","datePublished":"2024-12-05T11:44:16+00:00","mainEntityOfPage":{"@id":"https:\/\/motorpor.pt\/renault-5-e-tech-100-eletrico-abertura-de-encomendas-para-as-versoes-de-autonomia-urban\/"},"wordCount":310,"publisher":{"@id":"https:\/\/motorpor.pt\/#organization"},"image":{"@id":"https:\/\/motorpor.pt\/renault-5-e-tech-100-eletrico-abertura-de-encomendas-para-as-versoes-de-autonomia-urban\/#primaryimage"},"thumbnailUrl":"https:\/\/motorpor.pt\/wp-content\/uploads\/2024\/12\/096f5168df215399abd0f0bf7f158c16-l.jpg-1.webp","articleSection":["Atualidade","Not\u00edcias","Not\u00edcias Renault"],"inLanguage":"fr-FR"},{"@type":"WebPage","@id":"https:\/\/motorpor.pt\/renault-5-e-tech-100-eletrico-abertura-de-encomendas-para-as-versoes-de-autonomia-urban\/","url":"https:\/\/motorpor.pt\/renault-5-e-tech-100-eletrico-abertura-de-encomendas-para-as-versoes-de-autonomia-urban\/","name":"RENAULT 5 E-TECH 100% EL\u00c9TRICO: ABERTURA DE ENCOMENDAS PARA AS VERS\u00d5ES DE AUTONOMIA URBAN - Motorpor","isPartOf":{"@id":"https:\/\/motorpor.pt\/#website"},"primaryImageOfPage":{"@id":"https:\/\/motorpor.pt\/renault-5-e-tech-100-eletrico-abertura-de-encomendas-para-as-versoes-de-autonomia-urban\/#primaryimage"},"image":{"@id":"https:\/\/motorpor.pt\/renault-5-e-tech-100-eletrico-abertura-de-encomendas-para-as-versoes-de-autonomia-urban\/#primaryimage"},"thumbnailUrl":"https:\/\/motorpor.pt\/wp-content\/uploads\/2024\/12\/096f5168df215399abd0f0bf7f158c16-l.jpg-1.webp","datePublished":"2024-12-05T11:44:16+00:00","breadcrumb":{"@id":"https:\/\/motorpor.pt\/renault-5-e-tech-100-eletrico-abertura-de-encomendas-para-as-versoes-de-autonomia-urban\/#breadcrumb"},"inLanguage":"fr-FR","potentialAction":[{"@type":"ReadAction","target":["https:\/\/motorpor.pt\/renault-5-e-tech-100-eletrico-abertura-de-encomendas-para-as-versoes-de-autonomia-urban\/"]}]},{"@type":"ImageObject","inLanguage":"fr-FR","@id":"https:\/\/motorpor.pt\/renault-5-e-tech-100-eletrico-abertura-de-encomendas-para-as-versoes-de-autonomia-urban\/#primaryimage","url":"https:\/\/motorpor.pt\/wp-content\/uploads\/2024\/12\/096f5168df215399abd0f0bf7f158c16-l.jpg-1.webp","contentUrl":"https:\/\/motorpor.pt\/wp-content\/uploads\/2024\/12\/096f5168df215399abd0f0bf7f158c16-l.jpg-1.webp","width":2000,"height":1500},{"@type":"BreadcrumbList","@id":"https:\/\/motorpor.pt\/renault-5-e-tech-100-eletrico-abertura-de-encomendas-para-as-versoes-de-autonomia-urban\/#breadcrumb","itemListElement":[{"@type":"ListItem","position":1,"name":"In\u00edcio","item":"https:\/\/motorpor.pt\/"},{"@type":"ListItem","position":2,"name":"RENAULT 5 E-TECH 100% EL\u00c9TRICO: ABERTURA DE ENCOMENDAS PARA AS VERS\u00d5ES DE AUTONOMIA URBAN"}]},{"@type":"WebSite","@id":"https:\/\/motorpor.pt\/#website","url":"https:\/\/motorpor.pt\/","name":"motorpor","description":"Comercio de Autom\u00f3veis Multimarcas","publisher":{"@id":"https:\/\/motorpor.pt\/#organization"},"potentialAction":[{"@type":"SearchAction","target":{"@type":"EntryPoint","urlTemplate":"https:\/\/motorpor.pt\/?s={search_term_string}"},"query-input":{"@type":"PropertyValueSpecification","valueRequired":true,"valueName":"search_term_string"}}],"inLanguage":"fr-FR"},{"@type":"Organization","@id":"https:\/\/motorpor.pt\/#organization","name":"motorpor","alternateName":"Motorpor","url":"https:\/\/motorpor.pt\/","logo":{"@type":"ImageObject","inLanguage":"fr-FR","@id":"https:\/\/motorpor.pt\/#\/schema\/logo\/image\/","url":"https:\/\/motorpor.pt\/wp-content\/uploads\/2024\/07\/Logo-Motorpor-Preto.svg","contentUrl":"https:\/\/motorpor.pt\/wp-content\/uploads\/2024\/07\/Logo-Motorpor-Preto.svg","width":493,"height":93,"caption":"Motorpor"},"image":{"@id":"https:\/\/motorpor.pt\/#\/schema\/logo\/image\/"},"sameAs":["https:\/\/www.linkedin.com\/company\/grupo-motorpor"]},{"@type":"Person","@id":"https:\/\/motorpor.pt\/#\/schema\/person\/b4bf07144e88efed7388a5af30522db7","name":"mktmotorpor","image":{"@type":"ImageObject","inLanguage":"fr-FR","@id":"https:\/\/secure.gravatar.com\/avatar\/8418b61b3175dbba0a8744cf0ee6bb5c7a9f6c67f1dbc4f41a62d7b9738259a2?s=96&d=mm&r=g","url":"https:\/\/secure.gravatar.com\/avatar\/8418b61b3175dbba0a8744cf0ee6bb5c7a9f6c67f1dbc4f41a62d7b9738259a2?s=96&d=mm&r=g","contentUrl":"https:\/\/secure.gravatar.com\/avatar\/8418b61b3175dbba0a8744cf0ee6bb5c7a9f6c67f1dbc4f41a62d7b9738259a2?s=96&d=mm&r=g","caption":"mktmotorpor"},"url":"https:\/\/motorpor.pt\/fr\/user\/mktmotorpor\/"}]}},"_links":{"self":[{"href":"https:\/\/motorpor.pt\/fr\/wp-json\/wp\/v2\/posts\/105750","targetHints":{"allow":["GET"]}}],"collection":[{"href":"https:\/\/motorpor.pt\/fr\/wp-json\/wp\/v2\/posts"}],"about":[{"href":"https:\/\/motorpor.pt\/fr\/wp-json\/wp\/v2\/types\/post"}],"author":[{"embeddable":true,"href":"https:\/\/motorpor.pt\/fr\/wp-json\/wp\/v2\/users\/85"}],"replies":[{"embeddable":true,"href":"https:\/\/motorpor.pt\/fr\/wp-json\/wp\/v2\/comments?post=105750"}],"version-history":[{"count":0,"href":"https:\/\/motorpor.pt\/fr\/wp-json\/wp\/v2\/posts\/105750\/revisions"}],"wp:featuredmedia":[{"embeddable":true,"href":"https:\/\/motorpor.pt\/fr\/wp-json\/wp\/v2\/media\/105749"}],"wp:attachment":[{"href":"https:\/\/motorpor.pt\/fr\/wp-json\/wp\/v2\/media?parent=105750"}],"wp:term":[{"taxonomy":"category","embeddable":true,"href":"https:\/\/motorpor.pt\/fr\/wp-json\/wp\/v2\/categories?post=105750"},{"taxonomy":"post_tag","embeddable":true,"href":"https:\/\/motorpor.pt\/fr\/wp-json\/wp\/v2\/tags?post=105750"}],"curies":[{"name":"wp","href":"https:\/\/api.w.org\/{rel}","templated":true}]}}