{"id":114132,"date":"2025-02-07T19:22:49","date_gmt":"2025-02-07T18:22:49","guid":{"rendered":"https:\/\/motorpor.pt\/peugeot-professional-gama-de-comerciais\/"},"modified":"2025-02-07T19:25:25","modified_gmt":"2025-02-07T18:25:25","slug":"peugeot-professional-gama-de-comerciais","status":"publish","type":"post","link":"https:\/\/motorpor.pt\/fr\/peugeot-professional-gama-de-comerciais\/","title":{"rendered":"PEUGEOT PROFESSIONAL | GAMA DE COMERCIAIS"},"content":{"rendered":"<p>Movimente o seu neg\u00f3cio com o melhor parceiro!<\/p>\n<p>\u00a0<\/p>\n<p>Aproveite em todos os pontos de venda MOTORPOR as ofertas na gama comercial Peugeot. Partner, Expert ou Boxer? A gama de comerciais Peugeot, <strong>desde 280\u20ac\/m\u00eas,<\/strong> com manuten\u00e7\u00e3o inclu\u00edda.<\/p>\n<p><img fetchpriority=\"high\" decoding=\"async\" class=\"alignnone size-medium wp-image-114125\" src=\"https:\/\/motorpor.pt\/wp-content\/uploads\/2025\/02\/1868x1054PARTNER.jpg-300x169.webp\" alt=\"\" width=\"300\" height=\"169\" srcset=\"https:\/\/motorpor.pt\/wp-content\/uploads\/2025\/02\/1868x1054PARTNER.jpg-300x169.webp 300w, https:\/\/motorpor.pt\/wp-content\/uploads\/2025\/02\/1868x1054PARTNER.jpg-1024x578.webp 1024w, https:\/\/motorpor.pt\/wp-content\/uploads\/2025\/02\/1868x1054PARTNER.jpg-768x433.webp 768w, https:\/\/motorpor.pt\/wp-content\/uploads\/2025\/02\/1868x1054PARTNER.jpg-1536x867.webp 1536w, https:\/\/motorpor.pt\/wp-content\/uploads\/2025\/02\/1868x1054PARTNER.jpg-18x10.webp 18w, https:\/\/motorpor.pt\/wp-content\/uploads\/2025\/02\/1868x1054PARTNER.jpg-200x113.webp 200w, https:\/\/motorpor.pt\/wp-content\/uploads\/2025\/02\/1868x1054PARTNER.jpg-167x93.webp 167w, https:\/\/motorpor.pt\/wp-content\/uploads\/2025\/02\/1868x1054PARTNER.jpg-165x93.webp 165w, https:\/\/motorpor.pt\/wp-content\/uploads\/2025\/02\/1868x1054PARTNER.jpg.webp 1868w\" sizes=\"(max-width: 300px) 100vw, 300px\" \/><\/p>\n<p><strong>PEUGEOT PARTNER<\/strong><br \/>\n<strong>Por 280\u20ac\/m\u00eas (sem IVA)*<\/strong><br \/>\nRENTING A 4 ANOS INCLUI MANUTEN\u00c7\u00c3O<\/p>\n<p><img decoding=\"async\" class=\"alignnone size-medium wp-image-114126\" src=\"https:\/\/motorpor.pt\/wp-content\/uploads\/2025\/02\/1868x1054GAMAELETRICA.jpg-300x169.avif\" alt=\"\" width=\"300\" height=\"169\" srcset=\"https:\/\/motorpor.pt\/wp-content\/uploads\/2025\/02\/1868x1054GAMAELETRICA.jpg-300x169.avif 300w, https:\/\/motorpor.pt\/wp-content\/uploads\/2025\/02\/1868x1054GAMAELETRICA.jpg-1024x578.avif 1024w, https:\/\/motorpor.pt\/wp-content\/uploads\/2025\/02\/1868x1054GAMAELETRICA.jpg-768x433.avif 768w, https:\/\/motorpor.pt\/wp-content\/uploads\/2025\/02\/1868x1054GAMAELETRICA.jpg-1536x867.avif 1536w, https:\/\/motorpor.pt\/wp-content\/uploads\/2025\/02\/1868x1054GAMAELETRICA.jpg-18x10.avif 18w, https:\/\/motorpor.pt\/wp-content\/uploads\/2025\/02\/1868x1054GAMAELETRICA.jpg-200x113.avif 200w, https:\/\/motorpor.pt\/wp-content\/uploads\/2025\/02\/1868x1054GAMAELETRICA.jpg-167x93.avif 167w, https:\/\/motorpor.pt\/wp-content\/uploads\/2025\/02\/1868x1054GAMAELETRICA.jpg-165x93.avif 165w, https:\/\/motorpor.pt\/wp-content\/uploads\/2025\/02\/1868x1054GAMAELETRICA.jpg.avif 1868w\" sizes=\"(max-width: 300px) 100vw, 300px\" \/><\/p>\n<p><strong>GAMA 100% EL\u00c9TRICA<\/strong><br \/>\nEletrifique o seu neg\u00f3cio com a gama de comerciais Peugeot 100% el\u00e9trica.<br \/>\n<strong>Desde 445\u20ac\/m\u00eas (sem IVA)<\/strong>** + <strong>OFERTA WALLBOX\u00a0<\/strong><\/p>\n<p>Descubra as nossas condi\u00e7\u00f5es especiais para profissionais, pe\u00e7a uma simula\u00e7\u00e3o de financiamento ou contacte-nos para uma proposta comercial. Na MOTORPOR procuramos ser o melhor parceiro para o seu neg\u00f3cio.<\/p>\n<div><\/div>\n<div><\/div>\n<div>Pe\u00e7a j\u00e1 a sua proposta ou visite-nos em <strong>\u00c9vora<\/strong><b>, Beja e Sines.<\/b><\/div>\n<div><\/div>\n<h6><\/h6>\n<h6>*Campanha para Peugeot Novo Partner Standard 1.5 BlueHDi 100cv S&amp;S CVM6 com, em renting a 48 meses \/ 80000 km. Aluguer mensal inclui Manuten\u00e7\u00e3o, IUC, IPO, Viatura de substitui\u00e7\u00e3o e Gest\u00e3o de multas, nos termos do contrato. Condi\u00e7\u00f5es v\u00e1lidas at\u00e9 28\/02\/2025 para clientes empresa. Acresce IVA \u00e0 taxa legal em vigor. Imagens meramente ilustrativas. Valores sujeitos a altera\u00e7\u00e3o de impostos ou taxas. Para as ilhas o custo de transporte decorre por conta do Cliente e o IVA ser\u00e1 ajustado \u00e0 taxa em vigor. A presente proposta n\u00e3o confere rela\u00e7\u00e3o contratual e depende de pr\u00e9via an\u00e1lise de cr\u00e9dito e valida\u00e7\u00e3o por parte da Leasys.<\/h6>\n<h6>** Campanha para Peugeot Novo E-Partner Standard El\u00e9trico 136cv (100 kW) &#8211; Bateria 50 kWh com, em renting a 48 meses \/ 80000 km. Aluguer mensal inclui Manuten\u00e7\u00e3o, IPO, Viatura de substitui\u00e7\u00e3o e Gest\u00e3o de multas, nos termos do contrato. Condi\u00e7\u00f5es v\u00e1lidas at\u00e9 28\/02\/2025 para clientes empresa. Acresce IVA \u00e0 taxa legal em vigor. Imagens meramente ilustrativas. Valores sujeitos a altera\u00e7\u00e3o de impostos ou taxas. Para as ilhas o custo de transporte decorre por conta do Cliente e o IVA ser\u00e1 ajustado \u00e0 taxa em vigor. A presente proposta n\u00e3o confere rela\u00e7\u00e3o contratual e depende de pr\u00e9via an\u00e1lise de cr\u00e9dito e valida\u00e7\u00e3o por parte da Leasys.<\/h6>","protected":false},"excerpt":{"rendered":"<p>Movimente o seu neg\u00f3cio com o melhor parceiro! \u00a0 Aproveite em todos os pontos de venda MOTORPOR as ofertas na gama comercial Peugeot. Partner, Expert ou Boxer? A gama de comerciais Peugeot, desde 280\u20ac\/m\u00eas, com manuten\u00e7\u00e3o inclu\u00edda. PEUGEOT PARTNER Por 280\u20ac\/m\u00eas (sem IVA)* RENTING A 4 ANOS INCLUI MANUTEN\u00c7\u00c3O GAMA 100% EL\u00c9TRICA Eletrifique o seu [&hellip;]<\/p>\n","protected":false},"author":85,"featured_media":114128,"comment_status":"closed","ping_status":"open","sticky":false,"template":"","format":"standard","meta":{"_acf_changed":false,"footnotes":""},"categories":[2495,2586,2560],"tags":[],"class_list":["post-114132","post","type-post","status-publish","format-standard","has-post-thumbnail","hentry","category-campanhas","category-empresas","category-peugeot"],"acf":[],"yoast_head":"<!-- This site is optimized with the Yoast SEO plugin v27.5 - https:\/\/yoast.com\/product\/yoast-seo-wordpress\/ -->\n<title>PEUGEOT PROFESSIONAL | GAMA DE COMERCIAIS - Motorpor<\/title>\n<meta name=\"robots\" content=\"index, follow, max-snippet:-1, max-image-preview:large, max-video-preview:-1\" \/>\n<link rel=\"canonical\" href=\"https:\/\/motorpor.pt\/fr\/peugeot-professional-gama-de-comerciais\/\" \/>\n<meta property=\"og:locale\" content=\"fr_FR\" \/>\n<meta property=\"og:type\" content=\"article\" \/>\n<meta property=\"og:title\" content=\"PEUGEOT PROFESSIONAL | GAMA DE COMERCIAIS - Motorpor\" \/>\n<meta property=\"og:description\" content=\"Movimente o seu neg\u00f3cio com o melhor parceiro! \u00a0 Aproveite em todos os pontos de venda MOTORPOR as ofertas na gama comercial Peugeot. Partner, Expert ou Boxer? A gama de comerciais Peugeot, desde 280\u20ac\/m\u00eas, com manuten\u00e7\u00e3o inclu\u00edda. PEUGEOT PARTNER Por 280\u20ac\/m\u00eas (sem IVA)* RENTING A 4 ANOS INCLUI MANUTEN\u00c7\u00c3O GAMA 100% EL\u00c9TRICA Eletrifique o seu [&hellip;]\" \/>\n<meta property=\"og:url\" content=\"https:\/\/motorpor.pt\/fr\/peugeot-professional-gama-de-comerciais\/\" \/>\n<meta property=\"og:site_name\" content=\"Motorpor\" \/>\n<meta property=\"article:published_time\" content=\"2025-02-07T18:22:49+00:00\" \/>\n<meta property=\"article:modified_time\" content=\"2025-02-07T18:25:25+00:00\" \/>\n<meta name=\"author\" content=\"mktmotorpor\" \/>\n<meta name=\"twitter:card\" content=\"summary_large_image\" \/>\n<meta name=\"twitter:label1\" content=\"\u00c9crit par\" \/>\n\t<meta name=\"twitter:data1\" content=\"mktmotorpor\" \/>\n\t<meta name=\"twitter:label2\" content=\"Dur\u00e9e de lecture estim\u00e9e\" \/>\n\t<meta name=\"twitter:data2\" content=\"2 minutes\" \/>\n<script type=\"application\/ld+json\" class=\"yoast-schema-graph\">{\"@context\":\"https:\\\/\\\/schema.org\",\"@graph\":[{\"@type\":\"Article\",\"@id\":\"https:\\\/\\\/motorpor.pt\\\/peugeot-professional-gama-de-comerciais\\\/#article\",\"isPartOf\":{\"@id\":\"https:\\\/\\\/motorpor.pt\\\/peugeot-professional-gama-de-comerciais\\\/\"},\"author\":{\"name\":\"mktmotorpor\",\"@id\":\"https:\\\/\\\/motorpor.pt\\\/#\\\/schema\\\/person\\\/b4bf07144e88efed7388a5af30522db7\"},\"headline\":\"PEUGEOT PROFESSIONAL | GAMA DE COMERCIAIS\",\"datePublished\":\"2025-02-07T18:22:49+00:00\",\"dateModified\":\"2025-02-07T18:25:25+00:00\",\"mainEntityOfPage\":{\"@id\":\"https:\\\/\\\/motorpor.pt\\\/peugeot-professional-gama-de-comerciais\\\/\"},\"wordCount\":347,\"publisher\":{\"@id\":\"https:\\\/\\\/motorpor.pt\\\/#organization\"},\"image\":{\"@id\":\"https:\\\/\\\/motorpor.pt\\\/peugeot-professional-gama-de-comerciais\\\/#primaryimage\"},\"thumbnailUrl\":\"https:\\\/\\\/motorpor.pt\\\/wp-content\\\/uploads\\\/2025\\\/02\\\/PT_Peugeot_Range_Launch_Masthead_2880x1620_headline.jpg-1.avif\",\"articleSection\":[\"Campanhas\",\"Empresas\",\"Peugeot\"],\"inLanguage\":\"fr-FR\"},{\"@type\":\"WebPage\",\"@id\":\"https:\\\/\\\/motorpor.pt\\\/peugeot-professional-gama-de-comerciais\\\/\",\"url\":\"https:\\\/\\\/motorpor.pt\\\/peugeot-professional-gama-de-comerciais\\\/\",\"name\":\"PEUGEOT PROFESSIONAL | GAMA DE COMERCIAIS - Motorpor\",\"isPartOf\":{\"@id\":\"https:\\\/\\\/motorpor.pt\\\/#website\"},\"primaryImageOfPage\":{\"@id\":\"https:\\\/\\\/motorpor.pt\\\/peugeot-professional-gama-de-comerciais\\\/#primaryimage\"},\"image\":{\"@id\":\"https:\\\/\\\/motorpor.pt\\\/peugeot-professional-gama-de-comerciais\\\/#primaryimage\"},\"thumbnailUrl\":\"https:\\\/\\\/motorpor.pt\\\/wp-content\\\/uploads\\\/2025\\\/02\\\/PT_Peugeot_Range_Launch_Masthead_2880x1620_headline.jpg-1.avif\",\"datePublished\":\"2025-02-07T18:22:49+00:00\",\"dateModified\":\"2025-02-07T18:25:25+00:00\",\"breadcrumb\":{\"@id\":\"https:\\\/\\\/motorpor.pt\\\/peugeot-professional-gama-de-comerciais\\\/#breadcrumb\"},\"inLanguage\":\"fr-FR\",\"potentialAction\":[{\"@type\":\"ReadAction\",\"target\":[\"https:\\\/\\\/motorpor.pt\\\/peugeot-professional-gama-de-comerciais\\\/\"]}]},{\"@type\":\"ImageObject\",\"inLanguage\":\"fr-FR\",\"@id\":\"https:\\\/\\\/motorpor.pt\\\/peugeot-professional-gama-de-comerciais\\\/#primaryimage\",\"url\":\"https:\\\/\\\/motorpor.pt\\\/wp-content\\\/uploads\\\/2025\\\/02\\\/PT_Peugeot_Range_Launch_Masthead_2880x1620_headline.jpg-1.avif\",\"contentUrl\":\"https:\\\/\\\/motorpor.pt\\\/wp-content\\\/uploads\\\/2025\\\/02\\\/PT_Peugeot_Range_Launch_Masthead_2880x1620_headline.jpg-1.avif\",\"width\":1920,\"height\":1080},{\"@type\":\"BreadcrumbList\",\"@id\":\"https:\\\/\\\/motorpor.pt\\\/peugeot-professional-gama-de-comerciais\\\/#breadcrumb\",\"itemListElement\":[{\"@type\":\"ListItem\",\"position\":1,\"name\":\"In\u00edcio\",\"item\":\"https:\\\/\\\/motorpor.pt\\\/\"},{\"@type\":\"ListItem\",\"position\":2,\"name\":\"PEUGEOT PROFESSIONAL | GAMA DE COMERCIAIS\"}]},{\"@type\":\"WebSite\",\"@id\":\"https:\\\/\\\/motorpor.pt\\\/#website\",\"url\":\"https:\\\/\\\/motorpor.pt\\\/\",\"name\":\"Motorpor\",\"description\":\"Comercio de Autom\u00f3veis Multimarcas\",\"publisher\":{\"@id\":\"https:\\\/\\\/motorpor.pt\\\/#organization\"},\"potentialAction\":[{\"@type\":\"SearchAction\",\"target\":{\"@type\":\"EntryPoint\",\"urlTemplate\":\"https:\\\/\\\/motorpor.pt\\\/?s={search_term_string}\"},\"query-input\":{\"@type\":\"PropertyValueSpecification\",\"valueRequired\":true,\"valueName\":\"search_term_string\"}}],\"inLanguage\":\"fr-FR\"},{\"@type\":\"Organization\",\"@id\":\"https:\\\/\\\/motorpor.pt\\\/#organization\",\"name\":\"Motorpor\",\"alternateName\":\"Motorpor\",\"url\":\"https:\\\/\\\/motorpor.pt\\\/\",\"logo\":{\"@type\":\"ImageObject\",\"inLanguage\":\"fr-FR\",\"@id\":\"https:\\\/\\\/motorpor.pt\\\/#\\\/schema\\\/logo\\\/image\\\/\",\"url\":\"https:\\\/\\\/motorpor.pt\\\/wp-content\\\/uploads\\\/2024\\\/07\\\/Logo-Motorpor-Preto.svg\",\"contentUrl\":\"https:\\\/\\\/motorpor.pt\\\/wp-content\\\/uploads\\\/2024\\\/07\\\/Logo-Motorpor-Preto.svg\",\"width\":493,\"height\":93,\"caption\":\"Motorpor\"},\"image\":{\"@id\":\"https:\\\/\\\/motorpor.pt\\\/#\\\/schema\\\/logo\\\/image\\\/\"},\"sameAs\":[\"https:\\\/\\\/www.linkedin.com\\\/company\\\/grupo-motorpor\"]},{\"@type\":\"Person\",\"@id\":\"https:\\\/\\\/motorpor.pt\\\/#\\\/schema\\\/person\\\/b4bf07144e88efed7388a5af30522db7\",\"name\":\"mktmotorpor\",\"image\":{\"@type\":\"ImageObject\",\"inLanguage\":\"fr-FR\",\"@id\":\"https:\\\/\\\/secure.gravatar.com\\\/avatar\\\/8418b61b3175dbba0a8744cf0ee6bb5c7a9f6c67f1dbc4f41a62d7b9738259a2?s=96&d=mm&r=g\",\"url\":\"https:\\\/\\\/secure.gravatar.com\\\/avatar\\\/8418b61b3175dbba0a8744cf0ee6bb5c7a9f6c67f1dbc4f41a62d7b9738259a2?s=96&d=mm&r=g\",\"contentUrl\":\"https:\\\/\\\/secure.gravatar.com\\\/avatar\\\/8418b61b3175dbba0a8744cf0ee6bb5c7a9f6c67f1dbc4f41a62d7b9738259a2?s=96&d=mm&r=g\",\"caption\":\"mktmotorpor\"},\"url\":\"https:\\\/\\\/motorpor.pt\\\/fr\\\/user\\\/mktmotorpor\\\/\"}]}<\/script>\n<!-- \/ Yoast SEO plugin. -->","yoast_head_json":{"title":"PEUGEOT PROFESSIONAL | GAMA DE COMERCIAIS - Motorpor","robots":{"index":"index","follow":"follow","max-snippet":"max-snippet:-1","max-image-preview":"max-image-preview:large","max-video-preview":"max-video-preview:-1"},"canonical":"https:\/\/motorpor.pt\/fr\/peugeot-professional-gama-de-comerciais\/","og_locale":"fr_FR","og_type":"article","og_title":"PEUGEOT PROFESSIONAL | GAMA DE COMERCIAIS - Motorpor","og_description":"Movimente o seu neg\u00f3cio com o melhor parceiro! \u00a0 Aproveite em todos os pontos de venda MOTORPOR as ofertas na gama comercial Peugeot. Partner, Expert ou Boxer? A gama de comerciais Peugeot, desde 280\u20ac\/m\u00eas, com manuten\u00e7\u00e3o inclu\u00edda. PEUGEOT PARTNER Por 280\u20ac\/m\u00eas (sem IVA)* RENTING A 4 ANOS INCLUI MANUTEN\u00c7\u00c3O GAMA 100% EL\u00c9TRICA Eletrifique o seu [&hellip;]","og_url":"https:\/\/motorpor.pt\/fr\/peugeot-professional-gama-de-comerciais\/","og_site_name":"Motorpor","article_published_time":"2025-02-07T18:22:49+00:00","article_modified_time":"2025-02-07T18:25:25+00:00","author":"mktmotorpor","twitter_card":"summary_large_image","twitter_misc":{"\u00c9crit par":"mktmotorpor","Dur\u00e9e de lecture estim\u00e9e":"2 minutes"},"schema":{"@context":"https:\/\/schema.org","@graph":[{"@type":"Article","@id":"https:\/\/motorpor.pt\/peugeot-professional-gama-de-comerciais\/#article","isPartOf":{"@id":"https:\/\/motorpor.pt\/peugeot-professional-gama-de-comerciais\/"},"author":{"name":"mktmotorpor","@id":"https:\/\/motorpor.pt\/#\/schema\/person\/b4bf07144e88efed7388a5af30522db7"},"headline":"PEUGEOT PROFESSIONAL | GAMA DE COMERCIAIS","datePublished":"2025-02-07T18:22:49+00:00","dateModified":"2025-02-07T18:25:25+00:00","mainEntityOfPage":{"@id":"https:\/\/motorpor.pt\/peugeot-professional-gama-de-comerciais\/"},"wordCount":347,"publisher":{"@id":"https:\/\/motorpor.pt\/#organization"},"image":{"@id":"https:\/\/motorpor.pt\/peugeot-professional-gama-de-comerciais\/#primaryimage"},"thumbnailUrl":"https:\/\/motorpor.pt\/wp-content\/uploads\/2025\/02\/PT_Peugeot_Range_Launch_Masthead_2880x1620_headline.jpg-1.avif","articleSection":["Campanhas","Empresas","Peugeot"],"inLanguage":"fr-FR"},{"@type":"WebPage","@id":"https:\/\/motorpor.pt\/peugeot-professional-gama-de-comerciais\/","url":"https:\/\/motorpor.pt\/peugeot-professional-gama-de-comerciais\/","name":"PEUGEOT PROFESSIONAL | GAMA DE COMERCIAIS - Motorpor","isPartOf":{"@id":"https:\/\/motorpor.pt\/#website"},"primaryImageOfPage":{"@id":"https:\/\/motorpor.pt\/peugeot-professional-gama-de-comerciais\/#primaryimage"},"image":{"@id":"https:\/\/motorpor.pt\/peugeot-professional-gama-de-comerciais\/#primaryimage"},"thumbnailUrl":"https:\/\/motorpor.pt\/wp-content\/uploads\/2025\/02\/PT_Peugeot_Range_Launch_Masthead_2880x1620_headline.jpg-1.avif","datePublished":"2025-02-07T18:22:49+00:00","dateModified":"2025-02-07T18:25:25+00:00","breadcrumb":{"@id":"https:\/\/motorpor.pt\/peugeot-professional-gama-de-comerciais\/#breadcrumb"},"inLanguage":"fr-FR","potentialAction":[{"@type":"ReadAction","target":["https:\/\/motorpor.pt\/peugeot-professional-gama-de-comerciais\/"]}]},{"@type":"ImageObject","inLanguage":"fr-FR","@id":"https:\/\/motorpor.pt\/peugeot-professional-gama-de-comerciais\/#primaryimage","url":"https:\/\/motorpor.pt\/wp-content\/uploads\/2025\/02\/PT_Peugeot_Range_Launch_Masthead_2880x1620_headline.jpg-1.avif","contentUrl":"https:\/\/motorpor.pt\/wp-content\/uploads\/2025\/02\/PT_Peugeot_Range_Launch_Masthead_2880x1620_headline.jpg-1.avif","width":1920,"height":1080},{"@type":"BreadcrumbList","@id":"https:\/\/motorpor.pt\/peugeot-professional-gama-de-comerciais\/#breadcrumb","itemListElement":[{"@type":"ListItem","position":1,"name":"In\u00edcio","item":"https:\/\/motorpor.pt\/"},{"@type":"ListItem","position":2,"name":"PEUGEOT PROFESSIONAL | GAMA DE COMERCIAIS"}]},{"@type":"WebSite","@id":"https:\/\/motorpor.pt\/#website","url":"https:\/\/motorpor.pt\/","name":"motorpor","description":"Comercio de Autom\u00f3veis Multimarcas","publisher":{"@id":"https:\/\/motorpor.pt\/#organization"},"potentialAction":[{"@type":"SearchAction","target":{"@type":"EntryPoint","urlTemplate":"https:\/\/motorpor.pt\/?s={search_term_string}"},"query-input":{"@type":"PropertyValueSpecification","valueRequired":true,"valueName":"search_term_string"}}],"inLanguage":"fr-FR"},{"@type":"Organization","@id":"https:\/\/motorpor.pt\/#organization","name":"motorpor","alternateName":"Motorpor","url":"https:\/\/motorpor.pt\/","logo":{"@type":"ImageObject","inLanguage":"fr-FR","@id":"https:\/\/motorpor.pt\/#\/schema\/logo\/image\/","url":"https:\/\/motorpor.pt\/wp-content\/uploads\/2024\/07\/Logo-Motorpor-Preto.svg","contentUrl":"https:\/\/motorpor.pt\/wp-content\/uploads\/2024\/07\/Logo-Motorpor-Preto.svg","width":493,"height":93,"caption":"Motorpor"},"image":{"@id":"https:\/\/motorpor.pt\/#\/schema\/logo\/image\/"},"sameAs":["https:\/\/www.linkedin.com\/company\/grupo-motorpor"]},{"@type":"Person","@id":"https:\/\/motorpor.pt\/#\/schema\/person\/b4bf07144e88efed7388a5af30522db7","name":"mktmotorpor","image":{"@type":"ImageObject","inLanguage":"fr-FR","@id":"https:\/\/secure.gravatar.com\/avatar\/8418b61b3175dbba0a8744cf0ee6bb5c7a9f6c67f1dbc4f41a62d7b9738259a2?s=96&d=mm&r=g","url":"https:\/\/secure.gravatar.com\/avatar\/8418b61b3175dbba0a8744cf0ee6bb5c7a9f6c67f1dbc4f41a62d7b9738259a2?s=96&d=mm&r=g","contentUrl":"https:\/\/secure.gravatar.com\/avatar\/8418b61b3175dbba0a8744cf0ee6bb5c7a9f6c67f1dbc4f41a62d7b9738259a2?s=96&d=mm&r=g","caption":"mktmotorpor"},"url":"https:\/\/motorpor.pt\/fr\/user\/mktmotorpor\/"}]}},"_links":{"self":[{"href":"https:\/\/motorpor.pt\/fr\/wp-json\/wp\/v2\/posts\/114132","targetHints":{"allow":["GET"]}}],"collection":[{"href":"https:\/\/motorpor.pt\/fr\/wp-json\/wp\/v2\/posts"}],"about":[{"href":"https:\/\/motorpor.pt\/fr\/wp-json\/wp\/v2\/types\/post"}],"author":[{"embeddable":true,"href":"https:\/\/motorpor.pt\/fr\/wp-json\/wp\/v2\/users\/85"}],"replies":[{"embeddable":true,"href":"https:\/\/motorpor.pt\/fr\/wp-json\/wp\/v2\/comments?post=114132"}],"version-history":[{"count":1,"href":"https:\/\/motorpor.pt\/fr\/wp-json\/wp\/v2\/posts\/114132\/revisions"}],"predecessor-version":[{"id":114133,"href":"https:\/\/motorpor.pt\/fr\/wp-json\/wp\/v2\/posts\/114132\/revisions\/114133"}],"wp:featuredmedia":[{"embeddable":true,"href":"https:\/\/motorpor.pt\/fr\/wp-json\/wp\/v2\/media\/114128"}],"wp:attachment":[{"href":"https:\/\/motorpor.pt\/fr\/wp-json\/wp\/v2\/media?parent=114132"}],"wp:term":[{"taxonomy":"category","embeddable":true,"href":"https:\/\/motorpor.pt\/fr\/wp-json\/wp\/v2\/categories?post=114132"},{"taxonomy":"post_tag","embeddable":true,"href":"https:\/\/motorpor.pt\/fr\/wp-json\/wp\/v2\/tags?post=114132"}],"curies":[{"name":"wp","href":"https:\/\/api.w.org\/{rel}","templated":true}]}}