{"id":116464,"date":"2025-02-20T11:38:23","date_gmt":"2025-02-20T10:38:23","guid":{"rendered":"https:\/\/motorpor.pt\/parceria-anicolor-tien21-motorpor\/"},"modified":"2025-02-20T11:38:23","modified_gmt":"2025-02-20T10:38:23","slug":"parceria-anicolor-tien21-motorpor","status":"publish","type":"post","link":"https:\/\/motorpor.pt\/fr\/parceria-anicolor-tien21-motorpor\/","title":{"rendered":"Parceria Anicolor Tien21 | MOTORPOR"},"content":{"rendered":"<p>Somos <strong>patrocinadores oficiais<\/strong> da Anicolor Tien 21, a nova equipa profissional de ciclismo do Clube Desportivo Fullracing!<\/p>\n<p>Este \u00e9 um passo importante para a nossa empresa, n\u00e3o s\u00f3 porque nos associamos a uma das modalidades mais acarinhadas pelos portugueses, mas tamb\u00e9m porque esta parceria simboliza os valores que partilhamos: <strong>dedica\u00e7\u00e3o, esfor\u00e7o, supera\u00e7\u00e3o, esp\u00edrito de equipa e defesa de uma mobilidade sustent\u00e1vel.<\/strong><\/p>\n<p>A Motorpor tem vindo a crescer e a afirmar-se como uma refer\u00eancia no setor autom\u00f3vel, e esta iniciativa reflete a <strong>nossa ambi\u00e7\u00e3o de dar \u00e0 marca uma dimens\u00e3o cada vez mais nacional<\/strong>. Acompanhando esta equipa ao longo da \u00e9poca desportiva, queremos levar o nome Motorpor a novas regi\u00f5es e aproximar-nos ainda mais do p\u00fablico.<\/p>\n<p>Como parte deste patroc\u00ednio, cedemos duas viaturas \u00e0 Anicolor Tien 21, numa cerim\u00f3nia realizada nas nossas novas instala\u00e7\u00f5es em Faro, garantindo o suporte necess\u00e1rio aos atletas e \u00e0 estrutura t\u00e9cnica da equipa na competi\u00e7\u00e3o.<\/p>\n<p>A Velocidade vence corridas. Parcerias criam Rela\u00e7\u00f5es.<\/p>\n<p>\u00a0<\/p>","protected":false},"excerpt":{"rendered":"<p>Somos patrocinadores oficiais da Anicolor Tien 21, a nova equipa profissional de ciclismo do Clube Desportivo Fullracing! Este \u00e9 um passo importante para a nossa empresa, n\u00e3o s\u00f3 porque nos associamos a uma das modalidades mais acarinhadas pelos portugueses, mas tamb\u00e9m porque esta parceria simboliza os valores que partilhamos: dedica\u00e7\u00e3o, esfor\u00e7o, supera\u00e7\u00e3o, esp\u00edrito de equipa [&hellip;]<\/p>\n","protected":false},"author":85,"featured_media":116463,"comment_status":"","ping_status":"open","sticky":false,"template":"","format":"standard","meta":{"_acf_changed":false,"footnotes":""},"categories":[2595,2594,2592],"tags":[],"class_list":["post-116464","post","type-post","status-publish","format-standard","has-post-thumbnail","hentry","category-atualidade","category-destaques","category-noticias"],"acf":[],"yoast_head":"<!-- This site is optimized with the Yoast SEO plugin v27.5 - https:\/\/yoast.com\/product\/yoast-seo-wordpress\/ -->\n<title>Parceria Anicolor Tien21 | MOTORPOR - Motorpor<\/title>\n<meta name=\"robots\" content=\"index, follow, max-snippet:-1, max-image-preview:large, max-video-preview:-1\" \/>\n<link rel=\"canonical\" href=\"https:\/\/motorpor.pt\/fr\/parceria-anicolor-tien21-motorpor\/\" \/>\n<meta property=\"og:locale\" content=\"fr_FR\" \/>\n<meta property=\"og:type\" content=\"article\" \/>\n<meta property=\"og:title\" content=\"Parceria Anicolor Tien21 | MOTORPOR - Motorpor\" \/>\n<meta property=\"og:description\" content=\"Somos patrocinadores oficiais da Anicolor Tien 21, a nova equipa profissional de ciclismo do Clube Desportivo Fullracing! Este \u00e9 um passo importante para a nossa empresa, n\u00e3o s\u00f3 porque nos associamos a uma das modalidades mais acarinhadas pelos portugueses, mas tamb\u00e9m porque esta parceria simboliza os valores que partilhamos: dedica\u00e7\u00e3o, esfor\u00e7o, supera\u00e7\u00e3o, esp\u00edrito de equipa [&hellip;]\" \/>\n<meta property=\"og:url\" content=\"https:\/\/motorpor.pt\/fr\/parceria-anicolor-tien21-motorpor\/\" \/>\n<meta property=\"og:site_name\" content=\"Motorpor\" \/>\n<meta property=\"article:published_time\" content=\"2025-02-20T10:38:23+00:00\" \/>\n<meta name=\"author\" content=\"mktmotorpor\" \/>\n<meta name=\"twitter:card\" content=\"summary_large_image\" \/>\n<meta name=\"twitter:label1\" content=\"\u00c9crit par\" \/>\n\t<meta name=\"twitter:data1\" content=\"mktmotorpor\" \/>\n\t<meta name=\"twitter:label2\" content=\"Dur\u00e9e de lecture estim\u00e9e\" \/>\n\t<meta name=\"twitter:data2\" content=\"1 minute\" \/>\n<script type=\"application\/ld+json\" class=\"yoast-schema-graph\">{\"@context\":\"https:\\\/\\\/schema.org\",\"@graph\":[{\"@type\":\"Article\",\"@id\":\"https:\\\/\\\/motorpor.pt\\\/parceria-anicolor-tien21-motorpor\\\/#article\",\"isPartOf\":{\"@id\":\"https:\\\/\\\/motorpor.pt\\\/parceria-anicolor-tien21-motorpor\\\/\"},\"author\":{\"name\":\"mktmotorpor\",\"@id\":\"https:\\\/\\\/motorpor.pt\\\/#\\\/schema\\\/person\\\/b4bf07144e88efed7388a5af30522db7\"},\"headline\":\"Parceria Anicolor Tien21 | MOTORPOR\",\"datePublished\":\"2025-02-20T10:38:23+00:00\",\"mainEntityOfPage\":{\"@id\":\"https:\\\/\\\/motorpor.pt\\\/parceria-anicolor-tien21-motorpor\\\/\"},\"wordCount\":174,\"publisher\":{\"@id\":\"https:\\\/\\\/motorpor.pt\\\/#organization\"},\"image\":{\"@id\":\"https:\\\/\\\/motorpor.pt\\\/parceria-anicolor-tien21-motorpor\\\/#primaryimage\"},\"thumbnailUrl\":\"https:\\\/\\\/motorpor.pt\\\/wp-content\\\/uploads\\\/2025\\\/02\\\/BANNER_WEBSITE_ANICOLOR_MOTORPOR-1.png\",\"articleSection\":[\"Atualidade\",\"Destaques\",\"Not\u00edcias\"],\"inLanguage\":\"fr-FR\"},{\"@type\":\"WebPage\",\"@id\":\"https:\\\/\\\/motorpor.pt\\\/parceria-anicolor-tien21-motorpor\\\/\",\"url\":\"https:\\\/\\\/motorpor.pt\\\/parceria-anicolor-tien21-motorpor\\\/\",\"name\":\"Parceria Anicolor Tien21 | MOTORPOR - Motorpor\",\"isPartOf\":{\"@id\":\"https:\\\/\\\/motorpor.pt\\\/#website\"},\"primaryImageOfPage\":{\"@id\":\"https:\\\/\\\/motorpor.pt\\\/parceria-anicolor-tien21-motorpor\\\/#primaryimage\"},\"image\":{\"@id\":\"https:\\\/\\\/motorpor.pt\\\/parceria-anicolor-tien21-motorpor\\\/#primaryimage\"},\"thumbnailUrl\":\"https:\\\/\\\/motorpor.pt\\\/wp-content\\\/uploads\\\/2025\\\/02\\\/BANNER_WEBSITE_ANICOLOR_MOTORPOR-1.png\",\"datePublished\":\"2025-02-20T10:38:23+00:00\",\"breadcrumb\":{\"@id\":\"https:\\\/\\\/motorpor.pt\\\/parceria-anicolor-tien21-motorpor\\\/#breadcrumb\"},\"inLanguage\":\"fr-FR\",\"potentialAction\":[{\"@type\":\"ReadAction\",\"target\":[\"https:\\\/\\\/motorpor.pt\\\/parceria-anicolor-tien21-motorpor\\\/\"]}]},{\"@type\":\"ImageObject\",\"inLanguage\":\"fr-FR\",\"@id\":\"https:\\\/\\\/motorpor.pt\\\/parceria-anicolor-tien21-motorpor\\\/#primaryimage\",\"url\":\"https:\\\/\\\/motorpor.pt\\\/wp-content\\\/uploads\\\/2025\\\/02\\\/BANNER_WEBSITE_ANICOLOR_MOTORPOR-1.png\",\"contentUrl\":\"https:\\\/\\\/motorpor.pt\\\/wp-content\\\/uploads\\\/2025\\\/02\\\/BANNER_WEBSITE_ANICOLOR_MOTORPOR-1.png\",\"width\":3063,\"height\":1832},{\"@type\":\"BreadcrumbList\",\"@id\":\"https:\\\/\\\/motorpor.pt\\\/parceria-anicolor-tien21-motorpor\\\/#breadcrumb\",\"itemListElement\":[{\"@type\":\"ListItem\",\"position\":1,\"name\":\"In\u00edcio\",\"item\":\"https:\\\/\\\/motorpor.pt\\\/\"},{\"@type\":\"ListItem\",\"position\":2,\"name\":\"Parceria Anicolor Tien21 | MOTORPOR\"}]},{\"@type\":\"WebSite\",\"@id\":\"https:\\\/\\\/motorpor.pt\\\/#website\",\"url\":\"https:\\\/\\\/motorpor.pt\\\/\",\"name\":\"Motorpor\",\"description\":\"Comercio de Autom\u00f3veis Multimarcas\",\"publisher\":{\"@id\":\"https:\\\/\\\/motorpor.pt\\\/#organization\"},\"potentialAction\":[{\"@type\":\"SearchAction\",\"target\":{\"@type\":\"EntryPoint\",\"urlTemplate\":\"https:\\\/\\\/motorpor.pt\\\/?s={search_term_string}\"},\"query-input\":{\"@type\":\"PropertyValueSpecification\",\"valueRequired\":true,\"valueName\":\"search_term_string\"}}],\"inLanguage\":\"fr-FR\"},{\"@type\":\"Organization\",\"@id\":\"https:\\\/\\\/motorpor.pt\\\/#organization\",\"name\":\"Motorpor\",\"alternateName\":\"Motorpor\",\"url\":\"https:\\\/\\\/motorpor.pt\\\/\",\"logo\":{\"@type\":\"ImageObject\",\"inLanguage\":\"fr-FR\",\"@id\":\"https:\\\/\\\/motorpor.pt\\\/#\\\/schema\\\/logo\\\/image\\\/\",\"url\":\"https:\\\/\\\/motorpor.pt\\\/wp-content\\\/uploads\\\/2024\\\/07\\\/Logo-Motorpor-Preto.svg\",\"contentUrl\":\"https:\\\/\\\/motorpor.pt\\\/wp-content\\\/uploads\\\/2024\\\/07\\\/Logo-Motorpor-Preto.svg\",\"width\":493,\"height\":93,\"caption\":\"Motorpor\"},\"image\":{\"@id\":\"https:\\\/\\\/motorpor.pt\\\/#\\\/schema\\\/logo\\\/image\\\/\"},\"sameAs\":[\"https:\\\/\\\/www.linkedin.com\\\/company\\\/grupo-motorpor\"]},{\"@type\":\"Person\",\"@id\":\"https:\\\/\\\/motorpor.pt\\\/#\\\/schema\\\/person\\\/b4bf07144e88efed7388a5af30522db7\",\"name\":\"mktmotorpor\",\"image\":{\"@type\":\"ImageObject\",\"inLanguage\":\"fr-FR\",\"@id\":\"https:\\\/\\\/secure.gravatar.com\\\/avatar\\\/8418b61b3175dbba0a8744cf0ee6bb5c7a9f6c67f1dbc4f41a62d7b9738259a2?s=96&d=mm&r=g\",\"url\":\"https:\\\/\\\/secure.gravatar.com\\\/avatar\\\/8418b61b3175dbba0a8744cf0ee6bb5c7a9f6c67f1dbc4f41a62d7b9738259a2?s=96&d=mm&r=g\",\"contentUrl\":\"https:\\\/\\\/secure.gravatar.com\\\/avatar\\\/8418b61b3175dbba0a8744cf0ee6bb5c7a9f6c67f1dbc4f41a62d7b9738259a2?s=96&d=mm&r=g\",\"caption\":\"mktmotorpor\"},\"url\":\"https:\\\/\\\/motorpor.pt\\\/fr\\\/user\\\/mktmotorpor\\\/\"}]}<\/script>\n<!-- \/ Yoast SEO plugin. -->","yoast_head_json":{"title":"Parceria Anicolor Tien21 | MOTORPOR - Motorpor","robots":{"index":"index","follow":"follow","max-snippet":"max-snippet:-1","max-image-preview":"max-image-preview:large","max-video-preview":"max-video-preview:-1"},"canonical":"https:\/\/motorpor.pt\/fr\/parceria-anicolor-tien21-motorpor\/","og_locale":"fr_FR","og_type":"article","og_title":"Parceria Anicolor Tien21 | MOTORPOR - Motorpor","og_description":"Somos patrocinadores oficiais da Anicolor Tien 21, a nova equipa profissional de ciclismo do Clube Desportivo Fullracing! Este \u00e9 um passo importante para a nossa empresa, n\u00e3o s\u00f3 porque nos associamos a uma das modalidades mais acarinhadas pelos portugueses, mas tamb\u00e9m porque esta parceria simboliza os valores que partilhamos: dedica\u00e7\u00e3o, esfor\u00e7o, supera\u00e7\u00e3o, esp\u00edrito de equipa [&hellip;]","og_url":"https:\/\/motorpor.pt\/fr\/parceria-anicolor-tien21-motorpor\/","og_site_name":"Motorpor","article_published_time":"2025-02-20T10:38:23+00:00","author":"mktmotorpor","twitter_card":"summary_large_image","twitter_misc":{"\u00c9crit par":"mktmotorpor","Dur\u00e9e de lecture estim\u00e9e":"1 minute"},"schema":{"@context":"https:\/\/schema.org","@graph":[{"@type":"Article","@id":"https:\/\/motorpor.pt\/parceria-anicolor-tien21-motorpor\/#article","isPartOf":{"@id":"https:\/\/motorpor.pt\/parceria-anicolor-tien21-motorpor\/"},"author":{"name":"mktmotorpor","@id":"https:\/\/motorpor.pt\/#\/schema\/person\/b4bf07144e88efed7388a5af30522db7"},"headline":"Parceria Anicolor Tien21 | MOTORPOR","datePublished":"2025-02-20T10:38:23+00:00","mainEntityOfPage":{"@id":"https:\/\/motorpor.pt\/parceria-anicolor-tien21-motorpor\/"},"wordCount":174,"publisher":{"@id":"https:\/\/motorpor.pt\/#organization"},"image":{"@id":"https:\/\/motorpor.pt\/parceria-anicolor-tien21-motorpor\/#primaryimage"},"thumbnailUrl":"https:\/\/motorpor.pt\/wp-content\/uploads\/2025\/02\/BANNER_WEBSITE_ANICOLOR_MOTORPOR-1.png","articleSection":["Atualidade","Destaques","Not\u00edcias"],"inLanguage":"fr-FR"},{"@type":"WebPage","@id":"https:\/\/motorpor.pt\/parceria-anicolor-tien21-motorpor\/","url":"https:\/\/motorpor.pt\/parceria-anicolor-tien21-motorpor\/","name":"Parceria Anicolor Tien21 | MOTORPOR - Motorpor","isPartOf":{"@id":"https:\/\/motorpor.pt\/#website"},"primaryImageOfPage":{"@id":"https:\/\/motorpor.pt\/parceria-anicolor-tien21-motorpor\/#primaryimage"},"image":{"@id":"https:\/\/motorpor.pt\/parceria-anicolor-tien21-motorpor\/#primaryimage"},"thumbnailUrl":"https:\/\/motorpor.pt\/wp-content\/uploads\/2025\/02\/BANNER_WEBSITE_ANICOLOR_MOTORPOR-1.png","datePublished":"2025-02-20T10:38:23+00:00","breadcrumb":{"@id":"https:\/\/motorpor.pt\/parceria-anicolor-tien21-motorpor\/#breadcrumb"},"inLanguage":"fr-FR","potentialAction":[{"@type":"ReadAction","target":["https:\/\/motorpor.pt\/parceria-anicolor-tien21-motorpor\/"]}]},{"@type":"ImageObject","inLanguage":"fr-FR","@id":"https:\/\/motorpor.pt\/parceria-anicolor-tien21-motorpor\/#primaryimage","url":"https:\/\/motorpor.pt\/wp-content\/uploads\/2025\/02\/BANNER_WEBSITE_ANICOLOR_MOTORPOR-1.png","contentUrl":"https:\/\/motorpor.pt\/wp-content\/uploads\/2025\/02\/BANNER_WEBSITE_ANICOLOR_MOTORPOR-1.png","width":3063,"height":1832},{"@type":"BreadcrumbList","@id":"https:\/\/motorpor.pt\/parceria-anicolor-tien21-motorpor\/#breadcrumb","itemListElement":[{"@type":"ListItem","position":1,"name":"In\u00edcio","item":"https:\/\/motorpor.pt\/"},{"@type":"ListItem","position":2,"name":"Parceria Anicolor Tien21 | MOTORPOR"}]},{"@type":"WebSite","@id":"https:\/\/motorpor.pt\/#website","url":"https:\/\/motorpor.pt\/","name":"motorpor","description":"Comercio de Autom\u00f3veis Multimarcas","publisher":{"@id":"https:\/\/motorpor.pt\/#organization"},"potentialAction":[{"@type":"SearchAction","target":{"@type":"EntryPoint","urlTemplate":"https:\/\/motorpor.pt\/?s={search_term_string}"},"query-input":{"@type":"PropertyValueSpecification","valueRequired":true,"valueName":"search_term_string"}}],"inLanguage":"fr-FR"},{"@type":"Organization","@id":"https:\/\/motorpor.pt\/#organization","name":"motorpor","alternateName":"Motorpor","url":"https:\/\/motorpor.pt\/","logo":{"@type":"ImageObject","inLanguage":"fr-FR","@id":"https:\/\/motorpor.pt\/#\/schema\/logo\/image\/","url":"https:\/\/motorpor.pt\/wp-content\/uploads\/2024\/07\/Logo-Motorpor-Preto.svg","contentUrl":"https:\/\/motorpor.pt\/wp-content\/uploads\/2024\/07\/Logo-Motorpor-Preto.svg","width":493,"height":93,"caption":"Motorpor"},"image":{"@id":"https:\/\/motorpor.pt\/#\/schema\/logo\/image\/"},"sameAs":["https:\/\/www.linkedin.com\/company\/grupo-motorpor"]},{"@type":"Person","@id":"https:\/\/motorpor.pt\/#\/schema\/person\/b4bf07144e88efed7388a5af30522db7","name":"mktmotorpor","image":{"@type":"ImageObject","inLanguage":"fr-FR","@id":"https:\/\/secure.gravatar.com\/avatar\/8418b61b3175dbba0a8744cf0ee6bb5c7a9f6c67f1dbc4f41a62d7b9738259a2?s=96&d=mm&r=g","url":"https:\/\/secure.gravatar.com\/avatar\/8418b61b3175dbba0a8744cf0ee6bb5c7a9f6c67f1dbc4f41a62d7b9738259a2?s=96&d=mm&r=g","contentUrl":"https:\/\/secure.gravatar.com\/avatar\/8418b61b3175dbba0a8744cf0ee6bb5c7a9f6c67f1dbc4f41a62d7b9738259a2?s=96&d=mm&r=g","caption":"mktmotorpor"},"url":"https:\/\/motorpor.pt\/fr\/user\/mktmotorpor\/"}]}},"_links":{"self":[{"href":"https:\/\/motorpor.pt\/fr\/wp-json\/wp\/v2\/posts\/116464","targetHints":{"allow":["GET"]}}],"collection":[{"href":"https:\/\/motorpor.pt\/fr\/wp-json\/wp\/v2\/posts"}],"about":[{"href":"https:\/\/motorpor.pt\/fr\/wp-json\/wp\/v2\/types\/post"}],"author":[{"embeddable":true,"href":"https:\/\/motorpor.pt\/fr\/wp-json\/wp\/v2\/users\/85"}],"replies":[{"embeddable":true,"href":"https:\/\/motorpor.pt\/fr\/wp-json\/wp\/v2\/comments?post=116464"}],"version-history":[{"count":0,"href":"https:\/\/motorpor.pt\/fr\/wp-json\/wp\/v2\/posts\/116464\/revisions"}],"wp:featuredmedia":[{"embeddable":true,"href":"https:\/\/motorpor.pt\/fr\/wp-json\/wp\/v2\/media\/116463"}],"wp:attachment":[{"href":"https:\/\/motorpor.pt\/fr\/wp-json\/wp\/v2\/media?parent=116464"}],"wp:term":[{"taxonomy":"category","embeddable":true,"href":"https:\/\/motorpor.pt\/fr\/wp-json\/wp\/v2\/categories?post=116464"},{"taxonomy":"post_tag","embeddable":true,"href":"https:\/\/motorpor.pt\/fr\/wp-json\/wp\/v2\/tags?post=116464"}],"curies":[{"name":"wp","href":"https:\/\/api.w.org\/{rel}","templated":true}]}}