{"id":119760,"date":"2025-02-27T18:35:39","date_gmt":"2025-02-27T17:35:39","guid":{"rendered":"https:\/\/motorpor.pt\/motorpor-electric-car-days\/"},"modified":"2025-03-12T20:02:24","modified_gmt":"2025-03-12T19:02:24","slug":"motorpor-electric-car-days","status":"publish","type":"post","link":"https:\/\/motorpor.pt\/fr\/motorpor-electric-car-days\/","title":{"rendered":"MOTORPOR ELECTRIC CAR DAYS"},"content":{"rendered":"<h2 class=\"x_elementToProof\"><strong>De 14 a 22 de mar\u00e7o, conecte-se ao futuro da mobilidade!<\/strong><\/h2>\n<div><\/div>\n<div><img fetchpriority=\"high\" decoding=\"async\" class=\"alignnone wp-image-120693\" src=\"https:\/\/motorpor.pt\/wp-content\/uploads\/2025\/03\/Captura-de-ecra-2025-03-12-as-16.04.18.png\" alt=\"\" width=\"898\" height=\"215\" srcset=\"https:\/\/motorpor.pt\/wp-content\/uploads\/2025\/03\/Captura-de-ecra-2025-03-12-as-16.04.18.png 1520w, https:\/\/motorpor.pt\/wp-content\/uploads\/2025\/03\/Captura-de-ecra-2025-03-12-as-16.04.18-300x72.png 300w, https:\/\/motorpor.pt\/wp-content\/uploads\/2025\/03\/Captura-de-ecra-2025-03-12-as-16.04.18-1024x245.png 1024w, https:\/\/motorpor.pt\/wp-content\/uploads\/2025\/03\/Captura-de-ecra-2025-03-12-as-16.04.18-768x184.png 768w, https:\/\/motorpor.pt\/wp-content\/uploads\/2025\/03\/Captura-de-ecra-2025-03-12-as-16.04.18-18x4.png 18w, https:\/\/motorpor.pt\/wp-content\/uploads\/2025\/03\/Captura-de-ecra-2025-03-12-as-16.04.18-200x48.png 200w, https:\/\/motorpor.pt\/wp-content\/uploads\/2025\/03\/Captura-de-ecra-2025-03-12-as-16.04.18-165x40.png 165w\" sizes=\"(max-width: 898px) 100vw, 898px\" \/><\/div>\n<div>\n<div><\/div>\n<div class=\"x_elementToProof\">Descubra a nossa gama de<strong> viaturas el\u00e9tricas, h\u00edbridas e PHEV<\/strong>, e aproveite para tirar todas as d\u00favidas com os nossos especialistas.<\/div>\n<p>\u00a0<\/p>\n<div><\/div>\n<div class=\"x_elementToProof\">S\u00e3o<strong> 7 marcas<\/strong>, com <strong>mais de 50 viaturas em exposi\u00e7\u00e3o<\/strong> e dezenas de modelos dispon\u00edveis para test-drive. A oportunidade ideal para ficar a conhecer o mundo do desempenho el\u00e9trico.<\/div>\n<p>\u00a0<\/p>\n<div><\/div>\n<div class=\"x_elementToProof\">Aproveite as <strong>ofertas e condi\u00e7\u00f5es exclusivas* com presta\u00e7\u00f5es desde 99\u20ac\/m\u00eas** <\/strong>em viaturas novas, de demonstra\u00e7\u00e3o e de servi\u00e7o.<\/div>\n<p>\u00a0<\/p>\n<div><\/div>\n<\/div>\n<div class=\"x_elementToProof\">Marque j\u00e1 a sua visita para ter um acesso exclusivo a todos as condi\u00e7\u00f5es. Conhe\u00e7a todos os detalhes <a href=\"https:\/\/motorpor.pt\/fr\/electric-car-days\/\"><strong>aqui<\/strong><\/a><\/div>\n<p>\u00a0<\/p>\n<div><\/div>\n<div class=\"x_elementToProof\">Visite-nos nossas instala\u00e7\u00f5es \u00c9VORA &#8211; BEJA &#8211; PORTALEGRE &#8211; SINES &#8211; PORTIM\u00c3O &#8211; FARO.<\/div>\n<p>\u00a0<\/p>\n<div><\/div>\n<div><\/div>\n<div class=\"x_elementToProof\">A equipa da MOTORPOR espera por si!<\/div>\n<p>\u00a0<\/p>\n<div><\/div>\n<div>\n<h5>*Campanha exclusiva motorpor. N\u00e3o acumul\u00e1vel com outras campanhas em vigor. Campanha v\u00e1lida desde o dia 14\/03\/2025 at\u00e9 22\/03\/2025. Limitado ao stock existente.<br \/>\nOferta de easy Wallbox na compra de ve\u00edculo eletrificado, de 14-03-2025 a 22-03-2025.\u00a0 A easyWallbox \u00e9 a solu\u00e7\u00e3o de carregamento seguro e flex\u00edvel. Pode funcionar em dois modos: &#8220;Plug &#038; Play&#8221; sem qualquer instala\u00e7\u00e3o profissional, at\u00e9 2,3 kW de pot\u00eancia. \u201cInstalado&#8221; por um profissional, \u00e9 a solu\u00e7\u00e3o ideal para carregamento r\u00e1pido em casa, at\u00e9 7,4 kW, com ajuste de pot\u00eancia para evitar falhas de energia. A oferta n\u00e3o inclu\u00ed a instala\u00e7\u00e3o.<\/h5>\n<\/div>\n<h5>**Contrato de cr\u00e9dito autom\u00f3vel com reserva de propriedade para 24 meses \/ 30.000 km, exemplo para Grande Panda RED 100% EL\u00c9TRICO, PVPR de 24.900,00\u20ac, PVP campanha de 24.400,00\u20ac, inclui DLTP, , entrada inicial de 7.300\u20ac, montante financiado de 17.100,00\u20ac, 23 presta\u00e7\u00f5es de 99\u20ac, presta\u00e7\u00e3o final de 16.606,30\u20ac, taxa fixa, TAN de 5,101% e TAEG de 9,0% para um MTIC de 19.910,64\u20ac. Inclui 0,00\u20ac de comiss\u00e3o de gest\u00e3o. Acresce comiss\u00e3o de abertura de contrato de 650\u20ac, de reconhecimento e envio da declara\u00e7\u00e3o de extin\u00e7\u00e3o de reserva de 75\u20ac e 32,50\u20ac de custo de extin\u00e7\u00e3o de reserva. Condi\u00e7\u00f5es v\u00e1lidas at\u00e9 31\/03\/2025, para clientes particulares. Financiado por Stellantis Financial Services, uma marca Santander Consumer Finance, S.A, Sucursal em Portugal. A FCA Portugal, S.A. registada no Banco de Portugal sob o n\u00ba 7205 como intermedi\u00e1rio de cr\u00e9dito a t\u00edtulo acess\u00f3rio, actua sem caracter de exclusividade. Informe-se no Santander Consumer Finance S.A., suc. em Portugal. *Valor Final Garantido, condicionado ao cumprimento de condi\u00e7\u00f5es.<br \/>\nAs primeiras unidades de Fiat Grande Panda 100% el\u00e9trico chegam a partir de abril 2025. Imagem n\u00e3o contratual. G<\/h5>\n<div id=\"gtx-trans\" style=\"position: absolute;left: -41px;top: 505.812px\">\n<div class=\"gtx-trans-icon\"><\/div>\n<\/div>","protected":false},"excerpt":{"rendered":"<p>De 14 a 22 de mar\u00e7o, conecte-se ao futuro da mobilidade! Descubra a nossa gama de viaturas el\u00e9tricas, h\u00edbridas e PHEV, e aproveite para tirar todas as d\u00favidas com os nossos especialistas. \u00a0 S\u00e3o 7 marcas, com mais de 50 viaturas em exposi\u00e7\u00e3o e dezenas de modelos dispon\u00edveis para test-drive. A oportunidade ideal para ficar [&hellip;]<\/p>\n","protected":false},"author":85,"featured_media":119759,"comment_status":"closed","ping_status":"open","sticky":false,"template":"","format":"standard","meta":{"_acf_changed":false,"footnotes":""},"categories":[2595,2495,2592,2584],"tags":[],"class_list":["post-119760","post","type-post","status-publish","format-standard","has-post-thumbnail","hentry","category-atualidade","category-campanhas","category-noticias","category-novos"],"acf":[],"yoast_head":"<!-- This site is optimized with the Yoast SEO plugin v27.5 - https:\/\/yoast.com\/product\/yoast-seo-wordpress\/ -->\n<title>MOTORPOR ELECTRIC CAR DAYS - Motorpor<\/title>\n<meta name=\"robots\" content=\"index, follow, max-snippet:-1, max-image-preview:large, max-video-preview:-1\" \/>\n<link rel=\"canonical\" href=\"https:\/\/motorpor.pt\/fr\/motorpor-electric-car-days\/\" \/>\n<meta property=\"og:locale\" content=\"fr_FR\" \/>\n<meta property=\"og:type\" content=\"article\" \/>\n<meta property=\"og:title\" content=\"MOTORPOR ELECTRIC CAR DAYS - Motorpor\" \/>\n<meta property=\"og:description\" content=\"De 14 a 22 de mar\u00e7o, conecte-se ao futuro da mobilidade! Descubra a nossa gama de viaturas el\u00e9tricas, h\u00edbridas e PHEV, e aproveite para tirar todas as d\u00favidas com os nossos especialistas. \u00a0 S\u00e3o 7 marcas, com mais de 50 viaturas em exposi\u00e7\u00e3o e dezenas de modelos dispon\u00edveis para test-drive. A oportunidade ideal para ficar [&hellip;]\" \/>\n<meta property=\"og:url\" content=\"https:\/\/motorpor.pt\/fr\/motorpor-electric-car-days\/\" \/>\n<meta property=\"og:site_name\" content=\"Motorpor\" \/>\n<meta property=\"article:published_time\" content=\"2025-02-27T17:35:39+00:00\" \/>\n<meta property=\"article:modified_time\" content=\"2025-03-12T19:02:24+00:00\" \/>\n<meta property=\"og:image\" content=\"https:\/\/motorpor.pt\/wp-content\/uploads\/2025\/02\/Banner_Noticia-site-1024x551-1.png\" \/>\n\t<meta property=\"og:image:width\" content=\"1024\" \/>\n\t<meta property=\"og:image:height\" content=\"551\" \/>\n\t<meta property=\"og:image:type\" content=\"image\/png\" \/>\n<meta name=\"author\" content=\"mktmotorpor\" \/>\n<meta name=\"twitter:card\" content=\"summary_large_image\" \/>\n<meta name=\"twitter:label1\" content=\"\u00c9crit par\" \/>\n\t<meta name=\"twitter:data1\" content=\"mktmotorpor\" \/>\n\t<meta name=\"twitter:label2\" content=\"Dur\u00e9e de lecture estim\u00e9e\" \/>\n\t<meta name=\"twitter:data2\" content=\"2 minutes\" \/>\n<script type=\"application\/ld+json\" class=\"yoast-schema-graph\">{\"@context\":\"https:\\\/\\\/schema.org\",\"@graph\":[{\"@type\":\"Article\",\"@id\":\"https:\\\/\\\/motorpor.pt\\\/motorpor-electric-car-days\\\/#article\",\"isPartOf\":{\"@id\":\"https:\\\/\\\/motorpor.pt\\\/motorpor-electric-car-days\\\/\"},\"author\":{\"name\":\"mktmotorpor\",\"@id\":\"https:\\\/\\\/motorpor.pt\\\/#\\\/schema\\\/person\\\/b4bf07144e88efed7388a5af30522db7\"},\"headline\":\"MOTORPOR ELECTRIC CAR DAYS\",\"datePublished\":\"2025-02-27T17:35:39+00:00\",\"dateModified\":\"2025-03-12T19:02:24+00:00\",\"mainEntityOfPage\":{\"@id\":\"https:\\\/\\\/motorpor.pt\\\/motorpor-electric-car-days\\\/\"},\"wordCount\":414,\"publisher\":{\"@id\":\"https:\\\/\\\/motorpor.pt\\\/#organization\"},\"image\":{\"@id\":\"https:\\\/\\\/motorpor.pt\\\/motorpor-electric-car-days\\\/#primaryimage\"},\"thumbnailUrl\":\"https:\\\/\\\/motorpor.pt\\\/wp-content\\\/uploads\\\/2025\\\/02\\\/Banner_Noticia-site-1.png\",\"articleSection\":[\"Atualidade\",\"Campanhas\",\"Not\u00edcias\",\"Novos\"],\"inLanguage\":\"fr-FR\"},{\"@type\":\"WebPage\",\"@id\":\"https:\\\/\\\/motorpor.pt\\\/motorpor-electric-car-days\\\/\",\"url\":\"https:\\\/\\\/motorpor.pt\\\/motorpor-electric-car-days\\\/\",\"name\":\"MOTORPOR ELECTRIC CAR DAYS - Motorpor\",\"isPartOf\":{\"@id\":\"https:\\\/\\\/motorpor.pt\\\/#website\"},\"primaryImageOfPage\":{\"@id\":\"https:\\\/\\\/motorpor.pt\\\/motorpor-electric-car-days\\\/#primaryimage\"},\"image\":{\"@id\":\"https:\\\/\\\/motorpor.pt\\\/motorpor-electric-car-days\\\/#primaryimage\"},\"thumbnailUrl\":\"https:\\\/\\\/motorpor.pt\\\/wp-content\\\/uploads\\\/2025\\\/02\\\/Banner_Noticia-site-1.png\",\"datePublished\":\"2025-02-27T17:35:39+00:00\",\"dateModified\":\"2025-03-12T19:02:24+00:00\",\"breadcrumb\":{\"@id\":\"https:\\\/\\\/motorpor.pt\\\/motorpor-electric-car-days\\\/#breadcrumb\"},\"inLanguage\":\"fr-FR\",\"potentialAction\":[{\"@type\":\"ReadAction\",\"target\":[\"https:\\\/\\\/motorpor.pt\\\/motorpor-electric-car-days\\\/\"]}]},{\"@type\":\"ImageObject\",\"inLanguage\":\"fr-FR\",\"@id\":\"https:\\\/\\\/motorpor.pt\\\/motorpor-electric-car-days\\\/#primaryimage\",\"url\":\"https:\\\/\\\/motorpor.pt\\\/wp-content\\\/uploads\\\/2025\\\/02\\\/Banner_Noticia-site-1.png\",\"contentUrl\":\"https:\\\/\\\/motorpor.pt\\\/wp-content\\\/uploads\\\/2025\\\/02\\\/Banner_Noticia-site-1.png\",\"width\":8125,\"height\":4375},{\"@type\":\"BreadcrumbList\",\"@id\":\"https:\\\/\\\/motorpor.pt\\\/motorpor-electric-car-days\\\/#breadcrumb\",\"itemListElement\":[{\"@type\":\"ListItem\",\"position\":1,\"name\":\"In\u00edcio\",\"item\":\"https:\\\/\\\/motorpor.pt\\\/\"},{\"@type\":\"ListItem\",\"position\":2,\"name\":\"MOTORPOR ELECTRIC CAR DAYS\"}]},{\"@type\":\"WebSite\",\"@id\":\"https:\\\/\\\/motorpor.pt\\\/#website\",\"url\":\"https:\\\/\\\/motorpor.pt\\\/\",\"name\":\"Motorpor\",\"description\":\"Comercio de Autom\u00f3veis Multimarcas\",\"publisher\":{\"@id\":\"https:\\\/\\\/motorpor.pt\\\/#organization\"},\"potentialAction\":[{\"@type\":\"SearchAction\",\"target\":{\"@type\":\"EntryPoint\",\"urlTemplate\":\"https:\\\/\\\/motorpor.pt\\\/?s={search_term_string}\"},\"query-input\":{\"@type\":\"PropertyValueSpecification\",\"valueRequired\":true,\"valueName\":\"search_term_string\"}}],\"inLanguage\":\"fr-FR\"},{\"@type\":\"Organization\",\"@id\":\"https:\\\/\\\/motorpor.pt\\\/#organization\",\"name\":\"Motorpor\",\"alternateName\":\"Motorpor\",\"url\":\"https:\\\/\\\/motorpor.pt\\\/\",\"logo\":{\"@type\":\"ImageObject\",\"inLanguage\":\"fr-FR\",\"@id\":\"https:\\\/\\\/motorpor.pt\\\/#\\\/schema\\\/logo\\\/image\\\/\",\"url\":\"https:\\\/\\\/motorpor.pt\\\/wp-content\\\/uploads\\\/2024\\\/07\\\/Logo-Motorpor-Preto.svg\",\"contentUrl\":\"https:\\\/\\\/motorpor.pt\\\/wp-content\\\/uploads\\\/2024\\\/07\\\/Logo-Motorpor-Preto.svg\",\"width\":493,\"height\":93,\"caption\":\"Motorpor\"},\"image\":{\"@id\":\"https:\\\/\\\/motorpor.pt\\\/#\\\/schema\\\/logo\\\/image\\\/\"},\"sameAs\":[\"https:\\\/\\\/www.linkedin.com\\\/company\\\/grupo-motorpor\"]},{\"@type\":\"Person\",\"@id\":\"https:\\\/\\\/motorpor.pt\\\/#\\\/schema\\\/person\\\/b4bf07144e88efed7388a5af30522db7\",\"name\":\"mktmotorpor\",\"image\":{\"@type\":\"ImageObject\",\"inLanguage\":\"fr-FR\",\"@id\":\"https:\\\/\\\/secure.gravatar.com\\\/avatar\\\/8418b61b3175dbba0a8744cf0ee6bb5c7a9f6c67f1dbc4f41a62d7b9738259a2?s=96&d=mm&r=g\",\"url\":\"https:\\\/\\\/secure.gravatar.com\\\/avatar\\\/8418b61b3175dbba0a8744cf0ee6bb5c7a9f6c67f1dbc4f41a62d7b9738259a2?s=96&d=mm&r=g\",\"contentUrl\":\"https:\\\/\\\/secure.gravatar.com\\\/avatar\\\/8418b61b3175dbba0a8744cf0ee6bb5c7a9f6c67f1dbc4f41a62d7b9738259a2?s=96&d=mm&r=g\",\"caption\":\"mktmotorpor\"},\"url\":\"https:\\\/\\\/motorpor.pt\\\/fr\\\/user\\\/mktmotorpor\\\/\"}]}<\/script>\n<!-- \/ Yoast SEO plugin. -->","yoast_head_json":{"title":"MOTORPOR ELECTRIC CAR DAYS - Motorpor","robots":{"index":"index","follow":"follow","max-snippet":"max-snippet:-1","max-image-preview":"max-image-preview:large","max-video-preview":"max-video-preview:-1"},"canonical":"https:\/\/motorpor.pt\/fr\/motorpor-electric-car-days\/","og_locale":"fr_FR","og_type":"article","og_title":"MOTORPOR ELECTRIC CAR DAYS - Motorpor","og_description":"De 14 a 22 de mar\u00e7o, conecte-se ao futuro da mobilidade! Descubra a nossa gama de viaturas el\u00e9tricas, h\u00edbridas e PHEV, e aproveite para tirar todas as d\u00favidas com os nossos especialistas. \u00a0 S\u00e3o 7 marcas, com mais de 50 viaturas em exposi\u00e7\u00e3o e dezenas de modelos dispon\u00edveis para test-drive. A oportunidade ideal para ficar [&hellip;]","og_url":"https:\/\/motorpor.pt\/fr\/motorpor-electric-car-days\/","og_site_name":"Motorpor","article_published_time":"2025-02-27T17:35:39+00:00","article_modified_time":"2025-03-12T19:02:24+00:00","og_image":[{"width":1024,"height":551,"url":"https:\/\/motorpor.pt\/wp-content\/uploads\/2025\/02\/Banner_Noticia-site-1024x551-1.png","type":"image\/png"}],"author":"mktmotorpor","twitter_card":"summary_large_image","twitter_misc":{"\u00c9crit par":"mktmotorpor","Dur\u00e9e de lecture estim\u00e9e":"2 minutes"},"schema":{"@context":"https:\/\/schema.org","@graph":[{"@type":"Article","@id":"https:\/\/motorpor.pt\/motorpor-electric-car-days\/#article","isPartOf":{"@id":"https:\/\/motorpor.pt\/motorpor-electric-car-days\/"},"author":{"name":"mktmotorpor","@id":"https:\/\/motorpor.pt\/#\/schema\/person\/b4bf07144e88efed7388a5af30522db7"},"headline":"MOTORPOR ELECTRIC CAR DAYS","datePublished":"2025-02-27T17:35:39+00:00","dateModified":"2025-03-12T19:02:24+00:00","mainEntityOfPage":{"@id":"https:\/\/motorpor.pt\/motorpor-electric-car-days\/"},"wordCount":414,"publisher":{"@id":"https:\/\/motorpor.pt\/#organization"},"image":{"@id":"https:\/\/motorpor.pt\/motorpor-electric-car-days\/#primaryimage"},"thumbnailUrl":"https:\/\/motorpor.pt\/wp-content\/uploads\/2025\/02\/Banner_Noticia-site-1.png","articleSection":["Atualidade","Campanhas","Not\u00edcias","Novos"],"inLanguage":"fr-FR"},{"@type":"WebPage","@id":"https:\/\/motorpor.pt\/motorpor-electric-car-days\/","url":"https:\/\/motorpor.pt\/motorpor-electric-car-days\/","name":"MOTORPOR ELECTRIC CAR DAYS - Motorpor","isPartOf":{"@id":"https:\/\/motorpor.pt\/#website"},"primaryImageOfPage":{"@id":"https:\/\/motorpor.pt\/motorpor-electric-car-days\/#primaryimage"},"image":{"@id":"https:\/\/motorpor.pt\/motorpor-electric-car-days\/#primaryimage"},"thumbnailUrl":"https:\/\/motorpor.pt\/wp-content\/uploads\/2025\/02\/Banner_Noticia-site-1.png","datePublished":"2025-02-27T17:35:39+00:00","dateModified":"2025-03-12T19:02:24+00:00","breadcrumb":{"@id":"https:\/\/motorpor.pt\/motorpor-electric-car-days\/#breadcrumb"},"inLanguage":"fr-FR","potentialAction":[{"@type":"ReadAction","target":["https:\/\/motorpor.pt\/motorpor-electric-car-days\/"]}]},{"@type":"ImageObject","inLanguage":"fr-FR","@id":"https:\/\/motorpor.pt\/motorpor-electric-car-days\/#primaryimage","url":"https:\/\/motorpor.pt\/wp-content\/uploads\/2025\/02\/Banner_Noticia-site-1.png","contentUrl":"https:\/\/motorpor.pt\/wp-content\/uploads\/2025\/02\/Banner_Noticia-site-1.png","width":8125,"height":4375},{"@type":"BreadcrumbList","@id":"https:\/\/motorpor.pt\/motorpor-electric-car-days\/#breadcrumb","itemListElement":[{"@type":"ListItem","position":1,"name":"In\u00edcio","item":"https:\/\/motorpor.pt\/"},{"@type":"ListItem","position":2,"name":"MOTORPOR ELECTRIC CAR DAYS"}]},{"@type":"WebSite","@id":"https:\/\/motorpor.pt\/#website","url":"https:\/\/motorpor.pt\/","name":"motorpor","description":"Comercio de Autom\u00f3veis Multimarcas","publisher":{"@id":"https:\/\/motorpor.pt\/#organization"},"potentialAction":[{"@type":"SearchAction","target":{"@type":"EntryPoint","urlTemplate":"https:\/\/motorpor.pt\/?s={search_term_string}"},"query-input":{"@type":"PropertyValueSpecification","valueRequired":true,"valueName":"search_term_string"}}],"inLanguage":"fr-FR"},{"@type":"Organization","@id":"https:\/\/motorpor.pt\/#organization","name":"motorpor","alternateName":"Motorpor","url":"https:\/\/motorpor.pt\/","logo":{"@type":"ImageObject","inLanguage":"fr-FR","@id":"https:\/\/motorpor.pt\/#\/schema\/logo\/image\/","url":"https:\/\/motorpor.pt\/wp-content\/uploads\/2024\/07\/Logo-Motorpor-Preto.svg","contentUrl":"https:\/\/motorpor.pt\/wp-content\/uploads\/2024\/07\/Logo-Motorpor-Preto.svg","width":493,"height":93,"caption":"Motorpor"},"image":{"@id":"https:\/\/motorpor.pt\/#\/schema\/logo\/image\/"},"sameAs":["https:\/\/www.linkedin.com\/company\/grupo-motorpor"]},{"@type":"Person","@id":"https:\/\/motorpor.pt\/#\/schema\/person\/b4bf07144e88efed7388a5af30522db7","name":"mktmotorpor","image":{"@type":"ImageObject","inLanguage":"fr-FR","@id":"https:\/\/secure.gravatar.com\/avatar\/8418b61b3175dbba0a8744cf0ee6bb5c7a9f6c67f1dbc4f41a62d7b9738259a2?s=96&d=mm&r=g","url":"https:\/\/secure.gravatar.com\/avatar\/8418b61b3175dbba0a8744cf0ee6bb5c7a9f6c67f1dbc4f41a62d7b9738259a2?s=96&d=mm&r=g","contentUrl":"https:\/\/secure.gravatar.com\/avatar\/8418b61b3175dbba0a8744cf0ee6bb5c7a9f6c67f1dbc4f41a62d7b9738259a2?s=96&d=mm&r=g","caption":"mktmotorpor"},"url":"https:\/\/motorpor.pt\/fr\/user\/mktmotorpor\/"}]}},"_links":{"self":[{"href":"https:\/\/motorpor.pt\/fr\/wp-json\/wp\/v2\/posts\/119760","targetHints":{"allow":["GET"]}}],"collection":[{"href":"https:\/\/motorpor.pt\/fr\/wp-json\/wp\/v2\/posts"}],"about":[{"href":"https:\/\/motorpor.pt\/fr\/wp-json\/wp\/v2\/types\/post"}],"author":[{"embeddable":true,"href":"https:\/\/motorpor.pt\/fr\/wp-json\/wp\/v2\/users\/85"}],"replies":[{"embeddable":true,"href":"https:\/\/motorpor.pt\/fr\/wp-json\/wp\/v2\/comments?post=119760"}],"version-history":[{"count":16,"href":"https:\/\/motorpor.pt\/fr\/wp-json\/wp\/v2\/posts\/119760\/revisions"}],"predecessor-version":[{"id":120749,"href":"https:\/\/motorpor.pt\/fr\/wp-json\/wp\/v2\/posts\/119760\/revisions\/120749"}],"wp:featuredmedia":[{"embeddable":true,"href":"https:\/\/motorpor.pt\/fr\/wp-json\/wp\/v2\/media\/119759"}],"wp:attachment":[{"href":"https:\/\/motorpor.pt\/fr\/wp-json\/wp\/v2\/media?parent=119760"}],"wp:term":[{"taxonomy":"category","embeddable":true,"href":"https:\/\/motorpor.pt\/fr\/wp-json\/wp\/v2\/categories?post=119760"},{"taxonomy":"post_tag","embeddable":true,"href":"https:\/\/motorpor.pt\/fr\/wp-json\/wp\/v2\/tags?post=119760"}],"curies":[{"name":"wp","href":"https:\/\/api.w.org\/{rel}","templated":true}]}}