{"id":130611,"date":"2025-05-30T16:07:53","date_gmt":"2025-05-30T15:07:53","guid":{"rendered":"https:\/\/motorpor.pt\/roadshow-dacia-em-setubal-experimente-o-novo-dacia-bigster\/"},"modified":"2025-05-30T16:53:35","modified_gmt":"2025-05-30T15:53:35","slug":"roadshow-dacia-em-setubal-experimente-o-novo-dacia-bigster","status":"publish","type":"post","link":"https:\/\/motorpor.pt\/fr\/roadshow-dacia-em-setubal-experimente-o-novo-dacia-bigster\/","title":{"rendered":"ROADSHOW DACIA EM SET\u00daBAL: EXPERIMENTE O NOVO DACIA BIGSTER"},"content":{"rendered":"<p>A Dacia est\u00e1 a percorrer o pa\u00eds com o seu mais recente <strong>Roadshow<\/strong>, e <strong>Set\u00fabal<\/strong> ser\u00e1 uma das paragens obrigat\u00f3rias. Nos <strong>dias 7 e 8 de junho, o Largo Jos\u00e9 Afonso<\/strong> acolhe este evento exclusivo onde o novo <strong>Dacia Bigster ser\u00e1 o grande protagonista<\/strong>. Pensado para quem valoriza espa\u00e7o, robustez e conforto, o Bigster \u00e9 um SUV h\u00edbrido de 5 lugares com um design moderno e uma presen\u00e7a marcante \u2014 ideal para fam\u00edlias e condutores que n\u00e3o dispensam a versatilidade no quotidiano.<\/p>\n<p>\u00a0<\/p>\n<p>Durante o Roadshow, os visitantes ter\u00e3o a oportunidade de conhecer de perto o Dacia Bigster, <strong>explorar as suas funcionalidades e realizar test-drives<\/strong>, com o apoio de uma equipa especializada pronta para esclarecer d\u00favidas e apresentar propostas personalizadas.<\/p>\n<p>\u00a0<\/p>\n<p>Para al\u00e9m dos test-drives, o evento contar\u00e1 com uma <strong>zona lounge acolhedora<\/strong> para proporcionar um ambiente descontra\u00eddo, onde os clientes poder\u00e3o esclarecer todas as d\u00favidas e curiosidades sobre toda a gama Dacia.<\/p>\n<p>\u00a0<\/p>\n<p>O Roadshow da Dacia \u00e9 a ocasi\u00e3o ideal para experimentar o futuro da mobilidade acess\u00edvel e descobrir porque o Bigster \u00e9 o SUV do momento. Visite-nos em Set\u00fabal e venha pensar BIG com a MOTORPOR.<\/p>\n<p>\u00a0<\/p>","protected":false},"excerpt":{"rendered":"<p>A Dacia est\u00e1 a percorrer o pa\u00eds com o seu mais recente Roadshow, e Set\u00fabal ser\u00e1 uma das paragens obrigat\u00f3rias. Nos dias 7 e 8 de junho, o Largo Jos\u00e9 Afonso acolhe este evento exclusivo onde o novo Dacia Bigster ser\u00e1 o grande protagonista. Pensado para quem valoriza espa\u00e7o, robustez e conforto, o Bigster \u00e9 [&hellip;]<\/p>\n","protected":false},"author":85,"featured_media":130610,"comment_status":"closed","ping_status":"open","sticky":false,"template":"","format":"standard","meta":{"_acf_changed":false,"footnotes":""},"categories":[2495,2496,2592,3088],"tags":[],"class_list":["post-130611","post","type-post","status-publish","format-standard","has-post-thumbnail","hentry","category-campanhas","category-dacia","category-noticias","category-noticias-dacia"],"acf":[],"yoast_head":"<!-- This site is optimized with the Yoast SEO plugin v27.5 - https:\/\/yoast.com\/product\/yoast-seo-wordpress\/ -->\n<title>ROADSHOW DACIA EM SET\u00daBAL: EXPERIMENTE O NOVO DACIA BIGSTER - Motorpor<\/title>\n<meta name=\"robots\" content=\"index, follow, max-snippet:-1, max-image-preview:large, max-video-preview:-1\" \/>\n<link rel=\"canonical\" href=\"https:\/\/motorpor.pt\/fr\/roadshow-dacia-em-setubal-experimente-o-novo-dacia-bigster\/\" \/>\n<meta property=\"og:locale\" content=\"fr_FR\" \/>\n<meta property=\"og:type\" content=\"article\" \/>\n<meta property=\"og:title\" content=\"ROADSHOW DACIA EM SET\u00daBAL: EXPERIMENTE O NOVO DACIA BIGSTER - Motorpor\" \/>\n<meta property=\"og:description\" content=\"A Dacia est\u00e1 a percorrer o pa\u00eds com o seu mais recente Roadshow, e Set\u00fabal ser\u00e1 uma das paragens obrigat\u00f3rias. Nos dias 7 e 8 de junho, o Largo Jos\u00e9 Afonso acolhe este evento exclusivo onde o novo Dacia Bigster ser\u00e1 o grande protagonista. Pensado para quem valoriza espa\u00e7o, robustez e conforto, o Bigster \u00e9 [&hellip;]\" \/>\n<meta property=\"og:url\" content=\"https:\/\/motorpor.pt\/fr\/roadshow-dacia-em-setubal-experimente-o-novo-dacia-bigster\/\" \/>\n<meta property=\"og:site_name\" content=\"Motorpor\" \/>\n<meta property=\"article:published_time\" content=\"2025-05-30T15:07:53+00:00\" \/>\n<meta property=\"article:modified_time\" content=\"2025-05-30T15:53:35+00:00\" \/>\n<meta property=\"og:image\" content=\"https:\/\/motorpor.pt\/wp-content\/uploads\/2025\/05\/Captura-de-ecra-2025-05-30-as-16.07.21-1024x462-1.png\" \/>\n\t<meta property=\"og:image:width\" content=\"1024\" \/>\n\t<meta property=\"og:image:height\" content=\"462\" \/>\n\t<meta property=\"og:image:type\" content=\"image\/png\" \/>\n<meta name=\"author\" content=\"mktmotorpor\" \/>\n<meta name=\"twitter:card\" content=\"summary_large_image\" \/>\n<meta name=\"twitter:label1\" content=\"\u00c9crit par\" \/>\n\t<meta name=\"twitter:data1\" content=\"mktmotorpor\" \/>\n\t<meta name=\"twitter:label2\" content=\"Dur\u00e9e de lecture estim\u00e9e\" \/>\n\t<meta name=\"twitter:data2\" content=\"1 minute\" \/>\n<script type=\"application\/ld+json\" class=\"yoast-schema-graph\">{\"@context\":\"https:\\\/\\\/schema.org\",\"@graph\":[{\"@type\":\"Article\",\"@id\":\"https:\\\/\\\/motorpor.pt\\\/roadshow-dacia-em-setubal-experimente-o-novo-dacia-bigster\\\/#article\",\"isPartOf\":{\"@id\":\"https:\\\/\\\/motorpor.pt\\\/roadshow-dacia-em-setubal-experimente-o-novo-dacia-bigster\\\/\"},\"author\":{\"name\":\"mktmotorpor\",\"@id\":\"https:\\\/\\\/motorpor.pt\\\/#\\\/schema\\\/person\\\/b4bf07144e88efed7388a5af30522db7\"},\"headline\":\"ROADSHOW DACIA EM SET\u00daBAL: EXPERIMENTE O NOVO DACIA BIGSTER\",\"datePublished\":\"2025-05-30T15:07:53+00:00\",\"dateModified\":\"2025-05-30T15:53:35+00:00\",\"mainEntityOfPage\":{\"@id\":\"https:\\\/\\\/motorpor.pt\\\/roadshow-dacia-em-setubal-experimente-o-novo-dacia-bigster\\\/\"},\"wordCount\":206,\"publisher\":{\"@id\":\"https:\\\/\\\/motorpor.pt\\\/#organization\"},\"image\":{\"@id\":\"https:\\\/\\\/motorpor.pt\\\/roadshow-dacia-em-setubal-experimente-o-novo-dacia-bigster\\\/#primaryimage\"},\"thumbnailUrl\":\"https:\\\/\\\/motorpor.pt\\\/wp-content\\\/uploads\\\/2025\\\/05\\\/Captura-de-ecra-2025-05-30-as-16.07.21-scaled-1.png\",\"articleSection\":[\"Campanhas\",\"Dacia\",\"Not\u00edcias\",\"Not\u00edcias Dacia\"],\"inLanguage\":\"fr-FR\"},{\"@type\":\"WebPage\",\"@id\":\"https:\\\/\\\/motorpor.pt\\\/roadshow-dacia-em-setubal-experimente-o-novo-dacia-bigster\\\/\",\"url\":\"https:\\\/\\\/motorpor.pt\\\/roadshow-dacia-em-setubal-experimente-o-novo-dacia-bigster\\\/\",\"name\":\"ROADSHOW DACIA EM SET\u00daBAL: EXPERIMENTE O NOVO DACIA BIGSTER - Motorpor\",\"isPartOf\":{\"@id\":\"https:\\\/\\\/motorpor.pt\\\/#website\"},\"primaryImageOfPage\":{\"@id\":\"https:\\\/\\\/motorpor.pt\\\/roadshow-dacia-em-setubal-experimente-o-novo-dacia-bigster\\\/#primaryimage\"},\"image\":{\"@id\":\"https:\\\/\\\/motorpor.pt\\\/roadshow-dacia-em-setubal-experimente-o-novo-dacia-bigster\\\/#primaryimage\"},\"thumbnailUrl\":\"https:\\\/\\\/motorpor.pt\\\/wp-content\\\/uploads\\\/2025\\\/05\\\/Captura-de-ecra-2025-05-30-as-16.07.21-scaled-1.png\",\"datePublished\":\"2025-05-30T15:07:53+00:00\",\"dateModified\":\"2025-05-30T15:53:35+00:00\",\"breadcrumb\":{\"@id\":\"https:\\\/\\\/motorpor.pt\\\/roadshow-dacia-em-setubal-experimente-o-novo-dacia-bigster\\\/#breadcrumb\"},\"inLanguage\":\"fr-FR\",\"potentialAction\":[{\"@type\":\"ReadAction\",\"target\":[\"https:\\\/\\\/motorpor.pt\\\/roadshow-dacia-em-setubal-experimente-o-novo-dacia-bigster\\\/\"]}]},{\"@type\":\"ImageObject\",\"inLanguage\":\"fr-FR\",\"@id\":\"https:\\\/\\\/motorpor.pt\\\/roadshow-dacia-em-setubal-experimente-o-novo-dacia-bigster\\\/#primaryimage\",\"url\":\"https:\\\/\\\/motorpor.pt\\\/wp-content\\\/uploads\\\/2025\\\/05\\\/Captura-de-ecra-2025-05-30-as-16.07.21-scaled-1.png\",\"contentUrl\":\"https:\\\/\\\/motorpor.pt\\\/wp-content\\\/uploads\\\/2025\\\/05\\\/Captura-de-ecra-2025-05-30-as-16.07.21-scaled-1.png\",\"width\":2560,\"height\":1154},{\"@type\":\"BreadcrumbList\",\"@id\":\"https:\\\/\\\/motorpor.pt\\\/roadshow-dacia-em-setubal-experimente-o-novo-dacia-bigster\\\/#breadcrumb\",\"itemListElement\":[{\"@type\":\"ListItem\",\"position\":1,\"name\":\"In\u00edcio\",\"item\":\"https:\\\/\\\/motorpor.pt\\\/\"},{\"@type\":\"ListItem\",\"position\":2,\"name\":\"ROADSHOW DACIA EM SET\u00daBAL: EXPERIMENTE O NOVO DACIA BIGSTER\"}]},{\"@type\":\"WebSite\",\"@id\":\"https:\\\/\\\/motorpor.pt\\\/#website\",\"url\":\"https:\\\/\\\/motorpor.pt\\\/\",\"name\":\"Motorpor\",\"description\":\"Comercio de Autom\u00f3veis Multimarcas\",\"publisher\":{\"@id\":\"https:\\\/\\\/motorpor.pt\\\/#organization\"},\"potentialAction\":[{\"@type\":\"SearchAction\",\"target\":{\"@type\":\"EntryPoint\",\"urlTemplate\":\"https:\\\/\\\/motorpor.pt\\\/?s={search_term_string}\"},\"query-input\":{\"@type\":\"PropertyValueSpecification\",\"valueRequired\":true,\"valueName\":\"search_term_string\"}}],\"inLanguage\":\"fr-FR\"},{\"@type\":\"Organization\",\"@id\":\"https:\\\/\\\/motorpor.pt\\\/#organization\",\"name\":\"Motorpor\",\"alternateName\":\"Motorpor\",\"url\":\"https:\\\/\\\/motorpor.pt\\\/\",\"logo\":{\"@type\":\"ImageObject\",\"inLanguage\":\"fr-FR\",\"@id\":\"https:\\\/\\\/motorpor.pt\\\/#\\\/schema\\\/logo\\\/image\\\/\",\"url\":\"https:\\\/\\\/motorpor.pt\\\/wp-content\\\/uploads\\\/2024\\\/07\\\/Logo-Motorpor-Preto.svg\",\"contentUrl\":\"https:\\\/\\\/motorpor.pt\\\/wp-content\\\/uploads\\\/2024\\\/07\\\/Logo-Motorpor-Preto.svg\",\"width\":493,\"height\":93,\"caption\":\"Motorpor\"},\"image\":{\"@id\":\"https:\\\/\\\/motorpor.pt\\\/#\\\/schema\\\/logo\\\/image\\\/\"},\"sameAs\":[\"https:\\\/\\\/www.linkedin.com\\\/company\\\/grupo-motorpor\"]},{\"@type\":\"Person\",\"@id\":\"https:\\\/\\\/motorpor.pt\\\/#\\\/schema\\\/person\\\/b4bf07144e88efed7388a5af30522db7\",\"name\":\"mktmotorpor\",\"image\":{\"@type\":\"ImageObject\",\"inLanguage\":\"fr-FR\",\"@id\":\"https:\\\/\\\/secure.gravatar.com\\\/avatar\\\/8418b61b3175dbba0a8744cf0ee6bb5c7a9f6c67f1dbc4f41a62d7b9738259a2?s=96&d=mm&r=g\",\"url\":\"https:\\\/\\\/secure.gravatar.com\\\/avatar\\\/8418b61b3175dbba0a8744cf0ee6bb5c7a9f6c67f1dbc4f41a62d7b9738259a2?s=96&d=mm&r=g\",\"contentUrl\":\"https:\\\/\\\/secure.gravatar.com\\\/avatar\\\/8418b61b3175dbba0a8744cf0ee6bb5c7a9f6c67f1dbc4f41a62d7b9738259a2?s=96&d=mm&r=g\",\"caption\":\"mktmotorpor\"},\"url\":\"https:\\\/\\\/motorpor.pt\\\/fr\\\/user\\\/mktmotorpor\\\/\"}]}<\/script>\n<!-- \/ Yoast SEO plugin. -->","yoast_head_json":{"title":"ROADSHOW DACIA EM SET\u00daBAL: EXPERIMENTE O NOVO DACIA BIGSTER - Motorpor","robots":{"index":"index","follow":"follow","max-snippet":"max-snippet:-1","max-image-preview":"max-image-preview:large","max-video-preview":"max-video-preview:-1"},"canonical":"https:\/\/motorpor.pt\/fr\/roadshow-dacia-em-setubal-experimente-o-novo-dacia-bigster\/","og_locale":"fr_FR","og_type":"article","og_title":"ROADSHOW DACIA EM SET\u00daBAL: EXPERIMENTE O NOVO DACIA BIGSTER - Motorpor","og_description":"A Dacia est\u00e1 a percorrer o pa\u00eds com o seu mais recente Roadshow, e Set\u00fabal ser\u00e1 uma das paragens obrigat\u00f3rias. Nos dias 7 e 8 de junho, o Largo Jos\u00e9 Afonso acolhe este evento exclusivo onde o novo Dacia Bigster ser\u00e1 o grande protagonista. Pensado para quem valoriza espa\u00e7o, robustez e conforto, o Bigster \u00e9 [&hellip;]","og_url":"https:\/\/motorpor.pt\/fr\/roadshow-dacia-em-setubal-experimente-o-novo-dacia-bigster\/","og_site_name":"Motorpor","article_published_time":"2025-05-30T15:07:53+00:00","article_modified_time":"2025-05-30T15:53:35+00:00","og_image":[{"width":1024,"height":462,"url":"https:\/\/motorpor.pt\/wp-content\/uploads\/2025\/05\/Captura-de-ecra-2025-05-30-as-16.07.21-1024x462-1.png","type":"image\/png"}],"author":"mktmotorpor","twitter_card":"summary_large_image","twitter_misc":{"\u00c9crit par":"mktmotorpor","Dur\u00e9e de lecture estim\u00e9e":"1 minute"},"schema":{"@context":"https:\/\/schema.org","@graph":[{"@type":"Article","@id":"https:\/\/motorpor.pt\/roadshow-dacia-em-setubal-experimente-o-novo-dacia-bigster\/#article","isPartOf":{"@id":"https:\/\/motorpor.pt\/roadshow-dacia-em-setubal-experimente-o-novo-dacia-bigster\/"},"author":{"name":"mktmotorpor","@id":"https:\/\/motorpor.pt\/#\/schema\/person\/b4bf07144e88efed7388a5af30522db7"},"headline":"ROADSHOW DACIA EM SET\u00daBAL: EXPERIMENTE O NOVO DACIA BIGSTER","datePublished":"2025-05-30T15:07:53+00:00","dateModified":"2025-05-30T15:53:35+00:00","mainEntityOfPage":{"@id":"https:\/\/motorpor.pt\/roadshow-dacia-em-setubal-experimente-o-novo-dacia-bigster\/"},"wordCount":206,"publisher":{"@id":"https:\/\/motorpor.pt\/#organization"},"image":{"@id":"https:\/\/motorpor.pt\/roadshow-dacia-em-setubal-experimente-o-novo-dacia-bigster\/#primaryimage"},"thumbnailUrl":"https:\/\/motorpor.pt\/wp-content\/uploads\/2025\/05\/Captura-de-ecra-2025-05-30-as-16.07.21-scaled-1.png","articleSection":["Campanhas","Dacia","Not\u00edcias","Not\u00edcias Dacia"],"inLanguage":"fr-FR"},{"@type":"WebPage","@id":"https:\/\/motorpor.pt\/roadshow-dacia-em-setubal-experimente-o-novo-dacia-bigster\/","url":"https:\/\/motorpor.pt\/roadshow-dacia-em-setubal-experimente-o-novo-dacia-bigster\/","name":"ROADSHOW DACIA EM SET\u00daBAL: EXPERIMENTE O NOVO DACIA BIGSTER - Motorpor","isPartOf":{"@id":"https:\/\/motorpor.pt\/#website"},"primaryImageOfPage":{"@id":"https:\/\/motorpor.pt\/roadshow-dacia-em-setubal-experimente-o-novo-dacia-bigster\/#primaryimage"},"image":{"@id":"https:\/\/motorpor.pt\/roadshow-dacia-em-setubal-experimente-o-novo-dacia-bigster\/#primaryimage"},"thumbnailUrl":"https:\/\/motorpor.pt\/wp-content\/uploads\/2025\/05\/Captura-de-ecra-2025-05-30-as-16.07.21-scaled-1.png","datePublished":"2025-05-30T15:07:53+00:00","dateModified":"2025-05-30T15:53:35+00:00","breadcrumb":{"@id":"https:\/\/motorpor.pt\/roadshow-dacia-em-setubal-experimente-o-novo-dacia-bigster\/#breadcrumb"},"inLanguage":"fr-FR","potentialAction":[{"@type":"ReadAction","target":["https:\/\/motorpor.pt\/roadshow-dacia-em-setubal-experimente-o-novo-dacia-bigster\/"]}]},{"@type":"ImageObject","inLanguage":"fr-FR","@id":"https:\/\/motorpor.pt\/roadshow-dacia-em-setubal-experimente-o-novo-dacia-bigster\/#primaryimage","url":"https:\/\/motorpor.pt\/wp-content\/uploads\/2025\/05\/Captura-de-ecra-2025-05-30-as-16.07.21-scaled-1.png","contentUrl":"https:\/\/motorpor.pt\/wp-content\/uploads\/2025\/05\/Captura-de-ecra-2025-05-30-as-16.07.21-scaled-1.png","width":2560,"height":1154},{"@type":"BreadcrumbList","@id":"https:\/\/motorpor.pt\/roadshow-dacia-em-setubal-experimente-o-novo-dacia-bigster\/#breadcrumb","itemListElement":[{"@type":"ListItem","position":1,"name":"In\u00edcio","item":"https:\/\/motorpor.pt\/"},{"@type":"ListItem","position":2,"name":"ROADSHOW DACIA EM SET\u00daBAL: EXPERIMENTE O NOVO DACIA BIGSTER"}]},{"@type":"WebSite","@id":"https:\/\/motorpor.pt\/#website","url":"https:\/\/motorpor.pt\/","name":"motorpor","description":"Comercio de Autom\u00f3veis Multimarcas","publisher":{"@id":"https:\/\/motorpor.pt\/#organization"},"potentialAction":[{"@type":"SearchAction","target":{"@type":"EntryPoint","urlTemplate":"https:\/\/motorpor.pt\/?s={search_term_string}"},"query-input":{"@type":"PropertyValueSpecification","valueRequired":true,"valueName":"search_term_string"}}],"inLanguage":"fr-FR"},{"@type":"Organization","@id":"https:\/\/motorpor.pt\/#organization","name":"motorpor","alternateName":"Motorpor","url":"https:\/\/motorpor.pt\/","logo":{"@type":"ImageObject","inLanguage":"fr-FR","@id":"https:\/\/motorpor.pt\/#\/schema\/logo\/image\/","url":"https:\/\/motorpor.pt\/wp-content\/uploads\/2024\/07\/Logo-Motorpor-Preto.svg","contentUrl":"https:\/\/motorpor.pt\/wp-content\/uploads\/2024\/07\/Logo-Motorpor-Preto.svg","width":493,"height":93,"caption":"Motorpor"},"image":{"@id":"https:\/\/motorpor.pt\/#\/schema\/logo\/image\/"},"sameAs":["https:\/\/www.linkedin.com\/company\/grupo-motorpor"]},{"@type":"Person","@id":"https:\/\/motorpor.pt\/#\/schema\/person\/b4bf07144e88efed7388a5af30522db7","name":"mktmotorpor","image":{"@type":"ImageObject","inLanguage":"fr-FR","@id":"https:\/\/secure.gravatar.com\/avatar\/8418b61b3175dbba0a8744cf0ee6bb5c7a9f6c67f1dbc4f41a62d7b9738259a2?s=96&d=mm&r=g","url":"https:\/\/secure.gravatar.com\/avatar\/8418b61b3175dbba0a8744cf0ee6bb5c7a9f6c67f1dbc4f41a62d7b9738259a2?s=96&d=mm&r=g","contentUrl":"https:\/\/secure.gravatar.com\/avatar\/8418b61b3175dbba0a8744cf0ee6bb5c7a9f6c67f1dbc4f41a62d7b9738259a2?s=96&d=mm&r=g","caption":"mktmotorpor"},"url":"https:\/\/motorpor.pt\/fr\/user\/mktmotorpor\/"}]}},"_links":{"self":[{"href":"https:\/\/motorpor.pt\/fr\/wp-json\/wp\/v2\/posts\/130611","targetHints":{"allow":["GET"]}}],"collection":[{"href":"https:\/\/motorpor.pt\/fr\/wp-json\/wp\/v2\/posts"}],"about":[{"href":"https:\/\/motorpor.pt\/fr\/wp-json\/wp\/v2\/types\/post"}],"author":[{"embeddable":true,"href":"https:\/\/motorpor.pt\/fr\/wp-json\/wp\/v2\/users\/85"}],"replies":[{"embeddable":true,"href":"https:\/\/motorpor.pt\/fr\/wp-json\/wp\/v2\/comments?post=130611"}],"version-history":[{"count":2,"href":"https:\/\/motorpor.pt\/fr\/wp-json\/wp\/v2\/posts\/130611\/revisions"}],"predecessor-version":[{"id":130613,"href":"https:\/\/motorpor.pt\/fr\/wp-json\/wp\/v2\/posts\/130611\/revisions\/130613"}],"wp:featuredmedia":[{"embeddable":true,"href":"https:\/\/motorpor.pt\/fr\/wp-json\/wp\/v2\/media\/130610"}],"wp:attachment":[{"href":"https:\/\/motorpor.pt\/fr\/wp-json\/wp\/v2\/media?parent=130611"}],"wp:term":[{"taxonomy":"category","embeddable":true,"href":"https:\/\/motorpor.pt\/fr\/wp-json\/wp\/v2\/categories?post=130611"},{"taxonomy":"post_tag","embeddable":true,"href":"https:\/\/motorpor.pt\/fr\/wp-json\/wp\/v2\/tags?post=130611"}],"curies":[{"name":"wp","href":"https:\/\/api.w.org\/{rel}","templated":true}]}}