{"id":36496,"date":"2023-03-31T23:54:20","date_gmt":"2023-03-31T23:54:20","guid":{"rendered":"https:\/\/motorpor.pt\/incentivos-ficais-na-aquisicao-de-carros-eletricos-2023\/"},"modified":"2023-04-05T19:54:33","modified_gmt":"2023-04-05T19:54:33","slug":"incentivos-ficais-na-aquisicao-de-carros-eletricos-2023","status":"publish","type":"post","link":"https:\/\/motorpor.pt\/fr\/incentivos-ficais-na-aquisicao-de-carros-eletricos-2023\/","title":{"rendered":"Incitations fiscales \u00e0 l&#039;achat de voitures \u00e9lectriques 2023"},"content":{"rendered":"<p>A sustentabilidade ambiental tem cada vez mais impacto na vida de todos n\u00f3s. \u00c9 tamb\u00e9m por isso que o governo disp\u00f5e de incentivos fiscais \u00e0 compra de carros el\u00e9tricos, criados com o objetivo de reduzir a nossa pegada no meio ambiente.<br \/>\nComo tal, vamos dizer-lhe quais s\u00e3o os v\u00e1rios incentivos que pode usufruir, caso esteja a pensar comprar um novo carro el\u00e9trico num futuro pr\u00f3ximo.<\/p>\n<h2><strong>Incentivos fiscais de carros el\u00e9tricos para particulares<\/strong><\/h2>\n<p>O governo portugu\u00eas continua a apostar numa forte transi\u00e7\u00e3o energ\u00e9tica autom\u00f3vel e isso resulta em \u00f3timas vantagens para o cliente particular que procura autom\u00f3veis 100% el\u00e9tricos, os \u00fanicos que est\u00e3o aptos a usufruir destes incentivos no valor de 4.000\u20ac para aquisi\u00e7\u00e3o ou loca\u00e7\u00e3o financeira de um ve\u00edculo ligeiro de passageiros el\u00e9trico, cujo valor n\u00e3o exceda os 62.500\u20ac (j\u00e1 com IVA).<br \/>\nPara h\u00edbridos Plug-in poder\u00e1 ser ainda poss\u00edvel usufruir de:<\/p>\n<ul>\n<li>Redu\u00e7\u00e3o de 75% do ISV para ve\u00edculos h\u00edbridos plug-in que tenham uma autonomia m\u00ednima, no modo el\u00e9trico, de 50 quil\u00f3metros e emiss\u00f5es oficiais inferiores a 50 gCO2\/km (n.\u00ba 1 do artigo 8\u00ba, do Anexo I do C\u00f3digo do Imposto Sobre Ve\u00edculos).<\/li>\n<li>Redu\u00e7\u00e3o de 40% do ISV para ve\u00edculos h\u00edbridos que tenham uma autonomia m\u00ednima, no modo el\u00e9trico, de 50 km e emiss\u00f5es oficiais inferiores a 50 gCO2\/km (n.\u00ba 1 do artigo 8\u00ba, do Anexo I do C\u00f3digo do Imposto Sobre Ve\u00edculos).<\/li>\n<\/ul>\n<p>De fora, ficam os ve\u00edculos h\u00edbridos.<\/p>\n<p>Outras alternativas de mobilidade sustent\u00e1vel como bicicletas com assist\u00eancia el\u00e9trica e motas el\u00e9tricas, tamb\u00e9m fazem parte do plano de incentivos, mas conv\u00e9m fazer uma consulta pr\u00e9via pois podem existir exce\u00e7\u00f5es, tais como as bicicletas de trilho.<\/p>\n<h2><strong>Incentivos fiscais de carros el\u00e9tricos para empresa em Portugal<\/strong><\/h2>\n<p>No que diz respeito aos benef\u00edcios fiscais para empresa, os autom\u00f3veis h\u00edbridos voltam a estar eleg\u00edveis para usufruir destes incentivos, mais ou menos alargados consoante o tipo de autom\u00f3vel.<\/p>\n<p>Para os carros 100% el\u00e9tricos, est\u00e3o isentos da tributa\u00e7\u00e3o aut\u00f3noma (exceto se o seu valor de compra for igual ou superior a 62.500\u20ac, onde passam a ser taxados em 10%) e podem ainda usufruir de:<\/p>\n<ul>\n<li>Dedu\u00e7\u00e3o total do IVA referente \u00e0 aquisi\u00e7\u00e3o de ve\u00edculos 100% el\u00e9tricos, com valor igual ou superior a 62.500;<\/li>\n<li>Dedu\u00e7\u00e3o total do IVA associado \u00e0s despesas com as viaturas el\u00e9tricas e respetivos consumos energ\u00e9ticos;<\/li>\n<li>Isen\u00e7\u00e3o do pagamento do ISV;<\/li>\n<li>Isen\u00e7\u00e3o do pagamento do IUC;<\/li>\n<li>As deprecia\u00e7\u00f5es correspondentes ao custo de aquisi\u00e7\u00e3o ou ao valor de reavalia\u00e7\u00e3o \u2013 para ve\u00edculos at\u00e9 62.500 euros \u2013 s\u00e3o aceites como gastos dedut\u00edveis.<\/li>\n<\/ul>\n<p>No caso dos carros h\u00edbridos e h\u00edbridos Plug-in, os benef\u00edcios passam a ser os seguintes:<\/p>\n<ul>\n<li>Dedu\u00e7\u00e3o total do IVA referente \u00e0 aquisi\u00e7\u00e3o de ve\u00edculos h\u00edbridos e h\u00edbridos plug-in com valor igual ou inferior a 50.000\u20ac;<\/li>\n<li>Dedu\u00e7\u00e3o total do IVA associado \u00e0s despesas com o ve\u00edculo h\u00edbrido ou h\u00edbrido plug-in e respetivos consumos energ\u00e9ticos;<\/li>\n<li>Diminui\u00e7\u00e3o da tributa\u00e7\u00e3o das empresas com frotas de ve\u00edculos ligeiros de passageiros h\u00edbridos ou h\u00edbridos plug-in, ou movidos a g\u00e1s natural veicular (GNV), com uma taxa que varia entre os 2,5% e 15%, consoante o valor de compra:\n<ul>\n<li>At\u00e9 27.500 euros \u2013 taxa de 2,5%<\/li>\n<li>Entre 27.500 euros e 35.000 euros \u2013 taxa de 7,5%<\/li>\n<li>Mais de 35.000 euros \u2013 taxa de 15%<\/li>\n<\/ul>\n<\/li>\n<li>Redu\u00e7\u00e3o do pagamento do ISV em 75% e 40% para autom\u00f3veis h\u00edbridos plug-in e h\u00edbridos, respetivamente, que tenham autonomia m\u00ednima em modo el\u00e9trico de 50 km e com emiss\u00f5es oficiais inferiores a 50 gCO2\/km;<\/li>\n<li>As deprecia\u00e7\u00f5es correspondentes ao custo de aquisi\u00e7\u00e3o ou ao valor de reavalia\u00e7\u00e3o \u2013 para autom\u00f3veis at\u00e9 50.000 euros \u2013 s\u00e3o aceites como gastos dedut\u00edveis.<\/li>\n<\/ul>\n<h2><strong>Outro tipo de incentivos para ve\u00edculos eletrificados<\/strong><\/h2>\n<p>Existe ainda um apoio \u00e0 instala\u00e7\u00e3o de carregadores de carros el\u00e9tricos (Wallbox) em pr\u00e9dios como condom\u00ednios multifamiliares.<br \/>\n\u00c9 um incentivo que assegura a comparticipa\u00e7\u00e3o de 80% do valor da compra do carregador (com o limite de 80\u20ac por equipamento), e do valor da instala\u00e7\u00e3o el\u00e9trica (com um m\u00e1ximo de 1.000\u20ac por lugar de parqueamento). O incentivo est\u00e1 limitado a apenas um apoio por cond\u00f3mino (em caso de ter mais do que um lugar de estacionamento) e de at\u00e9 dez incentivos por condom\u00ednio. \u00c9 tamb\u00e9m obrigat\u00f3rio que os equipamentos estejam ligados \u00e0 rede <a href=\"https:\/\/www.mobie.pt\/\">Mobi.E<\/a>.<\/p>\n<p>Por \u00faltimo, existem tamb\u00e9m v\u00e1rios descontos de estacionamento em alguns munic\u00edpios para os que optem circular em viaturas eletrificadas.<br \/>\nFicou interessado? Descubra todo o nosso <a href=\"https:\/\/motorpor.pt\/fr\/eletricos\/\">stock de autom\u00f3veis el\u00e9tricos<\/a>.<\/p>","protected":false},"excerpt":{"rendered":"<p>A sustentabilidade ambiental tem cada vez mais impacto na vida de todos n\u00f3s. \u00c9 tamb\u00e9m por isso que o governo disp\u00f5e de incentivos fiscais \u00e0 compra de carros el\u00e9tricos, criados com o objetivo de reduzir a nossa pegada no meio ambiente. Como tal, vamos dizer-lhe quais s\u00e3o os v\u00e1rios incentivos que pode usufruir, caso esteja [&hellip;]<\/p>\n","protected":false},"author":85,"featured_media":36495,"comment_status":"closed","ping_status":"open","sticky":false,"template":"","format":"standard","meta":{"_acf_changed":false,"footnotes":""},"categories":[2593,2592],"tags":[],"class_list":["post-36496","post","type-post","status-publish","format-standard","has-post-thumbnail","hentry","category-dicas","category-noticias"],"acf":[],"yoast_head":"<!-- This site is optimized with the Yoast SEO plugin v27.5 - https:\/\/yoast.com\/product\/yoast-seo-wordpress\/ -->\n<title>Incentivos fiscais na aquisi\u00e7\u00e3o de carros el\u00e9tricos 2023 - Motorpor<\/title>\n<meta name=\"robots\" content=\"index, follow, max-snippet:-1, max-image-preview:large, max-video-preview:-1\" \/>\n<link rel=\"canonical\" href=\"https:\/\/motorpor.pt\/fr\/incentivos-ficais-na-aquisicao-de-carros-eletricos-2023\/\" \/>\n<meta property=\"og:locale\" content=\"fr_FR\" \/>\n<meta property=\"og:type\" content=\"article\" \/>\n<meta property=\"og:title\" content=\"Incentivos fiscais na aquisi\u00e7\u00e3o de carros el\u00e9tricos 2023 - Motorpor\" \/>\n<meta property=\"og:description\" content=\"A sustentabilidade ambiental tem cada vez mais impacto na vida de todos n\u00f3s. \u00c9 tamb\u00e9m por isso que o governo disp\u00f5e de incentivos fiscais \u00e0 compra de carros el\u00e9tricos, criados com o objetivo de reduzir a nossa pegada no meio ambiente. Como tal, vamos dizer-lhe quais s\u00e3o os v\u00e1rios incentivos que pode usufruir, caso esteja [&hellip;]\" \/>\n<meta property=\"og:url\" content=\"https:\/\/motorpor.pt\/fr\/incentivos-ficais-na-aquisicao-de-carros-eletricos-2023\/\" \/>\n<meta property=\"og:site_name\" content=\"Motorpor\" \/>\n<meta property=\"article:published_time\" content=\"2023-03-31T23:54:20+00:00\" \/>\n<meta property=\"article:modified_time\" content=\"2023-04-05T19:54:33+00:00\" \/>\n<meta property=\"og:image\" content=\"https:\/\/motorpor.pt\/wp-content\/uploads\/2023\/04\/resized_woman-charging-electro-car-by-her-house.jpg\" \/>\n\t<meta property=\"og:image:width\" content=\"1620\" \/>\n\t<meta property=\"og:image:height\" content=\"1080\" \/>\n\t<meta property=\"og:image:type\" content=\"image\/jpeg\" \/>\n<meta name=\"author\" content=\"mktmotorpor\" \/>\n<meta name=\"twitter:card\" content=\"summary_large_image\" \/>\n<meta name=\"twitter:label1\" content=\"\u00c9crit par\" \/>\n\t<meta name=\"twitter:data1\" content=\"mktmotorpor\" \/>\n\t<meta name=\"twitter:label2\" content=\"Dur\u00e9e de lecture estim\u00e9e\" \/>\n\t<meta name=\"twitter:data2\" content=\"4 minutes\" \/>\n<script type=\"application\/ld+json\" class=\"yoast-schema-graph\">{\"@context\":\"https:\\\/\\\/schema.org\",\"@graph\":[{\"@type\":\"Article\",\"@id\":\"https:\\\/\\\/motorpor.pt\\\/incentivos-ficais-na-aquisicao-de-carros-eletricos-2023\\\/#article\",\"isPartOf\":{\"@id\":\"https:\\\/\\\/motorpor.pt\\\/incentivos-ficais-na-aquisicao-de-carros-eletricos-2023\\\/\"},\"author\":{\"name\":\"mktmotorpor\",\"@id\":\"https:\\\/\\\/motorpor.pt\\\/#\\\/schema\\\/person\\\/b4bf07144e88efed7388a5af30522db7\"},\"headline\":\"Incentivos fiscais na aquisi\u00e7\u00e3o de carros el\u00e9tricos 2023\",\"datePublished\":\"2023-03-31T23:54:20+00:00\",\"dateModified\":\"2023-04-05T19:54:33+00:00\",\"mainEntityOfPage\":{\"@id\":\"https:\\\/\\\/motorpor.pt\\\/incentivos-ficais-na-aquisicao-de-carros-eletricos-2023\\\/\"},\"wordCount\":793,\"publisher\":{\"@id\":\"https:\\\/\\\/motorpor.pt\\\/#organization\"},\"image\":{\"@id\":\"https:\\\/\\\/motorpor.pt\\\/incentivos-ficais-na-aquisicao-de-carros-eletricos-2023\\\/#primaryimage\"},\"thumbnailUrl\":\"https:\\\/\\\/motorpor.pt\\\/wp-content\\\/uploads\\\/2023\\\/04\\\/resized_woman-charging-electro-car-by-her-house.jpg\",\"articleSection\":[\"Dicas\",\"Not\u00edcias\"],\"inLanguage\":\"fr-FR\"},{\"@type\":\"WebPage\",\"@id\":\"https:\\\/\\\/motorpor.pt\\\/incentivos-ficais-na-aquisicao-de-carros-eletricos-2023\\\/\",\"url\":\"https:\\\/\\\/motorpor.pt\\\/incentivos-ficais-na-aquisicao-de-carros-eletricos-2023\\\/\",\"name\":\"Incentivos fiscais na aquisi\u00e7\u00e3o de carros el\u00e9tricos 2023 - Motorpor\",\"isPartOf\":{\"@id\":\"https:\\\/\\\/motorpor.pt\\\/#website\"},\"primaryImageOfPage\":{\"@id\":\"https:\\\/\\\/motorpor.pt\\\/incentivos-ficais-na-aquisicao-de-carros-eletricos-2023\\\/#primaryimage\"},\"image\":{\"@id\":\"https:\\\/\\\/motorpor.pt\\\/incentivos-ficais-na-aquisicao-de-carros-eletricos-2023\\\/#primaryimage\"},\"thumbnailUrl\":\"https:\\\/\\\/motorpor.pt\\\/wp-content\\\/uploads\\\/2023\\\/04\\\/resized_woman-charging-electro-car-by-her-house.jpg\",\"datePublished\":\"2023-03-31T23:54:20+00:00\",\"dateModified\":\"2023-04-05T19:54:33+00:00\",\"breadcrumb\":{\"@id\":\"https:\\\/\\\/motorpor.pt\\\/incentivos-ficais-na-aquisicao-de-carros-eletricos-2023\\\/#breadcrumb\"},\"inLanguage\":\"fr-FR\",\"potentialAction\":[{\"@type\":\"ReadAction\",\"target\":[\"https:\\\/\\\/motorpor.pt\\\/incentivos-ficais-na-aquisicao-de-carros-eletricos-2023\\\/\"]}]},{\"@type\":\"ImageObject\",\"inLanguage\":\"fr-FR\",\"@id\":\"https:\\\/\\\/motorpor.pt\\\/incentivos-ficais-na-aquisicao-de-carros-eletricos-2023\\\/#primaryimage\",\"url\":\"https:\\\/\\\/motorpor.pt\\\/wp-content\\\/uploads\\\/2023\\\/04\\\/resized_woman-charging-electro-car-by-her-house.jpg\",\"contentUrl\":\"https:\\\/\\\/motorpor.pt\\\/wp-content\\\/uploads\\\/2023\\\/04\\\/resized_woman-charging-electro-car-by-her-house.jpg\",\"width\":1620,\"height\":1080,\"caption\":\"Incentivos fiscais de carros el\u00e9tricos para particulares e empresas\"},{\"@type\":\"BreadcrumbList\",\"@id\":\"https:\\\/\\\/motorpor.pt\\\/incentivos-ficais-na-aquisicao-de-carros-eletricos-2023\\\/#breadcrumb\",\"itemListElement\":[{\"@type\":\"ListItem\",\"position\":1,\"name\":\"In\u00edcio\",\"item\":\"https:\\\/\\\/motorpor.pt\\\/\"},{\"@type\":\"ListItem\",\"position\":2,\"name\":\"Incentivos fiscais na aquisi\u00e7\u00e3o de carros el\u00e9tricos 2023\"}]},{\"@type\":\"WebSite\",\"@id\":\"https:\\\/\\\/motorpor.pt\\\/#website\",\"url\":\"https:\\\/\\\/motorpor.pt\\\/\",\"name\":\"Motorpor\",\"description\":\"Comercio de Autom\u00f3veis Multimarcas\",\"publisher\":{\"@id\":\"https:\\\/\\\/motorpor.pt\\\/#organization\"},\"potentialAction\":[{\"@type\":\"SearchAction\",\"target\":{\"@type\":\"EntryPoint\",\"urlTemplate\":\"https:\\\/\\\/motorpor.pt\\\/?s={search_term_string}\"},\"query-input\":{\"@type\":\"PropertyValueSpecification\",\"valueRequired\":true,\"valueName\":\"search_term_string\"}}],\"inLanguage\":\"fr-FR\"},{\"@type\":\"Organization\",\"@id\":\"https:\\\/\\\/motorpor.pt\\\/#organization\",\"name\":\"Motorpor\",\"alternateName\":\"Motorpor\",\"url\":\"https:\\\/\\\/motorpor.pt\\\/\",\"logo\":{\"@type\":\"ImageObject\",\"inLanguage\":\"fr-FR\",\"@id\":\"https:\\\/\\\/motorpor.pt\\\/#\\\/schema\\\/logo\\\/image\\\/\",\"url\":\"https:\\\/\\\/motorpor.pt\\\/wp-content\\\/uploads\\\/2024\\\/07\\\/Logo-Motorpor-Preto.svg\",\"contentUrl\":\"https:\\\/\\\/motorpor.pt\\\/wp-content\\\/uploads\\\/2024\\\/07\\\/Logo-Motorpor-Preto.svg\",\"width\":493,\"height\":93,\"caption\":\"Motorpor\"},\"image\":{\"@id\":\"https:\\\/\\\/motorpor.pt\\\/#\\\/schema\\\/logo\\\/image\\\/\"},\"sameAs\":[\"https:\\\/\\\/www.linkedin.com\\\/company\\\/grupo-motorpor\"]},{\"@type\":\"Person\",\"@id\":\"https:\\\/\\\/motorpor.pt\\\/#\\\/schema\\\/person\\\/b4bf07144e88efed7388a5af30522db7\",\"name\":\"mktmotorpor\",\"image\":{\"@type\":\"ImageObject\",\"inLanguage\":\"fr-FR\",\"@id\":\"https:\\\/\\\/secure.gravatar.com\\\/avatar\\\/8418b61b3175dbba0a8744cf0ee6bb5c7a9f6c67f1dbc4f41a62d7b9738259a2?s=96&d=mm&r=g\",\"url\":\"https:\\\/\\\/secure.gravatar.com\\\/avatar\\\/8418b61b3175dbba0a8744cf0ee6bb5c7a9f6c67f1dbc4f41a62d7b9738259a2?s=96&d=mm&r=g\",\"contentUrl\":\"https:\\\/\\\/secure.gravatar.com\\\/avatar\\\/8418b61b3175dbba0a8744cf0ee6bb5c7a9f6c67f1dbc4f41a62d7b9738259a2?s=96&d=mm&r=g\",\"caption\":\"mktmotorpor\"},\"url\":\"https:\\\/\\\/motorpor.pt\\\/fr\\\/user\\\/mktmotorpor\\\/\"}]}<\/script>\n<!-- \/ Yoast SEO plugin. -->","yoast_head_json":{"title":"Incentivos fiscais na aquisi\u00e7\u00e3o de carros el\u00e9tricos 2023 - Motorpor","robots":{"index":"index","follow":"follow","max-snippet":"max-snippet:-1","max-image-preview":"max-image-preview:large","max-video-preview":"max-video-preview:-1"},"canonical":"https:\/\/motorpor.pt\/fr\/incentivos-ficais-na-aquisicao-de-carros-eletricos-2023\/","og_locale":"fr_FR","og_type":"article","og_title":"Incentivos fiscais na aquisi\u00e7\u00e3o de carros el\u00e9tricos 2023 - Motorpor","og_description":"A sustentabilidade ambiental tem cada vez mais impacto na vida de todos n\u00f3s. \u00c9 tamb\u00e9m por isso que o governo disp\u00f5e de incentivos fiscais \u00e0 compra de carros el\u00e9tricos, criados com o objetivo de reduzir a nossa pegada no meio ambiente. Como tal, vamos dizer-lhe quais s\u00e3o os v\u00e1rios incentivos que pode usufruir, caso esteja [&hellip;]","og_url":"https:\/\/motorpor.pt\/fr\/incentivos-ficais-na-aquisicao-de-carros-eletricos-2023\/","og_site_name":"Motorpor","article_published_time":"2023-03-31T23:54:20+00:00","article_modified_time":"2023-04-05T19:54:33+00:00","og_image":[{"width":1620,"height":1080,"url":"https:\/\/motorpor.pt\/wp-content\/uploads\/2023\/04\/resized_woman-charging-electro-car-by-her-house.jpg","type":"image\/jpeg"}],"author":"mktmotorpor","twitter_card":"summary_large_image","twitter_misc":{"\u00c9crit par":"mktmotorpor","Dur\u00e9e de lecture estim\u00e9e":"4 minutes"},"schema":{"@context":"https:\/\/schema.org","@graph":[{"@type":"Article","@id":"https:\/\/motorpor.pt\/incentivos-ficais-na-aquisicao-de-carros-eletricos-2023\/#article","isPartOf":{"@id":"https:\/\/motorpor.pt\/incentivos-ficais-na-aquisicao-de-carros-eletricos-2023\/"},"author":{"name":"mktmotorpor","@id":"https:\/\/motorpor.pt\/#\/schema\/person\/b4bf07144e88efed7388a5af30522db7"},"headline":"Incentivos fiscais na aquisi\u00e7\u00e3o de carros el\u00e9tricos 2023","datePublished":"2023-03-31T23:54:20+00:00","dateModified":"2023-04-05T19:54:33+00:00","mainEntityOfPage":{"@id":"https:\/\/motorpor.pt\/incentivos-ficais-na-aquisicao-de-carros-eletricos-2023\/"},"wordCount":793,"publisher":{"@id":"https:\/\/motorpor.pt\/#organization"},"image":{"@id":"https:\/\/motorpor.pt\/incentivos-ficais-na-aquisicao-de-carros-eletricos-2023\/#primaryimage"},"thumbnailUrl":"https:\/\/motorpor.pt\/wp-content\/uploads\/2023\/04\/resized_woman-charging-electro-car-by-her-house.jpg","articleSection":["Dicas","Not\u00edcias"],"inLanguage":"fr-FR"},{"@type":"WebPage","@id":"https:\/\/motorpor.pt\/incentivos-ficais-na-aquisicao-de-carros-eletricos-2023\/","url":"https:\/\/motorpor.pt\/incentivos-ficais-na-aquisicao-de-carros-eletricos-2023\/","name":"Incentivos fiscais na aquisi\u00e7\u00e3o de carros el\u00e9tricos 2023 - Motorpor","isPartOf":{"@id":"https:\/\/motorpor.pt\/#website"},"primaryImageOfPage":{"@id":"https:\/\/motorpor.pt\/incentivos-ficais-na-aquisicao-de-carros-eletricos-2023\/#primaryimage"},"image":{"@id":"https:\/\/motorpor.pt\/incentivos-ficais-na-aquisicao-de-carros-eletricos-2023\/#primaryimage"},"thumbnailUrl":"https:\/\/motorpor.pt\/wp-content\/uploads\/2023\/04\/resized_woman-charging-electro-car-by-her-house.jpg","datePublished":"2023-03-31T23:54:20+00:00","dateModified":"2023-04-05T19:54:33+00:00","breadcrumb":{"@id":"https:\/\/motorpor.pt\/incentivos-ficais-na-aquisicao-de-carros-eletricos-2023\/#breadcrumb"},"inLanguage":"fr-FR","potentialAction":[{"@type":"ReadAction","target":["https:\/\/motorpor.pt\/incentivos-ficais-na-aquisicao-de-carros-eletricos-2023\/"]}]},{"@type":"ImageObject","inLanguage":"fr-FR","@id":"https:\/\/motorpor.pt\/incentivos-ficais-na-aquisicao-de-carros-eletricos-2023\/#primaryimage","url":"https:\/\/motorpor.pt\/wp-content\/uploads\/2023\/04\/resized_woman-charging-electro-car-by-her-house.jpg","contentUrl":"https:\/\/motorpor.pt\/wp-content\/uploads\/2023\/04\/resized_woman-charging-electro-car-by-her-house.jpg","width":1620,"height":1080,"caption":"Incentivos fiscais de carros el\u00e9tricos para particulares e empresas"},{"@type":"BreadcrumbList","@id":"https:\/\/motorpor.pt\/incentivos-ficais-na-aquisicao-de-carros-eletricos-2023\/#breadcrumb","itemListElement":[{"@type":"ListItem","position":1,"name":"In\u00edcio","item":"https:\/\/motorpor.pt\/"},{"@type":"ListItem","position":2,"name":"Incentivos fiscais na aquisi\u00e7\u00e3o de carros el\u00e9tricos 2023"}]},{"@type":"WebSite","@id":"https:\/\/motorpor.pt\/#website","url":"https:\/\/motorpor.pt\/","name":"motorpor","description":"Comercio de Autom\u00f3veis Multimarcas","publisher":{"@id":"https:\/\/motorpor.pt\/#organization"},"potentialAction":[{"@type":"SearchAction","target":{"@type":"EntryPoint","urlTemplate":"https:\/\/motorpor.pt\/?s={search_term_string}"},"query-input":{"@type":"PropertyValueSpecification","valueRequired":true,"valueName":"search_term_string"}}],"inLanguage":"fr-FR"},{"@type":"Organization","@id":"https:\/\/motorpor.pt\/#organization","name":"motorpor","alternateName":"Motorpor","url":"https:\/\/motorpor.pt\/","logo":{"@type":"ImageObject","inLanguage":"fr-FR","@id":"https:\/\/motorpor.pt\/#\/schema\/logo\/image\/","url":"https:\/\/motorpor.pt\/wp-content\/uploads\/2024\/07\/Logo-Motorpor-Preto.svg","contentUrl":"https:\/\/motorpor.pt\/wp-content\/uploads\/2024\/07\/Logo-Motorpor-Preto.svg","width":493,"height":93,"caption":"Motorpor"},"image":{"@id":"https:\/\/motorpor.pt\/#\/schema\/logo\/image\/"},"sameAs":["https:\/\/www.linkedin.com\/company\/grupo-motorpor"]},{"@type":"Person","@id":"https:\/\/motorpor.pt\/#\/schema\/person\/b4bf07144e88efed7388a5af30522db7","name":"mktmotorpor","image":{"@type":"ImageObject","inLanguage":"fr-FR","@id":"https:\/\/secure.gravatar.com\/avatar\/8418b61b3175dbba0a8744cf0ee6bb5c7a9f6c67f1dbc4f41a62d7b9738259a2?s=96&d=mm&r=g","url":"https:\/\/secure.gravatar.com\/avatar\/8418b61b3175dbba0a8744cf0ee6bb5c7a9f6c67f1dbc4f41a62d7b9738259a2?s=96&d=mm&r=g","contentUrl":"https:\/\/secure.gravatar.com\/avatar\/8418b61b3175dbba0a8744cf0ee6bb5c7a9f6c67f1dbc4f41a62d7b9738259a2?s=96&d=mm&r=g","caption":"mktmotorpor"},"url":"https:\/\/motorpor.pt\/fr\/user\/mktmotorpor\/"}]}},"_links":{"self":[{"href":"https:\/\/motorpor.pt\/fr\/wp-json\/wp\/v2\/posts\/36496","targetHints":{"allow":["GET"]}}],"collection":[{"href":"https:\/\/motorpor.pt\/fr\/wp-json\/wp\/v2\/posts"}],"about":[{"href":"https:\/\/motorpor.pt\/fr\/wp-json\/wp\/v2\/types\/post"}],"author":[{"embeddable":true,"href":"https:\/\/motorpor.pt\/fr\/wp-json\/wp\/v2\/users\/85"}],"replies":[{"embeddable":true,"href":"https:\/\/motorpor.pt\/fr\/wp-json\/wp\/v2\/comments?post=36496"}],"version-history":[{"count":3,"href":"https:\/\/motorpor.pt\/fr\/wp-json\/wp\/v2\/posts\/36496\/revisions"}],"predecessor-version":[{"id":36676,"href":"https:\/\/motorpor.pt\/fr\/wp-json\/wp\/v2\/posts\/36496\/revisions\/36676"}],"wp:featuredmedia":[{"embeddable":true,"href":"https:\/\/motorpor.pt\/fr\/wp-json\/wp\/v2\/media\/36495"}],"wp:attachment":[{"href":"https:\/\/motorpor.pt\/fr\/wp-json\/wp\/v2\/media?parent=36496"}],"wp:term":[{"taxonomy":"category","embeddable":true,"href":"https:\/\/motorpor.pt\/fr\/wp-json\/wp\/v2\/categories?post=36496"},{"taxonomy":"post_tag","embeddable":true,"href":"https:\/\/motorpor.pt\/fr\/wp-json\/wp\/v2\/tags?post=36496"}],"curies":[{"name":"wp","href":"https:\/\/api.w.org\/{rel}","templated":true}]}}